{"id":12272,"date":"2022-08-10T12:28:41","date_gmt":"2022-08-10T12:28:41","guid":{"rendered":"https:\/\/blogin.al\/?p=12272"},"modified":"2022-08-10T12:31:42","modified_gmt":"2022-08-10T12:31:42","slug":"bora-zemani-ne-protesten-perpara-ministrise-se-brendshme-ja-kush-e-shoqeron","status":"publish","type":"post","link":"https:\/\/blogin.al\/?p=12272","title":{"rendered":"Bora Zemani n\u00eb protest\u00ebn p\u00ebrpara Ministris\u00eb s\u00eb Brendshme, ja kush e shoq\u00ebron"},"content":{"rendered":"\n<p><strong>Moderatorja Bora Zemani ka qen\u00eb kryefjal\u00eb e mediave, kjo p\u00ebr shkak t\u00eb jet\u00ebs s\u00eb saj personale dhe historis\u00eb s\u00eb bujshme me aktorin Donald Veshaj.<\/strong><\/p>\n\n\n\n<p>Teksa kudo po flitet p\u00ebr nj\u00eb ribashkim mes saj dhe Donaldit, madje ata jan\u00eb fotografuar m\u00eb shum\u00eb se nj\u00eb her\u00eb bashk\u00eb, moderatorja nuk ka preferuar t\u00eb konfirmoj\u00eb asgj\u00eb p\u00ebr fansat e saj.<\/p>\n\n\n\n<p>S\u00eb fundmi moderatorja \u00ebsht\u00eb shfaqur n\u00eb publik ku \u00ebsht\u00eb filmuar si rrall\u00eb her\u00eb. Bora s\u00eb bashku me djalin e saj ishte pjes\u00eb e protest\u00ebs q\u00eb u zhvillua t\u00eb h\u00ebn\u00ebn (8 gusht) p\u00ebrpara Ministris\u00eb s\u00eb Brendshme, p\u00ebr ngjarjen e r\u00ebnd\u00eb n\u00eb Himar\u00eb ku humbi jet\u00ebn 7-vje\u00e7arja Jonada Avdia pasi u p\u00ebrplas me skaf nga ish-oficeri i policis\u00eb, Arjan Tase.<\/p>\n\n\n\n<p>Moderatorja \u00ebsht\u00eb filmuar nga t\u00eb pranishmit e tjer\u00eb, nd\u00ebrsa videoja \u00ebsht\u00eb publikuar gjat\u00eb dit\u00ebs s\u00eb sotme. Bora nuk kishte b\u00ebr\u00eb asnj\u00eb reagim n\u00eb rrjetet sociale n\u00eb lidhje me ngjarjen e r\u00ebnd\u00eb, megjithat\u00eb duket se ajo ka vendosur t\u00eb reagoj\u00eb m\u00eb s\u00eb miri duke protestuar s\u00eb bashku me qytetar\u00ebt e tjer\u00eb.<\/p>\n\n\n\n<p>Bora u shfaq e veshur sportive me atlete dhe xhinse, dhe me nj\u00eb kapele t\u00eb zez\u00eb, nd\u00ebrsa ishte e shoq\u00ebruar me djalin e saj Arborin dhe nj\u00eb vajz\u00eb tjet\u00ebr.<\/p>\n\n\n\n<figure class=\"wp-block-video\"><video height=\"2220\" style=\"aspect-ratio: 1080 \/ 2220;\" width=\"1080\" controls src=\"https:\/\/blogin.al\/wp-content\/uploads\/2022\/08\/Screen_Recording_20220810-142818_Instagram_1.mp4\"><\/video><\/figure>\n\n\n\n<p>Kjo ishte protesta e dyt\u00eb, p\u00ebr t\u00eb k\u00ebrkuar drejt\u00ebsi p\u00ebr vog\u00eblushen, Jonada Avdia, e cila u vra nga nj\u00eb motor uji, q\u00eb drejtohej nga komisari i policis\u00eb, Arjan Tase<\/p>\n","protected":false},"excerpt":{"rendered":"<p>Moderatorja Bora Zemani ka qen\u00eb kryefjal\u00eb e mediave, kjo p\u00ebr shkak t\u00eb jet\u00ebs s\u00eb saj personale dhe historis\u00eb s\u00eb bujshme me aktorin Donald Veshaj. Teksa kudo po flitet p\u00ebr nj\u00eb ribashkim mes saj dhe Donaldit, madje ata jan\u00eb fotografuar m\u00eb shum\u00eb se nj\u00eb her\u00eb bashk\u00eb, moderatorja nuk ka preferuar t\u00eb konfirmoj\u00eb asgj\u00eb p\u00ebr fansat e [&hellip;]<\/p>\n","protected":false},"author":2,"featured_media":12234,"comment_status":"open","ping_status":"open","sticky":false,"template":"","format":"standard","meta":{"footnotes":""},"categories":[33],"tags":[],"class_list":{"0":"post-12272","1":"post","2":"type-post","3":"status-publish","4":"format-standard","5":"has-post-thumbnail","7":"category-showbiz"},"yoast_head":"<!-- This site is optimized with the Yoast SEO plugin v27.4 - https:\/\/yoast.com\/product\/yoast-seo-wordpress\/ -->\n<title>Bora Zemani n\u00eb protest\u00ebn p\u00ebrpara Ministris\u00eb s\u00eb Brendshme, ja kush e shoq\u00ebron - blogin.al<\/title>\n<meta name=\"robots\" content=\"index, follow, max-snippet:-1, max-image-preview:large, max-video-preview:-1\" \/>\n<link rel=\"canonical\" href=\"https:\/\/blogin.al\/?p=12272\" \/>\n<meta property=\"og:locale\" content=\"en_US\" \/>\n<meta property=\"og:type\" content=\"article\" \/>\n<meta property=\"og:title\" content=\"Bora Zemani n\u00eb protest\u00ebn p\u00ebrpara Ministris\u00eb s\u00eb Brendshme, ja kush e shoq\u00ebron - blogin.al\" \/>\n<meta property=\"og:description\" content=\"Moderatorja Bora Zemani ka qen\u00eb kryefjal\u00eb e mediave, kjo p\u00ebr shkak t\u00eb jet\u00ebs s\u00eb saj personale dhe historis\u00eb s\u00eb bujshme me aktorin Donald Veshaj. Teksa kudo po flitet p\u00ebr nj\u00eb ribashkim mes saj dhe Donaldit, madje ata jan\u00eb fotografuar m\u00eb shum\u00eb se nj\u00eb her\u00eb bashk\u00eb, moderatorja nuk ka preferuar t\u00eb konfirmoj\u00eb asgj\u00eb p\u00ebr fansat e [&hellip;]\" \/>\n<meta property=\"og:url\" content=\"https:\/\/blogin.al\/?p=12272\" \/>\n<meta property=\"og:site_name\" content=\"blogin.al\" \/>\n<meta property=\"article:published_time\" content=\"2022-08-10T12:28:41+00:00\" \/>\n<meta property=\"article:modified_time\" content=\"2022-08-10T12:31:42+00:00\" \/>\n<meta property=\"og:image\" content=\"https:\/\/blogin.al\/wp-content\/uploads\/2022\/08\/bora-z.jpg\" \/>\n\t<meta property=\"og:image:width\" content=\"1080\" \/>\n\t<meta property=\"og:image:height\" content=\"1350\" \/>\n\t<meta property=\"og:image:type\" content=\"image\/jpeg\" \/>\n<meta name=\"author\" content=\"Blogin al\" \/>\n<meta name=\"twitter:card\" content=\"summary_large_image\" \/>\n<meta name=\"twitter:label1\" content=\"Written by\" \/>\n\t<meta name=\"twitter:data1\" content=\"Blogin al\" \/>\n\t<meta name=\"twitter:label2\" content=\"Est. reading time\" \/>\n\t<meta name=\"twitter:data2\" content=\"1 minute\" \/>\n<script type=\"application\/ld+json\" class=\"yoast-schema-graph\">{\"@context\":\"https:\\\/\\\/schema.org\",\"@graph\":[{\"@type\":\"Article\",\"@id\":\"https:\\\/\\\/blogin.al\\\/?p=12272#article\",\"isPartOf\":{\"@id\":\"https:\\\/\\\/blogin.al\\\/?p=12272\"},\"author\":{\"name\":\"Blogin al\",\"@id\":\"https:\\\/\\\/blogin.al\\\/#\\\/schema\\\/person\\\/abdd56bc912cd511db877b852b115399\"},\"headline\":\"Bora Zemani n\u00eb protest\u00ebn p\u00ebrpara Ministris\u00eb s\u00eb Brendshme, ja kush e shoq\u00ebron\",\"datePublished\":\"2022-08-10T12:28:41+00:00\",\"dateModified\":\"2022-08-10T12:31:42+00:00\",\"mainEntityOfPage\":{\"@id\":\"https:\\\/\\\/blogin.al\\\/?p=12272\"},\"wordCount\":262,\"commentCount\":0,\"publisher\":{\"@id\":\"https:\\\/\\\/blogin.al\\\/#organization\"},\"image\":{\"@id\":\"https:\\\/\\\/blogin.al\\\/?p=12272#primaryimage\"},\"thumbnailUrl\":\"https:\\\/\\\/blogin.al\\\/wp-content\\\/uploads\\\/2022\\\/08\\\/bora-z.jpg\",\"articleSection\":[\"SHOWBIZ\"],\"inLanguage\":\"en-US\",\"potentialAction\":[{\"@type\":\"CommentAction\",\"name\":\"Comment\",\"target\":[\"https:\\\/\\\/blogin.al\\\/?p=12272#respond\"]}]},{\"@type\":\"WebPage\",\"@id\":\"https:\\\/\\\/blogin.al\\\/?p=12272\",\"url\":\"https:\\\/\\\/blogin.al\\\/?p=12272\",\"name\":\"Bora Zemani n\u00eb protest\u00ebn p\u00ebrpara Ministris\u00eb s\u00eb Brendshme, ja kush e shoq\u00ebron - blogin.al\",\"isPartOf\":{\"@id\":\"https:\\\/\\\/blogin.al\\\/#website\"},\"primaryImageOfPage\":{\"@id\":\"https:\\\/\\\/blogin.al\\\/?p=12272#primaryimage\"},\"image\":{\"@id\":\"https:\\\/\\\/blogin.al\\\/?p=12272#primaryimage\"},\"thumbnailUrl\":\"https:\\\/\\\/blogin.al\\\/wp-content\\\/uploads\\\/2022\\\/08\\\/bora-z.jpg\",\"datePublished\":\"2022-08-10T12:28:41+00:00\",\"dateModified\":\"2022-08-10T12:31:42+00:00\",\"breadcrumb\":{\"@id\":\"https:\\\/\\\/blogin.al\\\/?p=12272#breadcrumb\"},\"inLanguage\":\"en-US\",\"potentialAction\":[{\"@type\":\"ReadAction\",\"target\":[\"https:\\\/\\\/blogin.al\\\/?p=12272\"]}]},{\"@type\":\"ImageObject\",\"inLanguage\":\"en-US\",\"@id\":\"https:\\\/\\\/blogin.al\\\/?p=12272#primaryimage\",\"url\":\"https:\\\/\\\/blogin.al\\\/wp-content\\\/uploads\\\/2022\\\/08\\\/bora-z.jpg\",\"contentUrl\":\"https:\\\/\\\/blogin.al\\\/wp-content\\\/uploads\\\/2022\\\/08\\\/bora-z.jpg\",\"width\":1080,\"height\":1350},{\"@type\":\"BreadcrumbList\",\"@id\":\"https:\\\/\\\/blogin.al\\\/?p=12272#breadcrumb\",\"itemListElement\":[{\"@type\":\"ListItem\",\"position\":1,\"name\":\"Home\",\"item\":\"https:\\\/\\\/blogin.al\\\/\"},{\"@type\":\"ListItem\",\"position\":2,\"name\":\"Bora Zemani n\u00eb protest\u00ebn p\u00ebrpara Ministris\u00eb s\u00eb Brendshme, ja kush e shoq\u00ebron\"}]},{\"@type\":\"WebSite\",\"@id\":\"https:\\\/\\\/blogin.al\\\/#website\",\"url\":\"https:\\\/\\\/blogin.al\\\/\",\"name\":\"blogin.al\",\"description\":\"\",\"publisher\":{\"@id\":\"https:\\\/\\\/blogin.al\\\/#organization\"},\"potentialAction\":[{\"@type\":\"SearchAction\",\"target\":{\"@type\":\"EntryPoint\",\"urlTemplate\":\"https:\\\/\\\/blogin.al\\\/?s={search_term_string}\"},\"query-input\":{\"@type\":\"PropertyValueSpecification\",\"valueRequired\":true,\"valueName\":\"search_term_string\"}}],\"inLanguage\":\"en-US\"},{\"@type\":\"Organization\",\"@id\":\"https:\\\/\\\/blogin.al\\\/#organization\",\"name\":\"BLOGIN.al\",\"url\":\"https:\\\/\\\/blogin.al\\\/\",\"logo\":{\"@type\":\"ImageObject\",\"inLanguage\":\"en-US\",\"@id\":\"https:\\\/\\\/blogin.al\\\/#\\\/schema\\\/logo\\\/image\\\/\",\"url\":\"https:\\\/\\\/blogin.al\\\/wp-content\\\/uploads\\\/2022\\\/05\\\/Untitled-2-01-e1652084456514.png\",\"contentUrl\":\"https:\\\/\\\/blogin.al\\\/wp-content\\\/uploads\\\/2022\\\/05\\\/Untitled-2-01-e1652084456514.png\",\"width\":3723,\"height\":1698,\"caption\":\"BLOGIN.al\"},\"image\":{\"@id\":\"https:\\\/\\\/blogin.al\\\/#\\\/schema\\\/logo\\\/image\\\/\"},\"sameAs\":[\"https:\\\/\\\/instagram.com\\\/blogin.al\\\/\"]},{\"@type\":\"Person\",\"@id\":\"https:\\\/\\\/blogin.al\\\/#\\\/schema\\\/person\\\/abdd56bc912cd511db877b852b115399\",\"name\":\"Blogin al\",\"image\":{\"@type\":\"ImageObject\",\"inLanguage\":\"en-US\",\"@id\":\"https:\\\/\\\/secure.gravatar.com\\\/avatar\\\/60d5661aee6e835fb13dc75d2204cd0c1d61bef2efd137c0083e59ef831e235e?s=96&d=mm&r=g\",\"url\":\"https:\\\/\\\/secure.gravatar.com\\\/avatar\\\/60d5661aee6e835fb13dc75d2204cd0c1d61bef2efd137c0083e59ef831e235e?s=96&d=mm&r=g\",\"contentUrl\":\"https:\\\/\\\/secure.gravatar.com\\\/avatar\\\/60d5661aee6e835fb13dc75d2204cd0c1d61bef2efd137c0083e59ef831e235e?s=96&d=mm&r=g\",\"caption\":\"Blogin al\"},\"sameAs\":[\"https:\\\/\\\/blogin.al\"],\"url\":\"https:\\\/\\\/blogin.al\\\/?author=2\"}]}<\/script>\n<!-- \/ Yoast SEO plugin. -->","yoast_head_json":{"title":"Bora Zemani n\u00eb protest\u00ebn p\u00ebrpara Ministris\u00eb s\u00eb Brendshme, ja kush e shoq\u00ebron - blogin.al","robots":{"index":"index","follow":"follow","max-snippet":"max-snippet:-1","max-image-preview":"max-image-preview:large","max-video-preview":"max-video-preview:-1"},"canonical":"https:\/\/blogin.al\/?p=12272","og_locale":"en_US","og_type":"article","og_title":"Bora Zemani n\u00eb protest\u00ebn p\u00ebrpara Ministris\u00eb s\u00eb Brendshme, ja kush e shoq\u00ebron - blogin.al","og_description":"Moderatorja Bora Zemani ka qen\u00eb kryefjal\u00eb e mediave, kjo p\u00ebr shkak t\u00eb jet\u00ebs s\u00eb saj personale dhe historis\u00eb s\u00eb bujshme me aktorin Donald Veshaj. Teksa kudo po flitet p\u00ebr nj\u00eb ribashkim mes saj dhe Donaldit, madje ata jan\u00eb fotografuar m\u00eb shum\u00eb se nj\u00eb her\u00eb bashk\u00eb, moderatorja nuk ka preferuar t\u00eb konfirmoj\u00eb asgj\u00eb p\u00ebr fansat e [&hellip;]","og_url":"https:\/\/blogin.al\/?p=12272","og_site_name":"blogin.al","article_published_time":"2022-08-10T12:28:41+00:00","article_modified_time":"2022-08-10T12:31:42+00:00","og_image":[{"width":1080,"height":1350,"url":"https:\/\/blogin.al\/wp-content\/uploads\/2022\/08\/bora-z.jpg","type":"image\/jpeg"}],"author":"Blogin al","twitter_card":"summary_large_image","twitter_misc":{"Written by":"Blogin al","Est. reading time":"1 minute"},"schema":{"@context":"https:\/\/schema.org","@graph":[{"@type":"Article","@id":"https:\/\/blogin.al\/?p=12272#article","isPartOf":{"@id":"https:\/\/blogin.al\/?p=12272"},"author":{"name":"Blogin al","@id":"https:\/\/blogin.al\/#\/schema\/person\/abdd56bc912cd511db877b852b115399"},"headline":"Bora Zemani n\u00eb protest\u00ebn p\u00ebrpara Ministris\u00eb s\u00eb Brendshme, ja kush e shoq\u00ebron","datePublished":"2022-08-10T12:28:41+00:00","dateModified":"2022-08-10T12:31:42+00:00","mainEntityOfPage":{"@id":"https:\/\/blogin.al\/?p=12272"},"wordCount":262,"commentCount":0,"publisher":{"@id":"https:\/\/blogin.al\/#organization"},"image":{"@id":"https:\/\/blogin.al\/?p=12272#primaryimage"},"thumbnailUrl":"https:\/\/blogin.al\/wp-content\/uploads\/2022\/08\/bora-z.jpg","articleSection":["SHOWBIZ"],"inLanguage":"en-US","potentialAction":[{"@type":"CommentAction","name":"Comment","target":["https:\/\/blogin.al\/?p=12272#respond"]}]},{"@type":"WebPage","@id":"https:\/\/blogin.al\/?p=12272","url":"https:\/\/blogin.al\/?p=12272","name":"Bora Zemani n\u00eb protest\u00ebn p\u00ebrpara Ministris\u00eb s\u00eb Brendshme, ja kush e shoq\u00ebron - blogin.al","isPartOf":{"@id":"https:\/\/blogin.al\/#website"},"primaryImageOfPage":{"@id":"https:\/\/blogin.al\/?p=12272#primaryimage"},"image":{"@id":"https:\/\/blogin.al\/?p=12272#primaryimage"},"thumbnailUrl":"https:\/\/blogin.al\/wp-content\/uploads\/2022\/08\/bora-z.jpg","datePublished":"2022-08-10T12:28:41+00:00","dateModified":"2022-08-10T12:31:42+00:00","breadcrumb":{"@id":"https:\/\/blogin.al\/?p=12272#breadcrumb"},"inLanguage":"en-US","potentialAction":[{"@type":"ReadAction","target":["https:\/\/blogin.al\/?p=12272"]}]},{"@type":"ImageObject","inLanguage":"en-US","@id":"https:\/\/blogin.al\/?p=12272#primaryimage","url":"https:\/\/blogin.al\/wp-content\/uploads\/2022\/08\/bora-z.jpg","contentUrl":"https:\/\/blogin.al\/wp-content\/uploads\/2022\/08\/bora-z.jpg","width":1080,"height":1350},{"@type":"BreadcrumbList","@id":"https:\/\/blogin.al\/?p=12272#breadcrumb","itemListElement":[{"@type":"ListItem","position":1,"name":"Home","item":"https:\/\/blogin.al\/"},{"@type":"ListItem","position":2,"name":"Bora Zemani n\u00eb protest\u00ebn p\u00ebrpara Ministris\u00eb s\u00eb Brendshme, ja kush e shoq\u00ebron"}]},{"@type":"WebSite","@id":"https:\/\/blogin.al\/#website","url":"https:\/\/blogin.al\/","name":"blogin.al","description":"","publisher":{"@id":"https:\/\/blogin.al\/#organization"},"potentialAction":[{"@type":"SearchAction","target":{"@type":"EntryPoint","urlTemplate":"https:\/\/blogin.al\/?s={search_term_string}"},"query-input":{"@type":"PropertyValueSpecification","valueRequired":true,"valueName":"search_term_string"}}],"inLanguage":"en-US"},{"@type":"Organization","@id":"https:\/\/blogin.al\/#organization","name":"BLOGIN.al","url":"https:\/\/blogin.al\/","logo":{"@type":"ImageObject","inLanguage":"en-US","@id":"https:\/\/blogin.al\/#\/schema\/logo\/image\/","url":"https:\/\/blogin.al\/wp-content\/uploads\/2022\/05\/Untitled-2-01-e1652084456514.png","contentUrl":"https:\/\/blogin.al\/wp-content\/uploads\/2022\/05\/Untitled-2-01-e1652084456514.png","width":3723,"height":1698,"caption":"BLOGIN.al"},"image":{"@id":"https:\/\/blogin.al\/#\/schema\/logo\/image\/"},"sameAs":["https:\/\/instagram.com\/blogin.al\/"]},{"@type":"Person","@id":"https:\/\/blogin.al\/#\/schema\/person\/abdd56bc912cd511db877b852b115399","name":"Blogin al","image":{"@type":"ImageObject","inLanguage":"en-US","@id":"https:\/\/secure.gravatar.com\/avatar\/60d5661aee6e835fb13dc75d2204cd0c1d61bef2efd137c0083e59ef831e235e?s=96&d=mm&r=g","url":"https:\/\/secure.gravatar.com\/avatar\/60d5661aee6e835fb13dc75d2204cd0c1d61bef2efd137c0083e59ef831e235e?s=96&d=mm&r=g","contentUrl":"https:\/\/secure.gravatar.com\/avatar\/60d5661aee6e835fb13dc75d2204cd0c1d61bef2efd137c0083e59ef831e235e?s=96&d=mm&r=g","caption":"Blogin al"},"sameAs":["https:\/\/blogin.al"],"url":"https:\/\/blogin.al\/?author=2"}]}},"_links":{"self":[{"href":"https:\/\/blogin.al\/index.php?rest_route=\/wp\/v2\/posts\/12272","targetHints":{"allow":["GET"]}}],"collection":[{"href":"https:\/\/blogin.al\/index.php?rest_route=\/wp\/v2\/posts"}],"about":[{"href":"https:\/\/blogin.al\/index.php?rest_route=\/wp\/v2\/types\/post"}],"author":[{"embeddable":true,"href":"https:\/\/blogin.al\/index.php?rest_route=\/wp\/v2\/users\/2"}],"replies":[{"embeddable":true,"href":"https:\/\/blogin.al\/index.php?rest_route=%2Fwp%2Fv2%2Fcomments&post=12272"}],"version-history":[{"count":2,"href":"https:\/\/blogin.al\/index.php?rest_route=\/wp\/v2\/posts\/12272\/revisions"}],"predecessor-version":[{"id":12275,"href":"https:\/\/blogin.al\/index.php?rest_route=\/wp\/v2\/posts\/12272\/revisions\/12275"}],"wp:featuredmedia":[{"embeddable":true,"href":"https:\/\/blogin.al\/index.php?rest_route=\/wp\/v2\/media\/12234"}],"wp:attachment":[{"href":"https:\/\/blogin.al\/index.php?rest_route=%2Fwp%2Fv2%2Fmedia&parent=12272"}],"wp:term":[{"taxonomy":"category","embeddable":true,"href":"https:\/\/blogin.al\/index.php?rest_route=%2Fwp%2Fv2%2Fcategories&post=12272"},{"taxonomy":"post_tag","embeddable":true,"href":"https:\/\/blogin.al\/index.php?rest_route=%2Fwp%2Fv2%2Ftags&post=12272"}],"curies":[{"name":"wp","href":"https:\/\/api.w.org\/{rel}","templated":true}]}}