{"id":12417,"date":"2022-08-13T19:32:27","date_gmt":"2022-08-13T19:32:27","guid":{"rendered":"https:\/\/blogin.al\/?p=12417"},"modified":"2022-08-13T20:01:09","modified_gmt":"2022-08-13T20:01:09","slug":"ngaterroi-mollen-me-pjeshken-reagimi-epik-i-rita-ores-gjate-transmetimit-live","status":"publish","type":"post","link":"https:\/\/blogin.al\/?p=12417","title":{"rendered":"Ngat\u00ebrroi moll\u00ebn me pjeshk\u00ebn, reagimi epik i Rita Or\u00ebs gjat\u00eb transmetimit \u2018live\u2019"},"content":{"rendered":"\n<p><strong>Rita Ora b\u00ebri nj\u00eb gaf\u00eb teksa bisedonte p\u00ebrgjat\u00eb nj\u00eb video-telefonate me prezantuesit AJ Odudu dhe Mo Gilligan por arriti ta mbaj\u00eb ende t\u00eb paqart\u00eb lajmin p\u00ebr martes\u00ebn e saj me Taika Waititi.<\/strong><\/p>\n\n\n\n<figure class=\"wp-block-image is-style-default\"><img decoding=\"async\" src=\"http:\/\/www.panorama.com.al\/panoramaplus\/wp-content\/uploads\/2022\/08\/rita.jpg\" alt=\"\" class=\"wp-image-217191\"\/><\/figure>\n\n\n\n<p>Duke b\u00ebr\u00eb paraqitjen e saj virtuale me producentin muzikor Netsky p\u00ebr t\u00eb promovuar k\u00ebng\u00ebn e tyre t\u00eb re Barricades, k\u00ebng\u00ebtarja e hitit \u201cPoison\u201d po diskutonte p\u00ebr ushqimet q\u00eb i hante gjat\u00eb xhirimit t\u00eb TMS kur papritur merr nj\u00eb pjeshk\u00eb nga tasi i saj me fruta.<\/p>\n\n\n\n<p>Ylli papritur tha:&nbsp;<strong>\u201cShiko se \u00e7far\u00eb kam n\u00eb tasin tim me fruta\u2026 nj\u00eb moll\u00eb. Shiko k\u00ebt\u00eb! A mund ta shoh\u00ebsh? As nuk e di n\u00ebse \u00ebsht\u00eb nj\u00eb moll\u00eb, mendoj se mund t\u00eb jet\u00eb nj\u00eb dardh\u00eb e thar\u00eb\u201d.<\/strong><\/p>\n\n\n\n<p>Duke \u201cluftuar\u201dp\u00ebr t\u00eb p\u00ebrmbajtur t\u00eb qeshur\u00ebn e saj kur Rita drejtoi frutin para kamer\u00ebs, AJ tha:<strong><em>&nbsp;\u201cM\u00eb vjen keq q\u00eb t\u00eb nd\u00ebrpres por \u00ebsht\u00eb nj\u00eb pjeshk\u00eb, jo nj\u00eb moll\u00eb!\u2019<\/em><\/strong><\/p>\n\n\n\n<p>E teksa Rita mbeti &nbsp;e shokuar p\u00ebr nj\u00eb moment artistja, tha me shaka:<strong><em>&nbsp;\u2018\u00cbsht\u00eb ora 3 e m\u00ebngjesit djema, m\u00eb jepni nj\u00eb pushim!\u2019<\/em><\/strong><\/p>\n\n\n\n<figure class=\"wp-block-embed\"><div class=\"wp-block-embed__wrapper\">\nhttps:\/\/www.dailymail.co.uk\/embed\/video\/2750567.html\n<\/div><\/figure>\n\n\n\n<p>Kjo vjen pasi Rita u martua me Taika n\u00eb nj\u00eb ceremoni intime n\u00eb Lond\u00ebr, sipas raportimeve t\u00eb s\u00eb h\u00ebn\u00ebs.<\/p>\n\n\n\n<p>Ylli thuhet se tashm\u00eb ka ndryshuar mbiemrin dhe tani do t\u00eb njihet si Zonja Waititi-Ora.<\/p>\n\n\n\n<p>Krijuesja e hitit \u201cHot Right Now\u201d dhe regjisori i Thor: Love And Thunder, 46 vje\u00e7, jan\u00eb fotografuar t\u00eb dy me unaz\u00eb ari n\u00eb gishtin e dor\u00ebs s\u00eb majt\u00eb dit\u00ebt e fundit \u2013 duke ndezur spekulime se ata tashm\u00eb kishin kuror\u00ebzuar dashurin\u00eb n\u00eb martes\u00eb.<\/p>\n","protected":false},"excerpt":{"rendered":"<p>Rita Ora b\u00ebri nj\u00eb gaf\u00eb teksa bisedonte p\u00ebrgjat\u00eb nj\u00eb video-telefonate me prezantuesit AJ Odudu dhe Mo Gilligan por arriti ta mbaj\u00eb ende t\u00eb paqart\u00eb lajmin p\u00ebr martes\u00ebn e saj me Taika Waititi. Duke b\u00ebr\u00eb paraqitjen e saj virtuale me producentin muzikor Netsky p\u00ebr t\u00eb promovuar k\u00ebng\u00ebn e tyre t\u00eb re Barricades, k\u00ebng\u00ebtarja e hitit \u201cPoison\u201d [&hellip;]<\/p>\n","protected":false},"author":2,"featured_media":12425,"comment_status":"open","ping_status":"open","sticky":false,"template":"","format":"standard","meta":{"footnotes":""},"categories":[38],"tags":[],"class_list":{"0":"post-12417","1":"post","2":"type-post","3":"status-publish","4":"format-standard","5":"has-post-thumbnail","7":"category-stili-dhe-bota-e-vip"},"yoast_head":"<!-- This site is optimized with the Yoast SEO plugin v27.4 - https:\/\/yoast.com\/product\/yoast-seo-wordpress\/ -->\n<title>Ngat\u00ebrroi moll\u00ebn me pjeshk\u00ebn, reagimi epik i Rita Or\u00ebs gjat\u00eb transmetimit \u2018live\u2019 - blogin.al<\/title>\n<meta name=\"robots\" content=\"index, follow, max-snippet:-1, max-image-preview:large, max-video-preview:-1\" \/>\n<link rel=\"canonical\" href=\"https:\/\/blogin.al\/?p=12417\" \/>\n<meta property=\"og:locale\" content=\"en_US\" \/>\n<meta property=\"og:type\" content=\"article\" \/>\n<meta property=\"og:title\" content=\"Ngat\u00ebrroi moll\u00ebn me pjeshk\u00ebn, reagimi epik i Rita Or\u00ebs gjat\u00eb transmetimit \u2018live\u2019 - blogin.al\" \/>\n<meta property=\"og:description\" content=\"Rita Ora b\u00ebri nj\u00eb gaf\u00eb teksa bisedonte p\u00ebrgjat\u00eb nj\u00eb video-telefonate me prezantuesit AJ Odudu dhe Mo Gilligan por arriti ta mbaj\u00eb ende t\u00eb paqart\u00eb lajmin p\u00ebr martes\u00ebn e saj me Taika Waititi. Duke b\u00ebr\u00eb paraqitjen e saj virtuale me producentin muzikor Netsky p\u00ebr t\u00eb promovuar k\u00ebng\u00ebn e tyre t\u00eb re Barricades, k\u00ebng\u00ebtarja e hitit \u201cPoison\u201d [&hellip;]\" \/>\n<meta property=\"og:url\" content=\"https:\/\/blogin.al\/?p=12417\" \/>\n<meta property=\"og:site_name\" content=\"blogin.al\" \/>\n<meta property=\"article:published_time\" content=\"2022-08-13T19:32:27+00:00\" \/>\n<meta property=\"article:modified_time\" content=\"2022-08-13T20:01:09+00:00\" \/>\n<meta property=\"og:image\" content=\"https:\/\/blogin.al\/wp-content\/uploads\/2022\/08\/rita-ora.jpeg\" \/>\n\t<meta property=\"og:image:width\" content=\"564\" \/>\n\t<meta property=\"og:image:height\" content=\"398\" \/>\n\t<meta property=\"og:image:type\" content=\"image\/jpeg\" \/>\n<meta name=\"author\" content=\"Blogin al\" \/>\n<meta name=\"twitter:card\" content=\"summary_large_image\" \/>\n<meta name=\"twitter:label1\" content=\"Written by\" \/>\n\t<meta name=\"twitter:data1\" content=\"Blogin al\" \/>\n\t<meta name=\"twitter:label2\" content=\"Est. reading time\" \/>\n\t<meta name=\"twitter:data2\" content=\"2 minutes\" \/>\n<script type=\"application\/ld+json\" class=\"yoast-schema-graph\">{\"@context\":\"https:\\\/\\\/schema.org\",\"@graph\":[{\"@type\":\"Article\",\"@id\":\"https:\\\/\\\/blogin.al\\\/?p=12417#article\",\"isPartOf\":{\"@id\":\"https:\\\/\\\/blogin.al\\\/?p=12417\"},\"author\":{\"name\":\"Blogin al\",\"@id\":\"https:\\\/\\\/blogin.al\\\/#\\\/schema\\\/person\\\/abdd56bc912cd511db877b852b115399\"},\"headline\":\"Ngat\u00ebrroi moll\u00ebn me pjeshk\u00ebn, reagimi epik i Rita Or\u00ebs gjat\u00eb transmetimit \u2018live\u2019\",\"datePublished\":\"2022-08-13T19:32:27+00:00\",\"dateModified\":\"2022-08-13T20:01:09+00:00\",\"mainEntityOfPage\":{\"@id\":\"https:\\\/\\\/blogin.al\\\/?p=12417\"},\"wordCount\":296,\"commentCount\":0,\"publisher\":{\"@id\":\"https:\\\/\\\/blogin.al\\\/#organization\"},\"image\":{\"@id\":\"https:\\\/\\\/blogin.al\\\/?p=12417#primaryimage\"},\"thumbnailUrl\":\"https:\\\/\\\/blogin.al\\\/wp-content\\\/uploads\\\/2022\\\/08\\\/rita-ora.jpeg\",\"articleSection\":[\"STILI DHE BOTA E VIP\"],\"inLanguage\":\"en-US\",\"potentialAction\":[{\"@type\":\"CommentAction\",\"name\":\"Comment\",\"target\":[\"https:\\\/\\\/blogin.al\\\/?p=12417#respond\"]}]},{\"@type\":\"WebPage\",\"@id\":\"https:\\\/\\\/blogin.al\\\/?p=12417\",\"url\":\"https:\\\/\\\/blogin.al\\\/?p=12417\",\"name\":\"Ngat\u00ebrroi moll\u00ebn me pjeshk\u00ebn, reagimi epik i Rita Or\u00ebs gjat\u00eb transmetimit \u2018live\u2019 - blogin.al\",\"isPartOf\":{\"@id\":\"https:\\\/\\\/blogin.al\\\/#website\"},\"primaryImageOfPage\":{\"@id\":\"https:\\\/\\\/blogin.al\\\/?p=12417#primaryimage\"},\"image\":{\"@id\":\"https:\\\/\\\/blogin.al\\\/?p=12417#primaryimage\"},\"thumbnailUrl\":\"https:\\\/\\\/blogin.al\\\/wp-content\\\/uploads\\\/2022\\\/08\\\/rita-ora.jpeg\",\"datePublished\":\"2022-08-13T19:32:27+00:00\",\"dateModified\":\"2022-08-13T20:01:09+00:00\",\"breadcrumb\":{\"@id\":\"https:\\\/\\\/blogin.al\\\/?p=12417#breadcrumb\"},\"inLanguage\":\"en-US\",\"potentialAction\":[{\"@type\":\"ReadAction\",\"target\":[\"https:\\\/\\\/blogin.al\\\/?p=12417\"]}]},{\"@type\":\"ImageObject\",\"inLanguage\":\"en-US\",\"@id\":\"https:\\\/\\\/blogin.al\\\/?p=12417#primaryimage\",\"url\":\"https:\\\/\\\/blogin.al\\\/wp-content\\\/uploads\\\/2022\\\/08\\\/rita-ora.jpeg\",\"contentUrl\":\"https:\\\/\\\/blogin.al\\\/wp-content\\\/uploads\\\/2022\\\/08\\\/rita-ora.jpeg\",\"width\":564,\"height\":398},{\"@type\":\"BreadcrumbList\",\"@id\":\"https:\\\/\\\/blogin.al\\\/?p=12417#breadcrumb\",\"itemListElement\":[{\"@type\":\"ListItem\",\"position\":1,\"name\":\"Home\",\"item\":\"https:\\\/\\\/blogin.al\\\/\"},{\"@type\":\"ListItem\",\"position\":2,\"name\":\"Ngat\u00ebrroi moll\u00ebn me pjeshk\u00ebn, reagimi epik i Rita Or\u00ebs gjat\u00eb transmetimit \u2018live\u2019\"}]},{\"@type\":\"WebSite\",\"@id\":\"https:\\\/\\\/blogin.al\\\/#website\",\"url\":\"https:\\\/\\\/blogin.al\\\/\",\"name\":\"blogin.al\",\"description\":\"\",\"publisher\":{\"@id\":\"https:\\\/\\\/blogin.al\\\/#organization\"},\"potentialAction\":[{\"@type\":\"SearchAction\",\"target\":{\"@type\":\"EntryPoint\",\"urlTemplate\":\"https:\\\/\\\/blogin.al\\\/?s={search_term_string}\"},\"query-input\":{\"@type\":\"PropertyValueSpecification\",\"valueRequired\":true,\"valueName\":\"search_term_string\"}}],\"inLanguage\":\"en-US\"},{\"@type\":\"Organization\",\"@id\":\"https:\\\/\\\/blogin.al\\\/#organization\",\"name\":\"BLOGIN.al\",\"url\":\"https:\\\/\\\/blogin.al\\\/\",\"logo\":{\"@type\":\"ImageObject\",\"inLanguage\":\"en-US\",\"@id\":\"https:\\\/\\\/blogin.al\\\/#\\\/schema\\\/logo\\\/image\\\/\",\"url\":\"https:\\\/\\\/blogin.al\\\/wp-content\\\/uploads\\\/2022\\\/05\\\/Untitled-2-01-e1652084456514.png\",\"contentUrl\":\"https:\\\/\\\/blogin.al\\\/wp-content\\\/uploads\\\/2022\\\/05\\\/Untitled-2-01-e1652084456514.png\",\"width\":3723,\"height\":1698,\"caption\":\"BLOGIN.al\"},\"image\":{\"@id\":\"https:\\\/\\\/blogin.al\\\/#\\\/schema\\\/logo\\\/image\\\/\"},\"sameAs\":[\"https:\\\/\\\/instagram.com\\\/blogin.al\\\/\"]},{\"@type\":\"Person\",\"@id\":\"https:\\\/\\\/blogin.al\\\/#\\\/schema\\\/person\\\/abdd56bc912cd511db877b852b115399\",\"name\":\"Blogin al\",\"image\":{\"@type\":\"ImageObject\",\"inLanguage\":\"en-US\",\"@id\":\"https:\\\/\\\/secure.gravatar.com\\\/avatar\\\/60d5661aee6e835fb13dc75d2204cd0c1d61bef2efd137c0083e59ef831e235e?s=96&d=mm&r=g\",\"url\":\"https:\\\/\\\/secure.gravatar.com\\\/avatar\\\/60d5661aee6e835fb13dc75d2204cd0c1d61bef2efd137c0083e59ef831e235e?s=96&d=mm&r=g\",\"contentUrl\":\"https:\\\/\\\/secure.gravatar.com\\\/avatar\\\/60d5661aee6e835fb13dc75d2204cd0c1d61bef2efd137c0083e59ef831e235e?s=96&d=mm&r=g\",\"caption\":\"Blogin al\"},\"sameAs\":[\"https:\\\/\\\/blogin.al\"],\"url\":\"https:\\\/\\\/blogin.al\\\/?author=2\"}]}<\/script>\n<!-- \/ Yoast SEO plugin. -->","yoast_head_json":{"title":"Ngat\u00ebrroi moll\u00ebn me pjeshk\u00ebn, reagimi epik i Rita Or\u00ebs gjat\u00eb transmetimit \u2018live\u2019 - blogin.al","robots":{"index":"index","follow":"follow","max-snippet":"max-snippet:-1","max-image-preview":"max-image-preview:large","max-video-preview":"max-video-preview:-1"},"canonical":"https:\/\/blogin.al\/?p=12417","og_locale":"en_US","og_type":"article","og_title":"Ngat\u00ebrroi moll\u00ebn me pjeshk\u00ebn, reagimi epik i Rita Or\u00ebs gjat\u00eb transmetimit \u2018live\u2019 - blogin.al","og_description":"Rita Ora b\u00ebri nj\u00eb gaf\u00eb teksa bisedonte p\u00ebrgjat\u00eb nj\u00eb video-telefonate me prezantuesit AJ Odudu dhe Mo Gilligan por arriti ta mbaj\u00eb ende t\u00eb paqart\u00eb lajmin p\u00ebr martes\u00ebn e saj me Taika Waititi. Duke b\u00ebr\u00eb paraqitjen e saj virtuale me producentin muzikor Netsky p\u00ebr t\u00eb promovuar k\u00ebng\u00ebn e tyre t\u00eb re Barricades, k\u00ebng\u00ebtarja e hitit \u201cPoison\u201d [&hellip;]","og_url":"https:\/\/blogin.al\/?p=12417","og_site_name":"blogin.al","article_published_time":"2022-08-13T19:32:27+00:00","article_modified_time":"2022-08-13T20:01:09+00:00","og_image":[{"width":564,"height":398,"url":"https:\/\/blogin.al\/wp-content\/uploads\/2022\/08\/rita-ora.jpeg","type":"image\/jpeg"}],"author":"Blogin al","twitter_card":"summary_large_image","twitter_misc":{"Written by":"Blogin al","Est. reading time":"2 minutes"},"schema":{"@context":"https:\/\/schema.org","@graph":[{"@type":"Article","@id":"https:\/\/blogin.al\/?p=12417#article","isPartOf":{"@id":"https:\/\/blogin.al\/?p=12417"},"author":{"name":"Blogin al","@id":"https:\/\/blogin.al\/#\/schema\/person\/abdd56bc912cd511db877b852b115399"},"headline":"Ngat\u00ebrroi moll\u00ebn me pjeshk\u00ebn, reagimi epik i Rita Or\u00ebs gjat\u00eb transmetimit \u2018live\u2019","datePublished":"2022-08-13T19:32:27+00:00","dateModified":"2022-08-13T20:01:09+00:00","mainEntityOfPage":{"@id":"https:\/\/blogin.al\/?p=12417"},"wordCount":296,"commentCount":0,"publisher":{"@id":"https:\/\/blogin.al\/#organization"},"image":{"@id":"https:\/\/blogin.al\/?p=12417#primaryimage"},"thumbnailUrl":"https:\/\/blogin.al\/wp-content\/uploads\/2022\/08\/rita-ora.jpeg","articleSection":["STILI DHE BOTA E VIP"],"inLanguage":"en-US","potentialAction":[{"@type":"CommentAction","name":"Comment","target":["https:\/\/blogin.al\/?p=12417#respond"]}]},{"@type":"WebPage","@id":"https:\/\/blogin.al\/?p=12417","url":"https:\/\/blogin.al\/?p=12417","name":"Ngat\u00ebrroi moll\u00ebn me pjeshk\u00ebn, reagimi epik i Rita Or\u00ebs gjat\u00eb transmetimit \u2018live\u2019 - blogin.al","isPartOf":{"@id":"https:\/\/blogin.al\/#website"},"primaryImageOfPage":{"@id":"https:\/\/blogin.al\/?p=12417#primaryimage"},"image":{"@id":"https:\/\/blogin.al\/?p=12417#primaryimage"},"thumbnailUrl":"https:\/\/blogin.al\/wp-content\/uploads\/2022\/08\/rita-ora.jpeg","datePublished":"2022-08-13T19:32:27+00:00","dateModified":"2022-08-13T20:01:09+00:00","breadcrumb":{"@id":"https:\/\/blogin.al\/?p=12417#breadcrumb"},"inLanguage":"en-US","potentialAction":[{"@type":"ReadAction","target":["https:\/\/blogin.al\/?p=12417"]}]},{"@type":"ImageObject","inLanguage":"en-US","@id":"https:\/\/blogin.al\/?p=12417#primaryimage","url":"https:\/\/blogin.al\/wp-content\/uploads\/2022\/08\/rita-ora.jpeg","contentUrl":"https:\/\/blogin.al\/wp-content\/uploads\/2022\/08\/rita-ora.jpeg","width":564,"height":398},{"@type":"BreadcrumbList","@id":"https:\/\/blogin.al\/?p=12417#breadcrumb","itemListElement":[{"@type":"ListItem","position":1,"name":"Home","item":"https:\/\/blogin.al\/"},{"@type":"ListItem","position":2,"name":"Ngat\u00ebrroi moll\u00ebn me pjeshk\u00ebn, reagimi epik i Rita Or\u00ebs gjat\u00eb transmetimit \u2018live\u2019"}]},{"@type":"WebSite","@id":"https:\/\/blogin.al\/#website","url":"https:\/\/blogin.al\/","name":"blogin.al","description":"","publisher":{"@id":"https:\/\/blogin.al\/#organization"},"potentialAction":[{"@type":"SearchAction","target":{"@type":"EntryPoint","urlTemplate":"https:\/\/blogin.al\/?s={search_term_string}"},"query-input":{"@type":"PropertyValueSpecification","valueRequired":true,"valueName":"search_term_string"}}],"inLanguage":"en-US"},{"@type":"Organization","@id":"https:\/\/blogin.al\/#organization","name":"BLOGIN.al","url":"https:\/\/blogin.al\/","logo":{"@type":"ImageObject","inLanguage":"en-US","@id":"https:\/\/blogin.al\/#\/schema\/logo\/image\/","url":"https:\/\/blogin.al\/wp-content\/uploads\/2022\/05\/Untitled-2-01-e1652084456514.png","contentUrl":"https:\/\/blogin.al\/wp-content\/uploads\/2022\/05\/Untitled-2-01-e1652084456514.png","width":3723,"height":1698,"caption":"BLOGIN.al"},"image":{"@id":"https:\/\/blogin.al\/#\/schema\/logo\/image\/"},"sameAs":["https:\/\/instagram.com\/blogin.al\/"]},{"@type":"Person","@id":"https:\/\/blogin.al\/#\/schema\/person\/abdd56bc912cd511db877b852b115399","name":"Blogin al","image":{"@type":"ImageObject","inLanguage":"en-US","@id":"https:\/\/secure.gravatar.com\/avatar\/60d5661aee6e835fb13dc75d2204cd0c1d61bef2efd137c0083e59ef831e235e?s=96&d=mm&r=g","url":"https:\/\/secure.gravatar.com\/avatar\/60d5661aee6e835fb13dc75d2204cd0c1d61bef2efd137c0083e59ef831e235e?s=96&d=mm&r=g","contentUrl":"https:\/\/secure.gravatar.com\/avatar\/60d5661aee6e835fb13dc75d2204cd0c1d61bef2efd137c0083e59ef831e235e?s=96&d=mm&r=g","caption":"Blogin al"},"sameAs":["https:\/\/blogin.al"],"url":"https:\/\/blogin.al\/?author=2"}]}},"_links":{"self":[{"href":"https:\/\/blogin.al\/index.php?rest_route=\/wp\/v2\/posts\/12417","targetHints":{"allow":["GET"]}}],"collection":[{"href":"https:\/\/blogin.al\/index.php?rest_route=\/wp\/v2\/posts"}],"about":[{"href":"https:\/\/blogin.al\/index.php?rest_route=\/wp\/v2\/types\/post"}],"author":[{"embeddable":true,"href":"https:\/\/blogin.al\/index.php?rest_route=\/wp\/v2\/users\/2"}],"replies":[{"embeddable":true,"href":"https:\/\/blogin.al\/index.php?rest_route=%2Fwp%2Fv2%2Fcomments&post=12417"}],"version-history":[{"count":1,"href":"https:\/\/blogin.al\/index.php?rest_route=\/wp\/v2\/posts\/12417\/revisions"}],"predecessor-version":[{"id":12418,"href":"https:\/\/blogin.al\/index.php?rest_route=\/wp\/v2\/posts\/12417\/revisions\/12418"}],"wp:featuredmedia":[{"embeddable":true,"href":"https:\/\/blogin.al\/index.php?rest_route=\/wp\/v2\/media\/12425"}],"wp:attachment":[{"href":"https:\/\/blogin.al\/index.php?rest_route=%2Fwp%2Fv2%2Fmedia&parent=12417"}],"wp:term":[{"taxonomy":"category","embeddable":true,"href":"https:\/\/blogin.al\/index.php?rest_route=%2Fwp%2Fv2%2Fcategories&post=12417"},{"taxonomy":"post_tag","embeddable":true,"href":"https:\/\/blogin.al\/index.php?rest_route=%2Fwp%2Fv2%2Ftags&post=12417"}],"curies":[{"name":"wp","href":"https:\/\/api.w.org\/{rel}","templated":true}]}}