{"id":12549,"date":"2022-08-16T14:50:33","date_gmt":"2022-08-16T14:50:33","guid":{"rendered":"https:\/\/blogin.al\/?p=12549"},"modified":"2022-08-16T14:50:34","modified_gmt":"2022-08-16T14:50:34","slug":"surpriza-ne-sezonin-e-ri-largohet-arian-cani-nga-tv-klan","status":"publish","type":"post","link":"https:\/\/blogin.al\/?p=12549","title":{"rendered":"Surpriza n\u00eb sezonin e ri\/ Largohet Arian \u00c7ani nga Tv Klan"},"content":{"rendered":"\n<p><strong>Pas disa sezoneve n\u00eb ekranin e Tv Klan, emisioni \u201cZon\u00eb e lir\u00eb\u201d mund t\u00eb nis\u00eb transmetimin n\u00eb nj\u00eb ekran tjet\u00ebr n\u00eb sezonin e ri.<\/strong><\/p>\n\n\n\n<p>\u00cbsht\u00eb ky lajmi q\u00eb po qarkullon me shpejt\u00ebsi n\u00eb rrjet, nd\u00ebrsa nga vet\u00eb autori dhe drejtuesi i emisionit, Arian \u00c7ani nuk ende asnj\u00eb reagim apo konfirmim.<\/p>\n\n\n\n<p>Arian \u00c7ani do t\u00eb ndryshoj\u00eb logo, dhe emisioni i tij \u201cZon\u00eb e Lir\u00eb\u201d do t\u00eb transmetohet n\u00eb \u201cAbc News.\u201d\u00a0Emisioni\u00a0i \u00c7anit do t\u00eb jet\u00eb dy her\u00eb n\u00eb jav\u00eb n\u00eb k\u00ebt\u00eb sezon t\u00eb ri, p\u00ebr shkak se ky do t\u00eb jet\u00eb nj\u00eb vit zgjedhor dhe emisioni do t\u00eb shtrihet n\u00eb nj\u00eb hark kohor m\u00eb t\u00eb gjat\u00eb.<\/p>\n\n\n\n<p>M\u00ebsohet se emisioni \u201cZon\u00eb e Lir\u00eb\u201d, n\u00eb sezonin e ri do t\u00eb transmetohet\u00a0\u00e7do t\u00eb h\u00ebn\u00eb dhe t\u00eb enjte n\u00eb prime-time. Gjithashtu emisioni i \u00c7anit, ndryshe nga formati i p\u00ebrhersh\u00ebm, k\u00ebt\u00eb sezon do t\u00eb ket\u00eb n\u00eb fokus debatet dhe temat politike.<\/p>\n","protected":false},"excerpt":{"rendered":"<p>Pas disa sezoneve n\u00eb ekranin e Tv Klan, emisioni \u201cZon\u00eb e lir\u00eb\u201d mund t\u00eb nis\u00eb transmetimin n\u00eb nj\u00eb ekran tjet\u00ebr n\u00eb sezonin e ri. \u00cbsht\u00eb ky lajmi q\u00eb po qarkullon me shpejt\u00ebsi n\u00eb rrjet, nd\u00ebrsa nga vet\u00eb autori dhe drejtuesi i emisionit, Arian \u00c7ani nuk ende asnj\u00eb reagim apo konfirmim. Arian \u00c7ani do t\u00eb ndryshoj\u00eb [&hellip;]<\/p>\n","protected":false},"author":2,"featured_media":12551,"comment_status":"open","ping_status":"open","sticky":false,"template":"","format":"standard","meta":{"footnotes":""},"categories":[33],"tags":[],"class_list":{"0":"post-12549","1":"post","2":"type-post","3":"status-publish","4":"format-standard","5":"has-post-thumbnail","7":"category-showbiz"},"yoast_head":"<!-- This site is optimized with the Yoast SEO plugin v27.4 - https:\/\/yoast.com\/product\/yoast-seo-wordpress\/ -->\n<title>Surpriza n\u00eb sezonin e ri\/ Largohet Arian \u00c7ani nga Tv Klan - blogin.al<\/title>\n<meta name=\"robots\" content=\"index, follow, max-snippet:-1, max-image-preview:large, max-video-preview:-1\" \/>\n<link rel=\"canonical\" href=\"https:\/\/blogin.al\/?p=12549\" \/>\n<meta property=\"og:locale\" content=\"en_US\" \/>\n<meta property=\"og:type\" content=\"article\" \/>\n<meta property=\"og:title\" content=\"Surpriza n\u00eb sezonin e ri\/ Largohet Arian \u00c7ani nga Tv Klan - blogin.al\" \/>\n<meta property=\"og:description\" content=\"Pas disa sezoneve n\u00eb ekranin e Tv Klan, emisioni \u201cZon\u00eb e lir\u00eb\u201d mund t\u00eb nis\u00eb transmetimin n\u00eb nj\u00eb ekran tjet\u00ebr n\u00eb sezonin e ri. \u00cbsht\u00eb ky lajmi q\u00eb po qarkullon me shpejt\u00ebsi n\u00eb rrjet, nd\u00ebrsa nga vet\u00eb autori dhe drejtuesi i emisionit, Arian \u00c7ani nuk ende asnj\u00eb reagim apo konfirmim. Arian \u00c7ani do t\u00eb ndryshoj\u00eb [&hellip;]\" \/>\n<meta property=\"og:url\" content=\"https:\/\/blogin.al\/?p=12549\" \/>\n<meta property=\"og:site_name\" content=\"blogin.al\" \/>\n<meta property=\"article:published_time\" content=\"2022-08-16T14:50:33+00:00\" \/>\n<meta property=\"article:modified_time\" content=\"2022-08-16T14:50:34+00:00\" \/>\n<meta property=\"og:image\" content=\"https:\/\/blogin.al\/wp-content\/uploads\/2022\/08\/arian-cani1.jpg\" \/>\n\t<meta property=\"og:image:width\" content=\"400\" \/>\n\t<meta property=\"og:image:height\" content=\"400\" \/>\n\t<meta property=\"og:image:type\" content=\"image\/jpeg\" \/>\n<meta name=\"author\" content=\"Blogin al\" \/>\n<meta name=\"twitter:card\" content=\"summary_large_image\" \/>\n<meta name=\"twitter:label1\" content=\"Written by\" \/>\n\t<meta name=\"twitter:data1\" content=\"Blogin al\" \/>\n\t<meta name=\"twitter:label2\" content=\"Est. reading time\" \/>\n\t<meta name=\"twitter:data2\" content=\"1 minute\" \/>\n<script type=\"application\/ld+json\" class=\"yoast-schema-graph\">{\"@context\":\"https:\\\/\\\/schema.org\",\"@graph\":[{\"@type\":\"Article\",\"@id\":\"https:\\\/\\\/blogin.al\\\/?p=12549#article\",\"isPartOf\":{\"@id\":\"https:\\\/\\\/blogin.al\\\/?p=12549\"},\"author\":{\"name\":\"Blogin al\",\"@id\":\"https:\\\/\\\/blogin.al\\\/#\\\/schema\\\/person\\\/abdd56bc912cd511db877b852b115399\"},\"headline\":\"Surpriza n\u00eb sezonin e ri\\\/ Largohet Arian \u00c7ani nga Tv Klan\",\"datePublished\":\"2022-08-16T14:50:33+00:00\",\"dateModified\":\"2022-08-16T14:50:34+00:00\",\"mainEntityOfPage\":{\"@id\":\"https:\\\/\\\/blogin.al\\\/?p=12549\"},\"wordCount\":168,\"commentCount\":0,\"publisher\":{\"@id\":\"https:\\\/\\\/blogin.al\\\/#organization\"},\"image\":{\"@id\":\"https:\\\/\\\/blogin.al\\\/?p=12549#primaryimage\"},\"thumbnailUrl\":\"https:\\\/\\\/blogin.al\\\/wp-content\\\/uploads\\\/2022\\\/08\\\/arian-cani1.jpg\",\"articleSection\":[\"SHOWBIZ\"],\"inLanguage\":\"en-US\",\"potentialAction\":[{\"@type\":\"CommentAction\",\"name\":\"Comment\",\"target\":[\"https:\\\/\\\/blogin.al\\\/?p=12549#respond\"]}]},{\"@type\":\"WebPage\",\"@id\":\"https:\\\/\\\/blogin.al\\\/?p=12549\",\"url\":\"https:\\\/\\\/blogin.al\\\/?p=12549\",\"name\":\"Surpriza n\u00eb sezonin e ri\\\/ Largohet Arian \u00c7ani nga Tv Klan - blogin.al\",\"isPartOf\":{\"@id\":\"https:\\\/\\\/blogin.al\\\/#website\"},\"primaryImageOfPage\":{\"@id\":\"https:\\\/\\\/blogin.al\\\/?p=12549#primaryimage\"},\"image\":{\"@id\":\"https:\\\/\\\/blogin.al\\\/?p=12549#primaryimage\"},\"thumbnailUrl\":\"https:\\\/\\\/blogin.al\\\/wp-content\\\/uploads\\\/2022\\\/08\\\/arian-cani1.jpg\",\"datePublished\":\"2022-08-16T14:50:33+00:00\",\"dateModified\":\"2022-08-16T14:50:34+00:00\",\"breadcrumb\":{\"@id\":\"https:\\\/\\\/blogin.al\\\/?p=12549#breadcrumb\"},\"inLanguage\":\"en-US\",\"potentialAction\":[{\"@type\":\"ReadAction\",\"target\":[\"https:\\\/\\\/blogin.al\\\/?p=12549\"]}]},{\"@type\":\"ImageObject\",\"inLanguage\":\"en-US\",\"@id\":\"https:\\\/\\\/blogin.al\\\/?p=12549#primaryimage\",\"url\":\"https:\\\/\\\/blogin.al\\\/wp-content\\\/uploads\\\/2022\\\/08\\\/arian-cani1.jpg\",\"contentUrl\":\"https:\\\/\\\/blogin.al\\\/wp-content\\\/uploads\\\/2022\\\/08\\\/arian-cani1.jpg\",\"width\":400,\"height\":400},{\"@type\":\"BreadcrumbList\",\"@id\":\"https:\\\/\\\/blogin.al\\\/?p=12549#breadcrumb\",\"itemListElement\":[{\"@type\":\"ListItem\",\"position\":1,\"name\":\"Home\",\"item\":\"https:\\\/\\\/blogin.al\\\/\"},{\"@type\":\"ListItem\",\"position\":2,\"name\":\"Surpriza n\u00eb sezonin e ri\\\/ Largohet Arian \u00c7ani nga Tv Klan\"}]},{\"@type\":\"WebSite\",\"@id\":\"https:\\\/\\\/blogin.al\\\/#website\",\"url\":\"https:\\\/\\\/blogin.al\\\/\",\"name\":\"blogin.al\",\"description\":\"\",\"publisher\":{\"@id\":\"https:\\\/\\\/blogin.al\\\/#organization\"},\"potentialAction\":[{\"@type\":\"SearchAction\",\"target\":{\"@type\":\"EntryPoint\",\"urlTemplate\":\"https:\\\/\\\/blogin.al\\\/?s={search_term_string}\"},\"query-input\":{\"@type\":\"PropertyValueSpecification\",\"valueRequired\":true,\"valueName\":\"search_term_string\"}}],\"inLanguage\":\"en-US\"},{\"@type\":\"Organization\",\"@id\":\"https:\\\/\\\/blogin.al\\\/#organization\",\"name\":\"BLOGIN.al\",\"url\":\"https:\\\/\\\/blogin.al\\\/\",\"logo\":{\"@type\":\"ImageObject\",\"inLanguage\":\"en-US\",\"@id\":\"https:\\\/\\\/blogin.al\\\/#\\\/schema\\\/logo\\\/image\\\/\",\"url\":\"https:\\\/\\\/blogin.al\\\/wp-content\\\/uploads\\\/2022\\\/05\\\/Untitled-2-01-e1652084456514.png\",\"contentUrl\":\"https:\\\/\\\/blogin.al\\\/wp-content\\\/uploads\\\/2022\\\/05\\\/Untitled-2-01-e1652084456514.png\",\"width\":3723,\"height\":1698,\"caption\":\"BLOGIN.al\"},\"image\":{\"@id\":\"https:\\\/\\\/blogin.al\\\/#\\\/schema\\\/logo\\\/image\\\/\"},\"sameAs\":[\"https:\\\/\\\/instagram.com\\\/blogin.al\\\/\"]},{\"@type\":\"Person\",\"@id\":\"https:\\\/\\\/blogin.al\\\/#\\\/schema\\\/person\\\/abdd56bc912cd511db877b852b115399\",\"name\":\"Blogin al\",\"image\":{\"@type\":\"ImageObject\",\"inLanguage\":\"en-US\",\"@id\":\"https:\\\/\\\/secure.gravatar.com\\\/avatar\\\/60d5661aee6e835fb13dc75d2204cd0c1d61bef2efd137c0083e59ef831e235e?s=96&d=mm&r=g\",\"url\":\"https:\\\/\\\/secure.gravatar.com\\\/avatar\\\/60d5661aee6e835fb13dc75d2204cd0c1d61bef2efd137c0083e59ef831e235e?s=96&d=mm&r=g\",\"contentUrl\":\"https:\\\/\\\/secure.gravatar.com\\\/avatar\\\/60d5661aee6e835fb13dc75d2204cd0c1d61bef2efd137c0083e59ef831e235e?s=96&d=mm&r=g\",\"caption\":\"Blogin al\"},\"sameAs\":[\"https:\\\/\\\/blogin.al\"],\"url\":\"https:\\\/\\\/blogin.al\\\/?author=2\"}]}<\/script>\n<!-- \/ Yoast SEO plugin. -->","yoast_head_json":{"title":"Surpriza n\u00eb sezonin e ri\/ Largohet Arian \u00c7ani nga Tv Klan - blogin.al","robots":{"index":"index","follow":"follow","max-snippet":"max-snippet:-1","max-image-preview":"max-image-preview:large","max-video-preview":"max-video-preview:-1"},"canonical":"https:\/\/blogin.al\/?p=12549","og_locale":"en_US","og_type":"article","og_title":"Surpriza n\u00eb sezonin e ri\/ Largohet Arian \u00c7ani nga Tv Klan - blogin.al","og_description":"Pas disa sezoneve n\u00eb ekranin e Tv Klan, emisioni \u201cZon\u00eb e lir\u00eb\u201d mund t\u00eb nis\u00eb transmetimin n\u00eb nj\u00eb ekran tjet\u00ebr n\u00eb sezonin e ri. \u00cbsht\u00eb ky lajmi q\u00eb po qarkullon me shpejt\u00ebsi n\u00eb rrjet, nd\u00ebrsa nga vet\u00eb autori dhe drejtuesi i emisionit, Arian \u00c7ani nuk ende asnj\u00eb reagim apo konfirmim. Arian \u00c7ani do t\u00eb ndryshoj\u00eb [&hellip;]","og_url":"https:\/\/blogin.al\/?p=12549","og_site_name":"blogin.al","article_published_time":"2022-08-16T14:50:33+00:00","article_modified_time":"2022-08-16T14:50:34+00:00","og_image":[{"width":400,"height":400,"url":"https:\/\/blogin.al\/wp-content\/uploads\/2022\/08\/arian-cani1.jpg","type":"image\/jpeg"}],"author":"Blogin al","twitter_card":"summary_large_image","twitter_misc":{"Written by":"Blogin al","Est. reading time":"1 minute"},"schema":{"@context":"https:\/\/schema.org","@graph":[{"@type":"Article","@id":"https:\/\/blogin.al\/?p=12549#article","isPartOf":{"@id":"https:\/\/blogin.al\/?p=12549"},"author":{"name":"Blogin al","@id":"https:\/\/blogin.al\/#\/schema\/person\/abdd56bc912cd511db877b852b115399"},"headline":"Surpriza n\u00eb sezonin e ri\/ Largohet Arian \u00c7ani nga Tv Klan","datePublished":"2022-08-16T14:50:33+00:00","dateModified":"2022-08-16T14:50:34+00:00","mainEntityOfPage":{"@id":"https:\/\/blogin.al\/?p=12549"},"wordCount":168,"commentCount":0,"publisher":{"@id":"https:\/\/blogin.al\/#organization"},"image":{"@id":"https:\/\/blogin.al\/?p=12549#primaryimage"},"thumbnailUrl":"https:\/\/blogin.al\/wp-content\/uploads\/2022\/08\/arian-cani1.jpg","articleSection":["SHOWBIZ"],"inLanguage":"en-US","potentialAction":[{"@type":"CommentAction","name":"Comment","target":["https:\/\/blogin.al\/?p=12549#respond"]}]},{"@type":"WebPage","@id":"https:\/\/blogin.al\/?p=12549","url":"https:\/\/blogin.al\/?p=12549","name":"Surpriza n\u00eb sezonin e ri\/ Largohet Arian \u00c7ani nga Tv Klan - blogin.al","isPartOf":{"@id":"https:\/\/blogin.al\/#website"},"primaryImageOfPage":{"@id":"https:\/\/blogin.al\/?p=12549#primaryimage"},"image":{"@id":"https:\/\/blogin.al\/?p=12549#primaryimage"},"thumbnailUrl":"https:\/\/blogin.al\/wp-content\/uploads\/2022\/08\/arian-cani1.jpg","datePublished":"2022-08-16T14:50:33+00:00","dateModified":"2022-08-16T14:50:34+00:00","breadcrumb":{"@id":"https:\/\/blogin.al\/?p=12549#breadcrumb"},"inLanguage":"en-US","potentialAction":[{"@type":"ReadAction","target":["https:\/\/blogin.al\/?p=12549"]}]},{"@type":"ImageObject","inLanguage":"en-US","@id":"https:\/\/blogin.al\/?p=12549#primaryimage","url":"https:\/\/blogin.al\/wp-content\/uploads\/2022\/08\/arian-cani1.jpg","contentUrl":"https:\/\/blogin.al\/wp-content\/uploads\/2022\/08\/arian-cani1.jpg","width":400,"height":400},{"@type":"BreadcrumbList","@id":"https:\/\/blogin.al\/?p=12549#breadcrumb","itemListElement":[{"@type":"ListItem","position":1,"name":"Home","item":"https:\/\/blogin.al\/"},{"@type":"ListItem","position":2,"name":"Surpriza n\u00eb sezonin e ri\/ Largohet Arian \u00c7ani nga Tv Klan"}]},{"@type":"WebSite","@id":"https:\/\/blogin.al\/#website","url":"https:\/\/blogin.al\/","name":"blogin.al","description":"","publisher":{"@id":"https:\/\/blogin.al\/#organization"},"potentialAction":[{"@type":"SearchAction","target":{"@type":"EntryPoint","urlTemplate":"https:\/\/blogin.al\/?s={search_term_string}"},"query-input":{"@type":"PropertyValueSpecification","valueRequired":true,"valueName":"search_term_string"}}],"inLanguage":"en-US"},{"@type":"Organization","@id":"https:\/\/blogin.al\/#organization","name":"BLOGIN.al","url":"https:\/\/blogin.al\/","logo":{"@type":"ImageObject","inLanguage":"en-US","@id":"https:\/\/blogin.al\/#\/schema\/logo\/image\/","url":"https:\/\/blogin.al\/wp-content\/uploads\/2022\/05\/Untitled-2-01-e1652084456514.png","contentUrl":"https:\/\/blogin.al\/wp-content\/uploads\/2022\/05\/Untitled-2-01-e1652084456514.png","width":3723,"height":1698,"caption":"BLOGIN.al"},"image":{"@id":"https:\/\/blogin.al\/#\/schema\/logo\/image\/"},"sameAs":["https:\/\/instagram.com\/blogin.al\/"]},{"@type":"Person","@id":"https:\/\/blogin.al\/#\/schema\/person\/abdd56bc912cd511db877b852b115399","name":"Blogin al","image":{"@type":"ImageObject","inLanguage":"en-US","@id":"https:\/\/secure.gravatar.com\/avatar\/60d5661aee6e835fb13dc75d2204cd0c1d61bef2efd137c0083e59ef831e235e?s=96&d=mm&r=g","url":"https:\/\/secure.gravatar.com\/avatar\/60d5661aee6e835fb13dc75d2204cd0c1d61bef2efd137c0083e59ef831e235e?s=96&d=mm&r=g","contentUrl":"https:\/\/secure.gravatar.com\/avatar\/60d5661aee6e835fb13dc75d2204cd0c1d61bef2efd137c0083e59ef831e235e?s=96&d=mm&r=g","caption":"Blogin al"},"sameAs":["https:\/\/blogin.al"],"url":"https:\/\/blogin.al\/?author=2"}]}},"_links":{"self":[{"href":"https:\/\/blogin.al\/index.php?rest_route=\/wp\/v2\/posts\/12549","targetHints":{"allow":["GET"]}}],"collection":[{"href":"https:\/\/blogin.al\/index.php?rest_route=\/wp\/v2\/posts"}],"about":[{"href":"https:\/\/blogin.al\/index.php?rest_route=\/wp\/v2\/types\/post"}],"author":[{"embeddable":true,"href":"https:\/\/blogin.al\/index.php?rest_route=\/wp\/v2\/users\/2"}],"replies":[{"embeddable":true,"href":"https:\/\/blogin.al\/index.php?rest_route=%2Fwp%2Fv2%2Fcomments&post=12549"}],"version-history":[{"count":1,"href":"https:\/\/blogin.al\/index.php?rest_route=\/wp\/v2\/posts\/12549\/revisions"}],"predecessor-version":[{"id":12552,"href":"https:\/\/blogin.al\/index.php?rest_route=\/wp\/v2\/posts\/12549\/revisions\/12552"}],"wp:featuredmedia":[{"embeddable":true,"href":"https:\/\/blogin.al\/index.php?rest_route=\/wp\/v2\/media\/12551"}],"wp:attachment":[{"href":"https:\/\/blogin.al\/index.php?rest_route=%2Fwp%2Fv2%2Fmedia&parent=12549"}],"wp:term":[{"taxonomy":"category","embeddable":true,"href":"https:\/\/blogin.al\/index.php?rest_route=%2Fwp%2Fv2%2Fcategories&post=12549"},{"taxonomy":"post_tag","embeddable":true,"href":"https:\/\/blogin.al\/index.php?rest_route=%2Fwp%2Fv2%2Ftags&post=12549"}],"curies":[{"name":"wp","href":"https:\/\/api.w.org\/{rel}","templated":true}]}}