{"id":12608,"date":"2022-08-17T13:58:11","date_gmt":"2022-08-17T13:58:11","guid":{"rendered":"https:\/\/blogin.al\/?p=12608"},"modified":"2022-08-17T14:11:23","modified_gmt":"2022-08-17T14:11:23","slug":"nuk-do-ta-besoni-se-sa-eshte-rroga-ditore-e-chiara-ferragni","status":"publish","type":"post","link":"https:\/\/blogin.al\/?p=12608","title":{"rendered":"Nuk do ta besoni se sa \u00ebsht\u00eb rroga ditore e Chiara Ferragni"},"content":{"rendered":"\n<p><strong>N\u00ebse flasim p\u00ebr mod\u00eb, Chiara Ferragni \u00ebsht\u00eb emri i par\u00eb q\u00eb na vjen nd\u00ebrmend.<\/strong><\/p>\n\n\n\n<p>Jan\u00eb t\u00eb shumt\u00eb profesionet q\u00eb mundt\u2019i bashkangjisim emrit t\u00eb bukuroshes italiane, si modele, stiliste, blogere dhe bizneswoman.<\/p>\n\n\n\n<p>N\u00eb shtator 2017, Ferragni u rendit e para n\u00eb list\u00ebn e Forbes si \u201cTop Fashion Influencers\u201d.Gruaja dhe influencuesja m\u00eb e famshme n\u00eb Itali ishte b\u00ebr\u00eb mark\u00eb edhe para martes\u00ebs me k\u00ebng\u00ebtarin e famsh\u00ebm italian Fedez.<\/p>\n\n\n\n<p>Por tashm\u00eb dyshja kan\u00eb bashkuar forcat duke krijuar nj\u00eb mark\u00eb t\u00eb tyren \u201cFerragnez\u201d.<\/p>\n\n\n\n<figure class=\"wp-block-image size-large is-style-default\"><img fetchpriority=\"high\" decoding=\"async\" width=\"1024\" height=\"858\" src=\"https:\/\/blogin.al\/wp-content\/uploads\/2022\/08\/chiara-the-ferragnez-1024x858.webp\" alt=\"\" class=\"wp-image-12611\" srcset=\"https:\/\/blogin.al\/wp-content\/uploads\/2022\/08\/chiara-the-ferragnez-1024x858.webp 1024w, https:\/\/blogin.al\/wp-content\/uploads\/2022\/08\/chiara-the-ferragnez-300x251.webp 300w, https:\/\/blogin.al\/wp-content\/uploads\/2022\/08\/chiara-the-ferragnez-768x644.webp 768w, https:\/\/blogin.al\/wp-content\/uploads\/2022\/08\/chiara-the-ferragnez-1536x1287.webp 1536w, https:\/\/blogin.al\/wp-content\/uploads\/2022\/08\/chiara-the-ferragnez-2048x1716.webp 2048w, https:\/\/blogin.al\/wp-content\/uploads\/2022\/08\/chiara-the-ferragnez-150x126.webp 150w, https:\/\/blogin.al\/wp-content\/uploads\/2022\/08\/chiara-the-ferragnez-696x583.webp 696w, https:\/\/blogin.al\/wp-content\/uploads\/2022\/08\/chiara-the-ferragnez-1068x895.webp 1068w, https:\/\/blogin.al\/wp-content\/uploads\/2022\/08\/chiara-the-ferragnez-1920x1609.webp 1920w\" sizes=\"(max-width: 1024px) 100vw, 1024px\" \/><\/figure>\n\n\n\n<p>Me nj\u00eb biznes fitimprur\u00ebs, nj\u00eb em\u00ebr i kthyer tashm\u00eb n\u00eb \u201cbrand\u201d, dhe figura e markave m\u00eb t\u00eb njohura italiane, rroga e Chiara Ferragnit nuk duhet t\u2019ju habis\u00eb.<\/p>\n\n\n\n<p>N\u00eb lista t\u00eb hapura t\u00eb llogaritjeve t\u00eb t\u00eb ardhurave q\u00eb kan\u00eb disa nga personazhet VIP, fitimet vjetore t\u00eb blogeres italiane arrijn\u00eb shum\u00ebn 19.2 milion\u00eb euro, fitimet mujore arrijn\u00eb shum\u00ebn 1.5 milion\u00eb euro, fitimet javore arrijn\u00eb shum\u00ebn 370 mij\u00eb euro dhe fitimet ditore arrijn\u00eb shum\u00eb 73 mij\u00eb euro.<\/p>\n\n\n\n<p>Nga ana personale kujtojm\u00eb q\u00eb Chiara dhe Fedez u b\u00ebn\u00eb prind\u00ebr p\u00ebr her\u00eb t\u00eb par\u00eb n\u00eb mars t\u00eb 2018 duke mir\u00ebpritur n\u00eb jet\u00eb djalin e tyre: Leone, m\u00eb pas u martuan n\u00eb nj\u00eb dasm\u00eb disaditore m\u00eb 1 shtator t\u00eb po atij viti dhe u b\u00ebn\u00eb s\u00ebrish prind\u00eb t\u00eb nj\u00eb vjaze, Vittoria, n\u00eb 2021.<\/p>\n\n\n\n<figure class=\"wp-block-image size-full is-style-default\"><img decoding=\"async\" width=\"463\" height=\"540\" src=\"https:\/\/blogin.al\/wp-content\/uploads\/2022\/08\/Chiara-Ferragni-2.jpg\" alt=\"\" class=\"wp-image-12610\" srcset=\"https:\/\/blogin.al\/wp-content\/uploads\/2022\/08\/Chiara-Ferragni-2.jpg 463w, https:\/\/blogin.al\/wp-content\/uploads\/2022\/08\/Chiara-Ferragni-2-257x300.jpg 257w, https:\/\/blogin.al\/wp-content\/uploads\/2022\/08\/Chiara-Ferragni-2-150x175.jpg 150w, https:\/\/blogin.al\/wp-content\/uploads\/2022\/08\/Chiara-Ferragni-2-300x350.jpg 300w\" sizes=\"(max-width: 463px) 100vw, 463px\" \/><\/figure>\n","protected":false},"excerpt":{"rendered":"<p>N\u00ebse flasim p\u00ebr mod\u00eb, Chiara Ferragni \u00ebsht\u00eb emri i par\u00eb q\u00eb na vjen nd\u00ebrmend. Jan\u00eb t\u00eb shumt\u00eb profesionet q\u00eb mundt\u2019i bashkangjisim emrit t\u00eb bukuroshes italiane, si modele, stiliste, blogere dhe bizneswoman. N\u00eb shtator 2017, Ferragni u rendit e para n\u00eb list\u00ebn e Forbes si \u201cTop Fashion Influencers\u201d.Gruaja dhe influencuesja m\u00eb e famshme n\u00eb Itali ishte [&hellip;]<\/p>\n","protected":false},"author":2,"featured_media":12609,"comment_status":"open","ping_status":"open","sticky":false,"template":"","format":"standard","meta":{"footnotes":""},"categories":[33],"tags":[],"class_list":{"0":"post-12608","1":"post","2":"type-post","3":"status-publish","4":"format-standard","5":"has-post-thumbnail","7":"category-showbiz"},"yoast_head":"<!-- This site is optimized with the Yoast SEO plugin v27.4 - https:\/\/yoast.com\/product\/yoast-seo-wordpress\/ -->\n<title>Nuk do ta besoni se sa \u00ebsht\u00eb rroga ditore e Chiara Ferragni - blogin.al<\/title>\n<meta name=\"robots\" content=\"index, follow, max-snippet:-1, max-image-preview:large, max-video-preview:-1\" \/>\n<link rel=\"canonical\" href=\"https:\/\/blogin.al\/?p=12608\" \/>\n<meta property=\"og:locale\" content=\"en_US\" \/>\n<meta property=\"og:type\" content=\"article\" \/>\n<meta property=\"og:title\" content=\"Nuk do ta besoni se sa \u00ebsht\u00eb rroga ditore e Chiara Ferragni - blogin.al\" \/>\n<meta property=\"og:description\" content=\"N\u00ebse flasim p\u00ebr mod\u00eb, Chiara Ferragni \u00ebsht\u00eb emri i par\u00eb q\u00eb na vjen nd\u00ebrmend. Jan\u00eb t\u00eb shumt\u00eb profesionet q\u00eb mundt\u2019i bashkangjisim emrit t\u00eb bukuroshes italiane, si modele, stiliste, blogere dhe bizneswoman. N\u00eb shtator 2017, Ferragni u rendit e para n\u00eb list\u00ebn e Forbes si \u201cTop Fashion Influencers\u201d.Gruaja dhe influencuesja m\u00eb e famshme n\u00eb Itali ishte [&hellip;]\" \/>\n<meta property=\"og:url\" content=\"https:\/\/blogin.al\/?p=12608\" \/>\n<meta property=\"og:site_name\" content=\"blogin.al\" \/>\n<meta property=\"article:published_time\" content=\"2022-08-17T13:58:11+00:00\" \/>\n<meta property=\"article:modified_time\" content=\"2022-08-17T14:11:23+00:00\" \/>\n<meta property=\"og:image\" content=\"https:\/\/blogin.al\/wp-content\/uploads\/2022\/08\/chiara-1.jpg\" \/>\n\t<meta property=\"og:image:width\" content=\"2560\" \/>\n\t<meta property=\"og:image:height\" content=\"1888\" \/>\n\t<meta property=\"og:image:type\" content=\"image\/jpeg\" \/>\n<meta name=\"author\" content=\"Blogin al\" \/>\n<meta name=\"twitter:card\" content=\"summary_large_image\" \/>\n<meta name=\"twitter:label1\" content=\"Written by\" \/>\n\t<meta name=\"twitter:data1\" content=\"Blogin al\" \/>\n\t<meta name=\"twitter:label2\" content=\"Est. reading time\" \/>\n\t<meta name=\"twitter:data2\" content=\"2 minutes\" \/>\n<script type=\"application\/ld+json\" class=\"yoast-schema-graph\">{\"@context\":\"https:\\\/\\\/schema.org\",\"@graph\":[{\"@type\":\"Article\",\"@id\":\"https:\\\/\\\/blogin.al\\\/?p=12608#article\",\"isPartOf\":{\"@id\":\"https:\\\/\\\/blogin.al\\\/?p=12608\"},\"author\":{\"name\":\"Blogin al\",\"@id\":\"https:\\\/\\\/blogin.al\\\/#\\\/schema\\\/person\\\/abdd56bc912cd511db877b852b115399\"},\"headline\":\"Nuk do ta besoni se sa \u00ebsht\u00eb rroga ditore e Chiara Ferragni\",\"datePublished\":\"2022-08-17T13:58:11+00:00\",\"dateModified\":\"2022-08-17T14:11:23+00:00\",\"mainEntityOfPage\":{\"@id\":\"https:\\\/\\\/blogin.al\\\/?p=12608\"},\"wordCount\":233,\"commentCount\":0,\"publisher\":{\"@id\":\"https:\\\/\\\/blogin.al\\\/#organization\"},\"image\":{\"@id\":\"https:\\\/\\\/blogin.al\\\/?p=12608#primaryimage\"},\"thumbnailUrl\":\"https:\\\/\\\/blogin.al\\\/wp-content\\\/uploads\\\/2022\\\/08\\\/chiara-1.jpg\",\"articleSection\":[\"SHOWBIZ\"],\"inLanguage\":\"en-US\",\"potentialAction\":[{\"@type\":\"CommentAction\",\"name\":\"Comment\",\"target\":[\"https:\\\/\\\/blogin.al\\\/?p=12608#respond\"]}]},{\"@type\":\"WebPage\",\"@id\":\"https:\\\/\\\/blogin.al\\\/?p=12608\",\"url\":\"https:\\\/\\\/blogin.al\\\/?p=12608\",\"name\":\"Nuk do ta besoni se sa \u00ebsht\u00eb rroga ditore e Chiara Ferragni - blogin.al\",\"isPartOf\":{\"@id\":\"https:\\\/\\\/blogin.al\\\/#website\"},\"primaryImageOfPage\":{\"@id\":\"https:\\\/\\\/blogin.al\\\/?p=12608#primaryimage\"},\"image\":{\"@id\":\"https:\\\/\\\/blogin.al\\\/?p=12608#primaryimage\"},\"thumbnailUrl\":\"https:\\\/\\\/blogin.al\\\/wp-content\\\/uploads\\\/2022\\\/08\\\/chiara-1.jpg\",\"datePublished\":\"2022-08-17T13:58:11+00:00\",\"dateModified\":\"2022-08-17T14:11:23+00:00\",\"breadcrumb\":{\"@id\":\"https:\\\/\\\/blogin.al\\\/?p=12608#breadcrumb\"},\"inLanguage\":\"en-US\",\"potentialAction\":[{\"@type\":\"ReadAction\",\"target\":[\"https:\\\/\\\/blogin.al\\\/?p=12608\"]}]},{\"@type\":\"ImageObject\",\"inLanguage\":\"en-US\",\"@id\":\"https:\\\/\\\/blogin.al\\\/?p=12608#primaryimage\",\"url\":\"https:\\\/\\\/blogin.al\\\/wp-content\\\/uploads\\\/2022\\\/08\\\/chiara-1.jpg\",\"contentUrl\":\"https:\\\/\\\/blogin.al\\\/wp-content\\\/uploads\\\/2022\\\/08\\\/chiara-1.jpg\",\"width\":2560,\"height\":1888},{\"@type\":\"BreadcrumbList\",\"@id\":\"https:\\\/\\\/blogin.al\\\/?p=12608#breadcrumb\",\"itemListElement\":[{\"@type\":\"ListItem\",\"position\":1,\"name\":\"Home\",\"item\":\"https:\\\/\\\/blogin.al\\\/\"},{\"@type\":\"ListItem\",\"position\":2,\"name\":\"Nuk do ta besoni se sa \u00ebsht\u00eb rroga ditore e Chiara Ferragni\"}]},{\"@type\":\"WebSite\",\"@id\":\"https:\\\/\\\/blogin.al\\\/#website\",\"url\":\"https:\\\/\\\/blogin.al\\\/\",\"name\":\"blogin.al\",\"description\":\"\",\"publisher\":{\"@id\":\"https:\\\/\\\/blogin.al\\\/#organization\"},\"potentialAction\":[{\"@type\":\"SearchAction\",\"target\":{\"@type\":\"EntryPoint\",\"urlTemplate\":\"https:\\\/\\\/blogin.al\\\/?s={search_term_string}\"},\"query-input\":{\"@type\":\"PropertyValueSpecification\",\"valueRequired\":true,\"valueName\":\"search_term_string\"}}],\"inLanguage\":\"en-US\"},{\"@type\":\"Organization\",\"@id\":\"https:\\\/\\\/blogin.al\\\/#organization\",\"name\":\"BLOGIN.al\",\"url\":\"https:\\\/\\\/blogin.al\\\/\",\"logo\":{\"@type\":\"ImageObject\",\"inLanguage\":\"en-US\",\"@id\":\"https:\\\/\\\/blogin.al\\\/#\\\/schema\\\/logo\\\/image\\\/\",\"url\":\"https:\\\/\\\/blogin.al\\\/wp-content\\\/uploads\\\/2022\\\/05\\\/Untitled-2-01-e1652084456514.png\",\"contentUrl\":\"https:\\\/\\\/blogin.al\\\/wp-content\\\/uploads\\\/2022\\\/05\\\/Untitled-2-01-e1652084456514.png\",\"width\":3723,\"height\":1698,\"caption\":\"BLOGIN.al\"},\"image\":{\"@id\":\"https:\\\/\\\/blogin.al\\\/#\\\/schema\\\/logo\\\/image\\\/\"},\"sameAs\":[\"https:\\\/\\\/instagram.com\\\/blogin.al\\\/\"]},{\"@type\":\"Person\",\"@id\":\"https:\\\/\\\/blogin.al\\\/#\\\/schema\\\/person\\\/abdd56bc912cd511db877b852b115399\",\"name\":\"Blogin al\",\"image\":{\"@type\":\"ImageObject\",\"inLanguage\":\"en-US\",\"@id\":\"https:\\\/\\\/secure.gravatar.com\\\/avatar\\\/60d5661aee6e835fb13dc75d2204cd0c1d61bef2efd137c0083e59ef831e235e?s=96&d=mm&r=g\",\"url\":\"https:\\\/\\\/secure.gravatar.com\\\/avatar\\\/60d5661aee6e835fb13dc75d2204cd0c1d61bef2efd137c0083e59ef831e235e?s=96&d=mm&r=g\",\"contentUrl\":\"https:\\\/\\\/secure.gravatar.com\\\/avatar\\\/60d5661aee6e835fb13dc75d2204cd0c1d61bef2efd137c0083e59ef831e235e?s=96&d=mm&r=g\",\"caption\":\"Blogin al\"},\"sameAs\":[\"https:\\\/\\\/blogin.al\"],\"url\":\"https:\\\/\\\/blogin.al\\\/?author=2\"}]}<\/script>\n<!-- \/ Yoast SEO plugin. -->","yoast_head_json":{"title":"Nuk do ta besoni se sa \u00ebsht\u00eb rroga ditore e Chiara Ferragni - blogin.al","robots":{"index":"index","follow":"follow","max-snippet":"max-snippet:-1","max-image-preview":"max-image-preview:large","max-video-preview":"max-video-preview:-1"},"canonical":"https:\/\/blogin.al\/?p=12608","og_locale":"en_US","og_type":"article","og_title":"Nuk do ta besoni se sa \u00ebsht\u00eb rroga ditore e Chiara Ferragni - blogin.al","og_description":"N\u00ebse flasim p\u00ebr mod\u00eb, Chiara Ferragni \u00ebsht\u00eb emri i par\u00eb q\u00eb na vjen nd\u00ebrmend. Jan\u00eb t\u00eb shumt\u00eb profesionet q\u00eb mundt\u2019i bashkangjisim emrit t\u00eb bukuroshes italiane, si modele, stiliste, blogere dhe bizneswoman. N\u00eb shtator 2017, Ferragni u rendit e para n\u00eb list\u00ebn e Forbes si \u201cTop Fashion Influencers\u201d.Gruaja dhe influencuesja m\u00eb e famshme n\u00eb Itali ishte [&hellip;]","og_url":"https:\/\/blogin.al\/?p=12608","og_site_name":"blogin.al","article_published_time":"2022-08-17T13:58:11+00:00","article_modified_time":"2022-08-17T14:11:23+00:00","og_image":[{"width":2560,"height":1888,"url":"https:\/\/blogin.al\/wp-content\/uploads\/2022\/08\/chiara-1.jpg","type":"image\/jpeg"}],"author":"Blogin al","twitter_card":"summary_large_image","twitter_misc":{"Written by":"Blogin al","Est. reading time":"2 minutes"},"schema":{"@context":"https:\/\/schema.org","@graph":[{"@type":"Article","@id":"https:\/\/blogin.al\/?p=12608#article","isPartOf":{"@id":"https:\/\/blogin.al\/?p=12608"},"author":{"name":"Blogin al","@id":"https:\/\/blogin.al\/#\/schema\/person\/abdd56bc912cd511db877b852b115399"},"headline":"Nuk do ta besoni se sa \u00ebsht\u00eb rroga ditore e Chiara Ferragni","datePublished":"2022-08-17T13:58:11+00:00","dateModified":"2022-08-17T14:11:23+00:00","mainEntityOfPage":{"@id":"https:\/\/blogin.al\/?p=12608"},"wordCount":233,"commentCount":0,"publisher":{"@id":"https:\/\/blogin.al\/#organization"},"image":{"@id":"https:\/\/blogin.al\/?p=12608#primaryimage"},"thumbnailUrl":"https:\/\/blogin.al\/wp-content\/uploads\/2022\/08\/chiara-1.jpg","articleSection":["SHOWBIZ"],"inLanguage":"en-US","potentialAction":[{"@type":"CommentAction","name":"Comment","target":["https:\/\/blogin.al\/?p=12608#respond"]}]},{"@type":"WebPage","@id":"https:\/\/blogin.al\/?p=12608","url":"https:\/\/blogin.al\/?p=12608","name":"Nuk do ta besoni se sa \u00ebsht\u00eb rroga ditore e Chiara Ferragni - blogin.al","isPartOf":{"@id":"https:\/\/blogin.al\/#website"},"primaryImageOfPage":{"@id":"https:\/\/blogin.al\/?p=12608#primaryimage"},"image":{"@id":"https:\/\/blogin.al\/?p=12608#primaryimage"},"thumbnailUrl":"https:\/\/blogin.al\/wp-content\/uploads\/2022\/08\/chiara-1.jpg","datePublished":"2022-08-17T13:58:11+00:00","dateModified":"2022-08-17T14:11:23+00:00","breadcrumb":{"@id":"https:\/\/blogin.al\/?p=12608#breadcrumb"},"inLanguage":"en-US","potentialAction":[{"@type":"ReadAction","target":["https:\/\/blogin.al\/?p=12608"]}]},{"@type":"ImageObject","inLanguage":"en-US","@id":"https:\/\/blogin.al\/?p=12608#primaryimage","url":"https:\/\/blogin.al\/wp-content\/uploads\/2022\/08\/chiara-1.jpg","contentUrl":"https:\/\/blogin.al\/wp-content\/uploads\/2022\/08\/chiara-1.jpg","width":2560,"height":1888},{"@type":"BreadcrumbList","@id":"https:\/\/blogin.al\/?p=12608#breadcrumb","itemListElement":[{"@type":"ListItem","position":1,"name":"Home","item":"https:\/\/blogin.al\/"},{"@type":"ListItem","position":2,"name":"Nuk do ta besoni se sa \u00ebsht\u00eb rroga ditore e Chiara Ferragni"}]},{"@type":"WebSite","@id":"https:\/\/blogin.al\/#website","url":"https:\/\/blogin.al\/","name":"blogin.al","description":"","publisher":{"@id":"https:\/\/blogin.al\/#organization"},"potentialAction":[{"@type":"SearchAction","target":{"@type":"EntryPoint","urlTemplate":"https:\/\/blogin.al\/?s={search_term_string}"},"query-input":{"@type":"PropertyValueSpecification","valueRequired":true,"valueName":"search_term_string"}}],"inLanguage":"en-US"},{"@type":"Organization","@id":"https:\/\/blogin.al\/#organization","name":"BLOGIN.al","url":"https:\/\/blogin.al\/","logo":{"@type":"ImageObject","inLanguage":"en-US","@id":"https:\/\/blogin.al\/#\/schema\/logo\/image\/","url":"https:\/\/blogin.al\/wp-content\/uploads\/2022\/05\/Untitled-2-01-e1652084456514.png","contentUrl":"https:\/\/blogin.al\/wp-content\/uploads\/2022\/05\/Untitled-2-01-e1652084456514.png","width":3723,"height":1698,"caption":"BLOGIN.al"},"image":{"@id":"https:\/\/blogin.al\/#\/schema\/logo\/image\/"},"sameAs":["https:\/\/instagram.com\/blogin.al\/"]},{"@type":"Person","@id":"https:\/\/blogin.al\/#\/schema\/person\/abdd56bc912cd511db877b852b115399","name":"Blogin al","image":{"@type":"ImageObject","inLanguage":"en-US","@id":"https:\/\/secure.gravatar.com\/avatar\/60d5661aee6e835fb13dc75d2204cd0c1d61bef2efd137c0083e59ef831e235e?s=96&d=mm&r=g","url":"https:\/\/secure.gravatar.com\/avatar\/60d5661aee6e835fb13dc75d2204cd0c1d61bef2efd137c0083e59ef831e235e?s=96&d=mm&r=g","contentUrl":"https:\/\/secure.gravatar.com\/avatar\/60d5661aee6e835fb13dc75d2204cd0c1d61bef2efd137c0083e59ef831e235e?s=96&d=mm&r=g","caption":"Blogin al"},"sameAs":["https:\/\/blogin.al"],"url":"https:\/\/blogin.al\/?author=2"}]}},"_links":{"self":[{"href":"https:\/\/blogin.al\/index.php?rest_route=\/wp\/v2\/posts\/12608","targetHints":{"allow":["GET"]}}],"collection":[{"href":"https:\/\/blogin.al\/index.php?rest_route=\/wp\/v2\/posts"}],"about":[{"href":"https:\/\/blogin.al\/index.php?rest_route=\/wp\/v2\/types\/post"}],"author":[{"embeddable":true,"href":"https:\/\/blogin.al\/index.php?rest_route=\/wp\/v2\/users\/2"}],"replies":[{"embeddable":true,"href":"https:\/\/blogin.al\/index.php?rest_route=%2Fwp%2Fv2%2Fcomments&post=12608"}],"version-history":[{"count":2,"href":"https:\/\/blogin.al\/index.php?rest_route=\/wp\/v2\/posts\/12608\/revisions"}],"predecessor-version":[{"id":12613,"href":"https:\/\/blogin.al\/index.php?rest_route=\/wp\/v2\/posts\/12608\/revisions\/12613"}],"wp:featuredmedia":[{"embeddable":true,"href":"https:\/\/blogin.al\/index.php?rest_route=\/wp\/v2\/media\/12609"}],"wp:attachment":[{"href":"https:\/\/blogin.al\/index.php?rest_route=%2Fwp%2Fv2%2Fmedia&parent=12608"}],"wp:term":[{"taxonomy":"category","embeddable":true,"href":"https:\/\/blogin.al\/index.php?rest_route=%2Fwp%2Fv2%2Fcategories&post=12608"},{"taxonomy":"post_tag","embeddable":true,"href":"https:\/\/blogin.al\/index.php?rest_route=%2Fwp%2Fv2%2Ftags&post=12608"}],"curies":[{"name":"wp","href":"https:\/\/api.w.org\/{rel}","templated":true}]}}