{"id":12663,"date":"2022-08-18T12:16:26","date_gmt":"2022-08-18T12:16:26","guid":{"rendered":"https:\/\/blogin.al\/?p=12663"},"modified":"2022-08-18T12:16:28","modified_gmt":"2022-08-18T12:16:28","slug":"bora-zemani-arratiset-jashte-vendit-mikesha-e-saj-habit-me-komentin","status":"publish","type":"post","link":"https:\/\/blogin.al\/?p=12663","title":{"rendered":"Bora Zemani \u201carratiset\u201d jasht\u00eb vendit, mikesha e saj habit me komentin"},"content":{"rendered":"\n<p><strong>Moderatorja Bora Zemani di si t\u00eb marr\u00eb v\u00ebmendje me postimet e saj n\u00eb rrjetet sociale.<\/strong><\/p>\n\n\n\n<figure class=\"wp-block-image\"><img decoding=\"async\" src=\"http:\/\/www.panorama.com.al\/panoramaplus\/wp-content\/uploads\/2022\/07\/bora.png\" alt=\"\" class=\"wp-image-207865\"\/><\/figure>\n\n\n\n<p>S\u00eb fundmi ajo ka publikuar nj\u00eb video teksa ndodhet n\u00eb aeroport, nd\u00ebrsa n\u00eb sfond d\u00ebgjohet nj\u00eb z\u00eb q\u00eb thot\u00eb: <strong>\u201cKam 99 probleme por po i injoroj t\u00eb gjitha dhe po hip n\u00eb avion\u201d<\/strong><\/p>\n\n\n\n<p>Por v\u00ebmendje ka marr\u00eb edhe seksioni i komenteve, ku p\u00ebrve\u00e7 komplimenteve nga fansat, vihet re nj\u00eb koment i mikesh\u00ebs s\u00eb moderatores.<\/p>\n\n\n\n<p><strong>\u201cVjen era tradhti\u201d-<\/strong>&nbsp;thuhet n\u00eb komentin e b\u00ebr\u00eb n\u00eb postimin e Bor\u00ebs, t\u00eb cilit kjo e fundit i \u00ebsht\u00eb p\u00ebrgjigjur duke shkruar:&nbsp;<strong>\u201cTradhtove ti q\u00eb nuk na u bashkove! Mos v\u00ebr faje kot<\/strong>.\u201d<\/p>\n\n\n\n<figure class=\"wp-block-image\"><img decoding=\"async\" src=\"http:\/\/www.panorama.com.al\/panoramaplus\/wp-content\/uploads\/2022\/08\/komenti.jpg\" alt=\"\" class=\"wp-image-217959\"\/><\/figure>\n\n\n\n<p>Nga komentet duket se Bora \u00ebsht\u00eb nisur n\u00eb nj\u00eb udh\u00ebtim me mikeshat e saj, nd\u00ebrsa komentuesja shfaq hapur \u2018xhelozin\u00eb\u2019.<\/p>\n\n\n\n<p>Bora Zemani ka qen\u00eb n\u00eb qend\u00ebr t\u00eb mediave roz\u00eb p\u00ebr shkak t\u00eb historis\u00eb dashuri-ndarje-tradhti-ribashkim, me aktorin Donald Veshaj.<\/p>\n\n\n\n<p>Pas p\u00ebrfundimit t\u00eb BBV dyshja jan\u00eb fotografuar m\u00eb shum\u00eb se nj\u00eb her\u00eb krah nj\u00ebri-tjetrit, megjithat\u00eb ata nuk kan\u00eb b\u00ebr\u00eb ende asnj\u00eb deklarat\u00eb publike p\u00ebr ribashkimin e tyre.<\/p>\n\n\n\n<p>Muaj m\u00eb par\u00eb Bora dhe Donaldin u fotografuan jasht\u00eb shtetit, konkretisht n\u00eb Itali, duke b\u00ebr\u00eb pazar.<\/p>\n\n\n\n<p>Me t\u00eb dal\u00eb nga \u2018Big Brother VIP\u2019, Donaldi i dha fund menj\u00ebher\u00eb lidhjes me Beatrix Ramosajn duke mos folur asnj\u00ebher\u00eb publikisht lidhur me at\u00eb q\u00eb ka ndodhur mes tyre. Ai i k\u00ebrkoi publikisht falje Bor\u00ebs teksa shkroi edhe nj\u00eb dedikim p\u00ebr t\u00eb duke shprehur ndjenjat e tij e duke k\u00ebrkuar rikthimin.<\/p>\n\n\n\n<figure class=\"wp-block-image\"><img decoding=\"async\" src=\"http:\/\/www.panorama.com.al\/panoramaplus\/wp-content\/uploads\/2022\/01\/DONALD-VESHAJ-BEATRIX-RAMOSAJ.jpg\" alt=\"\" class=\"wp-image-173564\"\/><\/figure>\n\n\n\n<p>Gjith\u00e7ka u duk se u konfirmua n\u00eb nj\u00eb event t\u00eb p\u00ebrbashk\u00ebt ku ata mor\u00ebn pjes\u00eb. Aty Bora dhe Donaldin q\u00ebndruan krah nj\u00ebri-tjetrit duke l\u00ebn\u00eb t\u00eb n\u00ebnkuptohet se kan\u00eb l\u00ebn\u00eb gjith\u00e7ka pas. M\u00eb pas ata u kap\u00ebn mat jasht\u00eb Shqip\u00ebris\u00eb bashk\u00eb.<\/p>\n\n\n\n<figure class=\"wp-block-image\"><img decoding=\"async\" src=\"http:\/\/www.panorama.com.al\/panoramaplus\/wp-content\/uploads\/2022\/05\/bora-donald-1-1-1.jpeg\" alt=\"\" class=\"wp-image-199243\"\/><\/figure>\n\n\n\n<p>Megjithat\u00eb asnj\u00ebri prej tyre nuk ka folur hapur publikisht p\u00ebr thashethemet se jan\u00eb ribashkuar.&nbsp;V\u00ebmendje mori gjithashtu veshja e Donaldit gjat\u00eb puntat\u00ebs s\u00eb&nbsp;fundit t\u00eb emisionit t\u00eb tij \u201cM\u00eb l\u00ebr t\u00eb flas.\u201d Si zakonisht aktori i humorit ishte veshur sportiv, me pantallona dhe nj\u00eb bluze t\u00eb zez\u00eb.<\/p>\n\n\n\n<p>\u00cbsht\u00eb pik\u00ebrisht ky detjai q\u00eb nuk iu shp\u00ebtoi fansave. Bluzja e veshur nga Donaldi n\u00eb puntat\u00ebn e mbr\u00ebmshme, \u00ebsht\u00eb par\u00eb edhe m\u00eb her\u00ebt e veshur pik\u00ebrisht nga moderatorja. Vet\u00eb ajo kishte publikuar n\u00eb Instastory nj\u00eb video teksa mbante veshur k\u00ebt\u00eb bluze.<\/p>\n\n\n\n<figure class=\"wp-block-image\"><img decoding=\"async\" src=\"http:\/\/www.panorama.com.al\/panoramaplus\/wp-content\/uploads\/2022\/07\/bora-d-1-1.jpg\" alt=\"\" class=\"wp-image-210233\"\/><\/figure>\n","protected":false},"excerpt":{"rendered":"<p>Moderatorja Bora Zemani di si t\u00eb marr\u00eb v\u00ebmendje me postimet e saj n\u00eb rrjetet sociale. S\u00eb fundmi ajo ka publikuar nj\u00eb video teksa ndodhet n\u00eb aeroport, nd\u00ebrsa n\u00eb sfond d\u00ebgjohet nj\u00eb z\u00eb q\u00eb thot\u00eb: \u201cKam 99 probleme por po i injoroj t\u00eb gjitha dhe po hip n\u00eb avion\u201d Por v\u00ebmendje ka marr\u00eb edhe seksioni i [&hellip;]<\/p>\n","protected":false},"author":2,"featured_media":5259,"comment_status":"open","ping_status":"open","sticky":false,"template":"","format":"standard","meta":{"footnotes":""},"categories":[33],"tags":[],"class_list":{"0":"post-12663","1":"post","2":"type-post","3":"status-publish","4":"format-standard","5":"has-post-thumbnail","7":"category-showbiz"},"yoast_head":"<!-- This site is optimized with the Yoast SEO plugin v27.4 - https:\/\/yoast.com\/product\/yoast-seo-wordpress\/ -->\n<title>Bora Zemani \u201carratiset\u201d jasht\u00eb vendit, mikesha e saj habit me komentin - blogin.al<\/title>\n<meta name=\"robots\" content=\"index, follow, max-snippet:-1, max-image-preview:large, max-video-preview:-1\" \/>\n<link rel=\"canonical\" href=\"https:\/\/blogin.al\/?p=12663\" \/>\n<meta property=\"og:locale\" content=\"en_US\" \/>\n<meta property=\"og:type\" content=\"article\" \/>\n<meta property=\"og:title\" content=\"Bora Zemani \u201carratiset\u201d jasht\u00eb vendit, mikesha e saj habit me komentin - blogin.al\" \/>\n<meta property=\"og:description\" content=\"Moderatorja Bora Zemani di si t\u00eb marr\u00eb v\u00ebmendje me postimet e saj n\u00eb rrjetet sociale. S\u00eb fundmi ajo ka publikuar nj\u00eb video teksa ndodhet n\u00eb aeroport, nd\u00ebrsa n\u00eb sfond d\u00ebgjohet nj\u00eb z\u00eb q\u00eb thot\u00eb: \u201cKam 99 probleme por po i injoroj t\u00eb gjitha dhe po hip n\u00eb avion\u201d Por v\u00ebmendje ka marr\u00eb edhe seksioni i [&hellip;]\" \/>\n<meta property=\"og:url\" content=\"https:\/\/blogin.al\/?p=12663\" \/>\n<meta property=\"og:site_name\" content=\"blogin.al\" \/>\n<meta property=\"article:published_time\" content=\"2022-08-18T12:16:26+00:00\" \/>\n<meta property=\"article:modified_time\" content=\"2022-08-18T12:16:28+00:00\" \/>\n<meta property=\"og:image\" content=\"https:\/\/blogin.al\/wp-content\/uploads\/2022\/05\/bora-zemani-.jpg\" \/>\n\t<meta property=\"og:image:width\" content=\"1080\" \/>\n\t<meta property=\"og:image:height\" content=\"1349\" \/>\n\t<meta property=\"og:image:type\" content=\"image\/jpeg\" \/>\n<meta name=\"author\" content=\"Blogin al\" \/>\n<meta name=\"twitter:card\" content=\"summary_large_image\" \/>\n<meta name=\"twitter:label1\" content=\"Written by\" \/>\n\t<meta name=\"twitter:data1\" content=\"Blogin al\" \/>\n\t<meta name=\"twitter:label2\" content=\"Est. reading time\" \/>\n\t<meta name=\"twitter:data2\" content=\"2 minutes\" \/>\n<script type=\"application\/ld+json\" class=\"yoast-schema-graph\">{\"@context\":\"https:\\\/\\\/schema.org\",\"@graph\":[{\"@type\":\"Article\",\"@id\":\"https:\\\/\\\/blogin.al\\\/?p=12663#article\",\"isPartOf\":{\"@id\":\"https:\\\/\\\/blogin.al\\\/?p=12663\"},\"author\":{\"name\":\"Blogin al\",\"@id\":\"https:\\\/\\\/blogin.al\\\/#\\\/schema\\\/person\\\/abdd56bc912cd511db877b852b115399\"},\"headline\":\"Bora Zemani \u201carratiset\u201d jasht\u00eb vendit, mikesha e saj habit me komentin\",\"datePublished\":\"2022-08-18T12:16:26+00:00\",\"dateModified\":\"2022-08-18T12:16:28+00:00\",\"mainEntityOfPage\":{\"@id\":\"https:\\\/\\\/blogin.al\\\/?p=12663\"},\"wordCount\":425,\"commentCount\":0,\"publisher\":{\"@id\":\"https:\\\/\\\/blogin.al\\\/#organization\"},\"image\":{\"@id\":\"https:\\\/\\\/blogin.al\\\/?p=12663#primaryimage\"},\"thumbnailUrl\":\"https:\\\/\\\/blogin.al\\\/wp-content\\\/uploads\\\/2022\\\/05\\\/bora-zemani-.jpg\",\"articleSection\":[\"SHOWBIZ\"],\"inLanguage\":\"en-US\",\"potentialAction\":[{\"@type\":\"CommentAction\",\"name\":\"Comment\",\"target\":[\"https:\\\/\\\/blogin.al\\\/?p=12663#respond\"]}]},{\"@type\":\"WebPage\",\"@id\":\"https:\\\/\\\/blogin.al\\\/?p=12663\",\"url\":\"https:\\\/\\\/blogin.al\\\/?p=12663\",\"name\":\"Bora Zemani \u201carratiset\u201d jasht\u00eb vendit, mikesha e saj habit me komentin - blogin.al\",\"isPartOf\":{\"@id\":\"https:\\\/\\\/blogin.al\\\/#website\"},\"primaryImageOfPage\":{\"@id\":\"https:\\\/\\\/blogin.al\\\/?p=12663#primaryimage\"},\"image\":{\"@id\":\"https:\\\/\\\/blogin.al\\\/?p=12663#primaryimage\"},\"thumbnailUrl\":\"https:\\\/\\\/blogin.al\\\/wp-content\\\/uploads\\\/2022\\\/05\\\/bora-zemani-.jpg\",\"datePublished\":\"2022-08-18T12:16:26+00:00\",\"dateModified\":\"2022-08-18T12:16:28+00:00\",\"breadcrumb\":{\"@id\":\"https:\\\/\\\/blogin.al\\\/?p=12663#breadcrumb\"},\"inLanguage\":\"en-US\",\"potentialAction\":[{\"@type\":\"ReadAction\",\"target\":[\"https:\\\/\\\/blogin.al\\\/?p=12663\"]}]},{\"@type\":\"ImageObject\",\"inLanguage\":\"en-US\",\"@id\":\"https:\\\/\\\/blogin.al\\\/?p=12663#primaryimage\",\"url\":\"https:\\\/\\\/blogin.al\\\/wp-content\\\/uploads\\\/2022\\\/05\\\/bora-zemani-.jpg\",\"contentUrl\":\"https:\\\/\\\/blogin.al\\\/wp-content\\\/uploads\\\/2022\\\/05\\\/bora-zemani-.jpg\",\"width\":1080,\"height\":1349},{\"@type\":\"BreadcrumbList\",\"@id\":\"https:\\\/\\\/blogin.al\\\/?p=12663#breadcrumb\",\"itemListElement\":[{\"@type\":\"ListItem\",\"position\":1,\"name\":\"Home\",\"item\":\"https:\\\/\\\/blogin.al\\\/\"},{\"@type\":\"ListItem\",\"position\":2,\"name\":\"Bora Zemani \u201carratiset\u201d jasht\u00eb vendit, mikesha e saj habit me komentin\"}]},{\"@type\":\"WebSite\",\"@id\":\"https:\\\/\\\/blogin.al\\\/#website\",\"url\":\"https:\\\/\\\/blogin.al\\\/\",\"name\":\"blogin.al\",\"description\":\"\",\"publisher\":{\"@id\":\"https:\\\/\\\/blogin.al\\\/#organization\"},\"potentialAction\":[{\"@type\":\"SearchAction\",\"target\":{\"@type\":\"EntryPoint\",\"urlTemplate\":\"https:\\\/\\\/blogin.al\\\/?s={search_term_string}\"},\"query-input\":{\"@type\":\"PropertyValueSpecification\",\"valueRequired\":true,\"valueName\":\"search_term_string\"}}],\"inLanguage\":\"en-US\"},{\"@type\":\"Organization\",\"@id\":\"https:\\\/\\\/blogin.al\\\/#organization\",\"name\":\"BLOGIN.al\",\"url\":\"https:\\\/\\\/blogin.al\\\/\",\"logo\":{\"@type\":\"ImageObject\",\"inLanguage\":\"en-US\",\"@id\":\"https:\\\/\\\/blogin.al\\\/#\\\/schema\\\/logo\\\/image\\\/\",\"url\":\"https:\\\/\\\/blogin.al\\\/wp-content\\\/uploads\\\/2022\\\/05\\\/Untitled-2-01-e1652084456514.png\",\"contentUrl\":\"https:\\\/\\\/blogin.al\\\/wp-content\\\/uploads\\\/2022\\\/05\\\/Untitled-2-01-e1652084456514.png\",\"width\":3723,\"height\":1698,\"caption\":\"BLOGIN.al\"},\"image\":{\"@id\":\"https:\\\/\\\/blogin.al\\\/#\\\/schema\\\/logo\\\/image\\\/\"},\"sameAs\":[\"https:\\\/\\\/instagram.com\\\/blogin.al\\\/\"]},{\"@type\":\"Person\",\"@id\":\"https:\\\/\\\/blogin.al\\\/#\\\/schema\\\/person\\\/abdd56bc912cd511db877b852b115399\",\"name\":\"Blogin al\",\"image\":{\"@type\":\"ImageObject\",\"inLanguage\":\"en-US\",\"@id\":\"https:\\\/\\\/secure.gravatar.com\\\/avatar\\\/60d5661aee6e835fb13dc75d2204cd0c1d61bef2efd137c0083e59ef831e235e?s=96&d=mm&r=g\",\"url\":\"https:\\\/\\\/secure.gravatar.com\\\/avatar\\\/60d5661aee6e835fb13dc75d2204cd0c1d61bef2efd137c0083e59ef831e235e?s=96&d=mm&r=g\",\"contentUrl\":\"https:\\\/\\\/secure.gravatar.com\\\/avatar\\\/60d5661aee6e835fb13dc75d2204cd0c1d61bef2efd137c0083e59ef831e235e?s=96&d=mm&r=g\",\"caption\":\"Blogin al\"},\"sameAs\":[\"https:\\\/\\\/blogin.al\"],\"url\":\"https:\\\/\\\/blogin.al\\\/?author=2\"}]}<\/script>\n<!-- \/ Yoast SEO plugin. -->","yoast_head_json":{"title":"Bora Zemani \u201carratiset\u201d jasht\u00eb vendit, mikesha e saj habit me komentin - blogin.al","robots":{"index":"index","follow":"follow","max-snippet":"max-snippet:-1","max-image-preview":"max-image-preview:large","max-video-preview":"max-video-preview:-1"},"canonical":"https:\/\/blogin.al\/?p=12663","og_locale":"en_US","og_type":"article","og_title":"Bora Zemani \u201carratiset\u201d jasht\u00eb vendit, mikesha e saj habit me komentin - blogin.al","og_description":"Moderatorja Bora Zemani di si t\u00eb marr\u00eb v\u00ebmendje me postimet e saj n\u00eb rrjetet sociale. S\u00eb fundmi ajo ka publikuar nj\u00eb video teksa ndodhet n\u00eb aeroport, nd\u00ebrsa n\u00eb sfond d\u00ebgjohet nj\u00eb z\u00eb q\u00eb thot\u00eb: \u201cKam 99 probleme por po i injoroj t\u00eb gjitha dhe po hip n\u00eb avion\u201d Por v\u00ebmendje ka marr\u00eb edhe seksioni i [&hellip;]","og_url":"https:\/\/blogin.al\/?p=12663","og_site_name":"blogin.al","article_published_time":"2022-08-18T12:16:26+00:00","article_modified_time":"2022-08-18T12:16:28+00:00","og_image":[{"width":1080,"height":1349,"url":"https:\/\/blogin.al\/wp-content\/uploads\/2022\/05\/bora-zemani-.jpg","type":"image\/jpeg"}],"author":"Blogin al","twitter_card":"summary_large_image","twitter_misc":{"Written by":"Blogin al","Est. reading time":"2 minutes"},"schema":{"@context":"https:\/\/schema.org","@graph":[{"@type":"Article","@id":"https:\/\/blogin.al\/?p=12663#article","isPartOf":{"@id":"https:\/\/blogin.al\/?p=12663"},"author":{"name":"Blogin al","@id":"https:\/\/blogin.al\/#\/schema\/person\/abdd56bc912cd511db877b852b115399"},"headline":"Bora Zemani \u201carratiset\u201d jasht\u00eb vendit, mikesha e saj habit me komentin","datePublished":"2022-08-18T12:16:26+00:00","dateModified":"2022-08-18T12:16:28+00:00","mainEntityOfPage":{"@id":"https:\/\/blogin.al\/?p=12663"},"wordCount":425,"commentCount":0,"publisher":{"@id":"https:\/\/blogin.al\/#organization"},"image":{"@id":"https:\/\/blogin.al\/?p=12663#primaryimage"},"thumbnailUrl":"https:\/\/blogin.al\/wp-content\/uploads\/2022\/05\/bora-zemani-.jpg","articleSection":["SHOWBIZ"],"inLanguage":"en-US","potentialAction":[{"@type":"CommentAction","name":"Comment","target":["https:\/\/blogin.al\/?p=12663#respond"]}]},{"@type":"WebPage","@id":"https:\/\/blogin.al\/?p=12663","url":"https:\/\/blogin.al\/?p=12663","name":"Bora Zemani \u201carratiset\u201d jasht\u00eb vendit, mikesha e saj habit me komentin - blogin.al","isPartOf":{"@id":"https:\/\/blogin.al\/#website"},"primaryImageOfPage":{"@id":"https:\/\/blogin.al\/?p=12663#primaryimage"},"image":{"@id":"https:\/\/blogin.al\/?p=12663#primaryimage"},"thumbnailUrl":"https:\/\/blogin.al\/wp-content\/uploads\/2022\/05\/bora-zemani-.jpg","datePublished":"2022-08-18T12:16:26+00:00","dateModified":"2022-08-18T12:16:28+00:00","breadcrumb":{"@id":"https:\/\/blogin.al\/?p=12663#breadcrumb"},"inLanguage":"en-US","potentialAction":[{"@type":"ReadAction","target":["https:\/\/blogin.al\/?p=12663"]}]},{"@type":"ImageObject","inLanguage":"en-US","@id":"https:\/\/blogin.al\/?p=12663#primaryimage","url":"https:\/\/blogin.al\/wp-content\/uploads\/2022\/05\/bora-zemani-.jpg","contentUrl":"https:\/\/blogin.al\/wp-content\/uploads\/2022\/05\/bora-zemani-.jpg","width":1080,"height":1349},{"@type":"BreadcrumbList","@id":"https:\/\/blogin.al\/?p=12663#breadcrumb","itemListElement":[{"@type":"ListItem","position":1,"name":"Home","item":"https:\/\/blogin.al\/"},{"@type":"ListItem","position":2,"name":"Bora Zemani \u201carratiset\u201d jasht\u00eb vendit, mikesha e saj habit me komentin"}]},{"@type":"WebSite","@id":"https:\/\/blogin.al\/#website","url":"https:\/\/blogin.al\/","name":"blogin.al","description":"","publisher":{"@id":"https:\/\/blogin.al\/#organization"},"potentialAction":[{"@type":"SearchAction","target":{"@type":"EntryPoint","urlTemplate":"https:\/\/blogin.al\/?s={search_term_string}"},"query-input":{"@type":"PropertyValueSpecification","valueRequired":true,"valueName":"search_term_string"}}],"inLanguage":"en-US"},{"@type":"Organization","@id":"https:\/\/blogin.al\/#organization","name":"BLOGIN.al","url":"https:\/\/blogin.al\/","logo":{"@type":"ImageObject","inLanguage":"en-US","@id":"https:\/\/blogin.al\/#\/schema\/logo\/image\/","url":"https:\/\/blogin.al\/wp-content\/uploads\/2022\/05\/Untitled-2-01-e1652084456514.png","contentUrl":"https:\/\/blogin.al\/wp-content\/uploads\/2022\/05\/Untitled-2-01-e1652084456514.png","width":3723,"height":1698,"caption":"BLOGIN.al"},"image":{"@id":"https:\/\/blogin.al\/#\/schema\/logo\/image\/"},"sameAs":["https:\/\/instagram.com\/blogin.al\/"]},{"@type":"Person","@id":"https:\/\/blogin.al\/#\/schema\/person\/abdd56bc912cd511db877b852b115399","name":"Blogin al","image":{"@type":"ImageObject","inLanguage":"en-US","@id":"https:\/\/secure.gravatar.com\/avatar\/60d5661aee6e835fb13dc75d2204cd0c1d61bef2efd137c0083e59ef831e235e?s=96&d=mm&r=g","url":"https:\/\/secure.gravatar.com\/avatar\/60d5661aee6e835fb13dc75d2204cd0c1d61bef2efd137c0083e59ef831e235e?s=96&d=mm&r=g","contentUrl":"https:\/\/secure.gravatar.com\/avatar\/60d5661aee6e835fb13dc75d2204cd0c1d61bef2efd137c0083e59ef831e235e?s=96&d=mm&r=g","caption":"Blogin al"},"sameAs":["https:\/\/blogin.al"],"url":"https:\/\/blogin.al\/?author=2"}]}},"_links":{"self":[{"href":"https:\/\/blogin.al\/index.php?rest_route=\/wp\/v2\/posts\/12663","targetHints":{"allow":["GET"]}}],"collection":[{"href":"https:\/\/blogin.al\/index.php?rest_route=\/wp\/v2\/posts"}],"about":[{"href":"https:\/\/blogin.al\/index.php?rest_route=\/wp\/v2\/types\/post"}],"author":[{"embeddable":true,"href":"https:\/\/blogin.al\/index.php?rest_route=\/wp\/v2\/users\/2"}],"replies":[{"embeddable":true,"href":"https:\/\/blogin.al\/index.php?rest_route=%2Fwp%2Fv2%2Fcomments&post=12663"}],"version-history":[{"count":1,"href":"https:\/\/blogin.al\/index.php?rest_route=\/wp\/v2\/posts\/12663\/revisions"}],"predecessor-version":[{"id":12664,"href":"https:\/\/blogin.al\/index.php?rest_route=\/wp\/v2\/posts\/12663\/revisions\/12664"}],"wp:featuredmedia":[{"embeddable":true,"href":"https:\/\/blogin.al\/index.php?rest_route=\/wp\/v2\/media\/5259"}],"wp:attachment":[{"href":"https:\/\/blogin.al\/index.php?rest_route=%2Fwp%2Fv2%2Fmedia&parent=12663"}],"wp:term":[{"taxonomy":"category","embeddable":true,"href":"https:\/\/blogin.al\/index.php?rest_route=%2Fwp%2Fv2%2Fcategories&post=12663"},{"taxonomy":"post_tag","embeddable":true,"href":"https:\/\/blogin.al\/index.php?rest_route=%2Fwp%2Fv2%2Ftags&post=12663"}],"curies":[{"name":"wp","href":"https:\/\/api.w.org\/{rel}","templated":true}]}}