{"id":12748,"date":"2022-08-19T10:02:48","date_gmt":"2022-08-19T10:02:48","guid":{"rendered":"https:\/\/blogin.al\/?p=12748"},"modified":"2022-08-19T10:03:12","modified_gmt":"2022-08-19T10:03:12","slug":"deshi-sdeshi-cifti-monika-lubonja-nuk-e-mbajti-sekretin-sapo-na-tregoi-gjinine-e-femijes-qe-pret-einxhel-dhe-dagz","status":"publish","type":"post","link":"https:\/\/blogin.al\/?p=12748","title":{"rendered":"Deshi s&#8217;deshi \u00e7ifti, Monika Lubonja nuk e mbajti sekretin, sapo na tregoi gjinin\u00eb e f\u00ebmij\u00ebs q\u00eb pret Einxhel dhe Dagz?"},"content":{"rendered":"\n<p>Monika Lubonja ka shprehur g\u00ebzimin p\u00ebr Einxhel Shkir\u00ebn dhe Dj Dagz, t\u00eb cil\u00ebt do t\u00eb b\u00ebhen prind\u00ebr p\u00ebr her\u00eb t\u00eb par\u00eb. Dyshja pranuan publikisht se s\u00eb shpejti do t\u00eb mir\u00ebpresin nj\u00eb engj\u00ebll n\u00eb jet\u00ebn e tyre, lidhja e t\u00eb cil\u00ebve nisi brenda sht\u00ebpis\u00eb s\u00eb \u201cBig Brother VIP\u201d.<\/p>\n\n\n\n<p>Monika ka ndar\u00eb video brenda sht\u00ebpis\u00eb kur i thoshte Einxhelit se me Dagzin do t\u2019i dal\u00eb nj\u00eb f\u00ebmij\u00eb shum\u00eb i bukur. \u201cEh e para q\u00eb ta thash\u00eb p\u00ebr bebin, s\u2019kishte nevoj\u00eb p\u00ebr mbushje mendje. I kisha shum\u00eb t\u00eb qarta gj\u00ebrat p\u00ebr ty. Kaq kisha tani p\u00ebr tani.<\/p>\n\n\n\n<p>M\u00eb von\u00eb do t\u00eb vi t\u00eb t\u00eb marr nuse nga ana e Dagz. Do jem krushke nga Prishtina\u201d, ka shkruar Monika. N\u00eb nj\u00eb postim t\u00eb dyt\u00eb, aktorja ka folur p\u00ebr gjinin\u00eb e bebes. \u201cDhe jam e bindur q\u00eb po vjen princesha juaj por edhe e jona\u201d ka shkruar ajo duke aluduar p\u00ebr nj\u00eb vajz\u00eb.<\/p>\n\n\n\n<figure class=\"wp-block-image size-large is-style-default\"><img fetchpriority=\"high\" decoding=\"async\" width=\"576\" height=\"1024\" src=\"https:\/\/blogin.al\/wp-content\/uploads\/2022\/08\/MONIKA-3-576x1024.jpg\" alt=\"\" class=\"wp-image-12749\" srcset=\"https:\/\/blogin.al\/wp-content\/uploads\/2022\/08\/MONIKA-3-576x1024.jpg 576w, https:\/\/blogin.al\/wp-content\/uploads\/2022\/08\/MONIKA-3-169x300.jpg 169w, https:\/\/blogin.al\/wp-content\/uploads\/2022\/08\/MONIKA-3-150x267.jpg 150w, https:\/\/blogin.al\/wp-content\/uploads\/2022\/08\/MONIKA-3-300x533.jpg 300w, https:\/\/blogin.al\/wp-content\/uploads\/2022\/08\/MONIKA-3.jpg 640w\" sizes=\"(max-width: 576px) 100vw, 576px\" \/><\/figure>\n","protected":false},"excerpt":{"rendered":"<p>Monika Lubonja ka shprehur g\u00ebzimin p\u00ebr Einxhel Shkir\u00ebn dhe Dj Dagz, t\u00eb cil\u00ebt do t\u00eb b\u00ebhen prind\u00ebr p\u00ebr her\u00eb t\u00eb par\u00eb. Dyshja pranuan publikisht se s\u00eb shpejti do t\u00eb mir\u00ebpresin nj\u00eb engj\u00ebll n\u00eb jet\u00ebn e tyre, lidhja e t\u00eb cil\u00ebve nisi brenda sht\u00ebpis\u00eb s\u00eb \u201cBig Brother VIP\u201d. Monika ka ndar\u00eb video brenda sht\u00ebpis\u00eb kur i [&hellip;]<\/p>\n","protected":false},"author":2,"featured_media":12751,"comment_status":"open","ping_status":"open","sticky":false,"template":"","format":"standard","meta":{"footnotes":""},"categories":[33],"tags":[],"class_list":{"0":"post-12748","1":"post","2":"type-post","3":"status-publish","4":"format-standard","5":"has-post-thumbnail","7":"category-showbiz"},"yoast_head":"<!-- This site is optimized with the Yoast SEO plugin v27.4 - https:\/\/yoast.com\/product\/yoast-seo-wordpress\/ -->\n<title>Deshi s&#039;deshi \u00e7ifti, Monika Lubonja nuk e mbajti sekretin, sapo na tregoi gjinin\u00eb e f\u00ebmij\u00ebs q\u00eb pret Einxhel dhe Dagz? - blogin.al<\/title>\n<meta name=\"robots\" content=\"index, follow, max-snippet:-1, max-image-preview:large, max-video-preview:-1\" \/>\n<link rel=\"canonical\" href=\"https:\/\/blogin.al\/?p=12748\" \/>\n<meta property=\"og:locale\" content=\"en_US\" \/>\n<meta property=\"og:type\" content=\"article\" \/>\n<meta property=\"og:title\" content=\"Deshi s&#039;deshi \u00e7ifti, Monika Lubonja nuk e mbajti sekretin, sapo na tregoi gjinin\u00eb e f\u00ebmij\u00ebs q\u00eb pret Einxhel dhe Dagz? - blogin.al\" \/>\n<meta property=\"og:description\" content=\"Monika Lubonja ka shprehur g\u00ebzimin p\u00ebr Einxhel Shkir\u00ebn dhe Dj Dagz, t\u00eb cil\u00ebt do t\u00eb b\u00ebhen prind\u00ebr p\u00ebr her\u00eb t\u00eb par\u00eb. Dyshja pranuan publikisht se s\u00eb shpejti do t\u00eb mir\u00ebpresin nj\u00eb engj\u00ebll n\u00eb jet\u00ebn e tyre, lidhja e t\u00eb cil\u00ebve nisi brenda sht\u00ebpis\u00eb s\u00eb \u201cBig Brother VIP\u201d. Monika ka ndar\u00eb video brenda sht\u00ebpis\u00eb kur i [&hellip;]\" \/>\n<meta property=\"og:url\" content=\"https:\/\/blogin.al\/?p=12748\" \/>\n<meta property=\"og:site_name\" content=\"blogin.al\" \/>\n<meta property=\"article:published_time\" content=\"2022-08-19T10:02:48+00:00\" \/>\n<meta property=\"article:modified_time\" content=\"2022-08-19T10:03:12+00:00\" \/>\n<meta property=\"og:image\" content=\"https:\/\/blogin.al\/wp-content\/uploads\/2022\/08\/20220819_120124-scaled.jpg\" \/>\n\t<meta property=\"og:image:width\" content=\"2560\" \/>\n\t<meta property=\"og:image:height\" content=\"2560\" \/>\n\t<meta property=\"og:image:type\" content=\"image\/jpeg\" \/>\n<meta name=\"author\" content=\"Blogin al\" \/>\n<meta name=\"twitter:card\" content=\"summary_large_image\" \/>\n<meta name=\"twitter:label1\" content=\"Written by\" \/>\n\t<meta name=\"twitter:data1\" content=\"Blogin al\" \/>\n\t<meta name=\"twitter:label2\" content=\"Est. reading time\" \/>\n\t<meta name=\"twitter:data2\" content=\"1 minute\" \/>\n<script type=\"application\/ld+json\" class=\"yoast-schema-graph\">{\"@context\":\"https:\\\/\\\/schema.org\",\"@graph\":[{\"@type\":\"Article\",\"@id\":\"https:\\\/\\\/blogin.al\\\/?p=12748#article\",\"isPartOf\":{\"@id\":\"https:\\\/\\\/blogin.al\\\/?p=12748\"},\"author\":{\"name\":\"Blogin al\",\"@id\":\"https:\\\/\\\/blogin.al\\\/#\\\/schema\\\/person\\\/abdd56bc912cd511db877b852b115399\"},\"headline\":\"Deshi s&#8217;deshi \u00e7ifti, Monika Lubonja nuk e mbajti sekretin, sapo na tregoi gjinin\u00eb e f\u00ebmij\u00ebs q\u00eb pret Einxhel dhe Dagz?\",\"datePublished\":\"2022-08-19T10:02:48+00:00\",\"dateModified\":\"2022-08-19T10:03:12+00:00\",\"mainEntityOfPage\":{\"@id\":\"https:\\\/\\\/blogin.al\\\/?p=12748\"},\"wordCount\":194,\"commentCount\":0,\"publisher\":{\"@id\":\"https:\\\/\\\/blogin.al\\\/#organization\"},\"image\":{\"@id\":\"https:\\\/\\\/blogin.al\\\/?p=12748#primaryimage\"},\"thumbnailUrl\":\"https:\\\/\\\/blogin.al\\\/wp-content\\\/uploads\\\/2022\\\/08\\\/20220819_120124-scaled.jpg\",\"articleSection\":[\"SHOWBIZ\"],\"inLanguage\":\"en-US\",\"potentialAction\":[{\"@type\":\"CommentAction\",\"name\":\"Comment\",\"target\":[\"https:\\\/\\\/blogin.al\\\/?p=12748#respond\"]}]},{\"@type\":\"WebPage\",\"@id\":\"https:\\\/\\\/blogin.al\\\/?p=12748\",\"url\":\"https:\\\/\\\/blogin.al\\\/?p=12748\",\"name\":\"Deshi s'deshi \u00e7ifti, Monika Lubonja nuk e mbajti sekretin, sapo na tregoi gjinin\u00eb e f\u00ebmij\u00ebs q\u00eb pret Einxhel dhe Dagz? - blogin.al\",\"isPartOf\":{\"@id\":\"https:\\\/\\\/blogin.al\\\/#website\"},\"primaryImageOfPage\":{\"@id\":\"https:\\\/\\\/blogin.al\\\/?p=12748#primaryimage\"},\"image\":{\"@id\":\"https:\\\/\\\/blogin.al\\\/?p=12748#primaryimage\"},\"thumbnailUrl\":\"https:\\\/\\\/blogin.al\\\/wp-content\\\/uploads\\\/2022\\\/08\\\/20220819_120124-scaled.jpg\",\"datePublished\":\"2022-08-19T10:02:48+00:00\",\"dateModified\":\"2022-08-19T10:03:12+00:00\",\"breadcrumb\":{\"@id\":\"https:\\\/\\\/blogin.al\\\/?p=12748#breadcrumb\"},\"inLanguage\":\"en-US\",\"potentialAction\":[{\"@type\":\"ReadAction\",\"target\":[\"https:\\\/\\\/blogin.al\\\/?p=12748\"]}]},{\"@type\":\"ImageObject\",\"inLanguage\":\"en-US\",\"@id\":\"https:\\\/\\\/blogin.al\\\/?p=12748#primaryimage\",\"url\":\"https:\\\/\\\/blogin.al\\\/wp-content\\\/uploads\\\/2022\\\/08\\\/20220819_120124-scaled.jpg\",\"contentUrl\":\"https:\\\/\\\/blogin.al\\\/wp-content\\\/uploads\\\/2022\\\/08\\\/20220819_120124-scaled.jpg\",\"width\":2560,\"height\":2560},{\"@type\":\"BreadcrumbList\",\"@id\":\"https:\\\/\\\/blogin.al\\\/?p=12748#breadcrumb\",\"itemListElement\":[{\"@type\":\"ListItem\",\"position\":1,\"name\":\"Home\",\"item\":\"https:\\\/\\\/blogin.al\\\/\"},{\"@type\":\"ListItem\",\"position\":2,\"name\":\"Deshi s&#8217;deshi \u00e7ifti, Monika Lubonja nuk e mbajti sekretin, sapo na tregoi gjinin\u00eb e f\u00ebmij\u00ebs q\u00eb pret Einxhel dhe Dagz?\"}]},{\"@type\":\"WebSite\",\"@id\":\"https:\\\/\\\/blogin.al\\\/#website\",\"url\":\"https:\\\/\\\/blogin.al\\\/\",\"name\":\"blogin.al\",\"description\":\"\",\"publisher\":{\"@id\":\"https:\\\/\\\/blogin.al\\\/#organization\"},\"potentialAction\":[{\"@type\":\"SearchAction\",\"target\":{\"@type\":\"EntryPoint\",\"urlTemplate\":\"https:\\\/\\\/blogin.al\\\/?s={search_term_string}\"},\"query-input\":{\"@type\":\"PropertyValueSpecification\",\"valueRequired\":true,\"valueName\":\"search_term_string\"}}],\"inLanguage\":\"en-US\"},{\"@type\":\"Organization\",\"@id\":\"https:\\\/\\\/blogin.al\\\/#organization\",\"name\":\"BLOGIN.al\",\"url\":\"https:\\\/\\\/blogin.al\\\/\",\"logo\":{\"@type\":\"ImageObject\",\"inLanguage\":\"en-US\",\"@id\":\"https:\\\/\\\/blogin.al\\\/#\\\/schema\\\/logo\\\/image\\\/\",\"url\":\"https:\\\/\\\/blogin.al\\\/wp-content\\\/uploads\\\/2022\\\/05\\\/Untitled-2-01-e1652084456514.png\",\"contentUrl\":\"https:\\\/\\\/blogin.al\\\/wp-content\\\/uploads\\\/2022\\\/05\\\/Untitled-2-01-e1652084456514.png\",\"width\":3723,\"height\":1698,\"caption\":\"BLOGIN.al\"},\"image\":{\"@id\":\"https:\\\/\\\/blogin.al\\\/#\\\/schema\\\/logo\\\/image\\\/\"},\"sameAs\":[\"https:\\\/\\\/instagram.com\\\/blogin.al\\\/\"]},{\"@type\":\"Person\",\"@id\":\"https:\\\/\\\/blogin.al\\\/#\\\/schema\\\/person\\\/abdd56bc912cd511db877b852b115399\",\"name\":\"Blogin al\",\"image\":{\"@type\":\"ImageObject\",\"inLanguage\":\"en-US\",\"@id\":\"https:\\\/\\\/secure.gravatar.com\\\/avatar\\\/60d5661aee6e835fb13dc75d2204cd0c1d61bef2efd137c0083e59ef831e235e?s=96&d=mm&r=g\",\"url\":\"https:\\\/\\\/secure.gravatar.com\\\/avatar\\\/60d5661aee6e835fb13dc75d2204cd0c1d61bef2efd137c0083e59ef831e235e?s=96&d=mm&r=g\",\"contentUrl\":\"https:\\\/\\\/secure.gravatar.com\\\/avatar\\\/60d5661aee6e835fb13dc75d2204cd0c1d61bef2efd137c0083e59ef831e235e?s=96&d=mm&r=g\",\"caption\":\"Blogin al\"},\"sameAs\":[\"https:\\\/\\\/blogin.al\"],\"url\":\"https:\\\/\\\/blogin.al\\\/?author=2\"}]}<\/script>\n<!-- \/ Yoast SEO plugin. -->","yoast_head_json":{"title":"Deshi s'deshi \u00e7ifti, Monika Lubonja nuk e mbajti sekretin, sapo na tregoi gjinin\u00eb e f\u00ebmij\u00ebs q\u00eb pret Einxhel dhe Dagz? - blogin.al","robots":{"index":"index","follow":"follow","max-snippet":"max-snippet:-1","max-image-preview":"max-image-preview:large","max-video-preview":"max-video-preview:-1"},"canonical":"https:\/\/blogin.al\/?p=12748","og_locale":"en_US","og_type":"article","og_title":"Deshi s'deshi \u00e7ifti, Monika Lubonja nuk e mbajti sekretin, sapo na tregoi gjinin\u00eb e f\u00ebmij\u00ebs q\u00eb pret Einxhel dhe Dagz? - blogin.al","og_description":"Monika Lubonja ka shprehur g\u00ebzimin p\u00ebr Einxhel Shkir\u00ebn dhe Dj Dagz, t\u00eb cil\u00ebt do t\u00eb b\u00ebhen prind\u00ebr p\u00ebr her\u00eb t\u00eb par\u00eb. Dyshja pranuan publikisht se s\u00eb shpejti do t\u00eb mir\u00ebpresin nj\u00eb engj\u00ebll n\u00eb jet\u00ebn e tyre, lidhja e t\u00eb cil\u00ebve nisi brenda sht\u00ebpis\u00eb s\u00eb \u201cBig Brother VIP\u201d. Monika ka ndar\u00eb video brenda sht\u00ebpis\u00eb kur i [&hellip;]","og_url":"https:\/\/blogin.al\/?p=12748","og_site_name":"blogin.al","article_published_time":"2022-08-19T10:02:48+00:00","article_modified_time":"2022-08-19T10:03:12+00:00","og_image":[{"width":2560,"height":2560,"url":"https:\/\/blogin.al\/wp-content\/uploads\/2022\/08\/20220819_120124-scaled.jpg","type":"image\/jpeg"}],"author":"Blogin al","twitter_card":"summary_large_image","twitter_misc":{"Written by":"Blogin al","Est. reading time":"1 minute"},"schema":{"@context":"https:\/\/schema.org","@graph":[{"@type":"Article","@id":"https:\/\/blogin.al\/?p=12748#article","isPartOf":{"@id":"https:\/\/blogin.al\/?p=12748"},"author":{"name":"Blogin al","@id":"https:\/\/blogin.al\/#\/schema\/person\/abdd56bc912cd511db877b852b115399"},"headline":"Deshi s&#8217;deshi \u00e7ifti, Monika Lubonja nuk e mbajti sekretin, sapo na tregoi gjinin\u00eb e f\u00ebmij\u00ebs q\u00eb pret Einxhel dhe Dagz?","datePublished":"2022-08-19T10:02:48+00:00","dateModified":"2022-08-19T10:03:12+00:00","mainEntityOfPage":{"@id":"https:\/\/blogin.al\/?p=12748"},"wordCount":194,"commentCount":0,"publisher":{"@id":"https:\/\/blogin.al\/#organization"},"image":{"@id":"https:\/\/blogin.al\/?p=12748#primaryimage"},"thumbnailUrl":"https:\/\/blogin.al\/wp-content\/uploads\/2022\/08\/20220819_120124-scaled.jpg","articleSection":["SHOWBIZ"],"inLanguage":"en-US","potentialAction":[{"@type":"CommentAction","name":"Comment","target":["https:\/\/blogin.al\/?p=12748#respond"]}]},{"@type":"WebPage","@id":"https:\/\/blogin.al\/?p=12748","url":"https:\/\/blogin.al\/?p=12748","name":"Deshi s'deshi \u00e7ifti, Monika Lubonja nuk e mbajti sekretin, sapo na tregoi gjinin\u00eb e f\u00ebmij\u00ebs q\u00eb pret Einxhel dhe Dagz? - blogin.al","isPartOf":{"@id":"https:\/\/blogin.al\/#website"},"primaryImageOfPage":{"@id":"https:\/\/blogin.al\/?p=12748#primaryimage"},"image":{"@id":"https:\/\/blogin.al\/?p=12748#primaryimage"},"thumbnailUrl":"https:\/\/blogin.al\/wp-content\/uploads\/2022\/08\/20220819_120124-scaled.jpg","datePublished":"2022-08-19T10:02:48+00:00","dateModified":"2022-08-19T10:03:12+00:00","breadcrumb":{"@id":"https:\/\/blogin.al\/?p=12748#breadcrumb"},"inLanguage":"en-US","potentialAction":[{"@type":"ReadAction","target":["https:\/\/blogin.al\/?p=12748"]}]},{"@type":"ImageObject","inLanguage":"en-US","@id":"https:\/\/blogin.al\/?p=12748#primaryimage","url":"https:\/\/blogin.al\/wp-content\/uploads\/2022\/08\/20220819_120124-scaled.jpg","contentUrl":"https:\/\/blogin.al\/wp-content\/uploads\/2022\/08\/20220819_120124-scaled.jpg","width":2560,"height":2560},{"@type":"BreadcrumbList","@id":"https:\/\/blogin.al\/?p=12748#breadcrumb","itemListElement":[{"@type":"ListItem","position":1,"name":"Home","item":"https:\/\/blogin.al\/"},{"@type":"ListItem","position":2,"name":"Deshi s&#8217;deshi \u00e7ifti, Monika Lubonja nuk e mbajti sekretin, sapo na tregoi gjinin\u00eb e f\u00ebmij\u00ebs q\u00eb pret Einxhel dhe Dagz?"}]},{"@type":"WebSite","@id":"https:\/\/blogin.al\/#website","url":"https:\/\/blogin.al\/","name":"blogin.al","description":"","publisher":{"@id":"https:\/\/blogin.al\/#organization"},"potentialAction":[{"@type":"SearchAction","target":{"@type":"EntryPoint","urlTemplate":"https:\/\/blogin.al\/?s={search_term_string}"},"query-input":{"@type":"PropertyValueSpecification","valueRequired":true,"valueName":"search_term_string"}}],"inLanguage":"en-US"},{"@type":"Organization","@id":"https:\/\/blogin.al\/#organization","name":"BLOGIN.al","url":"https:\/\/blogin.al\/","logo":{"@type":"ImageObject","inLanguage":"en-US","@id":"https:\/\/blogin.al\/#\/schema\/logo\/image\/","url":"https:\/\/blogin.al\/wp-content\/uploads\/2022\/05\/Untitled-2-01-e1652084456514.png","contentUrl":"https:\/\/blogin.al\/wp-content\/uploads\/2022\/05\/Untitled-2-01-e1652084456514.png","width":3723,"height":1698,"caption":"BLOGIN.al"},"image":{"@id":"https:\/\/blogin.al\/#\/schema\/logo\/image\/"},"sameAs":["https:\/\/instagram.com\/blogin.al\/"]},{"@type":"Person","@id":"https:\/\/blogin.al\/#\/schema\/person\/abdd56bc912cd511db877b852b115399","name":"Blogin al","image":{"@type":"ImageObject","inLanguage":"en-US","@id":"https:\/\/secure.gravatar.com\/avatar\/60d5661aee6e835fb13dc75d2204cd0c1d61bef2efd137c0083e59ef831e235e?s=96&d=mm&r=g","url":"https:\/\/secure.gravatar.com\/avatar\/60d5661aee6e835fb13dc75d2204cd0c1d61bef2efd137c0083e59ef831e235e?s=96&d=mm&r=g","contentUrl":"https:\/\/secure.gravatar.com\/avatar\/60d5661aee6e835fb13dc75d2204cd0c1d61bef2efd137c0083e59ef831e235e?s=96&d=mm&r=g","caption":"Blogin al"},"sameAs":["https:\/\/blogin.al"],"url":"https:\/\/blogin.al\/?author=2"}]}},"_links":{"self":[{"href":"https:\/\/blogin.al\/index.php?rest_route=\/wp\/v2\/posts\/12748","targetHints":{"allow":["GET"]}}],"collection":[{"href":"https:\/\/blogin.al\/index.php?rest_route=\/wp\/v2\/posts"}],"about":[{"href":"https:\/\/blogin.al\/index.php?rest_route=\/wp\/v2\/types\/post"}],"author":[{"embeddable":true,"href":"https:\/\/blogin.al\/index.php?rest_route=\/wp\/v2\/users\/2"}],"replies":[{"embeddable":true,"href":"https:\/\/blogin.al\/index.php?rest_route=%2Fwp%2Fv2%2Fcomments&post=12748"}],"version-history":[{"count":1,"href":"https:\/\/blogin.al\/index.php?rest_route=\/wp\/v2\/posts\/12748\/revisions"}],"predecessor-version":[{"id":12750,"href":"https:\/\/blogin.al\/index.php?rest_route=\/wp\/v2\/posts\/12748\/revisions\/12750"}],"wp:featuredmedia":[{"embeddable":true,"href":"https:\/\/blogin.al\/index.php?rest_route=\/wp\/v2\/media\/12751"}],"wp:attachment":[{"href":"https:\/\/blogin.al\/index.php?rest_route=%2Fwp%2Fv2%2Fmedia&parent=12748"}],"wp:term":[{"taxonomy":"category","embeddable":true,"href":"https:\/\/blogin.al\/index.php?rest_route=%2Fwp%2Fv2%2Fcategories&post=12748"},{"taxonomy":"post_tag","embeddable":true,"href":"https:\/\/blogin.al\/index.php?rest_route=%2Fwp%2Fv2%2Ftags&post=12748"}],"curies":[{"name":"wp","href":"https:\/\/api.w.org\/{rel}","templated":true}]}}