{"id":12766,"date":"2022-08-19T10:46:05","date_gmt":"2022-08-19T10:46:05","guid":{"rendered":"https:\/\/blogin.al\/?p=12766"},"modified":"2022-08-19T10:46:07","modified_gmt":"2022-08-19T10:46:07","slug":"te-lumtur-me-tre-femije-cifti-i-famshem-qe-e-mban-larg-syrit-te-publikut-dashurine-e-tyre-prej-21-vitesh","status":"publish","type":"post","link":"https:\/\/blogin.al\/?p=12766","title":{"rendered":"T\u00eb lumtur me tre f\u00ebmij\u00eb, \u00e7ifti i famsh\u00ebm q\u00eb e mban larg syrit te publikut dashurin\u00eb e tyre prej 21 vitesh"},"content":{"rendered":"\n<p>Enrique Iglesias dhe Anna Kournikova nuk paraqiten n\u00eb ngjarje publike, nuk japin pothuajse asnj\u00eb intervist\u00eb dhe nuk publikojn\u00eb foto familjare n\u00eb rrjetet sociale. Megjithat\u00eb, kjo ka ndryshuar pak n\u00eb vitet e fundit. Kjo \u00ebsht\u00eb arsyeja pse ata konsiderohen si nj\u00eb nga \u00e7iftet m\u00eb t\u00eb fsheht\u00eb t\u00eb estrad\u00ebs. Por gjithsesi prej 21 vitesh ata jetojn\u00eb s\u00eb bashku t\u00eb lumtur, duke rritur 3 f\u00ebmij\u00eb dhe jan\u00eb nj\u00eb \u00e7ift shembullor p\u00ebr t\u00eb famshmit e tjer\u00eb dhe njer\u00ebzit e thjesht\u00eb.<\/p>\n\n\n\n<p>Mediumi \u201cCherry\u201d ka zbuluar disa detaje rreth historis\u00eb s\u00eb dashuris\u00eb dhe se cili \u00ebsht\u00eb sekreti i lidhjes s\u00eb tyre t\u00eb lumtur, transmeton Express. Para se Anna t\u00eb takonte Enrique Iglesias, ajo ishte tashm\u00eb nj\u00eb teniste e famshme. Edhe pse nuk kishte fituar asnj\u00eb titull teke, n\u00eb vitin 2000, ajo arriti n\u00eb vendin e 8-t\u00eb n\u00eb bot\u00eb. Enrique ishte nj\u00eb k\u00ebng\u00ebtar mjaft i njohur si n\u00eb vendin e tij, n\u00eb Spanj\u00eb dhe jasht\u00eb saj.<\/p>\n\n\n\n<p>\u201cBailamos\u201d i tij u publikua si nj\u00eb k\u00ebng\u00eb dhe u b\u00eb nj\u00eb hit num\u00ebr nj\u00eb n\u00eb SHBA. N\u00eb vitin 2001, Iglesias publikoi albumin e tij t\u00eb dyt\u00eb n\u00eb anglisht, \u201cEscape\u201d. Dave Meyers, regjisori i videoklipit t\u00eb par\u00eb t\u00eb k\u00ebng\u00ebs, i titulluar gjithashtu Escape, ftoi yllin e tenisit Anna Kournikova t\u00eb shfaqej n\u00eb t\u00eb. \u201cAjo \u00ebsht\u00eb e pavarur, ajo \u00ebsht\u00eb e bukur, ajo \u00ebsht\u00eb qesharake,\u201d do t\u00eb thoshte Enrique m\u00eb von\u00eb p\u00ebr atleten mahnit\u00ebse.<\/p>\n\n\n\n<p>N\u00eb video shfaqen disa skena pikante ku Enrique dhe Anna po puthen. Iglesias tha n\u00eb videon e prapasken\u00ebs se nuk kishte nevoj\u00eb t\u00eb ishte nj\u00eb aktor i mir\u00eb p\u00ebr t\u00eb puthur An\u00ebn dhe p\u00ebr t\u2019u dukur i besuesh\u00ebm. Kjo \u00ebsht\u00eb arsyeja pse nuk \u00ebsht\u00eb p\u00ebr t\u2019u habitur q\u00eb pas publikimit t\u00eb videos, mediat vendosen menj\u00ebher\u00eb t\u00eb shkruajn\u00eb se ata po takoheshin. Gazetar\u00ebt vazhdimisht p\u00ebrpiqeshin t\u2019i kapnin s\u00eb bashku. Por ata kurr\u00eb nuk e konfirmuan k\u00ebt\u00eb dhe nuk u shfaq\u00ebn bashk\u00eb n\u00eb publik.<\/p>\n\n\n\n<figure class=\"wp-block-image size-full is-style-default\"><img fetchpriority=\"high\" decoding=\"async\" width=\"728\" height=\"581\" src=\"https:\/\/blogin.al\/wp-content\/uploads\/2022\/08\/enriqe-anna.jpg\" alt=\"\" class=\"wp-image-12767\" srcset=\"https:\/\/blogin.al\/wp-content\/uploads\/2022\/08\/enriqe-anna.jpg 728w, https:\/\/blogin.al\/wp-content\/uploads\/2022\/08\/enriqe-anna-300x239.jpg 300w, https:\/\/blogin.al\/wp-content\/uploads\/2022\/08\/enriqe-anna-150x120.jpg 150w, https:\/\/blogin.al\/wp-content\/uploads\/2022\/08\/enriqe-anna-696x555.jpg 696w\" sizes=\"(max-width: 728px) 100vw, 728px\" \/><\/figure>\n\n\n\n<p>N\u00eb vitin 2002, Enrique dhe Anna konfirmuan se ishin n\u00eb nj\u00eb lidhje, kur u shfaq\u00ebn s\u00eb bashku n\u00eb MTV Awards. Ata ishin duke buz\u00ebqeshur dhe duke u kapur p\u00ebr dore duke u paraqitur si \u00e7ift n\u00eb tapetin e kuq p\u00ebr her\u00eb t\u00eb par\u00eb. Menj\u00ebher\u00eb pas k\u00ebsaj, ata filluan t\u00eb jetonin s\u00eb bashku n\u00eb Miami, ku Enrique kishte tashm\u00eb disa pasuri t\u00eb paluajtshme. Dhe ata po p\u00ebrpiqeshin shum\u00eb p\u00ebr ta mbajtur marr\u00ebdh\u00ebnien e tyre larg v\u00ebmendjes s\u00eb publikut.<\/p>\n\n\n\n<figure class=\"wp-block-image size-full is-style-default\"><img decoding=\"async\" width=\"746\" height=\"1024\" src=\"https:\/\/blogin.al\/wp-content\/uploads\/2022\/08\/2002MTVVideoMusicAwardsArrivals6z261kqXPBTx.jpg\" alt=\"\" class=\"wp-image-12768\" srcset=\"https:\/\/blogin.al\/wp-content\/uploads\/2022\/08\/2002MTVVideoMusicAwardsArrivals6z261kqXPBTx.jpg 746w, https:\/\/blogin.al\/wp-content\/uploads\/2022\/08\/2002MTVVideoMusicAwardsArrivals6z261kqXPBTx-219x300.jpg 219w, https:\/\/blogin.al\/wp-content\/uploads\/2022\/08\/2002MTVVideoMusicAwardsArrivals6z261kqXPBTx-150x206.jpg 150w, https:\/\/blogin.al\/wp-content\/uploads\/2022\/08\/2002MTVVideoMusicAwardsArrivals6z261kqXPBTx-300x412.jpg 300w, https:\/\/blogin.al\/wp-content\/uploads\/2022\/08\/2002MTVVideoMusicAwardsArrivals6z261kqXPBTx-696x955.jpg 696w\" sizes=\"(max-width: 746px) 100vw, 746px\" \/><\/figure>\n\n\n\n<p>Fjala vjen, gjat\u00eb gjith\u00eb k\u00ebtyre viteve nuk ka pasur asnj\u00eb informacion n\u00ebse ata jan\u00eb martuar apo n\u00ebse kan\u00eb b\u00ebr\u00eb ndonj\u00eb dasm\u00eb. N\u00eb nj\u00eb intervist\u00eb p\u00ebr Women\u2019s Health, Anna tha: \u201cMartesa nuk \u00ebsht\u00eb e r\u00ebnd\u00ebsishme p\u00ebr mua. Un\u00eb jam n\u00eb nj\u00eb marr\u00ebdh\u00ebnie t\u00eb lumtur \u2013 kjo \u00ebsht\u00eb gjith\u00e7ka q\u00eb ka r\u00ebnd\u00ebsi. Un\u00eb besoj n\u00eb p\u00ebrkushtimin. Un\u00eb besoj n\u00eb t\u00eb qenit t\u00eb hapur dhe t\u00eb besuar ndaj nj\u00ebri-tjetrit dhe t\u00eb respektojm\u00eb plot\u00ebsisht nj\u00ebri-tjetrin.\u201d<\/p>\n\n\n\n<p>Pra, p\u00ebr shum\u00eb vite, kishte shum\u00eb thashetheme rreth ndarjes s\u00eb Enrique dhe Anna, por ato nuk u konfirmuan kurr\u00eb. N\u00eb vitin 2011, k\u00ebng\u00ebtari tha se d\u00ebshiron q\u00eb jeta e tij personale t\u00eb jet\u00eb sa m\u00eb private, \u201cDhe sidomos kur je me dik\u00eb q\u00eb \u00ebsht\u00eb gjithashtu i famsh\u00ebm dhe n\u00eb qend\u00ebr t\u00eb v\u00ebmendjes\u201d. Kur ke qen\u00eb me dik\u00eb p\u00ebr nj\u00eb koh\u00eb kaq t\u00eb gjat\u00eb, nuk mendoj se nj\u00eb martes\u00eb do t\u00eb b\u00ebj\u00eb ndryshim\u201d, tha k\u00ebng\u00ebtari gjat\u00eb nj\u00eb interviste p\u00ebr emisionin Sunday Morning t\u00eb CBS n\u00eb 2011.<\/p>\n\n\n\n<p>\u201cNuk do t\u00eb na b\u00ebj\u00eb m\u00eb t\u00eb lumtur.\u201d Kournikova tha gjithashtu n\u00eb The Graham Norton Show se ata kishin problemet e tyre t\u00eb zakonshme n\u00eb \u00e7ift ashtu si kushdo tjet\u00ebr. E pyetur n\u00ebse Iglesias i l\u00eb peshqir\u00ebt e tij t\u00eb lagur t\u00eb shtrir\u00eb p\u00ebrreth, ajo tha: \u201cPo, dhe ju gjeni t\u00eb brendshme, e dini, kudo dhe \u00e7orape t\u00eb pista dhe gjith\u00e7ka.\u201d N\u00eb dhjetor 2017, Enrique dhe Anna kan\u00eb f\u00ebmij\u00ebt e tyre t\u00eb par\u00eb, binjak\u00ebt Nicholas dhe Lucy.<\/p>\n\n\n\n<p>Shtatz\u00ebnia e An\u00ebs kaloi pa u v\u00ebn\u00eb re nga fansat dhe njoftimin p\u00ebr t\u00eb pasur f\u00ebmij\u00eb e b\u00ebri Iglesias gjat\u00eb koncertit t\u00eb tij n\u00eb Budapest. Ky lajm ka habitur fansat. \u201cUn\u00eb u b\u00ebra baba 12 jav\u00eb m\u00eb par\u00eb,\u201d i tha ai turm\u00ebs. \u201cDhe un\u00eb mund t\u2019ju them absolutisht dy gj\u00ebra, pa dyshimin m\u00eb t\u00eb vog\u00ebl, un\u00eb i dua foshnjat e mia. N\u00eb fakt, tre gj\u00ebra, un\u00eb e dua vajz\u00ebn time dhe ju dua djema q\u00eb jeni k\u00ebtu sonte.\u201d<\/p>\n\n\n\n<figure class=\"wp-block-image size-large is-style-default\"><img decoding=\"async\" width=\"1024\" height=\"576\" src=\"https:\/\/blogin.al\/wp-content\/uploads\/2022\/08\/anna-1024x576.webp\" alt=\"\" class=\"wp-image-12769\" srcset=\"https:\/\/blogin.al\/wp-content\/uploads\/2022\/08\/anna-1024x576.webp 1024w, https:\/\/blogin.al\/wp-content\/uploads\/2022\/08\/anna-300x169.webp 300w, https:\/\/blogin.al\/wp-content\/uploads\/2022\/08\/anna-768x432.webp 768w, https:\/\/blogin.al\/wp-content\/uploads\/2022\/08\/anna-150x84.webp 150w, https:\/\/blogin.al\/wp-content\/uploads\/2022\/08\/anna-696x392.webp 696w, https:\/\/blogin.al\/wp-content\/uploads\/2022\/08\/anna-1068x601.webp 1068w, https:\/\/blogin.al\/wp-content\/uploads\/2022\/08\/anna.webp 1200w\" sizes=\"(max-width: 1024px) 100vw, 1024px\" \/><\/figure>\n\n\n\n<p>Menj\u00ebher\u00eb pas lindjes s\u00eb binjak\u00ebve, prind\u00ebrit e famsh\u00ebm filluan t\u00eb postojn\u00eb foto simpatike familjare n\u00eb rrjetet e tyre sociale. Dukej krejt\u00ebsisht e papritur, duke marr\u00eb parasysh se sa t\u00eb fsheht\u00eb jan\u00eb zakonisht. Dhe n\u00eb janar 2020, Anna mir\u00ebpriti nj\u00eb f\u00ebmij\u00eb t\u00eb tret\u00eb, vajz\u00ebn Mary. N\u00eb t\u00eb nj\u00ebjt\u00ebn koh\u00eb, ajo shtoi \u201cIglesias\u201d n\u00eb profilin e saj n\u00eb Instagram, duke nisur thashethemet se ata m\u00eb n\u00eb fund u martuan.<\/p>\n\n\n\n<p>Kur gazetar\u00ebt e pyet\u00ebn n\u00ebse Enrique i nd\u00ebrroi pelenat f\u00ebmij\u00ebs s\u00eb tij, babai i 3 f\u00ebmij\u00ebve tha :\u201cUn\u00eb n\u00eb fakt po.\u201d Ai tha gjithashtu se d\u00ebshiron q\u00eb f\u00ebmij\u00ebt e tij t\u00eb ndjekin hapat e n\u00ebn\u00ebs s\u00eb tij dhe t\u00eb mos b\u00ebhen muzikant\u00eb si ai, \u201cSinqerisht mund t\u2019ju them, n\u00ebse do t\u00eb m\u00eb duhej t\u00eb zgjidhja nj\u00eb, patjet\u00ebr sportive. Un\u00eb e dua sportin. Un\u00eb e dua golfin, e dua tenisin dhe nuk do t\u00eb kisha problem t\u00eb shihja nj\u00eb nga vajzat e mia t\u00eb vogla duke luajtur tenis.\u201d<\/p>\n\n\n\n<figure class=\"wp-block-image size-full is-style-default\"><img loading=\"lazy\" decoding=\"async\" width=\"728\" height=\"728\" src=\"https:\/\/blogin.al\/wp-content\/uploads\/2022\/08\/enrique-anna-kids.jpg\" alt=\"\" class=\"wp-image-12770\" srcset=\"https:\/\/blogin.al\/wp-content\/uploads\/2022\/08\/enrique-anna-kids.jpg 728w, https:\/\/blogin.al\/wp-content\/uploads\/2022\/08\/enrique-anna-kids-300x300.jpg 300w, https:\/\/blogin.al\/wp-content\/uploads\/2022\/08\/enrique-anna-kids-150x150.jpg 150w, https:\/\/blogin.al\/wp-content\/uploads\/2022\/08\/enrique-anna-kids-696x696.jpg 696w\" sizes=\"(max-width: 728px) 100vw, 728px\" \/><\/figure>\n\n\n\n<p>K\u00ebshtu tregon k\u00ebng\u00ebtari se si reagojn\u00eb f\u00ebmij\u00ebt e tyre ndaj k\u00ebng\u00ebve t\u00eb tij: \u201cSa her\u00eb q\u00eb d\u00ebgjojn\u00eb nj\u00eb nga k\u00ebng\u00ebt e mia, ata mund ta njohin z\u00ebrin tim, i cili \u00ebsht\u00eb shum\u00eb i lezetsh\u00ebm. Por kur ata shikojn\u00eb \u2018Escape\u2019, mendoj se kjo i hedh pak. \u201c\u00c7far\u00eb po b\u00ebn mami atje?\u201d e di, \u2018me babin\u2019 e di? \u2018Kur ishte kjo?\u2019 \u00cbsht\u00eb n\u00eb fakt e pabesueshme t\u00eb shikosh shprehjen n\u00eb fytyrat e tyre. \u00cbsht\u00eb shum\u00eb bukur.\u201d<\/p>\n\n\n\n<p>Edhe pse Anna poston disa foto dhe video t\u00eb lezetshme me f\u00ebmij\u00ebt dhe burrin e saj n\u00eb rrjetet e saj sociale, ata ende hezitojn\u00eb t\u2019u tregojn\u00eb gazetar\u00ebve gjith\u00e7ka p\u00ebr jet\u00ebn e tyre personale, si\u00e7 b\u00ebjn\u00eb t\u00eb famsh\u00ebm t\u00eb tjer\u00eb. Sa i p\u00ebrket karrier\u00ebs, Anna u t\u00ebrhoq nga tenisi profesionist n\u00eb vitin 2003 p\u00ebr shkak t\u00eb problemeve serioze t\u00eb shpin\u00ebs dhe shtyll\u00ebs kurrizore, duke p\u00ebrfshir\u00eb nj\u00eb hernie diskale.<\/p>\n\n\n\n<p>Tani, Anna 41-vje\u00e7are \u00ebsht\u00eb nj\u00eb personazh televiziv amerikan. Dhe k\u00ebng\u00ebtari q\u00eb \u00ebsht\u00eb 47 vje\u00e7 tani ende publikon k\u00ebng\u00eb t\u00eb reja, performon n\u00eb koncerte dhe mbetet nj\u00eb muzikant i njohur. Ai ka titullin e nderit Mbreti i Popit Latin.\u00a0 Ai thot\u00eb se sekreti i nj\u00eb marr\u00ebdh\u00ebnieje t\u00eb lumtur familjare \u00ebsht\u00eb t\u00eb kalosh sa m\u00eb shum\u00eb koh\u00eb s\u00eb bashku, \u201cJam mjaft me fat n\u00eb k\u00ebt\u00eb koh\u00eb t\u00eb karrier\u00ebs sime q\u00eb mund t\u00eb zgjedh programin tim,\u201d i tha Enrique shtypit britanik, \u201cdhe t\u00eb sigurohem q\u00eb un\u00eb nuk jam larg sht\u00ebpis\u00eb m\u00eb shum\u00eb se dy jav\u00eb rresht.\u201d<\/p>\n","protected":false},"excerpt":{"rendered":"<p>Enrique Iglesias dhe Anna Kournikova nuk paraqiten n\u00eb ngjarje publike, nuk japin pothuajse asnj\u00eb intervist\u00eb dhe nuk publikojn\u00eb foto familjare n\u00eb rrjetet sociale. Megjithat\u00eb, kjo ka ndryshuar pak n\u00eb vitet e fundit. Kjo \u00ebsht\u00eb arsyeja pse ata konsiderohen si nj\u00eb nga \u00e7iftet m\u00eb t\u00eb fsheht\u00eb t\u00eb estrad\u00ebs. Por gjithsesi prej 21 vitesh ata jetojn\u00eb s\u00eb [&hellip;]<\/p>\n","protected":false},"author":2,"featured_media":12771,"comment_status":"open","ping_status":"open","sticky":false,"template":"","format":"standard","meta":{"footnotes":""},"categories":[33],"tags":[],"class_list":{"0":"post-12766","1":"post","2":"type-post","3":"status-publish","4":"format-standard","5":"has-post-thumbnail","7":"category-showbiz"},"yoast_head":"<!-- This site is optimized with the Yoast SEO plugin v27.4 - https:\/\/yoast.com\/product\/yoast-seo-wordpress\/ -->\n<title>T\u00eb lumtur me tre f\u00ebmij\u00eb, \u00e7ifti i famsh\u00ebm q\u00eb e mban larg syrit te publikut dashurin\u00eb e tyre prej 21 vitesh - blogin.al<\/title>\n<meta name=\"robots\" content=\"index, follow, max-snippet:-1, max-image-preview:large, max-video-preview:-1\" \/>\n<link rel=\"canonical\" href=\"https:\/\/blogin.al\/?p=12766\" \/>\n<meta property=\"og:locale\" content=\"en_US\" \/>\n<meta property=\"og:type\" content=\"article\" \/>\n<meta property=\"og:title\" content=\"T\u00eb lumtur me tre f\u00ebmij\u00eb, \u00e7ifti i famsh\u00ebm q\u00eb e mban larg syrit te publikut dashurin\u00eb e tyre prej 21 vitesh - blogin.al\" \/>\n<meta property=\"og:description\" content=\"Enrique Iglesias dhe Anna Kournikova nuk paraqiten n\u00eb ngjarje publike, nuk japin pothuajse asnj\u00eb intervist\u00eb dhe nuk publikojn\u00eb foto familjare n\u00eb rrjetet sociale. Megjithat\u00eb, kjo ka ndryshuar pak n\u00eb vitet e fundit. Kjo \u00ebsht\u00eb arsyeja pse ata konsiderohen si nj\u00eb nga \u00e7iftet m\u00eb t\u00eb fsheht\u00eb t\u00eb estrad\u00ebs. Por gjithsesi prej 21 vitesh ata jetojn\u00eb s\u00eb [&hellip;]\" \/>\n<meta property=\"og:url\" content=\"https:\/\/blogin.al\/?p=12766\" \/>\n<meta property=\"og:site_name\" content=\"blogin.al\" \/>\n<meta property=\"article:published_time\" content=\"2022-08-19T10:46:05+00:00\" \/>\n<meta property=\"article:modified_time\" content=\"2022-08-19T10:46:07+00:00\" \/>\n<meta property=\"og:image\" content=\"https:\/\/blogin.al\/wp-content\/uploads\/2022\/08\/Anna-Kournikova-Dancing-Enrique-Iglesias-Songs.webp\" \/>\n\t<meta property=\"og:image:width\" content=\"2048\" \/>\n\t<meta property=\"og:image:height\" content=\"2048\" \/>\n\t<meta property=\"og:image:type\" content=\"image\/webp\" \/>\n<meta name=\"author\" content=\"Blogin al\" \/>\n<meta name=\"twitter:card\" content=\"summary_large_image\" \/>\n<meta name=\"twitter:label1\" content=\"Written by\" \/>\n\t<meta name=\"twitter:data1\" content=\"Blogin al\" \/>\n\t<meta name=\"twitter:label2\" content=\"Est. reading time\" \/>\n\t<meta name=\"twitter:data2\" content=\"6 minutes\" \/>\n<script type=\"application\/ld+json\" class=\"yoast-schema-graph\">{\"@context\":\"https:\\\/\\\/schema.org\",\"@graph\":[{\"@type\":\"Article\",\"@id\":\"https:\\\/\\\/blogin.al\\\/?p=12766#article\",\"isPartOf\":{\"@id\":\"https:\\\/\\\/blogin.al\\\/?p=12766\"},\"author\":{\"name\":\"Blogin al\",\"@id\":\"https:\\\/\\\/blogin.al\\\/#\\\/schema\\\/person\\\/abdd56bc912cd511db877b852b115399\"},\"headline\":\"T\u00eb lumtur me tre f\u00ebmij\u00eb, \u00e7ifti i famsh\u00ebm q\u00eb e mban larg syrit te publikut dashurin\u00eb e tyre prej 21 vitesh\",\"datePublished\":\"2022-08-19T10:46:05+00:00\",\"dateModified\":\"2022-08-19T10:46:07+00:00\",\"mainEntityOfPage\":{\"@id\":\"https:\\\/\\\/blogin.al\\\/?p=12766\"},\"wordCount\":1243,\"commentCount\":0,\"publisher\":{\"@id\":\"https:\\\/\\\/blogin.al\\\/#organization\"},\"image\":{\"@id\":\"https:\\\/\\\/blogin.al\\\/?p=12766#primaryimage\"},\"thumbnailUrl\":\"https:\\\/\\\/blogin.al\\\/wp-content\\\/uploads\\\/2022\\\/08\\\/Anna-Kournikova-Dancing-Enrique-Iglesias-Songs.webp\",\"articleSection\":[\"SHOWBIZ\"],\"inLanguage\":\"en-US\",\"potentialAction\":[{\"@type\":\"CommentAction\",\"name\":\"Comment\",\"target\":[\"https:\\\/\\\/blogin.al\\\/?p=12766#respond\"]}]},{\"@type\":\"WebPage\",\"@id\":\"https:\\\/\\\/blogin.al\\\/?p=12766\",\"url\":\"https:\\\/\\\/blogin.al\\\/?p=12766\",\"name\":\"T\u00eb lumtur me tre f\u00ebmij\u00eb, \u00e7ifti i famsh\u00ebm q\u00eb e mban larg syrit te publikut dashurin\u00eb e tyre prej 21 vitesh - blogin.al\",\"isPartOf\":{\"@id\":\"https:\\\/\\\/blogin.al\\\/#website\"},\"primaryImageOfPage\":{\"@id\":\"https:\\\/\\\/blogin.al\\\/?p=12766#primaryimage\"},\"image\":{\"@id\":\"https:\\\/\\\/blogin.al\\\/?p=12766#primaryimage\"},\"thumbnailUrl\":\"https:\\\/\\\/blogin.al\\\/wp-content\\\/uploads\\\/2022\\\/08\\\/Anna-Kournikova-Dancing-Enrique-Iglesias-Songs.webp\",\"datePublished\":\"2022-08-19T10:46:05+00:00\",\"dateModified\":\"2022-08-19T10:46:07+00:00\",\"breadcrumb\":{\"@id\":\"https:\\\/\\\/blogin.al\\\/?p=12766#breadcrumb\"},\"inLanguage\":\"en-US\",\"potentialAction\":[{\"@type\":\"ReadAction\",\"target\":[\"https:\\\/\\\/blogin.al\\\/?p=12766\"]}]},{\"@type\":\"ImageObject\",\"inLanguage\":\"en-US\",\"@id\":\"https:\\\/\\\/blogin.al\\\/?p=12766#primaryimage\",\"url\":\"https:\\\/\\\/blogin.al\\\/wp-content\\\/uploads\\\/2022\\\/08\\\/Anna-Kournikova-Dancing-Enrique-Iglesias-Songs.webp\",\"contentUrl\":\"https:\\\/\\\/blogin.al\\\/wp-content\\\/uploads\\\/2022\\\/08\\\/Anna-Kournikova-Dancing-Enrique-Iglesias-Songs.webp\",\"width\":2048,\"height\":2048},{\"@type\":\"BreadcrumbList\",\"@id\":\"https:\\\/\\\/blogin.al\\\/?p=12766#breadcrumb\",\"itemListElement\":[{\"@type\":\"ListItem\",\"position\":1,\"name\":\"Home\",\"item\":\"https:\\\/\\\/blogin.al\\\/\"},{\"@type\":\"ListItem\",\"position\":2,\"name\":\"T\u00eb lumtur me tre f\u00ebmij\u00eb, \u00e7ifti i famsh\u00ebm q\u00eb e mban larg syrit te publikut dashurin\u00eb e tyre prej 21 vitesh\"}]},{\"@type\":\"WebSite\",\"@id\":\"https:\\\/\\\/blogin.al\\\/#website\",\"url\":\"https:\\\/\\\/blogin.al\\\/\",\"name\":\"blogin.al\",\"description\":\"\",\"publisher\":{\"@id\":\"https:\\\/\\\/blogin.al\\\/#organization\"},\"potentialAction\":[{\"@type\":\"SearchAction\",\"target\":{\"@type\":\"EntryPoint\",\"urlTemplate\":\"https:\\\/\\\/blogin.al\\\/?s={search_term_string}\"},\"query-input\":{\"@type\":\"PropertyValueSpecification\",\"valueRequired\":true,\"valueName\":\"search_term_string\"}}],\"inLanguage\":\"en-US\"},{\"@type\":\"Organization\",\"@id\":\"https:\\\/\\\/blogin.al\\\/#organization\",\"name\":\"BLOGIN.al\",\"url\":\"https:\\\/\\\/blogin.al\\\/\",\"logo\":{\"@type\":\"ImageObject\",\"inLanguage\":\"en-US\",\"@id\":\"https:\\\/\\\/blogin.al\\\/#\\\/schema\\\/logo\\\/image\\\/\",\"url\":\"https:\\\/\\\/blogin.al\\\/wp-content\\\/uploads\\\/2022\\\/05\\\/Untitled-2-01-e1652084456514.png\",\"contentUrl\":\"https:\\\/\\\/blogin.al\\\/wp-content\\\/uploads\\\/2022\\\/05\\\/Untitled-2-01-e1652084456514.png\",\"width\":3723,\"height\":1698,\"caption\":\"BLOGIN.al\"},\"image\":{\"@id\":\"https:\\\/\\\/blogin.al\\\/#\\\/schema\\\/logo\\\/image\\\/\"},\"sameAs\":[\"https:\\\/\\\/instagram.com\\\/blogin.al\\\/\"]},{\"@type\":\"Person\",\"@id\":\"https:\\\/\\\/blogin.al\\\/#\\\/schema\\\/person\\\/abdd56bc912cd511db877b852b115399\",\"name\":\"Blogin al\",\"image\":{\"@type\":\"ImageObject\",\"inLanguage\":\"en-US\",\"@id\":\"https:\\\/\\\/secure.gravatar.com\\\/avatar\\\/60d5661aee6e835fb13dc75d2204cd0c1d61bef2efd137c0083e59ef831e235e?s=96&d=mm&r=g\",\"url\":\"https:\\\/\\\/secure.gravatar.com\\\/avatar\\\/60d5661aee6e835fb13dc75d2204cd0c1d61bef2efd137c0083e59ef831e235e?s=96&d=mm&r=g\",\"contentUrl\":\"https:\\\/\\\/secure.gravatar.com\\\/avatar\\\/60d5661aee6e835fb13dc75d2204cd0c1d61bef2efd137c0083e59ef831e235e?s=96&d=mm&r=g\",\"caption\":\"Blogin al\"},\"sameAs\":[\"https:\\\/\\\/blogin.al\"],\"url\":\"https:\\\/\\\/blogin.al\\\/?author=2\"}]}<\/script>\n<!-- \/ Yoast SEO plugin. -->","yoast_head_json":{"title":"T\u00eb lumtur me tre f\u00ebmij\u00eb, \u00e7ifti i famsh\u00ebm q\u00eb e mban larg syrit te publikut dashurin\u00eb e tyre prej 21 vitesh - blogin.al","robots":{"index":"index","follow":"follow","max-snippet":"max-snippet:-1","max-image-preview":"max-image-preview:large","max-video-preview":"max-video-preview:-1"},"canonical":"https:\/\/blogin.al\/?p=12766","og_locale":"en_US","og_type":"article","og_title":"T\u00eb lumtur me tre f\u00ebmij\u00eb, \u00e7ifti i famsh\u00ebm q\u00eb e mban larg syrit te publikut dashurin\u00eb e tyre prej 21 vitesh - blogin.al","og_description":"Enrique Iglesias dhe Anna Kournikova nuk paraqiten n\u00eb ngjarje publike, nuk japin pothuajse asnj\u00eb intervist\u00eb dhe nuk publikojn\u00eb foto familjare n\u00eb rrjetet sociale. Megjithat\u00eb, kjo ka ndryshuar pak n\u00eb vitet e fundit. Kjo \u00ebsht\u00eb arsyeja pse ata konsiderohen si nj\u00eb nga \u00e7iftet m\u00eb t\u00eb fsheht\u00eb t\u00eb estrad\u00ebs. Por gjithsesi prej 21 vitesh ata jetojn\u00eb s\u00eb [&hellip;]","og_url":"https:\/\/blogin.al\/?p=12766","og_site_name":"blogin.al","article_published_time":"2022-08-19T10:46:05+00:00","article_modified_time":"2022-08-19T10:46:07+00:00","og_image":[{"width":2048,"height":2048,"url":"https:\/\/blogin.al\/wp-content\/uploads\/2022\/08\/Anna-Kournikova-Dancing-Enrique-Iglesias-Songs.webp","type":"image\/webp"}],"author":"Blogin al","twitter_card":"summary_large_image","twitter_misc":{"Written by":"Blogin al","Est. reading time":"6 minutes"},"schema":{"@context":"https:\/\/schema.org","@graph":[{"@type":"Article","@id":"https:\/\/blogin.al\/?p=12766#article","isPartOf":{"@id":"https:\/\/blogin.al\/?p=12766"},"author":{"name":"Blogin al","@id":"https:\/\/blogin.al\/#\/schema\/person\/abdd56bc912cd511db877b852b115399"},"headline":"T\u00eb lumtur me tre f\u00ebmij\u00eb, \u00e7ifti i famsh\u00ebm q\u00eb e mban larg syrit te publikut dashurin\u00eb e tyre prej 21 vitesh","datePublished":"2022-08-19T10:46:05+00:00","dateModified":"2022-08-19T10:46:07+00:00","mainEntityOfPage":{"@id":"https:\/\/blogin.al\/?p=12766"},"wordCount":1243,"commentCount":0,"publisher":{"@id":"https:\/\/blogin.al\/#organization"},"image":{"@id":"https:\/\/blogin.al\/?p=12766#primaryimage"},"thumbnailUrl":"https:\/\/blogin.al\/wp-content\/uploads\/2022\/08\/Anna-Kournikova-Dancing-Enrique-Iglesias-Songs.webp","articleSection":["SHOWBIZ"],"inLanguage":"en-US","potentialAction":[{"@type":"CommentAction","name":"Comment","target":["https:\/\/blogin.al\/?p=12766#respond"]}]},{"@type":"WebPage","@id":"https:\/\/blogin.al\/?p=12766","url":"https:\/\/blogin.al\/?p=12766","name":"T\u00eb lumtur me tre f\u00ebmij\u00eb, \u00e7ifti i famsh\u00ebm q\u00eb e mban larg syrit te publikut dashurin\u00eb e tyre prej 21 vitesh - blogin.al","isPartOf":{"@id":"https:\/\/blogin.al\/#website"},"primaryImageOfPage":{"@id":"https:\/\/blogin.al\/?p=12766#primaryimage"},"image":{"@id":"https:\/\/blogin.al\/?p=12766#primaryimage"},"thumbnailUrl":"https:\/\/blogin.al\/wp-content\/uploads\/2022\/08\/Anna-Kournikova-Dancing-Enrique-Iglesias-Songs.webp","datePublished":"2022-08-19T10:46:05+00:00","dateModified":"2022-08-19T10:46:07+00:00","breadcrumb":{"@id":"https:\/\/blogin.al\/?p=12766#breadcrumb"},"inLanguage":"en-US","potentialAction":[{"@type":"ReadAction","target":["https:\/\/blogin.al\/?p=12766"]}]},{"@type":"ImageObject","inLanguage":"en-US","@id":"https:\/\/blogin.al\/?p=12766#primaryimage","url":"https:\/\/blogin.al\/wp-content\/uploads\/2022\/08\/Anna-Kournikova-Dancing-Enrique-Iglesias-Songs.webp","contentUrl":"https:\/\/blogin.al\/wp-content\/uploads\/2022\/08\/Anna-Kournikova-Dancing-Enrique-Iglesias-Songs.webp","width":2048,"height":2048},{"@type":"BreadcrumbList","@id":"https:\/\/blogin.al\/?p=12766#breadcrumb","itemListElement":[{"@type":"ListItem","position":1,"name":"Home","item":"https:\/\/blogin.al\/"},{"@type":"ListItem","position":2,"name":"T\u00eb lumtur me tre f\u00ebmij\u00eb, \u00e7ifti i famsh\u00ebm q\u00eb e mban larg syrit te publikut dashurin\u00eb e tyre prej 21 vitesh"}]},{"@type":"WebSite","@id":"https:\/\/blogin.al\/#website","url":"https:\/\/blogin.al\/","name":"blogin.al","description":"","publisher":{"@id":"https:\/\/blogin.al\/#organization"},"potentialAction":[{"@type":"SearchAction","target":{"@type":"EntryPoint","urlTemplate":"https:\/\/blogin.al\/?s={search_term_string}"},"query-input":{"@type":"PropertyValueSpecification","valueRequired":true,"valueName":"search_term_string"}}],"inLanguage":"en-US"},{"@type":"Organization","@id":"https:\/\/blogin.al\/#organization","name":"BLOGIN.al","url":"https:\/\/blogin.al\/","logo":{"@type":"ImageObject","inLanguage":"en-US","@id":"https:\/\/blogin.al\/#\/schema\/logo\/image\/","url":"https:\/\/blogin.al\/wp-content\/uploads\/2022\/05\/Untitled-2-01-e1652084456514.png","contentUrl":"https:\/\/blogin.al\/wp-content\/uploads\/2022\/05\/Untitled-2-01-e1652084456514.png","width":3723,"height":1698,"caption":"BLOGIN.al"},"image":{"@id":"https:\/\/blogin.al\/#\/schema\/logo\/image\/"},"sameAs":["https:\/\/instagram.com\/blogin.al\/"]},{"@type":"Person","@id":"https:\/\/blogin.al\/#\/schema\/person\/abdd56bc912cd511db877b852b115399","name":"Blogin al","image":{"@type":"ImageObject","inLanguage":"en-US","@id":"https:\/\/secure.gravatar.com\/avatar\/60d5661aee6e835fb13dc75d2204cd0c1d61bef2efd137c0083e59ef831e235e?s=96&d=mm&r=g","url":"https:\/\/secure.gravatar.com\/avatar\/60d5661aee6e835fb13dc75d2204cd0c1d61bef2efd137c0083e59ef831e235e?s=96&d=mm&r=g","contentUrl":"https:\/\/secure.gravatar.com\/avatar\/60d5661aee6e835fb13dc75d2204cd0c1d61bef2efd137c0083e59ef831e235e?s=96&d=mm&r=g","caption":"Blogin al"},"sameAs":["https:\/\/blogin.al"],"url":"https:\/\/blogin.al\/?author=2"}]}},"_links":{"self":[{"href":"https:\/\/blogin.al\/index.php?rest_route=\/wp\/v2\/posts\/12766","targetHints":{"allow":["GET"]}}],"collection":[{"href":"https:\/\/blogin.al\/index.php?rest_route=\/wp\/v2\/posts"}],"about":[{"href":"https:\/\/blogin.al\/index.php?rest_route=\/wp\/v2\/types\/post"}],"author":[{"embeddable":true,"href":"https:\/\/blogin.al\/index.php?rest_route=\/wp\/v2\/users\/2"}],"replies":[{"embeddable":true,"href":"https:\/\/blogin.al\/index.php?rest_route=%2Fwp%2Fv2%2Fcomments&post=12766"}],"version-history":[{"count":1,"href":"https:\/\/blogin.al\/index.php?rest_route=\/wp\/v2\/posts\/12766\/revisions"}],"predecessor-version":[{"id":12772,"href":"https:\/\/blogin.al\/index.php?rest_route=\/wp\/v2\/posts\/12766\/revisions\/12772"}],"wp:featuredmedia":[{"embeddable":true,"href":"https:\/\/blogin.al\/index.php?rest_route=\/wp\/v2\/media\/12771"}],"wp:attachment":[{"href":"https:\/\/blogin.al\/index.php?rest_route=%2Fwp%2Fv2%2Fmedia&parent=12766"}],"wp:term":[{"taxonomy":"category","embeddable":true,"href":"https:\/\/blogin.al\/index.php?rest_route=%2Fwp%2Fv2%2Fcategories&post=12766"},{"taxonomy":"post_tag","embeddable":true,"href":"https:\/\/blogin.al\/index.php?rest_route=%2Fwp%2Fv2%2Ftags&post=12766"}],"curies":[{"name":"wp","href":"https:\/\/api.w.org\/{rel}","templated":true}]}}