{"id":12811,"date":"2022-08-20T09:23:59","date_gmt":"2022-08-20T09:23:59","guid":{"rendered":"https:\/\/blogin.al\/?p=12811"},"modified":"2022-08-20T09:24:00","modified_gmt":"2022-08-20T09:24:00","slug":"rtsh-duhet-te-me-likuidoje-borxhet-ardit-cuni-shperthen-ashper-ne-rrjetet-sociale","status":"publish","type":"post","link":"https:\/\/blogin.al\/?p=12811","title":{"rendered":"\u201cRTSH duhet t\u00eb m\u00eb likuidoj\u00eb borxhet\u201d\/ Ardit \u00c7uni shp\u00ebrthen ashp\u00ebr n\u00eb rrjetet sociale"},"content":{"rendered":"\n<p><strong>K\u00ebng\u00ebtari Ardit \u00c7uni, i cili ishte pjes\u00eb e ekipit shqiptar n\u00eb Eurovision, ka b\u00ebr\u00eb deklarata t\u00eb forta ndaj organizator\u00ebve t\u00eb Festivalit t\u00eb K\u00ebng\u00ebs n\u00eb RTSH.<\/strong><\/p>\n\n\n\n<p>Gjith\u00e7ka nisi nga nj\u00eb intervist\u00eb virtuale q\u00eb ai realizoi n\u00eb rrjetet sociale me ndjek\u00ebsit.<\/p>\n\n\n\n<p><strong>\u201cDo marr\u00ebsh pjes\u00eb n\u00eb Festivalin 61 si konkurrent?\u201d-<\/strong>&nbsp;ishte pyetja e nj\u00eb ndjek\u00ebsi q\u00eb u pasua nga nj\u00eb p\u00ebrgjigje e ashp\u00ebr e Ardit \u00c7unit.<\/p>\n\n\n\n<p>K\u00ebng\u00ebtari shkruan se RTSH-ja duhet t\u2019i likuidoj\u00eb borxhet q\u00eb i ka q\u00eb nga \u201cEurovision 2022.\u201d M\u00eb tej, \u00c7uni shton se buxheti i shtetit nuk \u00ebsht\u00eb p\u00ebrdorur p\u00ebr artistin q\u00eb ka p\u00ebrfaq\u00ebsuar vendin ton\u00eb n\u00eb Eurovision. Sipas tij buxheti p\u00ebrdoret p\u00ebr t\u00eb b\u00ebr\u00eb qejfe personale dhe p\u00ebr \u00e7oka ndaj drejtuesve.<\/p>\n\n\n\n<p><strong>\u201cNdoshta kur RTSH t\u00eb m\u00eb likiudoj\u00eb borxhet q\u00eb m\u00eb kan\u00eb akoma nga Eurovision 2022\u2026. Ose kur t\u00eb vendosin ta p\u00ebrdorin buxhetin e shtetin t\u00eb mbledhura nga taksat tona p\u00ebr artistin dhe performanc\u00ebn e tij\/ saj dhe jo p\u00ebr t\u00eb b\u00ebr\u00eb qejfe personale apo p\u00ebr t\u00eb plot\u00ebsuar teksat apo \u00e7okat e drejtuesve. Ops, sorry not sorry q\u00eb e thash\u00eb\u201d<\/strong>\u2013 shkruan Arditi.<\/p>\n\n\n\n<figure class=\"wp-block-image size-full is-style-default\"><img fetchpriority=\"high\" decoding=\"async\" width=\"463\" height=\"843\" src=\"https:\/\/blogin.al\/wp-content\/uploads\/2022\/08\/ardit1.png\" alt=\"\" class=\"wp-image-12812\" srcset=\"https:\/\/blogin.al\/wp-content\/uploads\/2022\/08\/ardit1.png 463w, https:\/\/blogin.al\/wp-content\/uploads\/2022\/08\/ardit1-165x300.png 165w, https:\/\/blogin.al\/wp-content\/uploads\/2022\/08\/ardit1-150x273.png 150w, https:\/\/blogin.al\/wp-content\/uploads\/2022\/08\/ardit1-300x546.png 300w\" sizes=\"(max-width: 463px) 100vw, 463px\" \/><\/figure>\n","protected":false},"excerpt":{"rendered":"<p>K\u00ebng\u00ebtari Ardit \u00c7uni, i cili ishte pjes\u00eb e ekipit shqiptar n\u00eb Eurovision, ka b\u00ebr\u00eb deklarata t\u00eb forta ndaj organizator\u00ebve t\u00eb Festivalit t\u00eb K\u00ebng\u00ebs n\u00eb RTSH. Gjith\u00e7ka nisi nga nj\u00eb intervist\u00eb virtuale q\u00eb ai realizoi n\u00eb rrjetet sociale me ndjek\u00ebsit. \u201cDo marr\u00ebsh pjes\u00eb n\u00eb Festivalin 61 si konkurrent?\u201d-&nbsp;ishte pyetja e nj\u00eb ndjek\u00ebsi q\u00eb u pasua nga [&hellip;]<\/p>\n","protected":false},"author":2,"featured_media":12813,"comment_status":"open","ping_status":"open","sticky":false,"template":"","format":"standard","meta":{"footnotes":""},"categories":[33],"tags":[],"class_list":{"0":"post-12811","1":"post","2":"type-post","3":"status-publish","4":"format-standard","5":"has-post-thumbnail","7":"category-showbiz"},"yoast_head":"<!-- This site is optimized with the Yoast SEO plugin v27.4 - https:\/\/yoast.com\/product\/yoast-seo-wordpress\/ -->\n<title>\u201cRTSH duhet t\u00eb m\u00eb likuidoj\u00eb borxhet\u201d\/ Ardit \u00c7uni shp\u00ebrthen ashp\u00ebr n\u00eb rrjetet sociale - blogin.al<\/title>\n<meta name=\"robots\" content=\"index, follow, max-snippet:-1, max-image-preview:large, max-video-preview:-1\" \/>\n<link rel=\"canonical\" href=\"https:\/\/blogin.al\/?p=12811\" \/>\n<meta property=\"og:locale\" content=\"en_US\" \/>\n<meta property=\"og:type\" content=\"article\" \/>\n<meta property=\"og:title\" content=\"\u201cRTSH duhet t\u00eb m\u00eb likuidoj\u00eb borxhet\u201d\/ Ardit \u00c7uni shp\u00ebrthen ashp\u00ebr n\u00eb rrjetet sociale - blogin.al\" \/>\n<meta property=\"og:description\" content=\"K\u00ebng\u00ebtari Ardit \u00c7uni, i cili ishte pjes\u00eb e ekipit shqiptar n\u00eb Eurovision, ka b\u00ebr\u00eb deklarata t\u00eb forta ndaj organizator\u00ebve t\u00eb Festivalit t\u00eb K\u00ebng\u00ebs n\u00eb RTSH. Gjith\u00e7ka nisi nga nj\u00eb intervist\u00eb virtuale q\u00eb ai realizoi n\u00eb rrjetet sociale me ndjek\u00ebsit. \u201cDo marr\u00ebsh pjes\u00eb n\u00eb Festivalin 61 si konkurrent?\u201d-&nbsp;ishte pyetja e nj\u00eb ndjek\u00ebsi q\u00eb u pasua nga [&hellip;]\" \/>\n<meta property=\"og:url\" content=\"https:\/\/blogin.al\/?p=12811\" \/>\n<meta property=\"og:site_name\" content=\"blogin.al\" \/>\n<meta property=\"article:published_time\" content=\"2022-08-20T09:23:59+00:00\" \/>\n<meta property=\"article:modified_time\" content=\"2022-08-20T09:24:00+00:00\" \/>\n<meta property=\"og:image\" content=\"https:\/\/blogin.al\/wp-content\/uploads\/2022\/08\/ardit-cuni.jpg\" \/>\n\t<meta property=\"og:image:width\" content=\"944\" \/>\n\t<meta property=\"og:image:height\" content=\"845\" \/>\n\t<meta property=\"og:image:type\" content=\"image\/jpeg\" \/>\n<meta name=\"author\" content=\"Blogin al\" \/>\n<meta name=\"twitter:card\" content=\"summary_large_image\" \/>\n<meta name=\"twitter:label1\" content=\"Written by\" \/>\n\t<meta name=\"twitter:data1\" content=\"Blogin al\" \/>\n\t<meta name=\"twitter:label2\" content=\"Est. reading time\" \/>\n\t<meta name=\"twitter:data2\" content=\"1 minute\" \/>\n<script type=\"application\/ld+json\" class=\"yoast-schema-graph\">{\"@context\":\"https:\\\/\\\/schema.org\",\"@graph\":[{\"@type\":\"Article\",\"@id\":\"https:\\\/\\\/blogin.al\\\/?p=12811#article\",\"isPartOf\":{\"@id\":\"https:\\\/\\\/blogin.al\\\/?p=12811\"},\"author\":{\"name\":\"Blogin al\",\"@id\":\"https:\\\/\\\/blogin.al\\\/#\\\/schema\\\/person\\\/abdd56bc912cd511db877b852b115399\"},\"headline\":\"\u201cRTSH duhet t\u00eb m\u00eb likuidoj\u00eb borxhet\u201d\\\/ Ardit \u00c7uni shp\u00ebrthen ashp\u00ebr n\u00eb rrjetet sociale\",\"datePublished\":\"2022-08-20T09:23:59+00:00\",\"dateModified\":\"2022-08-20T09:24:00+00:00\",\"mainEntityOfPage\":{\"@id\":\"https:\\\/\\\/blogin.al\\\/?p=12811\"},\"wordCount\":216,\"commentCount\":0,\"publisher\":{\"@id\":\"https:\\\/\\\/blogin.al\\\/#organization\"},\"image\":{\"@id\":\"https:\\\/\\\/blogin.al\\\/?p=12811#primaryimage\"},\"thumbnailUrl\":\"https:\\\/\\\/blogin.al\\\/wp-content\\\/uploads\\\/2022\\\/08\\\/ardit-cuni.jpg\",\"articleSection\":[\"SHOWBIZ\"],\"inLanguage\":\"en-US\",\"potentialAction\":[{\"@type\":\"CommentAction\",\"name\":\"Comment\",\"target\":[\"https:\\\/\\\/blogin.al\\\/?p=12811#respond\"]}]},{\"@type\":\"WebPage\",\"@id\":\"https:\\\/\\\/blogin.al\\\/?p=12811\",\"url\":\"https:\\\/\\\/blogin.al\\\/?p=12811\",\"name\":\"\u201cRTSH duhet t\u00eb m\u00eb likuidoj\u00eb borxhet\u201d\\\/ Ardit \u00c7uni shp\u00ebrthen ashp\u00ebr n\u00eb rrjetet sociale - blogin.al\",\"isPartOf\":{\"@id\":\"https:\\\/\\\/blogin.al\\\/#website\"},\"primaryImageOfPage\":{\"@id\":\"https:\\\/\\\/blogin.al\\\/?p=12811#primaryimage\"},\"image\":{\"@id\":\"https:\\\/\\\/blogin.al\\\/?p=12811#primaryimage\"},\"thumbnailUrl\":\"https:\\\/\\\/blogin.al\\\/wp-content\\\/uploads\\\/2022\\\/08\\\/ardit-cuni.jpg\",\"datePublished\":\"2022-08-20T09:23:59+00:00\",\"dateModified\":\"2022-08-20T09:24:00+00:00\",\"breadcrumb\":{\"@id\":\"https:\\\/\\\/blogin.al\\\/?p=12811#breadcrumb\"},\"inLanguage\":\"en-US\",\"potentialAction\":[{\"@type\":\"ReadAction\",\"target\":[\"https:\\\/\\\/blogin.al\\\/?p=12811\"]}]},{\"@type\":\"ImageObject\",\"inLanguage\":\"en-US\",\"@id\":\"https:\\\/\\\/blogin.al\\\/?p=12811#primaryimage\",\"url\":\"https:\\\/\\\/blogin.al\\\/wp-content\\\/uploads\\\/2022\\\/08\\\/ardit-cuni.jpg\",\"contentUrl\":\"https:\\\/\\\/blogin.al\\\/wp-content\\\/uploads\\\/2022\\\/08\\\/ardit-cuni.jpg\",\"width\":944,\"height\":845},{\"@type\":\"BreadcrumbList\",\"@id\":\"https:\\\/\\\/blogin.al\\\/?p=12811#breadcrumb\",\"itemListElement\":[{\"@type\":\"ListItem\",\"position\":1,\"name\":\"Home\",\"item\":\"https:\\\/\\\/blogin.al\\\/\"},{\"@type\":\"ListItem\",\"position\":2,\"name\":\"\u201cRTSH duhet t\u00eb m\u00eb likuidoj\u00eb borxhet\u201d\\\/ Ardit \u00c7uni shp\u00ebrthen ashp\u00ebr n\u00eb rrjetet sociale\"}]},{\"@type\":\"WebSite\",\"@id\":\"https:\\\/\\\/blogin.al\\\/#website\",\"url\":\"https:\\\/\\\/blogin.al\\\/\",\"name\":\"blogin.al\",\"description\":\"\",\"publisher\":{\"@id\":\"https:\\\/\\\/blogin.al\\\/#organization\"},\"potentialAction\":[{\"@type\":\"SearchAction\",\"target\":{\"@type\":\"EntryPoint\",\"urlTemplate\":\"https:\\\/\\\/blogin.al\\\/?s={search_term_string}\"},\"query-input\":{\"@type\":\"PropertyValueSpecification\",\"valueRequired\":true,\"valueName\":\"search_term_string\"}}],\"inLanguage\":\"en-US\"},{\"@type\":\"Organization\",\"@id\":\"https:\\\/\\\/blogin.al\\\/#organization\",\"name\":\"BLOGIN.al\",\"url\":\"https:\\\/\\\/blogin.al\\\/\",\"logo\":{\"@type\":\"ImageObject\",\"inLanguage\":\"en-US\",\"@id\":\"https:\\\/\\\/blogin.al\\\/#\\\/schema\\\/logo\\\/image\\\/\",\"url\":\"https:\\\/\\\/blogin.al\\\/wp-content\\\/uploads\\\/2022\\\/05\\\/Untitled-2-01-e1652084456514.png\",\"contentUrl\":\"https:\\\/\\\/blogin.al\\\/wp-content\\\/uploads\\\/2022\\\/05\\\/Untitled-2-01-e1652084456514.png\",\"width\":3723,\"height\":1698,\"caption\":\"BLOGIN.al\"},\"image\":{\"@id\":\"https:\\\/\\\/blogin.al\\\/#\\\/schema\\\/logo\\\/image\\\/\"},\"sameAs\":[\"https:\\\/\\\/instagram.com\\\/blogin.al\\\/\"]},{\"@type\":\"Person\",\"@id\":\"https:\\\/\\\/blogin.al\\\/#\\\/schema\\\/person\\\/abdd56bc912cd511db877b852b115399\",\"name\":\"Blogin al\",\"image\":{\"@type\":\"ImageObject\",\"inLanguage\":\"en-US\",\"@id\":\"https:\\\/\\\/secure.gravatar.com\\\/avatar\\\/60d5661aee6e835fb13dc75d2204cd0c1d61bef2efd137c0083e59ef831e235e?s=96&d=mm&r=g\",\"url\":\"https:\\\/\\\/secure.gravatar.com\\\/avatar\\\/60d5661aee6e835fb13dc75d2204cd0c1d61bef2efd137c0083e59ef831e235e?s=96&d=mm&r=g\",\"contentUrl\":\"https:\\\/\\\/secure.gravatar.com\\\/avatar\\\/60d5661aee6e835fb13dc75d2204cd0c1d61bef2efd137c0083e59ef831e235e?s=96&d=mm&r=g\",\"caption\":\"Blogin al\"},\"sameAs\":[\"https:\\\/\\\/blogin.al\"],\"url\":\"https:\\\/\\\/blogin.al\\\/?author=2\"}]}<\/script>\n<!-- \/ Yoast SEO plugin. -->","yoast_head_json":{"title":"\u201cRTSH duhet t\u00eb m\u00eb likuidoj\u00eb borxhet\u201d\/ Ardit \u00c7uni shp\u00ebrthen ashp\u00ebr n\u00eb rrjetet sociale - blogin.al","robots":{"index":"index","follow":"follow","max-snippet":"max-snippet:-1","max-image-preview":"max-image-preview:large","max-video-preview":"max-video-preview:-1"},"canonical":"https:\/\/blogin.al\/?p=12811","og_locale":"en_US","og_type":"article","og_title":"\u201cRTSH duhet t\u00eb m\u00eb likuidoj\u00eb borxhet\u201d\/ Ardit \u00c7uni shp\u00ebrthen ashp\u00ebr n\u00eb rrjetet sociale - blogin.al","og_description":"K\u00ebng\u00ebtari Ardit \u00c7uni, i cili ishte pjes\u00eb e ekipit shqiptar n\u00eb Eurovision, ka b\u00ebr\u00eb deklarata t\u00eb forta ndaj organizator\u00ebve t\u00eb Festivalit t\u00eb K\u00ebng\u00ebs n\u00eb RTSH. Gjith\u00e7ka nisi nga nj\u00eb intervist\u00eb virtuale q\u00eb ai realizoi n\u00eb rrjetet sociale me ndjek\u00ebsit. \u201cDo marr\u00ebsh pjes\u00eb n\u00eb Festivalin 61 si konkurrent?\u201d-&nbsp;ishte pyetja e nj\u00eb ndjek\u00ebsi q\u00eb u pasua nga [&hellip;]","og_url":"https:\/\/blogin.al\/?p=12811","og_site_name":"blogin.al","article_published_time":"2022-08-20T09:23:59+00:00","article_modified_time":"2022-08-20T09:24:00+00:00","og_image":[{"width":944,"height":845,"url":"https:\/\/blogin.al\/wp-content\/uploads\/2022\/08\/ardit-cuni.jpg","type":"image\/jpeg"}],"author":"Blogin al","twitter_card":"summary_large_image","twitter_misc":{"Written by":"Blogin al","Est. reading time":"1 minute"},"schema":{"@context":"https:\/\/schema.org","@graph":[{"@type":"Article","@id":"https:\/\/blogin.al\/?p=12811#article","isPartOf":{"@id":"https:\/\/blogin.al\/?p=12811"},"author":{"name":"Blogin al","@id":"https:\/\/blogin.al\/#\/schema\/person\/abdd56bc912cd511db877b852b115399"},"headline":"\u201cRTSH duhet t\u00eb m\u00eb likuidoj\u00eb borxhet\u201d\/ Ardit \u00c7uni shp\u00ebrthen ashp\u00ebr n\u00eb rrjetet sociale","datePublished":"2022-08-20T09:23:59+00:00","dateModified":"2022-08-20T09:24:00+00:00","mainEntityOfPage":{"@id":"https:\/\/blogin.al\/?p=12811"},"wordCount":216,"commentCount":0,"publisher":{"@id":"https:\/\/blogin.al\/#organization"},"image":{"@id":"https:\/\/blogin.al\/?p=12811#primaryimage"},"thumbnailUrl":"https:\/\/blogin.al\/wp-content\/uploads\/2022\/08\/ardit-cuni.jpg","articleSection":["SHOWBIZ"],"inLanguage":"en-US","potentialAction":[{"@type":"CommentAction","name":"Comment","target":["https:\/\/blogin.al\/?p=12811#respond"]}]},{"@type":"WebPage","@id":"https:\/\/blogin.al\/?p=12811","url":"https:\/\/blogin.al\/?p=12811","name":"\u201cRTSH duhet t\u00eb m\u00eb likuidoj\u00eb borxhet\u201d\/ Ardit \u00c7uni shp\u00ebrthen ashp\u00ebr n\u00eb rrjetet sociale - blogin.al","isPartOf":{"@id":"https:\/\/blogin.al\/#website"},"primaryImageOfPage":{"@id":"https:\/\/blogin.al\/?p=12811#primaryimage"},"image":{"@id":"https:\/\/blogin.al\/?p=12811#primaryimage"},"thumbnailUrl":"https:\/\/blogin.al\/wp-content\/uploads\/2022\/08\/ardit-cuni.jpg","datePublished":"2022-08-20T09:23:59+00:00","dateModified":"2022-08-20T09:24:00+00:00","breadcrumb":{"@id":"https:\/\/blogin.al\/?p=12811#breadcrumb"},"inLanguage":"en-US","potentialAction":[{"@type":"ReadAction","target":["https:\/\/blogin.al\/?p=12811"]}]},{"@type":"ImageObject","inLanguage":"en-US","@id":"https:\/\/blogin.al\/?p=12811#primaryimage","url":"https:\/\/blogin.al\/wp-content\/uploads\/2022\/08\/ardit-cuni.jpg","contentUrl":"https:\/\/blogin.al\/wp-content\/uploads\/2022\/08\/ardit-cuni.jpg","width":944,"height":845},{"@type":"BreadcrumbList","@id":"https:\/\/blogin.al\/?p=12811#breadcrumb","itemListElement":[{"@type":"ListItem","position":1,"name":"Home","item":"https:\/\/blogin.al\/"},{"@type":"ListItem","position":2,"name":"\u201cRTSH duhet t\u00eb m\u00eb likuidoj\u00eb borxhet\u201d\/ Ardit \u00c7uni shp\u00ebrthen ashp\u00ebr n\u00eb rrjetet sociale"}]},{"@type":"WebSite","@id":"https:\/\/blogin.al\/#website","url":"https:\/\/blogin.al\/","name":"blogin.al","description":"","publisher":{"@id":"https:\/\/blogin.al\/#organization"},"potentialAction":[{"@type":"SearchAction","target":{"@type":"EntryPoint","urlTemplate":"https:\/\/blogin.al\/?s={search_term_string}"},"query-input":{"@type":"PropertyValueSpecification","valueRequired":true,"valueName":"search_term_string"}}],"inLanguage":"en-US"},{"@type":"Organization","@id":"https:\/\/blogin.al\/#organization","name":"BLOGIN.al","url":"https:\/\/blogin.al\/","logo":{"@type":"ImageObject","inLanguage":"en-US","@id":"https:\/\/blogin.al\/#\/schema\/logo\/image\/","url":"https:\/\/blogin.al\/wp-content\/uploads\/2022\/05\/Untitled-2-01-e1652084456514.png","contentUrl":"https:\/\/blogin.al\/wp-content\/uploads\/2022\/05\/Untitled-2-01-e1652084456514.png","width":3723,"height":1698,"caption":"BLOGIN.al"},"image":{"@id":"https:\/\/blogin.al\/#\/schema\/logo\/image\/"},"sameAs":["https:\/\/instagram.com\/blogin.al\/"]},{"@type":"Person","@id":"https:\/\/blogin.al\/#\/schema\/person\/abdd56bc912cd511db877b852b115399","name":"Blogin al","image":{"@type":"ImageObject","inLanguage":"en-US","@id":"https:\/\/secure.gravatar.com\/avatar\/60d5661aee6e835fb13dc75d2204cd0c1d61bef2efd137c0083e59ef831e235e?s=96&d=mm&r=g","url":"https:\/\/secure.gravatar.com\/avatar\/60d5661aee6e835fb13dc75d2204cd0c1d61bef2efd137c0083e59ef831e235e?s=96&d=mm&r=g","contentUrl":"https:\/\/secure.gravatar.com\/avatar\/60d5661aee6e835fb13dc75d2204cd0c1d61bef2efd137c0083e59ef831e235e?s=96&d=mm&r=g","caption":"Blogin al"},"sameAs":["https:\/\/blogin.al"],"url":"https:\/\/blogin.al\/?author=2"}]}},"_links":{"self":[{"href":"https:\/\/blogin.al\/index.php?rest_route=\/wp\/v2\/posts\/12811","targetHints":{"allow":["GET"]}}],"collection":[{"href":"https:\/\/blogin.al\/index.php?rest_route=\/wp\/v2\/posts"}],"about":[{"href":"https:\/\/blogin.al\/index.php?rest_route=\/wp\/v2\/types\/post"}],"author":[{"embeddable":true,"href":"https:\/\/blogin.al\/index.php?rest_route=\/wp\/v2\/users\/2"}],"replies":[{"embeddable":true,"href":"https:\/\/blogin.al\/index.php?rest_route=%2Fwp%2Fv2%2Fcomments&post=12811"}],"version-history":[{"count":1,"href":"https:\/\/blogin.al\/index.php?rest_route=\/wp\/v2\/posts\/12811\/revisions"}],"predecessor-version":[{"id":12814,"href":"https:\/\/blogin.al\/index.php?rest_route=\/wp\/v2\/posts\/12811\/revisions\/12814"}],"wp:featuredmedia":[{"embeddable":true,"href":"https:\/\/blogin.al\/index.php?rest_route=\/wp\/v2\/media\/12813"}],"wp:attachment":[{"href":"https:\/\/blogin.al\/index.php?rest_route=%2Fwp%2Fv2%2Fmedia&parent=12811"}],"wp:term":[{"taxonomy":"category","embeddable":true,"href":"https:\/\/blogin.al\/index.php?rest_route=%2Fwp%2Fv2%2Fcategories&post=12811"},{"taxonomy":"post_tag","embeddable":true,"href":"https:\/\/blogin.al\/index.php?rest_route=%2Fwp%2Fv2%2Ftags&post=12811"}],"curies":[{"name":"wp","href":"https:\/\/api.w.org\/{rel}","templated":true}]}}