{"id":12871,"date":"2022-08-21T10:04:23","date_gmt":"2022-08-21T10:04:23","guid":{"rendered":"https:\/\/blogin.al\/?p=12871"},"modified":"2022-08-21T10:04:25","modified_gmt":"2022-08-21T10:04:25","slug":"e-cilesoi-si-gabim-melisa-llesi-i-pergjigjet-ashper-andi-shehit","status":"publish","type":"post","link":"https:\/\/blogin.al\/?p=12871","title":{"rendered":"E cil\u00ebsoi si \u201cgabim\u201d, Melisa Llesi i p\u00ebrgjigjet ashp\u00ebr Andi Shehit"},"content":{"rendered":"\n<p><strong>Armando Shehi dhe Melisa Lleshi ishin nj\u00eb nd\u00ebr \u00e7iftet m\u00eb t\u00eb p\u00ebrfolur t\u00eb emisionit \u201cP\u00ebr\u2019puthen\u201d.<\/strong><\/p>\n\n\n\n<p>Dhe pse dyshja kan\u00eb patur z\u00ebnka dhe keqkuptime mes nj\u00ebri-tjetrit duke i pasqyrar k\u00ebshtu dhe n\u00eb rrjetet sociale duket se k\u00ebsaj her\u00eb ndarja mes tyre ishte p\u00ebrfundimtare. Andi ka treguar gjat\u00eb nj\u00eb interviste se lidhja mes tyre u b\u00eb toksike dhe se ziheshin shum\u00eb, k\u00ebshtu q\u00eb vendos\u00ebn t\u2019i jepnin fund marr\u00ebdh\u00ebnies.<\/p>\n\n\n\n<p>S\u00eb fundmi ish-konkurrenti realizoi nj\u00eb bised\u00eb virtuale me ndjek\u00ebsit e tij, ku nuk munguan dhe pyetjet rreth jet\u00ebs s\u00eb tij\u00a0sentimentale.<\/p>\n\n\n\n<p>Andi u pyet nga ndjek\u00ebsit n\u00ebse ka di\u00e7ka q\u00eb ai do t\u00eb d\u00ebshironte ta kthente pas. Sipas tij \u00e7do gj\u00eb ndodh p\u00ebr nj\u00eb arsye dhe \u00ebsht\u00eb m\u00eb mir\u00eb q\u00eb t\u00eb m\u00ebsosh nga gj\u00ebrat q\u00eb ke humbur, duke iu referuar k\u00ebshtu dhe lidhjes s\u00eb tij me Melis\u00ebn.<\/p>\n\n\n\n<p>Por nuk ka munguar as reagimi nga ana e Melis\u00ebs. Ish-konkurrentja e P\u00ebr\u2019puthen ka publikuar n\u00eb Instastory nj\u00eb k\u00ebnge q\u00eb i referohet nj\u00eb dashurie t\u00eb shkuar.<\/p>\n\n\n\n<p><strong>\u201cBudallai mendon se kam nevoj\u00eb p\u00ebr t\u00eb. Asgj\u00eb tek ty nuk m\u00eb t\u00ebrheq m\u00eb. T\u00eb b\u00ebj bllok, t\u00eb shmang tani. Por m\u00eb p\u00eblqen si dukesh kur m\u00eb lutesh. Ti uron q\u00eb un\u00eb t\u00eb t\u00eb mungoj, por ik tutje, largohu\u201d-<\/strong>\u00a0jan\u00eb disa nga rreshtat e publikuar nga Melisa.<\/p>\n\n\n\n<figure class=\"wp-block-image size-large is-style-default\"><img fetchpriority=\"high\" decoding=\"async\" width=\"576\" height=\"1024\" src=\"https:\/\/blogin.al\/wp-content\/uploads\/2022\/08\/melisa-576x1024.jpeg\" alt=\"\" class=\"wp-image-12872\" srcset=\"https:\/\/blogin.al\/wp-content\/uploads\/2022\/08\/melisa-576x1024.jpeg 576w, https:\/\/blogin.al\/wp-content\/uploads\/2022\/08\/melisa-169x300.jpeg 169w, https:\/\/blogin.al\/wp-content\/uploads\/2022\/08\/melisa-150x267.jpeg 150w, https:\/\/blogin.al\/wp-content\/uploads\/2022\/08\/melisa-300x533.jpeg 300w, https:\/\/blogin.al\/wp-content\/uploads\/2022\/08\/melisa.jpeg 640w\" sizes=\"(max-width: 576px) 100vw, 576px\" \/><\/figure>\n\n\n\n<figure class=\"wp-block-image size-large is-style-default\"><img decoding=\"async\" width=\"578\" height=\"1024\" src=\"https:\/\/blogin.al\/wp-content\/uploads\/2022\/08\/melisa1-578x1024.jpeg\" alt=\"\" class=\"wp-image-12873\" srcset=\"https:\/\/blogin.al\/wp-content\/uploads\/2022\/08\/melisa1-578x1024.jpeg 578w, https:\/\/blogin.al\/wp-content\/uploads\/2022\/08\/melisa1-169x300.jpeg 169w, https:\/\/blogin.al\/wp-content\/uploads\/2022\/08\/melisa1-150x266.jpeg 150w, https:\/\/blogin.al\/wp-content\/uploads\/2022\/08\/melisa1-300x532.jpeg 300w, https:\/\/blogin.al\/wp-content\/uploads\/2022\/08\/melisa1.jpeg 640w\" sizes=\"(max-width: 578px) 100vw, 578px\" \/><\/figure>\n\n\n\n<figure class=\"wp-block-image size-large is-style-default\"><img decoding=\"async\" width=\"580\" height=\"1024\" src=\"https:\/\/blogin.al\/wp-content\/uploads\/2022\/08\/meslisa2-580x1024.jpeg\" alt=\"\" class=\"wp-image-12874\" srcset=\"https:\/\/blogin.al\/wp-content\/uploads\/2022\/08\/meslisa2-580x1024.jpeg 580w, https:\/\/blogin.al\/wp-content\/uploads\/2022\/08\/meslisa2-170x300.jpeg 170w, https:\/\/blogin.al\/wp-content\/uploads\/2022\/08\/meslisa2-150x265.jpeg 150w, https:\/\/blogin.al\/wp-content\/uploads\/2022\/08\/meslisa2-300x529.jpeg 300w, https:\/\/blogin.al\/wp-content\/uploads\/2022\/08\/meslisa2.jpeg 640w\" sizes=\"(max-width: 580px) 100vw, 580px\" \/><\/figure>\n","protected":false},"excerpt":{"rendered":"<p>Armando Shehi dhe Melisa Lleshi ishin nj\u00eb nd\u00ebr \u00e7iftet m\u00eb t\u00eb p\u00ebrfolur t\u00eb emisionit \u201cP\u00ebr\u2019puthen\u201d. Dhe pse dyshja kan\u00eb patur z\u00ebnka dhe keqkuptime mes nj\u00ebri-tjetrit duke i pasqyrar k\u00ebshtu dhe n\u00eb rrjetet sociale duket se k\u00ebsaj her\u00eb ndarja mes tyre ishte p\u00ebrfundimtare. Andi ka treguar gjat\u00eb nj\u00eb interviste se lidhja mes tyre u b\u00eb toksike [&hellip;]<\/p>\n","protected":false},"author":2,"featured_media":8076,"comment_status":"open","ping_status":"open","sticky":false,"template":"","format":"standard","meta":{"footnotes":""},"categories":[33],"tags":[],"class_list":{"0":"post-12871","1":"post","2":"type-post","3":"status-publish","4":"format-standard","5":"has-post-thumbnail","7":"category-showbiz"},"yoast_head":"<!-- This site is optimized with the Yoast SEO plugin v27.4 - https:\/\/yoast.com\/product\/yoast-seo-wordpress\/ -->\n<title>E cil\u00ebsoi si \u201cgabim\u201d, Melisa Llesi i p\u00ebrgjigjet ashp\u00ebr Andi Shehit - blogin.al<\/title>\n<meta name=\"robots\" content=\"index, follow, max-snippet:-1, max-image-preview:large, max-video-preview:-1\" \/>\n<link rel=\"canonical\" href=\"https:\/\/blogin.al\/?p=12871\" \/>\n<meta property=\"og:locale\" content=\"en_US\" \/>\n<meta property=\"og:type\" content=\"article\" \/>\n<meta property=\"og:title\" content=\"E cil\u00ebsoi si \u201cgabim\u201d, Melisa Llesi i p\u00ebrgjigjet ashp\u00ebr Andi Shehit - blogin.al\" \/>\n<meta property=\"og:description\" content=\"Armando Shehi dhe Melisa Lleshi ishin nj\u00eb nd\u00ebr \u00e7iftet m\u00eb t\u00eb p\u00ebrfolur t\u00eb emisionit \u201cP\u00ebr\u2019puthen\u201d. Dhe pse dyshja kan\u00eb patur z\u00ebnka dhe keqkuptime mes nj\u00ebri-tjetrit duke i pasqyrar k\u00ebshtu dhe n\u00eb rrjetet sociale duket se k\u00ebsaj her\u00eb ndarja mes tyre ishte p\u00ebrfundimtare. Andi ka treguar gjat\u00eb nj\u00eb interviste se lidhja mes tyre u b\u00eb toksike [&hellip;]\" \/>\n<meta property=\"og:url\" content=\"https:\/\/blogin.al\/?p=12871\" \/>\n<meta property=\"og:site_name\" content=\"blogin.al\" \/>\n<meta property=\"article:published_time\" content=\"2022-08-21T10:04:23+00:00\" \/>\n<meta property=\"article:modified_time\" content=\"2022-08-21T10:04:25+00:00\" \/>\n<meta property=\"og:image\" content=\"https:\/\/blogin.al\/wp-content\/uploads\/2022\/06\/andi-melisa-1.webp\" \/>\n\t<meta property=\"og:image:width\" content=\"679\" \/>\n\t<meta property=\"og:image:height\" content=\"515\" \/>\n\t<meta property=\"og:image:type\" content=\"image\/webp\" \/>\n<meta name=\"author\" content=\"Blogin al\" \/>\n<meta name=\"twitter:card\" content=\"summary_large_image\" \/>\n<meta name=\"twitter:label1\" content=\"Written by\" \/>\n\t<meta name=\"twitter:data1\" content=\"Blogin al\" \/>\n\t<meta name=\"twitter:label2\" content=\"Est. reading time\" \/>\n\t<meta name=\"twitter:data2\" content=\"2 minutes\" \/>\n<script type=\"application\/ld+json\" class=\"yoast-schema-graph\">{\"@context\":\"https:\\\/\\\/schema.org\",\"@graph\":[{\"@type\":\"Article\",\"@id\":\"https:\\\/\\\/blogin.al\\\/?p=12871#article\",\"isPartOf\":{\"@id\":\"https:\\\/\\\/blogin.al\\\/?p=12871\"},\"author\":{\"name\":\"Blogin al\",\"@id\":\"https:\\\/\\\/blogin.al\\\/#\\\/schema\\\/person\\\/abdd56bc912cd511db877b852b115399\"},\"headline\":\"E cil\u00ebsoi si \u201cgabim\u201d, Melisa Llesi i p\u00ebrgjigjet ashp\u00ebr Andi Shehit\",\"datePublished\":\"2022-08-21T10:04:23+00:00\",\"dateModified\":\"2022-08-21T10:04:25+00:00\",\"mainEntityOfPage\":{\"@id\":\"https:\\\/\\\/blogin.al\\\/?p=12871\"},\"wordCount\":254,\"commentCount\":0,\"publisher\":{\"@id\":\"https:\\\/\\\/blogin.al\\\/#organization\"},\"image\":{\"@id\":\"https:\\\/\\\/blogin.al\\\/?p=12871#primaryimage\"},\"thumbnailUrl\":\"https:\\\/\\\/blogin.al\\\/wp-content\\\/uploads\\\/2022\\\/06\\\/andi-melisa-1.webp\",\"articleSection\":[\"SHOWBIZ\"],\"inLanguage\":\"en-US\",\"potentialAction\":[{\"@type\":\"CommentAction\",\"name\":\"Comment\",\"target\":[\"https:\\\/\\\/blogin.al\\\/?p=12871#respond\"]}]},{\"@type\":\"WebPage\",\"@id\":\"https:\\\/\\\/blogin.al\\\/?p=12871\",\"url\":\"https:\\\/\\\/blogin.al\\\/?p=12871\",\"name\":\"E cil\u00ebsoi si \u201cgabim\u201d, Melisa Llesi i p\u00ebrgjigjet ashp\u00ebr Andi Shehit - blogin.al\",\"isPartOf\":{\"@id\":\"https:\\\/\\\/blogin.al\\\/#website\"},\"primaryImageOfPage\":{\"@id\":\"https:\\\/\\\/blogin.al\\\/?p=12871#primaryimage\"},\"image\":{\"@id\":\"https:\\\/\\\/blogin.al\\\/?p=12871#primaryimage\"},\"thumbnailUrl\":\"https:\\\/\\\/blogin.al\\\/wp-content\\\/uploads\\\/2022\\\/06\\\/andi-melisa-1.webp\",\"datePublished\":\"2022-08-21T10:04:23+00:00\",\"dateModified\":\"2022-08-21T10:04:25+00:00\",\"breadcrumb\":{\"@id\":\"https:\\\/\\\/blogin.al\\\/?p=12871#breadcrumb\"},\"inLanguage\":\"en-US\",\"potentialAction\":[{\"@type\":\"ReadAction\",\"target\":[\"https:\\\/\\\/blogin.al\\\/?p=12871\"]}]},{\"@type\":\"ImageObject\",\"inLanguage\":\"en-US\",\"@id\":\"https:\\\/\\\/blogin.al\\\/?p=12871#primaryimage\",\"url\":\"https:\\\/\\\/blogin.al\\\/wp-content\\\/uploads\\\/2022\\\/06\\\/andi-melisa-1.webp\",\"contentUrl\":\"https:\\\/\\\/blogin.al\\\/wp-content\\\/uploads\\\/2022\\\/06\\\/andi-melisa-1.webp\",\"width\":679,\"height\":515},{\"@type\":\"BreadcrumbList\",\"@id\":\"https:\\\/\\\/blogin.al\\\/?p=12871#breadcrumb\",\"itemListElement\":[{\"@type\":\"ListItem\",\"position\":1,\"name\":\"Home\",\"item\":\"https:\\\/\\\/blogin.al\\\/\"},{\"@type\":\"ListItem\",\"position\":2,\"name\":\"E cil\u00ebsoi si \u201cgabim\u201d, Melisa Llesi i p\u00ebrgjigjet ashp\u00ebr Andi Shehit\"}]},{\"@type\":\"WebSite\",\"@id\":\"https:\\\/\\\/blogin.al\\\/#website\",\"url\":\"https:\\\/\\\/blogin.al\\\/\",\"name\":\"blogin.al\",\"description\":\"\",\"publisher\":{\"@id\":\"https:\\\/\\\/blogin.al\\\/#organization\"},\"potentialAction\":[{\"@type\":\"SearchAction\",\"target\":{\"@type\":\"EntryPoint\",\"urlTemplate\":\"https:\\\/\\\/blogin.al\\\/?s={search_term_string}\"},\"query-input\":{\"@type\":\"PropertyValueSpecification\",\"valueRequired\":true,\"valueName\":\"search_term_string\"}}],\"inLanguage\":\"en-US\"},{\"@type\":\"Organization\",\"@id\":\"https:\\\/\\\/blogin.al\\\/#organization\",\"name\":\"BLOGIN.al\",\"url\":\"https:\\\/\\\/blogin.al\\\/\",\"logo\":{\"@type\":\"ImageObject\",\"inLanguage\":\"en-US\",\"@id\":\"https:\\\/\\\/blogin.al\\\/#\\\/schema\\\/logo\\\/image\\\/\",\"url\":\"https:\\\/\\\/blogin.al\\\/wp-content\\\/uploads\\\/2022\\\/05\\\/Untitled-2-01-e1652084456514.png\",\"contentUrl\":\"https:\\\/\\\/blogin.al\\\/wp-content\\\/uploads\\\/2022\\\/05\\\/Untitled-2-01-e1652084456514.png\",\"width\":3723,\"height\":1698,\"caption\":\"BLOGIN.al\"},\"image\":{\"@id\":\"https:\\\/\\\/blogin.al\\\/#\\\/schema\\\/logo\\\/image\\\/\"},\"sameAs\":[\"https:\\\/\\\/instagram.com\\\/blogin.al\\\/\"]},{\"@type\":\"Person\",\"@id\":\"https:\\\/\\\/blogin.al\\\/#\\\/schema\\\/person\\\/abdd56bc912cd511db877b852b115399\",\"name\":\"Blogin al\",\"image\":{\"@type\":\"ImageObject\",\"inLanguage\":\"en-US\",\"@id\":\"https:\\\/\\\/secure.gravatar.com\\\/avatar\\\/60d5661aee6e835fb13dc75d2204cd0c1d61bef2efd137c0083e59ef831e235e?s=96&d=mm&r=g\",\"url\":\"https:\\\/\\\/secure.gravatar.com\\\/avatar\\\/60d5661aee6e835fb13dc75d2204cd0c1d61bef2efd137c0083e59ef831e235e?s=96&d=mm&r=g\",\"contentUrl\":\"https:\\\/\\\/secure.gravatar.com\\\/avatar\\\/60d5661aee6e835fb13dc75d2204cd0c1d61bef2efd137c0083e59ef831e235e?s=96&d=mm&r=g\",\"caption\":\"Blogin al\"},\"sameAs\":[\"https:\\\/\\\/blogin.al\"],\"url\":\"https:\\\/\\\/blogin.al\\\/?author=2\"}]}<\/script>\n<!-- \/ Yoast SEO plugin. -->","yoast_head_json":{"title":"E cil\u00ebsoi si \u201cgabim\u201d, Melisa Llesi i p\u00ebrgjigjet ashp\u00ebr Andi Shehit - blogin.al","robots":{"index":"index","follow":"follow","max-snippet":"max-snippet:-1","max-image-preview":"max-image-preview:large","max-video-preview":"max-video-preview:-1"},"canonical":"https:\/\/blogin.al\/?p=12871","og_locale":"en_US","og_type":"article","og_title":"E cil\u00ebsoi si \u201cgabim\u201d, Melisa Llesi i p\u00ebrgjigjet ashp\u00ebr Andi Shehit - blogin.al","og_description":"Armando Shehi dhe Melisa Lleshi ishin nj\u00eb nd\u00ebr \u00e7iftet m\u00eb t\u00eb p\u00ebrfolur t\u00eb emisionit \u201cP\u00ebr\u2019puthen\u201d. Dhe pse dyshja kan\u00eb patur z\u00ebnka dhe keqkuptime mes nj\u00ebri-tjetrit duke i pasqyrar k\u00ebshtu dhe n\u00eb rrjetet sociale duket se k\u00ebsaj her\u00eb ndarja mes tyre ishte p\u00ebrfundimtare. Andi ka treguar gjat\u00eb nj\u00eb interviste se lidhja mes tyre u b\u00eb toksike [&hellip;]","og_url":"https:\/\/blogin.al\/?p=12871","og_site_name":"blogin.al","article_published_time":"2022-08-21T10:04:23+00:00","article_modified_time":"2022-08-21T10:04:25+00:00","og_image":[{"width":679,"height":515,"url":"https:\/\/blogin.al\/wp-content\/uploads\/2022\/06\/andi-melisa-1.webp","type":"image\/webp"}],"author":"Blogin al","twitter_card":"summary_large_image","twitter_misc":{"Written by":"Blogin al","Est. reading time":"2 minutes"},"schema":{"@context":"https:\/\/schema.org","@graph":[{"@type":"Article","@id":"https:\/\/blogin.al\/?p=12871#article","isPartOf":{"@id":"https:\/\/blogin.al\/?p=12871"},"author":{"name":"Blogin al","@id":"https:\/\/blogin.al\/#\/schema\/person\/abdd56bc912cd511db877b852b115399"},"headline":"E cil\u00ebsoi si \u201cgabim\u201d, Melisa Llesi i p\u00ebrgjigjet ashp\u00ebr Andi Shehit","datePublished":"2022-08-21T10:04:23+00:00","dateModified":"2022-08-21T10:04:25+00:00","mainEntityOfPage":{"@id":"https:\/\/blogin.al\/?p=12871"},"wordCount":254,"commentCount":0,"publisher":{"@id":"https:\/\/blogin.al\/#organization"},"image":{"@id":"https:\/\/blogin.al\/?p=12871#primaryimage"},"thumbnailUrl":"https:\/\/blogin.al\/wp-content\/uploads\/2022\/06\/andi-melisa-1.webp","articleSection":["SHOWBIZ"],"inLanguage":"en-US","potentialAction":[{"@type":"CommentAction","name":"Comment","target":["https:\/\/blogin.al\/?p=12871#respond"]}]},{"@type":"WebPage","@id":"https:\/\/blogin.al\/?p=12871","url":"https:\/\/blogin.al\/?p=12871","name":"E cil\u00ebsoi si \u201cgabim\u201d, Melisa Llesi i p\u00ebrgjigjet ashp\u00ebr Andi Shehit - blogin.al","isPartOf":{"@id":"https:\/\/blogin.al\/#website"},"primaryImageOfPage":{"@id":"https:\/\/blogin.al\/?p=12871#primaryimage"},"image":{"@id":"https:\/\/blogin.al\/?p=12871#primaryimage"},"thumbnailUrl":"https:\/\/blogin.al\/wp-content\/uploads\/2022\/06\/andi-melisa-1.webp","datePublished":"2022-08-21T10:04:23+00:00","dateModified":"2022-08-21T10:04:25+00:00","breadcrumb":{"@id":"https:\/\/blogin.al\/?p=12871#breadcrumb"},"inLanguage":"en-US","potentialAction":[{"@type":"ReadAction","target":["https:\/\/blogin.al\/?p=12871"]}]},{"@type":"ImageObject","inLanguage":"en-US","@id":"https:\/\/blogin.al\/?p=12871#primaryimage","url":"https:\/\/blogin.al\/wp-content\/uploads\/2022\/06\/andi-melisa-1.webp","contentUrl":"https:\/\/blogin.al\/wp-content\/uploads\/2022\/06\/andi-melisa-1.webp","width":679,"height":515},{"@type":"BreadcrumbList","@id":"https:\/\/blogin.al\/?p=12871#breadcrumb","itemListElement":[{"@type":"ListItem","position":1,"name":"Home","item":"https:\/\/blogin.al\/"},{"@type":"ListItem","position":2,"name":"E cil\u00ebsoi si \u201cgabim\u201d, Melisa Llesi i p\u00ebrgjigjet ashp\u00ebr Andi Shehit"}]},{"@type":"WebSite","@id":"https:\/\/blogin.al\/#website","url":"https:\/\/blogin.al\/","name":"blogin.al","description":"","publisher":{"@id":"https:\/\/blogin.al\/#organization"},"potentialAction":[{"@type":"SearchAction","target":{"@type":"EntryPoint","urlTemplate":"https:\/\/blogin.al\/?s={search_term_string}"},"query-input":{"@type":"PropertyValueSpecification","valueRequired":true,"valueName":"search_term_string"}}],"inLanguage":"en-US"},{"@type":"Organization","@id":"https:\/\/blogin.al\/#organization","name":"BLOGIN.al","url":"https:\/\/blogin.al\/","logo":{"@type":"ImageObject","inLanguage":"en-US","@id":"https:\/\/blogin.al\/#\/schema\/logo\/image\/","url":"https:\/\/blogin.al\/wp-content\/uploads\/2022\/05\/Untitled-2-01-e1652084456514.png","contentUrl":"https:\/\/blogin.al\/wp-content\/uploads\/2022\/05\/Untitled-2-01-e1652084456514.png","width":3723,"height":1698,"caption":"BLOGIN.al"},"image":{"@id":"https:\/\/blogin.al\/#\/schema\/logo\/image\/"},"sameAs":["https:\/\/instagram.com\/blogin.al\/"]},{"@type":"Person","@id":"https:\/\/blogin.al\/#\/schema\/person\/abdd56bc912cd511db877b852b115399","name":"Blogin al","image":{"@type":"ImageObject","inLanguage":"en-US","@id":"https:\/\/secure.gravatar.com\/avatar\/60d5661aee6e835fb13dc75d2204cd0c1d61bef2efd137c0083e59ef831e235e?s=96&d=mm&r=g","url":"https:\/\/secure.gravatar.com\/avatar\/60d5661aee6e835fb13dc75d2204cd0c1d61bef2efd137c0083e59ef831e235e?s=96&d=mm&r=g","contentUrl":"https:\/\/secure.gravatar.com\/avatar\/60d5661aee6e835fb13dc75d2204cd0c1d61bef2efd137c0083e59ef831e235e?s=96&d=mm&r=g","caption":"Blogin al"},"sameAs":["https:\/\/blogin.al"],"url":"https:\/\/blogin.al\/?author=2"}]}},"_links":{"self":[{"href":"https:\/\/blogin.al\/index.php?rest_route=\/wp\/v2\/posts\/12871","targetHints":{"allow":["GET"]}}],"collection":[{"href":"https:\/\/blogin.al\/index.php?rest_route=\/wp\/v2\/posts"}],"about":[{"href":"https:\/\/blogin.al\/index.php?rest_route=\/wp\/v2\/types\/post"}],"author":[{"embeddable":true,"href":"https:\/\/blogin.al\/index.php?rest_route=\/wp\/v2\/users\/2"}],"replies":[{"embeddable":true,"href":"https:\/\/blogin.al\/index.php?rest_route=%2Fwp%2Fv2%2Fcomments&post=12871"}],"version-history":[{"count":1,"href":"https:\/\/blogin.al\/index.php?rest_route=\/wp\/v2\/posts\/12871\/revisions"}],"predecessor-version":[{"id":12875,"href":"https:\/\/blogin.al\/index.php?rest_route=\/wp\/v2\/posts\/12871\/revisions\/12875"}],"wp:featuredmedia":[{"embeddable":true,"href":"https:\/\/blogin.al\/index.php?rest_route=\/wp\/v2\/media\/8076"}],"wp:attachment":[{"href":"https:\/\/blogin.al\/index.php?rest_route=%2Fwp%2Fv2%2Fmedia&parent=12871"}],"wp:term":[{"taxonomy":"category","embeddable":true,"href":"https:\/\/blogin.al\/index.php?rest_route=%2Fwp%2Fv2%2Fcategories&post=12871"},{"taxonomy":"post_tag","embeddable":true,"href":"https:\/\/blogin.al\/index.php?rest_route=%2Fwp%2Fv2%2Ftags&post=12871"}],"curies":[{"name":"wp","href":"https:\/\/api.w.org\/{rel}","templated":true}]}}