{"id":12887,"date":"2022-08-21T10:28:29","date_gmt":"2022-08-21T10:28:29","guid":{"rendered":"https:\/\/blogin.al\/?p=12887"},"modified":"2022-08-21T10:28:31","modified_gmt":"2022-08-21T10:28:31","slug":"drejtor-artistik-i-edicionit-te-61-te-festivalit-te-kenges-krah-arbana-osmanit-dhe-eduart-grishajt-flori-mumajesi-reagon-per-here-te-pare-dhe-zbulon-si-qendron-e-verteta","status":"publish","type":"post","link":"https:\/\/blogin.al\/?p=12887","title":{"rendered":"Drejtor artistik i edicionit t\u00eb 61 t\u00eb \u2018Festivalit t\u00eb K\u00ebng\u00ebs\u2019 krah Arbana Osmanit dhe Eduart Grishajt? Flori Mumajesi reagon p\u00ebr her\u00eb t\u00eb par\u00eb dhe zbulon si q\u00ebndron e v\u00ebrteta"},"content":{"rendered":"\n<p>Pak jav\u00eb m\u00eb par\u00eb u raportua se Flori Mumajesi dhe \u00e7ifti Arbana Osmani-Eduart Grishaj po vijn\u00eb me nj\u00eb projekt. Sigurisht nuk b\u00ebhet fjal\u00eb p\u00ebr nj\u00eb bashk\u00ebpunim muzikor, por p\u00ebr di\u00e7ka q\u00eb ka lidhje me k\u00ebng\u00ebn, \u2018Festivali i K\u00ebng\u00ebs n\u00eb Radio Televizionin Shqiptar\u2019.&nbsp;N\u00eb media \u00ebsh\u00eb raportuar se k\u00ebt\u00eb vit, \u201cFestivali i K\u00ebng\u00ebs\u201d do t\u00eb vij\u00eb n\u00eb moderimin e Arban\u00ebs dhe regjin\u00eb e Eduartit, teksa kantautori do t\u00eb vij\u00eb n\u00eb rolin e drejtorit artistik t\u00eb festivalit.<\/p>\n\n\n\n<p>Por, duket se di\u00e7ka e till\u00eb nuk \u00ebsht\u00eb e v\u00ebrtet\u00eb. T\u00eb pakt\u00ebn p\u00ebr Florin. Ky i fundit ka reaguar p\u00ebr her\u00eb t\u00eb par\u00eb rreth lajmeve n\u00eb rrjetet sociale. Ai ka ndar\u00eb n\u00eb Instastory nj\u00eb titull t\u00eb nj\u00eb mediaje ku shkruhaet: \u201cFlori Mumajesi surpriza e bukur e Festivalit t\u00eb K\u00ebng\u00ebs\u201d. Krah tij ka shkruar edhe nj\u00eb pjes\u00eb nga teksti ku thuhet:\u00a0\u201cFlori nuk ka qen\u00eb asnj\u00ebher\u00eb pjes\u00eb e Festivalit si k\u00ebng\u00ebtar apo producent, e vetmja pjes\u00ebmarrje e tij ka qen\u00eb me Manjola Nallbanin kur Flori ka qen\u00eb pjes\u00eb e \u201cThe Dreams\u201d.<\/p>\n\n\n\n<p>M\u00eb posht\u00eb ai shton: \u201cPo Flori q\u00eb s\u2019di asgj\u00eb\u201d, duke mohuar k\u00ebshtu z\u00ebrat.<\/p>\n\n\n\n<figure class=\"wp-block-image size-large is-style-default\"><img fetchpriority=\"high\" decoding=\"async\" width=\"578\" height=\"1024\" src=\"https:\/\/blogin.al\/wp-content\/uploads\/2022\/08\/flor-578x1024.png\" alt=\"\" class=\"wp-image-12888\" srcset=\"https:\/\/blogin.al\/wp-content\/uploads\/2022\/08\/flor-578x1024.png 578w, https:\/\/blogin.al\/wp-content\/uploads\/2022\/08\/flor-169x300.png 169w, https:\/\/blogin.al\/wp-content\/uploads\/2022\/08\/flor-150x266.png 150w, https:\/\/blogin.al\/wp-content\/uploads\/2022\/08\/flor-300x532.png 300w, https:\/\/blogin.al\/wp-content\/uploads\/2022\/08\/flor.png 640w\" sizes=\"(max-width: 578px) 100vw, 578px\" \/><\/figure>\n","protected":false},"excerpt":{"rendered":"<p>Pak jav\u00eb m\u00eb par\u00eb u raportua se Flori Mumajesi dhe \u00e7ifti Arbana Osmani-Eduart Grishaj po vijn\u00eb me nj\u00eb projekt. Sigurisht nuk b\u00ebhet fjal\u00eb p\u00ebr nj\u00eb bashk\u00ebpunim muzikor, por p\u00ebr di\u00e7ka q\u00eb ka lidhje me k\u00ebng\u00ebn, \u2018Festivali i K\u00ebng\u00ebs n\u00eb Radio Televizionin Shqiptar\u2019.&nbsp;N\u00eb media \u00ebsh\u00eb raportuar se k\u00ebt\u00eb vit, \u201cFestivali i K\u00ebng\u00ebs\u201d do t\u00eb vij\u00eb n\u00eb [&hellip;]<\/p>\n","protected":false},"author":2,"featured_media":11783,"comment_status":"open","ping_status":"open","sticky":false,"template":"","format":"standard","meta":{"footnotes":""},"categories":[33],"tags":[],"class_list":{"0":"post-12887","1":"post","2":"type-post","3":"status-publish","4":"format-standard","5":"has-post-thumbnail","7":"category-showbiz"},"yoast_head":"<!-- This site is optimized with the Yoast SEO plugin v27.4 - https:\/\/yoast.com\/product\/yoast-seo-wordpress\/ -->\n<title>Drejtor artistik i edicionit t\u00eb 61 t\u00eb \u2018Festivalit t\u00eb K\u00ebng\u00ebs\u2019 krah Arbana Osmanit dhe Eduart Grishajt? Flori Mumajesi reagon p\u00ebr her\u00eb t\u00eb par\u00eb dhe zbulon si q\u00ebndron e v\u00ebrteta - blogin.al<\/title>\n<meta name=\"robots\" content=\"index, follow, max-snippet:-1, max-image-preview:large, max-video-preview:-1\" \/>\n<link rel=\"canonical\" href=\"https:\/\/blogin.al\/?p=12887\" \/>\n<meta property=\"og:locale\" content=\"en_US\" \/>\n<meta property=\"og:type\" content=\"article\" \/>\n<meta property=\"og:title\" content=\"Drejtor artistik i edicionit t\u00eb 61 t\u00eb \u2018Festivalit t\u00eb K\u00ebng\u00ebs\u2019 krah Arbana Osmanit dhe Eduart Grishajt? Flori Mumajesi reagon p\u00ebr her\u00eb t\u00eb par\u00eb dhe zbulon si q\u00ebndron e v\u00ebrteta - blogin.al\" \/>\n<meta property=\"og:description\" content=\"Pak jav\u00eb m\u00eb par\u00eb u raportua se Flori Mumajesi dhe \u00e7ifti Arbana Osmani-Eduart Grishaj po vijn\u00eb me nj\u00eb projekt. Sigurisht nuk b\u00ebhet fjal\u00eb p\u00ebr nj\u00eb bashk\u00ebpunim muzikor, por p\u00ebr di\u00e7ka q\u00eb ka lidhje me k\u00ebng\u00ebn, \u2018Festivali i K\u00ebng\u00ebs n\u00eb Radio Televizionin Shqiptar\u2019.&nbsp;N\u00eb media \u00ebsh\u00eb raportuar se k\u00ebt\u00eb vit, \u201cFestivali i K\u00ebng\u00ebs\u201d do t\u00eb vij\u00eb n\u00eb [&hellip;]\" \/>\n<meta property=\"og:url\" content=\"https:\/\/blogin.al\/?p=12887\" \/>\n<meta property=\"og:site_name\" content=\"blogin.al\" \/>\n<meta property=\"article:published_time\" content=\"2022-08-21T10:28:29+00:00\" \/>\n<meta property=\"article:modified_time\" content=\"2022-08-21T10:28:31+00:00\" \/>\n<meta property=\"og:image\" content=\"https:\/\/blogin.al\/wp-content\/uploads\/2022\/08\/flori-mumajesi-arbana-osmani-eduart-grishaj.png\" \/>\n\t<meta property=\"og:image:width\" content=\"1200\" \/>\n\t<meta property=\"og:image:height\" content=\"1000\" \/>\n\t<meta property=\"og:image:type\" content=\"image\/png\" \/>\n<meta name=\"author\" content=\"Blogin al\" \/>\n<meta name=\"twitter:card\" content=\"summary_large_image\" \/>\n<meta name=\"twitter:label1\" content=\"Written by\" \/>\n\t<meta name=\"twitter:data1\" content=\"Blogin al\" \/>\n\t<meta name=\"twitter:label2\" content=\"Est. reading time\" \/>\n\t<meta name=\"twitter:data2\" content=\"1 minute\" \/>\n<script type=\"application\/ld+json\" class=\"yoast-schema-graph\">{\"@context\":\"https:\\\/\\\/schema.org\",\"@graph\":[{\"@type\":\"Article\",\"@id\":\"https:\\\/\\\/blogin.al\\\/?p=12887#article\",\"isPartOf\":{\"@id\":\"https:\\\/\\\/blogin.al\\\/?p=12887\"},\"author\":{\"name\":\"Blogin al\",\"@id\":\"https:\\\/\\\/blogin.al\\\/#\\\/schema\\\/person\\\/abdd56bc912cd511db877b852b115399\"},\"headline\":\"Drejtor artistik i edicionit t\u00eb 61 t\u00eb \u2018Festivalit t\u00eb K\u00ebng\u00ebs\u2019 krah Arbana Osmanit dhe Eduart Grishajt? Flori Mumajesi reagon p\u00ebr her\u00eb t\u00eb par\u00eb dhe zbulon si q\u00ebndron e v\u00ebrteta\",\"datePublished\":\"2022-08-21T10:28:29+00:00\",\"dateModified\":\"2022-08-21T10:28:31+00:00\",\"mainEntityOfPage\":{\"@id\":\"https:\\\/\\\/blogin.al\\\/?p=12887\"},\"wordCount\":239,\"commentCount\":0,\"publisher\":{\"@id\":\"https:\\\/\\\/blogin.al\\\/#organization\"},\"image\":{\"@id\":\"https:\\\/\\\/blogin.al\\\/?p=12887#primaryimage\"},\"thumbnailUrl\":\"https:\\\/\\\/blogin.al\\\/wp-content\\\/uploads\\\/2022\\\/08\\\/flori-mumajesi-arbana-osmani-eduart-grishaj.png\",\"articleSection\":[\"SHOWBIZ\"],\"inLanguage\":\"en-US\",\"potentialAction\":[{\"@type\":\"CommentAction\",\"name\":\"Comment\",\"target\":[\"https:\\\/\\\/blogin.al\\\/?p=12887#respond\"]}]},{\"@type\":\"WebPage\",\"@id\":\"https:\\\/\\\/blogin.al\\\/?p=12887\",\"url\":\"https:\\\/\\\/blogin.al\\\/?p=12887\",\"name\":\"Drejtor artistik i edicionit t\u00eb 61 t\u00eb \u2018Festivalit t\u00eb K\u00ebng\u00ebs\u2019 krah Arbana Osmanit dhe Eduart Grishajt? Flori Mumajesi reagon p\u00ebr her\u00eb t\u00eb par\u00eb dhe zbulon si q\u00ebndron e v\u00ebrteta - blogin.al\",\"isPartOf\":{\"@id\":\"https:\\\/\\\/blogin.al\\\/#website\"},\"primaryImageOfPage\":{\"@id\":\"https:\\\/\\\/blogin.al\\\/?p=12887#primaryimage\"},\"image\":{\"@id\":\"https:\\\/\\\/blogin.al\\\/?p=12887#primaryimage\"},\"thumbnailUrl\":\"https:\\\/\\\/blogin.al\\\/wp-content\\\/uploads\\\/2022\\\/08\\\/flori-mumajesi-arbana-osmani-eduart-grishaj.png\",\"datePublished\":\"2022-08-21T10:28:29+00:00\",\"dateModified\":\"2022-08-21T10:28:31+00:00\",\"breadcrumb\":{\"@id\":\"https:\\\/\\\/blogin.al\\\/?p=12887#breadcrumb\"},\"inLanguage\":\"en-US\",\"potentialAction\":[{\"@type\":\"ReadAction\",\"target\":[\"https:\\\/\\\/blogin.al\\\/?p=12887\"]}]},{\"@type\":\"ImageObject\",\"inLanguage\":\"en-US\",\"@id\":\"https:\\\/\\\/blogin.al\\\/?p=12887#primaryimage\",\"url\":\"https:\\\/\\\/blogin.al\\\/wp-content\\\/uploads\\\/2022\\\/08\\\/flori-mumajesi-arbana-osmani-eduart-grishaj.png\",\"contentUrl\":\"https:\\\/\\\/blogin.al\\\/wp-content\\\/uploads\\\/2022\\\/08\\\/flori-mumajesi-arbana-osmani-eduart-grishaj.png\",\"width\":1200,\"height\":1000},{\"@type\":\"BreadcrumbList\",\"@id\":\"https:\\\/\\\/blogin.al\\\/?p=12887#breadcrumb\",\"itemListElement\":[{\"@type\":\"ListItem\",\"position\":1,\"name\":\"Home\",\"item\":\"https:\\\/\\\/blogin.al\\\/\"},{\"@type\":\"ListItem\",\"position\":2,\"name\":\"Drejtor artistik i edicionit t\u00eb 61 t\u00eb \u2018Festivalit t\u00eb K\u00ebng\u00ebs\u2019 krah Arbana Osmanit dhe Eduart Grishajt? Flori Mumajesi reagon p\u00ebr her\u00eb t\u00eb par\u00eb dhe zbulon si q\u00ebndron e v\u00ebrteta\"}]},{\"@type\":\"WebSite\",\"@id\":\"https:\\\/\\\/blogin.al\\\/#website\",\"url\":\"https:\\\/\\\/blogin.al\\\/\",\"name\":\"blogin.al\",\"description\":\"\",\"publisher\":{\"@id\":\"https:\\\/\\\/blogin.al\\\/#organization\"},\"potentialAction\":[{\"@type\":\"SearchAction\",\"target\":{\"@type\":\"EntryPoint\",\"urlTemplate\":\"https:\\\/\\\/blogin.al\\\/?s={search_term_string}\"},\"query-input\":{\"@type\":\"PropertyValueSpecification\",\"valueRequired\":true,\"valueName\":\"search_term_string\"}}],\"inLanguage\":\"en-US\"},{\"@type\":\"Organization\",\"@id\":\"https:\\\/\\\/blogin.al\\\/#organization\",\"name\":\"BLOGIN.al\",\"url\":\"https:\\\/\\\/blogin.al\\\/\",\"logo\":{\"@type\":\"ImageObject\",\"inLanguage\":\"en-US\",\"@id\":\"https:\\\/\\\/blogin.al\\\/#\\\/schema\\\/logo\\\/image\\\/\",\"url\":\"https:\\\/\\\/blogin.al\\\/wp-content\\\/uploads\\\/2022\\\/05\\\/Untitled-2-01-e1652084456514.png\",\"contentUrl\":\"https:\\\/\\\/blogin.al\\\/wp-content\\\/uploads\\\/2022\\\/05\\\/Untitled-2-01-e1652084456514.png\",\"width\":3723,\"height\":1698,\"caption\":\"BLOGIN.al\"},\"image\":{\"@id\":\"https:\\\/\\\/blogin.al\\\/#\\\/schema\\\/logo\\\/image\\\/\"},\"sameAs\":[\"https:\\\/\\\/instagram.com\\\/blogin.al\\\/\"]},{\"@type\":\"Person\",\"@id\":\"https:\\\/\\\/blogin.al\\\/#\\\/schema\\\/person\\\/abdd56bc912cd511db877b852b115399\",\"name\":\"Blogin al\",\"image\":{\"@type\":\"ImageObject\",\"inLanguage\":\"en-US\",\"@id\":\"https:\\\/\\\/secure.gravatar.com\\\/avatar\\\/60d5661aee6e835fb13dc75d2204cd0c1d61bef2efd137c0083e59ef831e235e?s=96&d=mm&r=g\",\"url\":\"https:\\\/\\\/secure.gravatar.com\\\/avatar\\\/60d5661aee6e835fb13dc75d2204cd0c1d61bef2efd137c0083e59ef831e235e?s=96&d=mm&r=g\",\"contentUrl\":\"https:\\\/\\\/secure.gravatar.com\\\/avatar\\\/60d5661aee6e835fb13dc75d2204cd0c1d61bef2efd137c0083e59ef831e235e?s=96&d=mm&r=g\",\"caption\":\"Blogin al\"},\"sameAs\":[\"https:\\\/\\\/blogin.al\"],\"url\":\"https:\\\/\\\/blogin.al\\\/?author=2\"}]}<\/script>\n<!-- \/ Yoast SEO plugin. -->","yoast_head_json":{"title":"Drejtor artistik i edicionit t\u00eb 61 t\u00eb \u2018Festivalit t\u00eb K\u00ebng\u00ebs\u2019 krah Arbana Osmanit dhe Eduart Grishajt? Flori Mumajesi reagon p\u00ebr her\u00eb t\u00eb par\u00eb dhe zbulon si q\u00ebndron e v\u00ebrteta - blogin.al","robots":{"index":"index","follow":"follow","max-snippet":"max-snippet:-1","max-image-preview":"max-image-preview:large","max-video-preview":"max-video-preview:-1"},"canonical":"https:\/\/blogin.al\/?p=12887","og_locale":"en_US","og_type":"article","og_title":"Drejtor artistik i edicionit t\u00eb 61 t\u00eb \u2018Festivalit t\u00eb K\u00ebng\u00ebs\u2019 krah Arbana Osmanit dhe Eduart Grishajt? Flori Mumajesi reagon p\u00ebr her\u00eb t\u00eb par\u00eb dhe zbulon si q\u00ebndron e v\u00ebrteta - blogin.al","og_description":"Pak jav\u00eb m\u00eb par\u00eb u raportua se Flori Mumajesi dhe \u00e7ifti Arbana Osmani-Eduart Grishaj po vijn\u00eb me nj\u00eb projekt. Sigurisht nuk b\u00ebhet fjal\u00eb p\u00ebr nj\u00eb bashk\u00ebpunim muzikor, por p\u00ebr di\u00e7ka q\u00eb ka lidhje me k\u00ebng\u00ebn, \u2018Festivali i K\u00ebng\u00ebs n\u00eb Radio Televizionin Shqiptar\u2019.&nbsp;N\u00eb media \u00ebsh\u00eb raportuar se k\u00ebt\u00eb vit, \u201cFestivali i K\u00ebng\u00ebs\u201d do t\u00eb vij\u00eb n\u00eb [&hellip;]","og_url":"https:\/\/blogin.al\/?p=12887","og_site_name":"blogin.al","article_published_time":"2022-08-21T10:28:29+00:00","article_modified_time":"2022-08-21T10:28:31+00:00","og_image":[{"width":1200,"height":1000,"url":"https:\/\/blogin.al\/wp-content\/uploads\/2022\/08\/flori-mumajesi-arbana-osmani-eduart-grishaj.png","type":"image\/png"}],"author":"Blogin al","twitter_card":"summary_large_image","twitter_misc":{"Written by":"Blogin al","Est. reading time":"1 minute"},"schema":{"@context":"https:\/\/schema.org","@graph":[{"@type":"Article","@id":"https:\/\/blogin.al\/?p=12887#article","isPartOf":{"@id":"https:\/\/blogin.al\/?p=12887"},"author":{"name":"Blogin al","@id":"https:\/\/blogin.al\/#\/schema\/person\/abdd56bc912cd511db877b852b115399"},"headline":"Drejtor artistik i edicionit t\u00eb 61 t\u00eb \u2018Festivalit t\u00eb K\u00ebng\u00ebs\u2019 krah Arbana Osmanit dhe Eduart Grishajt? Flori Mumajesi reagon p\u00ebr her\u00eb t\u00eb par\u00eb dhe zbulon si q\u00ebndron e v\u00ebrteta","datePublished":"2022-08-21T10:28:29+00:00","dateModified":"2022-08-21T10:28:31+00:00","mainEntityOfPage":{"@id":"https:\/\/blogin.al\/?p=12887"},"wordCount":239,"commentCount":0,"publisher":{"@id":"https:\/\/blogin.al\/#organization"},"image":{"@id":"https:\/\/blogin.al\/?p=12887#primaryimage"},"thumbnailUrl":"https:\/\/blogin.al\/wp-content\/uploads\/2022\/08\/flori-mumajesi-arbana-osmani-eduart-grishaj.png","articleSection":["SHOWBIZ"],"inLanguage":"en-US","potentialAction":[{"@type":"CommentAction","name":"Comment","target":["https:\/\/blogin.al\/?p=12887#respond"]}]},{"@type":"WebPage","@id":"https:\/\/blogin.al\/?p=12887","url":"https:\/\/blogin.al\/?p=12887","name":"Drejtor artistik i edicionit t\u00eb 61 t\u00eb \u2018Festivalit t\u00eb K\u00ebng\u00ebs\u2019 krah Arbana Osmanit dhe Eduart Grishajt? Flori Mumajesi reagon p\u00ebr her\u00eb t\u00eb par\u00eb dhe zbulon si q\u00ebndron e v\u00ebrteta - blogin.al","isPartOf":{"@id":"https:\/\/blogin.al\/#website"},"primaryImageOfPage":{"@id":"https:\/\/blogin.al\/?p=12887#primaryimage"},"image":{"@id":"https:\/\/blogin.al\/?p=12887#primaryimage"},"thumbnailUrl":"https:\/\/blogin.al\/wp-content\/uploads\/2022\/08\/flori-mumajesi-arbana-osmani-eduart-grishaj.png","datePublished":"2022-08-21T10:28:29+00:00","dateModified":"2022-08-21T10:28:31+00:00","breadcrumb":{"@id":"https:\/\/blogin.al\/?p=12887#breadcrumb"},"inLanguage":"en-US","potentialAction":[{"@type":"ReadAction","target":["https:\/\/blogin.al\/?p=12887"]}]},{"@type":"ImageObject","inLanguage":"en-US","@id":"https:\/\/blogin.al\/?p=12887#primaryimage","url":"https:\/\/blogin.al\/wp-content\/uploads\/2022\/08\/flori-mumajesi-arbana-osmani-eduart-grishaj.png","contentUrl":"https:\/\/blogin.al\/wp-content\/uploads\/2022\/08\/flori-mumajesi-arbana-osmani-eduart-grishaj.png","width":1200,"height":1000},{"@type":"BreadcrumbList","@id":"https:\/\/blogin.al\/?p=12887#breadcrumb","itemListElement":[{"@type":"ListItem","position":1,"name":"Home","item":"https:\/\/blogin.al\/"},{"@type":"ListItem","position":2,"name":"Drejtor artistik i edicionit t\u00eb 61 t\u00eb \u2018Festivalit t\u00eb K\u00ebng\u00ebs\u2019 krah Arbana Osmanit dhe Eduart Grishajt? Flori Mumajesi reagon p\u00ebr her\u00eb t\u00eb par\u00eb dhe zbulon si q\u00ebndron e v\u00ebrteta"}]},{"@type":"WebSite","@id":"https:\/\/blogin.al\/#website","url":"https:\/\/blogin.al\/","name":"blogin.al","description":"","publisher":{"@id":"https:\/\/blogin.al\/#organization"},"potentialAction":[{"@type":"SearchAction","target":{"@type":"EntryPoint","urlTemplate":"https:\/\/blogin.al\/?s={search_term_string}"},"query-input":{"@type":"PropertyValueSpecification","valueRequired":true,"valueName":"search_term_string"}}],"inLanguage":"en-US"},{"@type":"Organization","@id":"https:\/\/blogin.al\/#organization","name":"BLOGIN.al","url":"https:\/\/blogin.al\/","logo":{"@type":"ImageObject","inLanguage":"en-US","@id":"https:\/\/blogin.al\/#\/schema\/logo\/image\/","url":"https:\/\/blogin.al\/wp-content\/uploads\/2022\/05\/Untitled-2-01-e1652084456514.png","contentUrl":"https:\/\/blogin.al\/wp-content\/uploads\/2022\/05\/Untitled-2-01-e1652084456514.png","width":3723,"height":1698,"caption":"BLOGIN.al"},"image":{"@id":"https:\/\/blogin.al\/#\/schema\/logo\/image\/"},"sameAs":["https:\/\/instagram.com\/blogin.al\/"]},{"@type":"Person","@id":"https:\/\/blogin.al\/#\/schema\/person\/abdd56bc912cd511db877b852b115399","name":"Blogin al","image":{"@type":"ImageObject","inLanguage":"en-US","@id":"https:\/\/secure.gravatar.com\/avatar\/60d5661aee6e835fb13dc75d2204cd0c1d61bef2efd137c0083e59ef831e235e?s=96&d=mm&r=g","url":"https:\/\/secure.gravatar.com\/avatar\/60d5661aee6e835fb13dc75d2204cd0c1d61bef2efd137c0083e59ef831e235e?s=96&d=mm&r=g","contentUrl":"https:\/\/secure.gravatar.com\/avatar\/60d5661aee6e835fb13dc75d2204cd0c1d61bef2efd137c0083e59ef831e235e?s=96&d=mm&r=g","caption":"Blogin al"},"sameAs":["https:\/\/blogin.al"],"url":"https:\/\/blogin.al\/?author=2"}]}},"_links":{"self":[{"href":"https:\/\/blogin.al\/index.php?rest_route=\/wp\/v2\/posts\/12887","targetHints":{"allow":["GET"]}}],"collection":[{"href":"https:\/\/blogin.al\/index.php?rest_route=\/wp\/v2\/posts"}],"about":[{"href":"https:\/\/blogin.al\/index.php?rest_route=\/wp\/v2\/types\/post"}],"author":[{"embeddable":true,"href":"https:\/\/blogin.al\/index.php?rest_route=\/wp\/v2\/users\/2"}],"replies":[{"embeddable":true,"href":"https:\/\/blogin.al\/index.php?rest_route=%2Fwp%2Fv2%2Fcomments&post=12887"}],"version-history":[{"count":1,"href":"https:\/\/blogin.al\/index.php?rest_route=\/wp\/v2\/posts\/12887\/revisions"}],"predecessor-version":[{"id":12889,"href":"https:\/\/blogin.al\/index.php?rest_route=\/wp\/v2\/posts\/12887\/revisions\/12889"}],"wp:featuredmedia":[{"embeddable":true,"href":"https:\/\/blogin.al\/index.php?rest_route=\/wp\/v2\/media\/11783"}],"wp:attachment":[{"href":"https:\/\/blogin.al\/index.php?rest_route=%2Fwp%2Fv2%2Fmedia&parent=12887"}],"wp:term":[{"taxonomy":"category","embeddable":true,"href":"https:\/\/blogin.al\/index.php?rest_route=%2Fwp%2Fv2%2Fcategories&post=12887"},{"taxonomy":"post_tag","embeddable":true,"href":"https:\/\/blogin.al\/index.php?rest_route=%2Fwp%2Fv2%2Ftags&post=12887"}],"curies":[{"name":"wp","href":"https:\/\/api.w.org\/{rel}","templated":true}]}}