{"id":12928,"date":"2022-08-22T11:37:38","date_gmt":"2022-08-22T11:37:38","guid":{"rendered":"https:\/\/blogin.al\/?p=12928"},"modified":"2022-08-22T11:37:41","modified_gmt":"2022-08-22T11:37:41","slug":"ne-veshtiresi-me-shendetin-dafina-zeqiri-anulon-koncertet","status":"publish","type":"post","link":"https:\/\/blogin.al\/?p=12928","title":{"rendered":"N\u00eb v\u00ebshtir\u00ebsi me sh\u00ebndetin, Dafina Zeqiri anulon koncertet"},"content":{"rendered":"\n<p><strong>Probleme me sh\u00ebndetin p\u00ebr Dafina Zeqirin. Artistja kosovare tregoi se iu n\u00ebnshtrua nj\u00eb operacioni n\u00eb gju p\u00ebr shkak t\u00eb nj\u00eb d\u00ebmtimi n\u00eb ligamente. Megjithat\u00eb, k\u00ebng\u00ebtarja ka theksuar se p\u00ebrballet vazhdimisht me probleme p\u00ebr shkak t\u00eb gjurit.<\/strong><\/p>\n\n\n\n<p>Dhe, me sa duket, ky problem sh\u00ebndet\u00ebsor vazhdon ta shqet\u00ebsoj\u00eb ende. N\u00eb nj\u00eb postim n\u00eb rrjetet sociale, Dafina tregoi se po shkon te doktori p\u00ebr t\u00eb marr\u00eb kujdesin e duhur\u00a0p\u00ebr gjurin.<\/p>\n\n\n\n<p>Duket se ky problem sh\u00ebndet\u00ebsor e ka distancuar p\u00ebr disa koh\u00eb nga muzika artisten. Nga ajo q\u00eb kemi mundur t\u00eb m\u00ebsojm\u00eb, Dafi ka anuluar disa koncerte, pik\u00ebrisht p\u00ebr t\u00eb pasur m\u00eb shum\u00eb koh\u00eb dhe mund\u00ebsi p\u00ebr t\u2019u marr\u00eb me sh\u00ebndetin e saj.<\/p>\n\n\n\n<figure class=\"wp-block-image size-large is-style-default\"><img fetchpriority=\"high\" decoding=\"async\" width=\"576\" height=\"1024\" src=\"https:\/\/blogin.al\/wp-content\/uploads\/2022\/08\/dafina-1-1-576x1024.jpg\" alt=\"\" class=\"wp-image-12930\" srcset=\"https:\/\/blogin.al\/wp-content\/uploads\/2022\/08\/dafina-1-1-576x1024.jpg 576w, https:\/\/blogin.al\/wp-content\/uploads\/2022\/08\/dafina-1-1-169x300.jpg 169w, https:\/\/blogin.al\/wp-content\/uploads\/2022\/08\/dafina-1-1-768x1365.jpg 768w, https:\/\/blogin.al\/wp-content\/uploads\/2022\/08\/dafina-1-1-864x1536.jpg 864w, https:\/\/blogin.al\/wp-content\/uploads\/2022\/08\/dafina-1-1-150x267.jpg 150w, https:\/\/blogin.al\/wp-content\/uploads\/2022\/08\/dafina-1-1-300x533.jpg 300w, https:\/\/blogin.al\/wp-content\/uploads\/2022\/08\/dafina-1-1-696x1237.jpg 696w, https:\/\/blogin.al\/wp-content\/uploads\/2022\/08\/dafina-1-1-1068x1899.jpg 1068w, https:\/\/blogin.al\/wp-content\/uploads\/2022\/08\/dafina-1-1.jpg 1152w\" sizes=\"(max-width: 576px) 100vw, 576px\" \/><\/figure>\n","protected":false},"excerpt":{"rendered":"<p>Probleme me sh\u00ebndetin p\u00ebr Dafina Zeqirin. Artistja kosovare tregoi se iu n\u00ebnshtrua nj\u00eb operacioni n\u00eb gju p\u00ebr shkak t\u00eb nj\u00eb d\u00ebmtimi n\u00eb ligamente. Megjithat\u00eb, k\u00ebng\u00ebtarja ka theksuar se p\u00ebrballet vazhdimisht me probleme p\u00ebr shkak t\u00eb gjurit. Dhe, me sa duket, ky problem sh\u00ebndet\u00ebsor vazhdon ta shqet\u00ebsoj\u00eb ende. N\u00eb nj\u00eb postim n\u00eb rrjetet sociale, Dafina tregoi [&hellip;]<\/p>\n","protected":false},"author":2,"featured_media":12929,"comment_status":"open","ping_status":"open","sticky":false,"template":"","format":"standard","meta":{"footnotes":""},"categories":[33],"tags":[],"class_list":{"0":"post-12928","1":"post","2":"type-post","3":"status-publish","4":"format-standard","5":"has-post-thumbnail","7":"category-showbiz"},"yoast_head":"<!-- This site is optimized with the Yoast SEO plugin v27.4 - https:\/\/yoast.com\/product\/yoast-seo-wordpress\/ -->\n<title>N\u00eb v\u00ebshtir\u00ebsi me sh\u00ebndetin, Dafina Zeqiri anulon koncertet - blogin.al<\/title>\n<meta name=\"robots\" content=\"index, follow, max-snippet:-1, max-image-preview:large, max-video-preview:-1\" \/>\n<link rel=\"canonical\" href=\"https:\/\/blogin.al\/?p=12928\" \/>\n<meta property=\"og:locale\" content=\"en_US\" \/>\n<meta property=\"og:type\" content=\"article\" \/>\n<meta property=\"og:title\" content=\"N\u00eb v\u00ebshtir\u00ebsi me sh\u00ebndetin, Dafina Zeqiri anulon koncertet - blogin.al\" \/>\n<meta property=\"og:description\" content=\"Probleme me sh\u00ebndetin p\u00ebr Dafina Zeqirin. Artistja kosovare tregoi se iu n\u00ebnshtrua nj\u00eb operacioni n\u00eb gju p\u00ebr shkak t\u00eb nj\u00eb d\u00ebmtimi n\u00eb ligamente. Megjithat\u00eb, k\u00ebng\u00ebtarja ka theksuar se p\u00ebrballet vazhdimisht me probleme p\u00ebr shkak t\u00eb gjurit. Dhe, me sa duket, ky problem sh\u00ebndet\u00ebsor vazhdon ta shqet\u00ebsoj\u00eb ende. N\u00eb nj\u00eb postim n\u00eb rrjetet sociale, Dafina tregoi [&hellip;]\" \/>\n<meta property=\"og:url\" content=\"https:\/\/blogin.al\/?p=12928\" \/>\n<meta property=\"og:site_name\" content=\"blogin.al\" \/>\n<meta property=\"article:published_time\" content=\"2022-08-22T11:37:38+00:00\" \/>\n<meta property=\"article:modified_time\" content=\"2022-08-22T11:37:41+00:00\" \/>\n<meta property=\"og:image\" content=\"https:\/\/blogin.al\/wp-content\/uploads\/2022\/08\/dafina-1.jpg\" \/>\n\t<meta property=\"og:image:width\" content=\"640\" \/>\n\t<meta property=\"og:image:height\" content=\"404\" \/>\n\t<meta property=\"og:image:type\" content=\"image\/jpeg\" \/>\n<meta name=\"author\" content=\"Blogin al\" \/>\n<meta name=\"twitter:card\" content=\"summary_large_image\" \/>\n<meta name=\"twitter:label1\" content=\"Written by\" \/>\n\t<meta name=\"twitter:data1\" content=\"Blogin al\" \/>\n\t<meta name=\"twitter:label2\" content=\"Est. reading time\" \/>\n\t<meta name=\"twitter:data2\" content=\"1 minute\" \/>\n<script type=\"application\/ld+json\" class=\"yoast-schema-graph\">{\"@context\":\"https:\\\/\\\/schema.org\",\"@graph\":[{\"@type\":\"Article\",\"@id\":\"https:\\\/\\\/blogin.al\\\/?p=12928#article\",\"isPartOf\":{\"@id\":\"https:\\\/\\\/blogin.al\\\/?p=12928\"},\"author\":{\"name\":\"Blogin al\",\"@id\":\"https:\\\/\\\/blogin.al\\\/#\\\/schema\\\/person\\\/abdd56bc912cd511db877b852b115399\"},\"headline\":\"N\u00eb v\u00ebshtir\u00ebsi me sh\u00ebndetin, Dafina Zeqiri anulon koncertet\",\"datePublished\":\"2022-08-22T11:37:38+00:00\",\"dateModified\":\"2022-08-22T11:37:41+00:00\",\"mainEntityOfPage\":{\"@id\":\"https:\\\/\\\/blogin.al\\\/?p=12928\"},\"wordCount\":145,\"commentCount\":0,\"publisher\":{\"@id\":\"https:\\\/\\\/blogin.al\\\/#organization\"},\"image\":{\"@id\":\"https:\\\/\\\/blogin.al\\\/?p=12928#primaryimage\"},\"thumbnailUrl\":\"https:\\\/\\\/blogin.al\\\/wp-content\\\/uploads\\\/2022\\\/08\\\/dafina-1.jpg\",\"articleSection\":[\"SHOWBIZ\"],\"inLanguage\":\"en-US\",\"potentialAction\":[{\"@type\":\"CommentAction\",\"name\":\"Comment\",\"target\":[\"https:\\\/\\\/blogin.al\\\/?p=12928#respond\"]}]},{\"@type\":\"WebPage\",\"@id\":\"https:\\\/\\\/blogin.al\\\/?p=12928\",\"url\":\"https:\\\/\\\/blogin.al\\\/?p=12928\",\"name\":\"N\u00eb v\u00ebshtir\u00ebsi me sh\u00ebndetin, Dafina Zeqiri anulon koncertet - blogin.al\",\"isPartOf\":{\"@id\":\"https:\\\/\\\/blogin.al\\\/#website\"},\"primaryImageOfPage\":{\"@id\":\"https:\\\/\\\/blogin.al\\\/?p=12928#primaryimage\"},\"image\":{\"@id\":\"https:\\\/\\\/blogin.al\\\/?p=12928#primaryimage\"},\"thumbnailUrl\":\"https:\\\/\\\/blogin.al\\\/wp-content\\\/uploads\\\/2022\\\/08\\\/dafina-1.jpg\",\"datePublished\":\"2022-08-22T11:37:38+00:00\",\"dateModified\":\"2022-08-22T11:37:41+00:00\",\"breadcrumb\":{\"@id\":\"https:\\\/\\\/blogin.al\\\/?p=12928#breadcrumb\"},\"inLanguage\":\"en-US\",\"potentialAction\":[{\"@type\":\"ReadAction\",\"target\":[\"https:\\\/\\\/blogin.al\\\/?p=12928\"]}]},{\"@type\":\"ImageObject\",\"inLanguage\":\"en-US\",\"@id\":\"https:\\\/\\\/blogin.al\\\/?p=12928#primaryimage\",\"url\":\"https:\\\/\\\/blogin.al\\\/wp-content\\\/uploads\\\/2022\\\/08\\\/dafina-1.jpg\",\"contentUrl\":\"https:\\\/\\\/blogin.al\\\/wp-content\\\/uploads\\\/2022\\\/08\\\/dafina-1.jpg\",\"width\":640,\"height\":404},{\"@type\":\"BreadcrumbList\",\"@id\":\"https:\\\/\\\/blogin.al\\\/?p=12928#breadcrumb\",\"itemListElement\":[{\"@type\":\"ListItem\",\"position\":1,\"name\":\"Home\",\"item\":\"https:\\\/\\\/blogin.al\\\/\"},{\"@type\":\"ListItem\",\"position\":2,\"name\":\"N\u00eb v\u00ebshtir\u00ebsi me sh\u00ebndetin, Dafina Zeqiri anulon koncertet\"}]},{\"@type\":\"WebSite\",\"@id\":\"https:\\\/\\\/blogin.al\\\/#website\",\"url\":\"https:\\\/\\\/blogin.al\\\/\",\"name\":\"blogin.al\",\"description\":\"\",\"publisher\":{\"@id\":\"https:\\\/\\\/blogin.al\\\/#organization\"},\"potentialAction\":[{\"@type\":\"SearchAction\",\"target\":{\"@type\":\"EntryPoint\",\"urlTemplate\":\"https:\\\/\\\/blogin.al\\\/?s={search_term_string}\"},\"query-input\":{\"@type\":\"PropertyValueSpecification\",\"valueRequired\":true,\"valueName\":\"search_term_string\"}}],\"inLanguage\":\"en-US\"},{\"@type\":\"Organization\",\"@id\":\"https:\\\/\\\/blogin.al\\\/#organization\",\"name\":\"BLOGIN.al\",\"url\":\"https:\\\/\\\/blogin.al\\\/\",\"logo\":{\"@type\":\"ImageObject\",\"inLanguage\":\"en-US\",\"@id\":\"https:\\\/\\\/blogin.al\\\/#\\\/schema\\\/logo\\\/image\\\/\",\"url\":\"https:\\\/\\\/blogin.al\\\/wp-content\\\/uploads\\\/2022\\\/05\\\/Untitled-2-01-e1652084456514.png\",\"contentUrl\":\"https:\\\/\\\/blogin.al\\\/wp-content\\\/uploads\\\/2022\\\/05\\\/Untitled-2-01-e1652084456514.png\",\"width\":3723,\"height\":1698,\"caption\":\"BLOGIN.al\"},\"image\":{\"@id\":\"https:\\\/\\\/blogin.al\\\/#\\\/schema\\\/logo\\\/image\\\/\"},\"sameAs\":[\"https:\\\/\\\/instagram.com\\\/blogin.al\\\/\"]},{\"@type\":\"Person\",\"@id\":\"https:\\\/\\\/blogin.al\\\/#\\\/schema\\\/person\\\/abdd56bc912cd511db877b852b115399\",\"name\":\"Blogin al\",\"image\":{\"@type\":\"ImageObject\",\"inLanguage\":\"en-US\",\"@id\":\"https:\\\/\\\/secure.gravatar.com\\\/avatar\\\/60d5661aee6e835fb13dc75d2204cd0c1d61bef2efd137c0083e59ef831e235e?s=96&d=mm&r=g\",\"url\":\"https:\\\/\\\/secure.gravatar.com\\\/avatar\\\/60d5661aee6e835fb13dc75d2204cd0c1d61bef2efd137c0083e59ef831e235e?s=96&d=mm&r=g\",\"contentUrl\":\"https:\\\/\\\/secure.gravatar.com\\\/avatar\\\/60d5661aee6e835fb13dc75d2204cd0c1d61bef2efd137c0083e59ef831e235e?s=96&d=mm&r=g\",\"caption\":\"Blogin al\"},\"sameAs\":[\"https:\\\/\\\/blogin.al\"],\"url\":\"https:\\\/\\\/blogin.al\\\/?author=2\"}]}<\/script>\n<!-- \/ Yoast SEO plugin. -->","yoast_head_json":{"title":"N\u00eb v\u00ebshtir\u00ebsi me sh\u00ebndetin, Dafina Zeqiri anulon koncertet - blogin.al","robots":{"index":"index","follow":"follow","max-snippet":"max-snippet:-1","max-image-preview":"max-image-preview:large","max-video-preview":"max-video-preview:-1"},"canonical":"https:\/\/blogin.al\/?p=12928","og_locale":"en_US","og_type":"article","og_title":"N\u00eb v\u00ebshtir\u00ebsi me sh\u00ebndetin, Dafina Zeqiri anulon koncertet - blogin.al","og_description":"Probleme me sh\u00ebndetin p\u00ebr Dafina Zeqirin. Artistja kosovare tregoi se iu n\u00ebnshtrua nj\u00eb operacioni n\u00eb gju p\u00ebr shkak t\u00eb nj\u00eb d\u00ebmtimi n\u00eb ligamente. Megjithat\u00eb, k\u00ebng\u00ebtarja ka theksuar se p\u00ebrballet vazhdimisht me probleme p\u00ebr shkak t\u00eb gjurit. Dhe, me sa duket, ky problem sh\u00ebndet\u00ebsor vazhdon ta shqet\u00ebsoj\u00eb ende. N\u00eb nj\u00eb postim n\u00eb rrjetet sociale, Dafina tregoi [&hellip;]","og_url":"https:\/\/blogin.al\/?p=12928","og_site_name":"blogin.al","article_published_time":"2022-08-22T11:37:38+00:00","article_modified_time":"2022-08-22T11:37:41+00:00","og_image":[{"width":640,"height":404,"url":"https:\/\/blogin.al\/wp-content\/uploads\/2022\/08\/dafina-1.jpg","type":"image\/jpeg"}],"author":"Blogin al","twitter_card":"summary_large_image","twitter_misc":{"Written by":"Blogin al","Est. reading time":"1 minute"},"schema":{"@context":"https:\/\/schema.org","@graph":[{"@type":"Article","@id":"https:\/\/blogin.al\/?p=12928#article","isPartOf":{"@id":"https:\/\/blogin.al\/?p=12928"},"author":{"name":"Blogin al","@id":"https:\/\/blogin.al\/#\/schema\/person\/abdd56bc912cd511db877b852b115399"},"headline":"N\u00eb v\u00ebshtir\u00ebsi me sh\u00ebndetin, Dafina Zeqiri anulon koncertet","datePublished":"2022-08-22T11:37:38+00:00","dateModified":"2022-08-22T11:37:41+00:00","mainEntityOfPage":{"@id":"https:\/\/blogin.al\/?p=12928"},"wordCount":145,"commentCount":0,"publisher":{"@id":"https:\/\/blogin.al\/#organization"},"image":{"@id":"https:\/\/blogin.al\/?p=12928#primaryimage"},"thumbnailUrl":"https:\/\/blogin.al\/wp-content\/uploads\/2022\/08\/dafina-1.jpg","articleSection":["SHOWBIZ"],"inLanguage":"en-US","potentialAction":[{"@type":"CommentAction","name":"Comment","target":["https:\/\/blogin.al\/?p=12928#respond"]}]},{"@type":"WebPage","@id":"https:\/\/blogin.al\/?p=12928","url":"https:\/\/blogin.al\/?p=12928","name":"N\u00eb v\u00ebshtir\u00ebsi me sh\u00ebndetin, Dafina Zeqiri anulon koncertet - blogin.al","isPartOf":{"@id":"https:\/\/blogin.al\/#website"},"primaryImageOfPage":{"@id":"https:\/\/blogin.al\/?p=12928#primaryimage"},"image":{"@id":"https:\/\/blogin.al\/?p=12928#primaryimage"},"thumbnailUrl":"https:\/\/blogin.al\/wp-content\/uploads\/2022\/08\/dafina-1.jpg","datePublished":"2022-08-22T11:37:38+00:00","dateModified":"2022-08-22T11:37:41+00:00","breadcrumb":{"@id":"https:\/\/blogin.al\/?p=12928#breadcrumb"},"inLanguage":"en-US","potentialAction":[{"@type":"ReadAction","target":["https:\/\/blogin.al\/?p=12928"]}]},{"@type":"ImageObject","inLanguage":"en-US","@id":"https:\/\/blogin.al\/?p=12928#primaryimage","url":"https:\/\/blogin.al\/wp-content\/uploads\/2022\/08\/dafina-1.jpg","contentUrl":"https:\/\/blogin.al\/wp-content\/uploads\/2022\/08\/dafina-1.jpg","width":640,"height":404},{"@type":"BreadcrumbList","@id":"https:\/\/blogin.al\/?p=12928#breadcrumb","itemListElement":[{"@type":"ListItem","position":1,"name":"Home","item":"https:\/\/blogin.al\/"},{"@type":"ListItem","position":2,"name":"N\u00eb v\u00ebshtir\u00ebsi me sh\u00ebndetin, Dafina Zeqiri anulon koncertet"}]},{"@type":"WebSite","@id":"https:\/\/blogin.al\/#website","url":"https:\/\/blogin.al\/","name":"blogin.al","description":"","publisher":{"@id":"https:\/\/blogin.al\/#organization"},"potentialAction":[{"@type":"SearchAction","target":{"@type":"EntryPoint","urlTemplate":"https:\/\/blogin.al\/?s={search_term_string}"},"query-input":{"@type":"PropertyValueSpecification","valueRequired":true,"valueName":"search_term_string"}}],"inLanguage":"en-US"},{"@type":"Organization","@id":"https:\/\/blogin.al\/#organization","name":"BLOGIN.al","url":"https:\/\/blogin.al\/","logo":{"@type":"ImageObject","inLanguage":"en-US","@id":"https:\/\/blogin.al\/#\/schema\/logo\/image\/","url":"https:\/\/blogin.al\/wp-content\/uploads\/2022\/05\/Untitled-2-01-e1652084456514.png","contentUrl":"https:\/\/blogin.al\/wp-content\/uploads\/2022\/05\/Untitled-2-01-e1652084456514.png","width":3723,"height":1698,"caption":"BLOGIN.al"},"image":{"@id":"https:\/\/blogin.al\/#\/schema\/logo\/image\/"},"sameAs":["https:\/\/instagram.com\/blogin.al\/"]},{"@type":"Person","@id":"https:\/\/blogin.al\/#\/schema\/person\/abdd56bc912cd511db877b852b115399","name":"Blogin al","image":{"@type":"ImageObject","inLanguage":"en-US","@id":"https:\/\/secure.gravatar.com\/avatar\/60d5661aee6e835fb13dc75d2204cd0c1d61bef2efd137c0083e59ef831e235e?s=96&d=mm&r=g","url":"https:\/\/secure.gravatar.com\/avatar\/60d5661aee6e835fb13dc75d2204cd0c1d61bef2efd137c0083e59ef831e235e?s=96&d=mm&r=g","contentUrl":"https:\/\/secure.gravatar.com\/avatar\/60d5661aee6e835fb13dc75d2204cd0c1d61bef2efd137c0083e59ef831e235e?s=96&d=mm&r=g","caption":"Blogin al"},"sameAs":["https:\/\/blogin.al"],"url":"https:\/\/blogin.al\/?author=2"}]}},"_links":{"self":[{"href":"https:\/\/blogin.al\/index.php?rest_route=\/wp\/v2\/posts\/12928","targetHints":{"allow":["GET"]}}],"collection":[{"href":"https:\/\/blogin.al\/index.php?rest_route=\/wp\/v2\/posts"}],"about":[{"href":"https:\/\/blogin.al\/index.php?rest_route=\/wp\/v2\/types\/post"}],"author":[{"embeddable":true,"href":"https:\/\/blogin.al\/index.php?rest_route=\/wp\/v2\/users\/2"}],"replies":[{"embeddable":true,"href":"https:\/\/blogin.al\/index.php?rest_route=%2Fwp%2Fv2%2Fcomments&post=12928"}],"version-history":[{"count":1,"href":"https:\/\/blogin.al\/index.php?rest_route=\/wp\/v2\/posts\/12928\/revisions"}],"predecessor-version":[{"id":12931,"href":"https:\/\/blogin.al\/index.php?rest_route=\/wp\/v2\/posts\/12928\/revisions\/12931"}],"wp:featuredmedia":[{"embeddable":true,"href":"https:\/\/blogin.al\/index.php?rest_route=\/wp\/v2\/media\/12929"}],"wp:attachment":[{"href":"https:\/\/blogin.al\/index.php?rest_route=%2Fwp%2Fv2%2Fmedia&parent=12928"}],"wp:term":[{"taxonomy":"category","embeddable":true,"href":"https:\/\/blogin.al\/index.php?rest_route=%2Fwp%2Fv2%2Fcategories&post=12928"},{"taxonomy":"post_tag","embeddable":true,"href":"https:\/\/blogin.al\/index.php?rest_route=%2Fwp%2Fv2%2Ftags&post=12928"}],"curies":[{"name":"wp","href":"https:\/\/api.w.org\/{rel}","templated":true}]}}