{"id":12932,"date":"2022-08-22T11:52:52","date_gmt":"2022-08-22T11:52:52","guid":{"rendered":"https:\/\/blogin.al\/?p=12932"},"modified":"2022-08-22T11:53:32","modified_gmt":"2022-08-22T11:53:32","slug":"jasmin-kadriu-dhe-sabrine-khan-zbulojne-nje-here-e-mire-raportin-mes-tyre","status":"publish","type":"post","link":"https:\/\/blogin.al\/?p=12932","title":{"rendered":"Jasmin Kadriu dhe Sabrine Khan zbulojn\u00eb nj\u00eb her\u00eb e mir\u00eb raportin mes tyre"},"content":{"rendered":"\n<p><strong>Trek\u00ebnd\u00ebshi i dashuris\u00eb mes Ardian Bujupit, ish-konkurrentes s\u00eb P\u00ebr\u2019puthen Jasmin Kadriut dhe balerin\u00ebs Sabrine Khan \u00ebsht\u00eb p\u00ebrfolur gjat\u00eb n\u00eb mediat roz\u00eb.<\/strong><\/p>\n\n\n\n<p>Postimet n\u00eb rrjetet sociale dhe deklaratat nga ana e artistit kan\u00eb ngritur gjithnj\u00eb dyshime dhe kan\u00eb nxitur reagime t\u00eb ndryshme nga fansat, megjithat\u00eb ai nuk ka b\u00ebr\u00eb ende nj\u00eb deklarat\u00eb t\u00eb qart\u00eb n\u00eb lidhje me jet\u00ebn e tij private.<\/p>\n\n\n\n<p>Teksa videoja e Ardianit me nj\u00eb vajz\u00eb misterioze b\u00ebri xhiron e rrjetit, duket se Jasmina dhe Sabrina kan\u00ebnj\u00eb raport t\u00eb mir\u00eb me nj\u00ebra-tjetr\u00ebn.<\/p>\n\n\n\n<p>Ish-konkurrentja e P\u00ebr\u2019puthen zhvilloi nj\u00eb \u2018ask me a question\u2019 n\u00eb Instagram me ndjek\u00ebsit e saj, ku k\u00ebrkonte nj\u00eb shoqe. Mes shum\u00eb mesazheve q\u00eb kishte marr\u00eb nga ndjek\u00ebsit e saj, ishte edhe nj\u00eb nga ana e Sabrin\u00ebs.<\/p>\n\n\n\n<p>Ajo p\u00ebrmend shenjat e horoskopit t\u00eb saj dhe Jasmin\u00ebs teksa shton:<strong>&nbsp;\u201cT\u00eb dua\u201d.<\/strong><\/p>\n\n\n\n<p>P\u00ebrgjigja e balerin\u00ebs \u00ebsht\u00eb publikuar edhe nga Jasmina e cila krahas nj\u00eb fotoje t\u00eb Sabrin\u00ebs n\u00eb form\u00eb zemre shkruan:<strong>\u00a0\u201cShum\u00eb dashuri. Zemra m\u00eb e \u00ebmb\u00ebl\u201d<\/strong><\/p>\n\n\n\n<figure class=\"wp-block-image size-large is-style-default\"><img fetchpriority=\"high\" decoding=\"async\" width=\"473\" height=\"1024\" src=\"https:\/\/blogin.al\/wp-content\/uploads\/2022\/08\/jasmin-473x1024.jpeg\" alt=\"\" class=\"wp-image-12933\" srcset=\"https:\/\/blogin.al\/wp-content\/uploads\/2022\/08\/jasmin-473x1024.jpeg 473w, https:\/\/blogin.al\/wp-content\/uploads\/2022\/08\/jasmin-139x300.jpeg 139w, https:\/\/blogin.al\/wp-content\/uploads\/2022\/08\/jasmin-709x1536.jpeg 709w, https:\/\/blogin.al\/wp-content\/uploads\/2022\/08\/jasmin-150x325.jpeg 150w, https:\/\/blogin.al\/wp-content\/uploads\/2022\/08\/jasmin-300x650.jpeg 300w, https:\/\/blogin.al\/wp-content\/uploads\/2022\/08\/jasmin-696x1507.jpeg 696w, https:\/\/blogin.al\/wp-content\/uploads\/2022\/08\/jasmin.jpeg 739w\" sizes=\"(max-width: 473px) 100vw, 473px\" \/><\/figure>\n\n\n\n<p>Kujtojm\u00eb se edhe m\u00eb her\u00ebt dyshja kan\u00eb treguar se kan\u00eb narr\u00ebdh\u00ebnie t\u00eb mir\u00eb me nj\u00ebra-tjetr\u00ebn. Balerina publiko nj\u00eb video n\u00eb TikTok ku Jasmina i ka komentuar: \u201cBoss zem\u00ebr.\u201d Nd\u00ebrkoh\u00eb, Jasmina i ka kthyer: \u201cT\u00eb dyja ne\u201d. N\u00eb k\u00ebt\u00eb m\u00ebnyr\u00eb vajzat na kan\u00eb l\u00ebn\u00eb t\u00eb kuptojm\u00eb se kan\u00eb raporte shum\u00eb t\u00eb mira dhe si duket Ardiani i ka prezantuar.<\/p>\n\n\n\n<figure class=\"wp-block-image size-large is-style-default\"><img decoding=\"async\" width=\"576\" height=\"1024\" src=\"https:\/\/blogin.al\/wp-content\/uploads\/2022\/08\/sabine-576x1024.jpeg\" alt=\"\" class=\"wp-image-12934\" srcset=\"https:\/\/blogin.al\/wp-content\/uploads\/2022\/08\/sabine-576x1024.jpeg 576w, https:\/\/blogin.al\/wp-content\/uploads\/2022\/08\/sabine-169x300.jpeg 169w, https:\/\/blogin.al\/wp-content\/uploads\/2022\/08\/sabine-150x267.jpeg 150w, https:\/\/blogin.al\/wp-content\/uploads\/2022\/08\/sabine-300x533.jpeg 300w, https:\/\/blogin.al\/wp-content\/uploads\/2022\/08\/sabine-696x1237.jpeg 696w, https:\/\/blogin.al\/wp-content\/uploads\/2022\/08\/sabine.jpeg 720w\" sizes=\"(max-width: 576px) 100vw, 576px\" \/><\/figure>\n","protected":false},"excerpt":{"rendered":"<p>Trek\u00ebnd\u00ebshi i dashuris\u00eb mes Ardian Bujupit, ish-konkurrentes s\u00eb P\u00ebr\u2019puthen Jasmin Kadriut dhe balerin\u00ebs Sabrine Khan \u00ebsht\u00eb p\u00ebrfolur gjat\u00eb n\u00eb mediat roz\u00eb. Postimet n\u00eb rrjetet sociale dhe deklaratat nga ana e artistit kan\u00eb ngritur gjithnj\u00eb dyshime dhe kan\u00eb nxitur reagime t\u00eb ndryshme nga fansat, megjithat\u00eb ai nuk ka b\u00ebr\u00eb ende nj\u00eb deklarat\u00eb t\u00eb qart\u00eb n\u00eb lidhje [&hellip;]<\/p>\n","protected":false},"author":2,"featured_media":12936,"comment_status":"open","ping_status":"open","sticky":false,"template":"","format":"standard","meta":{"footnotes":""},"categories":[33],"tags":[],"class_list":{"0":"post-12932","1":"post","2":"type-post","3":"status-publish","4":"format-standard","5":"has-post-thumbnail","7":"category-showbiz"},"yoast_head":"<!-- This site is optimized with the Yoast SEO plugin v27.4 - https:\/\/yoast.com\/product\/yoast-seo-wordpress\/ -->\n<title>Jasmin Kadriu dhe Sabrine Khan zbulojn\u00eb nj\u00eb her\u00eb e mir\u00eb raportin mes tyre - blogin.al<\/title>\n<meta name=\"robots\" content=\"index, follow, max-snippet:-1, max-image-preview:large, max-video-preview:-1\" \/>\n<link rel=\"canonical\" href=\"https:\/\/blogin.al\/?p=12932\" \/>\n<meta property=\"og:locale\" content=\"en_US\" \/>\n<meta property=\"og:type\" content=\"article\" \/>\n<meta property=\"og:title\" content=\"Jasmin Kadriu dhe Sabrine Khan zbulojn\u00eb nj\u00eb her\u00eb e mir\u00eb raportin mes tyre - blogin.al\" \/>\n<meta property=\"og:description\" content=\"Trek\u00ebnd\u00ebshi i dashuris\u00eb mes Ardian Bujupit, ish-konkurrentes s\u00eb P\u00ebr\u2019puthen Jasmin Kadriut dhe balerin\u00ebs Sabrine Khan \u00ebsht\u00eb p\u00ebrfolur gjat\u00eb n\u00eb mediat roz\u00eb. Postimet n\u00eb rrjetet sociale dhe deklaratat nga ana e artistit kan\u00eb ngritur gjithnj\u00eb dyshime dhe kan\u00eb nxitur reagime t\u00eb ndryshme nga fansat, megjithat\u00eb ai nuk ka b\u00ebr\u00eb ende nj\u00eb deklarat\u00eb t\u00eb qart\u00eb n\u00eb lidhje [&hellip;]\" \/>\n<meta property=\"og:url\" content=\"https:\/\/blogin.al\/?p=12932\" \/>\n<meta property=\"og:site_name\" content=\"blogin.al\" \/>\n<meta property=\"article:published_time\" content=\"2022-08-22T11:52:52+00:00\" \/>\n<meta property=\"article:modified_time\" content=\"2022-08-22T11:53:32+00:00\" \/>\n<meta property=\"og:image\" content=\"https:\/\/blogin.al\/wp-content\/uploads\/2022\/08\/20220822_135131-scaled.jpg\" \/>\n\t<meta property=\"og:image:width\" content=\"2560\" \/>\n\t<meta property=\"og:image:height\" content=\"2560\" \/>\n\t<meta property=\"og:image:type\" content=\"image\/jpeg\" \/>\n<meta name=\"author\" content=\"Blogin al\" \/>\n<meta name=\"twitter:card\" content=\"summary_large_image\" \/>\n<meta name=\"twitter:label1\" content=\"Written by\" \/>\n\t<meta name=\"twitter:data1\" content=\"Blogin al\" \/>\n\t<meta name=\"twitter:label2\" content=\"Est. reading time\" \/>\n\t<meta name=\"twitter:data2\" content=\"2 minutes\" \/>\n<script type=\"application\/ld+json\" class=\"yoast-schema-graph\">{\"@context\":\"https:\\\/\\\/schema.org\",\"@graph\":[{\"@type\":\"Article\",\"@id\":\"https:\\\/\\\/blogin.al\\\/?p=12932#article\",\"isPartOf\":{\"@id\":\"https:\\\/\\\/blogin.al\\\/?p=12932\"},\"author\":{\"name\":\"Blogin al\",\"@id\":\"https:\\\/\\\/blogin.al\\\/#\\\/schema\\\/person\\\/abdd56bc912cd511db877b852b115399\"},\"headline\":\"Jasmin Kadriu dhe Sabrine Khan zbulojn\u00eb nj\u00eb her\u00eb e mir\u00eb raportin mes tyre\",\"datePublished\":\"2022-08-22T11:52:52+00:00\",\"dateModified\":\"2022-08-22T11:53:32+00:00\",\"mainEntityOfPage\":{\"@id\":\"https:\\\/\\\/blogin.al\\\/?p=12932\"},\"wordCount\":263,\"commentCount\":0,\"publisher\":{\"@id\":\"https:\\\/\\\/blogin.al\\\/#organization\"},\"image\":{\"@id\":\"https:\\\/\\\/blogin.al\\\/?p=12932#primaryimage\"},\"thumbnailUrl\":\"https:\\\/\\\/blogin.al\\\/wp-content\\\/uploads\\\/2022\\\/08\\\/20220822_135131-scaled.jpg\",\"articleSection\":[\"SHOWBIZ\"],\"inLanguage\":\"en-US\",\"potentialAction\":[{\"@type\":\"CommentAction\",\"name\":\"Comment\",\"target\":[\"https:\\\/\\\/blogin.al\\\/?p=12932#respond\"]}]},{\"@type\":\"WebPage\",\"@id\":\"https:\\\/\\\/blogin.al\\\/?p=12932\",\"url\":\"https:\\\/\\\/blogin.al\\\/?p=12932\",\"name\":\"Jasmin Kadriu dhe Sabrine Khan zbulojn\u00eb nj\u00eb her\u00eb e mir\u00eb raportin mes tyre - blogin.al\",\"isPartOf\":{\"@id\":\"https:\\\/\\\/blogin.al\\\/#website\"},\"primaryImageOfPage\":{\"@id\":\"https:\\\/\\\/blogin.al\\\/?p=12932#primaryimage\"},\"image\":{\"@id\":\"https:\\\/\\\/blogin.al\\\/?p=12932#primaryimage\"},\"thumbnailUrl\":\"https:\\\/\\\/blogin.al\\\/wp-content\\\/uploads\\\/2022\\\/08\\\/20220822_135131-scaled.jpg\",\"datePublished\":\"2022-08-22T11:52:52+00:00\",\"dateModified\":\"2022-08-22T11:53:32+00:00\",\"breadcrumb\":{\"@id\":\"https:\\\/\\\/blogin.al\\\/?p=12932#breadcrumb\"},\"inLanguage\":\"en-US\",\"potentialAction\":[{\"@type\":\"ReadAction\",\"target\":[\"https:\\\/\\\/blogin.al\\\/?p=12932\"]}]},{\"@type\":\"ImageObject\",\"inLanguage\":\"en-US\",\"@id\":\"https:\\\/\\\/blogin.al\\\/?p=12932#primaryimage\",\"url\":\"https:\\\/\\\/blogin.al\\\/wp-content\\\/uploads\\\/2022\\\/08\\\/20220822_135131-scaled.jpg\",\"contentUrl\":\"https:\\\/\\\/blogin.al\\\/wp-content\\\/uploads\\\/2022\\\/08\\\/20220822_135131-scaled.jpg\",\"width\":2560,\"height\":2560},{\"@type\":\"BreadcrumbList\",\"@id\":\"https:\\\/\\\/blogin.al\\\/?p=12932#breadcrumb\",\"itemListElement\":[{\"@type\":\"ListItem\",\"position\":1,\"name\":\"Home\",\"item\":\"https:\\\/\\\/blogin.al\\\/\"},{\"@type\":\"ListItem\",\"position\":2,\"name\":\"Jasmin Kadriu dhe Sabrine Khan zbulojn\u00eb nj\u00eb her\u00eb e mir\u00eb raportin mes tyre\"}]},{\"@type\":\"WebSite\",\"@id\":\"https:\\\/\\\/blogin.al\\\/#website\",\"url\":\"https:\\\/\\\/blogin.al\\\/\",\"name\":\"blogin.al\",\"description\":\"\",\"publisher\":{\"@id\":\"https:\\\/\\\/blogin.al\\\/#organization\"},\"potentialAction\":[{\"@type\":\"SearchAction\",\"target\":{\"@type\":\"EntryPoint\",\"urlTemplate\":\"https:\\\/\\\/blogin.al\\\/?s={search_term_string}\"},\"query-input\":{\"@type\":\"PropertyValueSpecification\",\"valueRequired\":true,\"valueName\":\"search_term_string\"}}],\"inLanguage\":\"en-US\"},{\"@type\":\"Organization\",\"@id\":\"https:\\\/\\\/blogin.al\\\/#organization\",\"name\":\"BLOGIN.al\",\"url\":\"https:\\\/\\\/blogin.al\\\/\",\"logo\":{\"@type\":\"ImageObject\",\"inLanguage\":\"en-US\",\"@id\":\"https:\\\/\\\/blogin.al\\\/#\\\/schema\\\/logo\\\/image\\\/\",\"url\":\"https:\\\/\\\/blogin.al\\\/wp-content\\\/uploads\\\/2022\\\/05\\\/Untitled-2-01-e1652084456514.png\",\"contentUrl\":\"https:\\\/\\\/blogin.al\\\/wp-content\\\/uploads\\\/2022\\\/05\\\/Untitled-2-01-e1652084456514.png\",\"width\":3723,\"height\":1698,\"caption\":\"BLOGIN.al\"},\"image\":{\"@id\":\"https:\\\/\\\/blogin.al\\\/#\\\/schema\\\/logo\\\/image\\\/\"},\"sameAs\":[\"https:\\\/\\\/instagram.com\\\/blogin.al\\\/\"]},{\"@type\":\"Person\",\"@id\":\"https:\\\/\\\/blogin.al\\\/#\\\/schema\\\/person\\\/abdd56bc912cd511db877b852b115399\",\"name\":\"Blogin al\",\"image\":{\"@type\":\"ImageObject\",\"inLanguage\":\"en-US\",\"@id\":\"https:\\\/\\\/secure.gravatar.com\\\/avatar\\\/60d5661aee6e835fb13dc75d2204cd0c1d61bef2efd137c0083e59ef831e235e?s=96&d=mm&r=g\",\"url\":\"https:\\\/\\\/secure.gravatar.com\\\/avatar\\\/60d5661aee6e835fb13dc75d2204cd0c1d61bef2efd137c0083e59ef831e235e?s=96&d=mm&r=g\",\"contentUrl\":\"https:\\\/\\\/secure.gravatar.com\\\/avatar\\\/60d5661aee6e835fb13dc75d2204cd0c1d61bef2efd137c0083e59ef831e235e?s=96&d=mm&r=g\",\"caption\":\"Blogin al\"},\"sameAs\":[\"https:\\\/\\\/blogin.al\"],\"url\":\"https:\\\/\\\/blogin.al\\\/?author=2\"}]}<\/script>\n<!-- \/ Yoast SEO plugin. -->","yoast_head_json":{"title":"Jasmin Kadriu dhe Sabrine Khan zbulojn\u00eb nj\u00eb her\u00eb e mir\u00eb raportin mes tyre - blogin.al","robots":{"index":"index","follow":"follow","max-snippet":"max-snippet:-1","max-image-preview":"max-image-preview:large","max-video-preview":"max-video-preview:-1"},"canonical":"https:\/\/blogin.al\/?p=12932","og_locale":"en_US","og_type":"article","og_title":"Jasmin Kadriu dhe Sabrine Khan zbulojn\u00eb nj\u00eb her\u00eb e mir\u00eb raportin mes tyre - blogin.al","og_description":"Trek\u00ebnd\u00ebshi i dashuris\u00eb mes Ardian Bujupit, ish-konkurrentes s\u00eb P\u00ebr\u2019puthen Jasmin Kadriut dhe balerin\u00ebs Sabrine Khan \u00ebsht\u00eb p\u00ebrfolur gjat\u00eb n\u00eb mediat roz\u00eb. Postimet n\u00eb rrjetet sociale dhe deklaratat nga ana e artistit kan\u00eb ngritur gjithnj\u00eb dyshime dhe kan\u00eb nxitur reagime t\u00eb ndryshme nga fansat, megjithat\u00eb ai nuk ka b\u00ebr\u00eb ende nj\u00eb deklarat\u00eb t\u00eb qart\u00eb n\u00eb lidhje [&hellip;]","og_url":"https:\/\/blogin.al\/?p=12932","og_site_name":"blogin.al","article_published_time":"2022-08-22T11:52:52+00:00","article_modified_time":"2022-08-22T11:53:32+00:00","og_image":[{"width":2560,"height":2560,"url":"https:\/\/blogin.al\/wp-content\/uploads\/2022\/08\/20220822_135131-scaled.jpg","type":"image\/jpeg"}],"author":"Blogin al","twitter_card":"summary_large_image","twitter_misc":{"Written by":"Blogin al","Est. reading time":"2 minutes"},"schema":{"@context":"https:\/\/schema.org","@graph":[{"@type":"Article","@id":"https:\/\/blogin.al\/?p=12932#article","isPartOf":{"@id":"https:\/\/blogin.al\/?p=12932"},"author":{"name":"Blogin al","@id":"https:\/\/blogin.al\/#\/schema\/person\/abdd56bc912cd511db877b852b115399"},"headline":"Jasmin Kadriu dhe Sabrine Khan zbulojn\u00eb nj\u00eb her\u00eb e mir\u00eb raportin mes tyre","datePublished":"2022-08-22T11:52:52+00:00","dateModified":"2022-08-22T11:53:32+00:00","mainEntityOfPage":{"@id":"https:\/\/blogin.al\/?p=12932"},"wordCount":263,"commentCount":0,"publisher":{"@id":"https:\/\/blogin.al\/#organization"},"image":{"@id":"https:\/\/blogin.al\/?p=12932#primaryimage"},"thumbnailUrl":"https:\/\/blogin.al\/wp-content\/uploads\/2022\/08\/20220822_135131-scaled.jpg","articleSection":["SHOWBIZ"],"inLanguage":"en-US","potentialAction":[{"@type":"CommentAction","name":"Comment","target":["https:\/\/blogin.al\/?p=12932#respond"]}]},{"@type":"WebPage","@id":"https:\/\/blogin.al\/?p=12932","url":"https:\/\/blogin.al\/?p=12932","name":"Jasmin Kadriu dhe Sabrine Khan zbulojn\u00eb nj\u00eb her\u00eb e mir\u00eb raportin mes tyre - blogin.al","isPartOf":{"@id":"https:\/\/blogin.al\/#website"},"primaryImageOfPage":{"@id":"https:\/\/blogin.al\/?p=12932#primaryimage"},"image":{"@id":"https:\/\/blogin.al\/?p=12932#primaryimage"},"thumbnailUrl":"https:\/\/blogin.al\/wp-content\/uploads\/2022\/08\/20220822_135131-scaled.jpg","datePublished":"2022-08-22T11:52:52+00:00","dateModified":"2022-08-22T11:53:32+00:00","breadcrumb":{"@id":"https:\/\/blogin.al\/?p=12932#breadcrumb"},"inLanguage":"en-US","potentialAction":[{"@type":"ReadAction","target":["https:\/\/blogin.al\/?p=12932"]}]},{"@type":"ImageObject","inLanguage":"en-US","@id":"https:\/\/blogin.al\/?p=12932#primaryimage","url":"https:\/\/blogin.al\/wp-content\/uploads\/2022\/08\/20220822_135131-scaled.jpg","contentUrl":"https:\/\/blogin.al\/wp-content\/uploads\/2022\/08\/20220822_135131-scaled.jpg","width":2560,"height":2560},{"@type":"BreadcrumbList","@id":"https:\/\/blogin.al\/?p=12932#breadcrumb","itemListElement":[{"@type":"ListItem","position":1,"name":"Home","item":"https:\/\/blogin.al\/"},{"@type":"ListItem","position":2,"name":"Jasmin Kadriu dhe Sabrine Khan zbulojn\u00eb nj\u00eb her\u00eb e mir\u00eb raportin mes tyre"}]},{"@type":"WebSite","@id":"https:\/\/blogin.al\/#website","url":"https:\/\/blogin.al\/","name":"blogin.al","description":"","publisher":{"@id":"https:\/\/blogin.al\/#organization"},"potentialAction":[{"@type":"SearchAction","target":{"@type":"EntryPoint","urlTemplate":"https:\/\/blogin.al\/?s={search_term_string}"},"query-input":{"@type":"PropertyValueSpecification","valueRequired":true,"valueName":"search_term_string"}}],"inLanguage":"en-US"},{"@type":"Organization","@id":"https:\/\/blogin.al\/#organization","name":"BLOGIN.al","url":"https:\/\/blogin.al\/","logo":{"@type":"ImageObject","inLanguage":"en-US","@id":"https:\/\/blogin.al\/#\/schema\/logo\/image\/","url":"https:\/\/blogin.al\/wp-content\/uploads\/2022\/05\/Untitled-2-01-e1652084456514.png","contentUrl":"https:\/\/blogin.al\/wp-content\/uploads\/2022\/05\/Untitled-2-01-e1652084456514.png","width":3723,"height":1698,"caption":"BLOGIN.al"},"image":{"@id":"https:\/\/blogin.al\/#\/schema\/logo\/image\/"},"sameAs":["https:\/\/instagram.com\/blogin.al\/"]},{"@type":"Person","@id":"https:\/\/blogin.al\/#\/schema\/person\/abdd56bc912cd511db877b852b115399","name":"Blogin al","image":{"@type":"ImageObject","inLanguage":"en-US","@id":"https:\/\/secure.gravatar.com\/avatar\/60d5661aee6e835fb13dc75d2204cd0c1d61bef2efd137c0083e59ef831e235e?s=96&d=mm&r=g","url":"https:\/\/secure.gravatar.com\/avatar\/60d5661aee6e835fb13dc75d2204cd0c1d61bef2efd137c0083e59ef831e235e?s=96&d=mm&r=g","contentUrl":"https:\/\/secure.gravatar.com\/avatar\/60d5661aee6e835fb13dc75d2204cd0c1d61bef2efd137c0083e59ef831e235e?s=96&d=mm&r=g","caption":"Blogin al"},"sameAs":["https:\/\/blogin.al"],"url":"https:\/\/blogin.al\/?author=2"}]}},"_links":{"self":[{"href":"https:\/\/blogin.al\/index.php?rest_route=\/wp\/v2\/posts\/12932","targetHints":{"allow":["GET"]}}],"collection":[{"href":"https:\/\/blogin.al\/index.php?rest_route=\/wp\/v2\/posts"}],"about":[{"href":"https:\/\/blogin.al\/index.php?rest_route=\/wp\/v2\/types\/post"}],"author":[{"embeddable":true,"href":"https:\/\/blogin.al\/index.php?rest_route=\/wp\/v2\/users\/2"}],"replies":[{"embeddable":true,"href":"https:\/\/blogin.al\/index.php?rest_route=%2Fwp%2Fv2%2Fcomments&post=12932"}],"version-history":[{"count":1,"href":"https:\/\/blogin.al\/index.php?rest_route=\/wp\/v2\/posts\/12932\/revisions"}],"predecessor-version":[{"id":12935,"href":"https:\/\/blogin.al\/index.php?rest_route=\/wp\/v2\/posts\/12932\/revisions\/12935"}],"wp:featuredmedia":[{"embeddable":true,"href":"https:\/\/blogin.al\/index.php?rest_route=\/wp\/v2\/media\/12936"}],"wp:attachment":[{"href":"https:\/\/blogin.al\/index.php?rest_route=%2Fwp%2Fv2%2Fmedia&parent=12932"}],"wp:term":[{"taxonomy":"category","embeddable":true,"href":"https:\/\/blogin.al\/index.php?rest_route=%2Fwp%2Fv2%2Fcategories&post=12932"},{"taxonomy":"post_tag","embeddable":true,"href":"https:\/\/blogin.al\/index.php?rest_route=%2Fwp%2Fv2%2Ftags&post=12932"}],"curies":[{"name":"wp","href":"https:\/\/api.w.org\/{rel}","templated":true}]}}