{"id":12993,"date":"2022-08-23T07:07:17","date_gmt":"2022-08-23T07:07:17","guid":{"rendered":"https:\/\/blogin.al\/?p=12993"},"modified":"2022-08-23T07:07:19","modified_gmt":"2022-08-23T07:07:19","slug":"flori-mumajesi-prek-me-postimin-per-nenen-e-tij-te-ndjere","status":"publish","type":"post","link":"https:\/\/blogin.al\/?p=12993","title":{"rendered":"Flori Mumajesi prek me postimin p\u00ebr n\u00ebn\u00ebn e tij t\u00eb ndjer\u00eb"},"content":{"rendered":"\n<p>Flori Mumajesi ka kujtuar n\u00ebn\u00ebn e ndjer\u00eb p\u00ebrmes nj\u00eb postimi prek\u00ebs. Lajmi p\u00ebr ndarjen nga jeta t\u00eb s\u00eb \u00ebm\u00ebs, u b\u00eb me dije n\u00eb shkurt t\u00eb vitit t\u00eb kaluar, mir\u00ebpo, k\u00ebng\u00ebtari ka zbuluar p\u00ebrmes k\u00ebtij postimi, se e ka humbur at\u00eb n\u00eb dit\u00ebn e lindjes s\u00eb tij nd\u00ebrsa thot\u00eb se \u201cnuk e di a \u00ebsht\u00eb m\u00eb dit\u00eblindja ime n\u00eb dat\u00ebn 23\u201d<\/p>\n\n\n\n<p>\u201cN\u00ebp\u00ebrmjet muzik\u00ebs kam ndar\u00eb nd\u00ebr vite cop\u00ebza shpirti, prej koh\u00ebsh nuk e b\u00ebj m\u00eb, mbase prandaj e ndjeva kaq t\u00eb nevojshme ta ndaja edhe aq shpirt sa m\u00eb ka mbetur me k\u00ebt\u00eb foto dhe pik\u00ebrisht sot! Sot u zgjova djersitur dhe sa b\u00ebra t\u00eb \u00e7ohem nga krevati m\u00eb erdhi era Loke, era mushe, era mam, era q\u00eb m\u00eb ka rritur, era jet\u00eb, era q\u00eb vdisja ta nuhasja duke zhytur kok\u00ebn n\u00eb qaf\u00eb, era m\u00eb e mir\u00eb n\u00eb bot\u00eb.<\/p>\n\n\n\n<p>M\u00eb mungon \u00ebsht\u00eb pak ta them, \u00e7do dit\u00eb t\u00eb kam para syve si luftove duke m\u00eb shtr\u00ebnguar dor\u00ebn deri n\u00eb frym\u00ebn e fundit. Asnj\u00eb urim s\u2019ma mbush dot shpirtin kur s\u2019e kam nj\u00eb telefonat\u00eb nga ty, nj\u00eb mesazh! M\u00eb ike dit\u00ebn q\u00eb m\u00eb linde mushe, nuk e di a \u00ebsht\u00eb m\u00eb dit\u00eblindja ime n\u00eb dat\u00ebn 23\u201d, ka shkruar Flori.<\/p>\n\n\n\n<figure class=\"wp-block-image size-large is-style-default\"><img fetchpriority=\"high\" decoding=\"async\" width=\"576\" height=\"1024\" src=\"https:\/\/blogin.al\/wp-content\/uploads\/2022\/08\/flori-576x1024.jpg\" alt=\"\" class=\"wp-image-12994\" srcset=\"https:\/\/blogin.al\/wp-content\/uploads\/2022\/08\/flori-576x1024.jpg 576w, https:\/\/blogin.al\/wp-content\/uploads\/2022\/08\/flori-169x300.jpg 169w, https:\/\/blogin.al\/wp-content\/uploads\/2022\/08\/flori-150x266.jpg 150w, https:\/\/blogin.al\/wp-content\/uploads\/2022\/08\/flori-300x533.jpg 300w, https:\/\/blogin.al\/wp-content\/uploads\/2022\/08\/flori.jpg 640w\" sizes=\"(max-width: 576px) 100vw, 576px\" \/><\/figure>\n","protected":false},"excerpt":{"rendered":"<p>Flori Mumajesi ka kujtuar n\u00ebn\u00ebn e ndjer\u00eb p\u00ebrmes nj\u00eb postimi prek\u00ebs. Lajmi p\u00ebr ndarjen nga jeta t\u00eb s\u00eb \u00ebm\u00ebs, u b\u00eb me dije n\u00eb shkurt t\u00eb vitit t\u00eb kaluar, mir\u00ebpo, k\u00ebng\u00ebtari ka zbuluar p\u00ebrmes k\u00ebtij postimi, se e ka humbur at\u00eb n\u00eb dit\u00ebn e lindjes s\u00eb tij nd\u00ebrsa thot\u00eb se \u201cnuk e di a \u00ebsht\u00eb [&hellip;]<\/p>\n","protected":false},"author":2,"featured_media":12995,"comment_status":"open","ping_status":"open","sticky":false,"template":"","format":"standard","meta":{"footnotes":""},"categories":[33],"tags":[],"class_list":{"0":"post-12993","1":"post","2":"type-post","3":"status-publish","4":"format-standard","5":"has-post-thumbnail","7":"category-showbiz"},"yoast_head":"<!-- This site is optimized with the Yoast SEO plugin v27.4 - https:\/\/yoast.com\/product\/yoast-seo-wordpress\/ -->\n<title>Flori Mumajesi prek me postimin p\u00ebr n\u00ebn\u00ebn e tij t\u00eb ndjer\u00eb - blogin.al<\/title>\n<meta name=\"robots\" content=\"index, follow, max-snippet:-1, max-image-preview:large, max-video-preview:-1\" \/>\n<link rel=\"canonical\" href=\"https:\/\/blogin.al\/?p=12993\" \/>\n<meta property=\"og:locale\" content=\"en_US\" \/>\n<meta property=\"og:type\" content=\"article\" \/>\n<meta property=\"og:title\" content=\"Flori Mumajesi prek me postimin p\u00ebr n\u00ebn\u00ebn e tij t\u00eb ndjer\u00eb - blogin.al\" \/>\n<meta property=\"og:description\" content=\"Flori Mumajesi ka kujtuar n\u00ebn\u00ebn e ndjer\u00eb p\u00ebrmes nj\u00eb postimi prek\u00ebs. Lajmi p\u00ebr ndarjen nga jeta t\u00eb s\u00eb \u00ebm\u00ebs, u b\u00eb me dije n\u00eb shkurt t\u00eb vitit t\u00eb kaluar, mir\u00ebpo, k\u00ebng\u00ebtari ka zbuluar p\u00ebrmes k\u00ebtij postimi, se e ka humbur at\u00eb n\u00eb dit\u00ebn e lindjes s\u00eb tij nd\u00ebrsa thot\u00eb se \u201cnuk e di a \u00ebsht\u00eb [&hellip;]\" \/>\n<meta property=\"og:url\" content=\"https:\/\/blogin.al\/?p=12993\" \/>\n<meta property=\"og:site_name\" content=\"blogin.al\" \/>\n<meta property=\"article:published_time\" content=\"2022-08-23T07:07:17+00:00\" \/>\n<meta property=\"article:modified_time\" content=\"2022-08-23T07:07:19+00:00\" \/>\n<meta property=\"og:image\" content=\"https:\/\/blogin.al\/wp-content\/uploads\/2022\/08\/flori-mumajesi.jpg\" \/>\n\t<meta property=\"og:image:width\" content=\"640\" \/>\n\t<meta property=\"og:image:height\" content=\"357\" \/>\n\t<meta property=\"og:image:type\" content=\"image\/jpeg\" \/>\n<meta name=\"author\" content=\"Blogin al\" \/>\n<meta name=\"twitter:card\" content=\"summary_large_image\" \/>\n<meta name=\"twitter:label1\" content=\"Written by\" \/>\n\t<meta name=\"twitter:data1\" content=\"Blogin al\" \/>\n\t<meta name=\"twitter:label2\" content=\"Est. reading time\" \/>\n\t<meta name=\"twitter:data2\" content=\"2 minutes\" \/>\n<script type=\"application\/ld+json\" class=\"yoast-schema-graph\">{\"@context\":\"https:\\\/\\\/schema.org\",\"@graph\":[{\"@type\":\"Article\",\"@id\":\"https:\\\/\\\/blogin.al\\\/?p=12993#article\",\"isPartOf\":{\"@id\":\"https:\\\/\\\/blogin.al\\\/?p=12993\"},\"author\":{\"name\":\"Blogin al\",\"@id\":\"https:\\\/\\\/blogin.al\\\/#\\\/schema\\\/person\\\/abdd56bc912cd511db877b852b115399\"},\"headline\":\"Flori Mumajesi prek me postimin p\u00ebr n\u00ebn\u00ebn e tij t\u00eb ndjer\u00eb\",\"datePublished\":\"2022-08-23T07:07:17+00:00\",\"dateModified\":\"2022-08-23T07:07:19+00:00\",\"mainEntityOfPage\":{\"@id\":\"https:\\\/\\\/blogin.al\\\/?p=12993\"},\"wordCount\":244,\"commentCount\":0,\"publisher\":{\"@id\":\"https:\\\/\\\/blogin.al\\\/#organization\"},\"image\":{\"@id\":\"https:\\\/\\\/blogin.al\\\/?p=12993#primaryimage\"},\"thumbnailUrl\":\"https:\\\/\\\/blogin.al\\\/wp-content\\\/uploads\\\/2022\\\/08\\\/flori-mumajesi.jpg\",\"articleSection\":[\"SHOWBIZ\"],\"inLanguage\":\"en-US\",\"potentialAction\":[{\"@type\":\"CommentAction\",\"name\":\"Comment\",\"target\":[\"https:\\\/\\\/blogin.al\\\/?p=12993#respond\"]}]},{\"@type\":\"WebPage\",\"@id\":\"https:\\\/\\\/blogin.al\\\/?p=12993\",\"url\":\"https:\\\/\\\/blogin.al\\\/?p=12993\",\"name\":\"Flori Mumajesi prek me postimin p\u00ebr n\u00ebn\u00ebn e tij t\u00eb ndjer\u00eb - blogin.al\",\"isPartOf\":{\"@id\":\"https:\\\/\\\/blogin.al\\\/#website\"},\"primaryImageOfPage\":{\"@id\":\"https:\\\/\\\/blogin.al\\\/?p=12993#primaryimage\"},\"image\":{\"@id\":\"https:\\\/\\\/blogin.al\\\/?p=12993#primaryimage\"},\"thumbnailUrl\":\"https:\\\/\\\/blogin.al\\\/wp-content\\\/uploads\\\/2022\\\/08\\\/flori-mumajesi.jpg\",\"datePublished\":\"2022-08-23T07:07:17+00:00\",\"dateModified\":\"2022-08-23T07:07:19+00:00\",\"breadcrumb\":{\"@id\":\"https:\\\/\\\/blogin.al\\\/?p=12993#breadcrumb\"},\"inLanguage\":\"en-US\",\"potentialAction\":[{\"@type\":\"ReadAction\",\"target\":[\"https:\\\/\\\/blogin.al\\\/?p=12993\"]}]},{\"@type\":\"ImageObject\",\"inLanguage\":\"en-US\",\"@id\":\"https:\\\/\\\/blogin.al\\\/?p=12993#primaryimage\",\"url\":\"https:\\\/\\\/blogin.al\\\/wp-content\\\/uploads\\\/2022\\\/08\\\/flori-mumajesi.jpg\",\"contentUrl\":\"https:\\\/\\\/blogin.al\\\/wp-content\\\/uploads\\\/2022\\\/08\\\/flori-mumajesi.jpg\",\"width\":640,\"height\":357},{\"@type\":\"BreadcrumbList\",\"@id\":\"https:\\\/\\\/blogin.al\\\/?p=12993#breadcrumb\",\"itemListElement\":[{\"@type\":\"ListItem\",\"position\":1,\"name\":\"Home\",\"item\":\"https:\\\/\\\/blogin.al\\\/\"},{\"@type\":\"ListItem\",\"position\":2,\"name\":\"Flori Mumajesi prek me postimin p\u00ebr n\u00ebn\u00ebn e tij t\u00eb ndjer\u00eb\"}]},{\"@type\":\"WebSite\",\"@id\":\"https:\\\/\\\/blogin.al\\\/#website\",\"url\":\"https:\\\/\\\/blogin.al\\\/\",\"name\":\"blogin.al\",\"description\":\"\",\"publisher\":{\"@id\":\"https:\\\/\\\/blogin.al\\\/#organization\"},\"potentialAction\":[{\"@type\":\"SearchAction\",\"target\":{\"@type\":\"EntryPoint\",\"urlTemplate\":\"https:\\\/\\\/blogin.al\\\/?s={search_term_string}\"},\"query-input\":{\"@type\":\"PropertyValueSpecification\",\"valueRequired\":true,\"valueName\":\"search_term_string\"}}],\"inLanguage\":\"en-US\"},{\"@type\":\"Organization\",\"@id\":\"https:\\\/\\\/blogin.al\\\/#organization\",\"name\":\"BLOGIN.al\",\"url\":\"https:\\\/\\\/blogin.al\\\/\",\"logo\":{\"@type\":\"ImageObject\",\"inLanguage\":\"en-US\",\"@id\":\"https:\\\/\\\/blogin.al\\\/#\\\/schema\\\/logo\\\/image\\\/\",\"url\":\"https:\\\/\\\/blogin.al\\\/wp-content\\\/uploads\\\/2022\\\/05\\\/Untitled-2-01-e1652084456514.png\",\"contentUrl\":\"https:\\\/\\\/blogin.al\\\/wp-content\\\/uploads\\\/2022\\\/05\\\/Untitled-2-01-e1652084456514.png\",\"width\":3723,\"height\":1698,\"caption\":\"BLOGIN.al\"},\"image\":{\"@id\":\"https:\\\/\\\/blogin.al\\\/#\\\/schema\\\/logo\\\/image\\\/\"},\"sameAs\":[\"https:\\\/\\\/instagram.com\\\/blogin.al\\\/\"]},{\"@type\":\"Person\",\"@id\":\"https:\\\/\\\/blogin.al\\\/#\\\/schema\\\/person\\\/abdd56bc912cd511db877b852b115399\",\"name\":\"Blogin al\",\"image\":{\"@type\":\"ImageObject\",\"inLanguage\":\"en-US\",\"@id\":\"https:\\\/\\\/secure.gravatar.com\\\/avatar\\\/60d5661aee6e835fb13dc75d2204cd0c1d61bef2efd137c0083e59ef831e235e?s=96&d=mm&r=g\",\"url\":\"https:\\\/\\\/secure.gravatar.com\\\/avatar\\\/60d5661aee6e835fb13dc75d2204cd0c1d61bef2efd137c0083e59ef831e235e?s=96&d=mm&r=g\",\"contentUrl\":\"https:\\\/\\\/secure.gravatar.com\\\/avatar\\\/60d5661aee6e835fb13dc75d2204cd0c1d61bef2efd137c0083e59ef831e235e?s=96&d=mm&r=g\",\"caption\":\"Blogin al\"},\"sameAs\":[\"https:\\\/\\\/blogin.al\"],\"url\":\"https:\\\/\\\/blogin.al\\\/?author=2\"}]}<\/script>\n<!-- \/ Yoast SEO plugin. -->","yoast_head_json":{"title":"Flori Mumajesi prek me postimin p\u00ebr n\u00ebn\u00ebn e tij t\u00eb ndjer\u00eb - blogin.al","robots":{"index":"index","follow":"follow","max-snippet":"max-snippet:-1","max-image-preview":"max-image-preview:large","max-video-preview":"max-video-preview:-1"},"canonical":"https:\/\/blogin.al\/?p=12993","og_locale":"en_US","og_type":"article","og_title":"Flori Mumajesi prek me postimin p\u00ebr n\u00ebn\u00ebn e tij t\u00eb ndjer\u00eb - blogin.al","og_description":"Flori Mumajesi ka kujtuar n\u00ebn\u00ebn e ndjer\u00eb p\u00ebrmes nj\u00eb postimi prek\u00ebs. Lajmi p\u00ebr ndarjen nga jeta t\u00eb s\u00eb \u00ebm\u00ebs, u b\u00eb me dije n\u00eb shkurt t\u00eb vitit t\u00eb kaluar, mir\u00ebpo, k\u00ebng\u00ebtari ka zbuluar p\u00ebrmes k\u00ebtij postimi, se e ka humbur at\u00eb n\u00eb dit\u00ebn e lindjes s\u00eb tij nd\u00ebrsa thot\u00eb se \u201cnuk e di a \u00ebsht\u00eb [&hellip;]","og_url":"https:\/\/blogin.al\/?p=12993","og_site_name":"blogin.al","article_published_time":"2022-08-23T07:07:17+00:00","article_modified_time":"2022-08-23T07:07:19+00:00","og_image":[{"width":640,"height":357,"url":"https:\/\/blogin.al\/wp-content\/uploads\/2022\/08\/flori-mumajesi.jpg","type":"image\/jpeg"}],"author":"Blogin al","twitter_card":"summary_large_image","twitter_misc":{"Written by":"Blogin al","Est. reading time":"2 minutes"},"schema":{"@context":"https:\/\/schema.org","@graph":[{"@type":"Article","@id":"https:\/\/blogin.al\/?p=12993#article","isPartOf":{"@id":"https:\/\/blogin.al\/?p=12993"},"author":{"name":"Blogin al","@id":"https:\/\/blogin.al\/#\/schema\/person\/abdd56bc912cd511db877b852b115399"},"headline":"Flori Mumajesi prek me postimin p\u00ebr n\u00ebn\u00ebn e tij t\u00eb ndjer\u00eb","datePublished":"2022-08-23T07:07:17+00:00","dateModified":"2022-08-23T07:07:19+00:00","mainEntityOfPage":{"@id":"https:\/\/blogin.al\/?p=12993"},"wordCount":244,"commentCount":0,"publisher":{"@id":"https:\/\/blogin.al\/#organization"},"image":{"@id":"https:\/\/blogin.al\/?p=12993#primaryimage"},"thumbnailUrl":"https:\/\/blogin.al\/wp-content\/uploads\/2022\/08\/flori-mumajesi.jpg","articleSection":["SHOWBIZ"],"inLanguage":"en-US","potentialAction":[{"@type":"CommentAction","name":"Comment","target":["https:\/\/blogin.al\/?p=12993#respond"]}]},{"@type":"WebPage","@id":"https:\/\/blogin.al\/?p=12993","url":"https:\/\/blogin.al\/?p=12993","name":"Flori Mumajesi prek me postimin p\u00ebr n\u00ebn\u00ebn e tij t\u00eb ndjer\u00eb - blogin.al","isPartOf":{"@id":"https:\/\/blogin.al\/#website"},"primaryImageOfPage":{"@id":"https:\/\/blogin.al\/?p=12993#primaryimage"},"image":{"@id":"https:\/\/blogin.al\/?p=12993#primaryimage"},"thumbnailUrl":"https:\/\/blogin.al\/wp-content\/uploads\/2022\/08\/flori-mumajesi.jpg","datePublished":"2022-08-23T07:07:17+00:00","dateModified":"2022-08-23T07:07:19+00:00","breadcrumb":{"@id":"https:\/\/blogin.al\/?p=12993#breadcrumb"},"inLanguage":"en-US","potentialAction":[{"@type":"ReadAction","target":["https:\/\/blogin.al\/?p=12993"]}]},{"@type":"ImageObject","inLanguage":"en-US","@id":"https:\/\/blogin.al\/?p=12993#primaryimage","url":"https:\/\/blogin.al\/wp-content\/uploads\/2022\/08\/flori-mumajesi.jpg","contentUrl":"https:\/\/blogin.al\/wp-content\/uploads\/2022\/08\/flori-mumajesi.jpg","width":640,"height":357},{"@type":"BreadcrumbList","@id":"https:\/\/blogin.al\/?p=12993#breadcrumb","itemListElement":[{"@type":"ListItem","position":1,"name":"Home","item":"https:\/\/blogin.al\/"},{"@type":"ListItem","position":2,"name":"Flori Mumajesi prek me postimin p\u00ebr n\u00ebn\u00ebn e tij t\u00eb ndjer\u00eb"}]},{"@type":"WebSite","@id":"https:\/\/blogin.al\/#website","url":"https:\/\/blogin.al\/","name":"blogin.al","description":"","publisher":{"@id":"https:\/\/blogin.al\/#organization"},"potentialAction":[{"@type":"SearchAction","target":{"@type":"EntryPoint","urlTemplate":"https:\/\/blogin.al\/?s={search_term_string}"},"query-input":{"@type":"PropertyValueSpecification","valueRequired":true,"valueName":"search_term_string"}}],"inLanguage":"en-US"},{"@type":"Organization","@id":"https:\/\/blogin.al\/#organization","name":"BLOGIN.al","url":"https:\/\/blogin.al\/","logo":{"@type":"ImageObject","inLanguage":"en-US","@id":"https:\/\/blogin.al\/#\/schema\/logo\/image\/","url":"https:\/\/blogin.al\/wp-content\/uploads\/2022\/05\/Untitled-2-01-e1652084456514.png","contentUrl":"https:\/\/blogin.al\/wp-content\/uploads\/2022\/05\/Untitled-2-01-e1652084456514.png","width":3723,"height":1698,"caption":"BLOGIN.al"},"image":{"@id":"https:\/\/blogin.al\/#\/schema\/logo\/image\/"},"sameAs":["https:\/\/instagram.com\/blogin.al\/"]},{"@type":"Person","@id":"https:\/\/blogin.al\/#\/schema\/person\/abdd56bc912cd511db877b852b115399","name":"Blogin al","image":{"@type":"ImageObject","inLanguage":"en-US","@id":"https:\/\/secure.gravatar.com\/avatar\/60d5661aee6e835fb13dc75d2204cd0c1d61bef2efd137c0083e59ef831e235e?s=96&d=mm&r=g","url":"https:\/\/secure.gravatar.com\/avatar\/60d5661aee6e835fb13dc75d2204cd0c1d61bef2efd137c0083e59ef831e235e?s=96&d=mm&r=g","contentUrl":"https:\/\/secure.gravatar.com\/avatar\/60d5661aee6e835fb13dc75d2204cd0c1d61bef2efd137c0083e59ef831e235e?s=96&d=mm&r=g","caption":"Blogin al"},"sameAs":["https:\/\/blogin.al"],"url":"https:\/\/blogin.al\/?author=2"}]}},"_links":{"self":[{"href":"https:\/\/blogin.al\/index.php?rest_route=\/wp\/v2\/posts\/12993","targetHints":{"allow":["GET"]}}],"collection":[{"href":"https:\/\/blogin.al\/index.php?rest_route=\/wp\/v2\/posts"}],"about":[{"href":"https:\/\/blogin.al\/index.php?rest_route=\/wp\/v2\/types\/post"}],"author":[{"embeddable":true,"href":"https:\/\/blogin.al\/index.php?rest_route=\/wp\/v2\/users\/2"}],"replies":[{"embeddable":true,"href":"https:\/\/blogin.al\/index.php?rest_route=%2Fwp%2Fv2%2Fcomments&post=12993"}],"version-history":[{"count":1,"href":"https:\/\/blogin.al\/index.php?rest_route=\/wp\/v2\/posts\/12993\/revisions"}],"predecessor-version":[{"id":12996,"href":"https:\/\/blogin.al\/index.php?rest_route=\/wp\/v2\/posts\/12993\/revisions\/12996"}],"wp:featuredmedia":[{"embeddable":true,"href":"https:\/\/blogin.al\/index.php?rest_route=\/wp\/v2\/media\/12995"}],"wp:attachment":[{"href":"https:\/\/blogin.al\/index.php?rest_route=%2Fwp%2Fv2%2Fmedia&parent=12993"}],"wp:term":[{"taxonomy":"category","embeddable":true,"href":"https:\/\/blogin.al\/index.php?rest_route=%2Fwp%2Fv2%2Fcategories&post=12993"},{"taxonomy":"post_tag","embeddable":true,"href":"https:\/\/blogin.al\/index.php?rest_route=%2Fwp%2Fv2%2Ftags&post=12993"}],"curies":[{"name":"wp","href":"https:\/\/api.w.org\/{rel}","templated":true}]}}