{"id":13004,"date":"2022-08-23T12:16:33","date_gmt":"2022-08-23T12:16:33","guid":{"rendered":"https:\/\/blogin.al\/?p=13004"},"modified":"2022-08-23T12:16:35","modified_gmt":"2022-08-23T12:16:35","slug":"si-e-priti-shakira-fotot-e-piques-me-te-dashyren-e-reja-cfare-thone-burimet","status":"publish","type":"post","link":"https:\/\/blogin.al\/?p=13004","title":{"rendered":"Si e priti Shakira\u00a0fotot e Piques me te dashyren e re?Ja \u00e7far\u00eb thon\u00eb burimet"},"content":{"rendered":"\n<p>Qend\u00ebrmbrojt\u00ebsi i Barcelon\u00ebs \u00ebsht\u00eb p\u00ebrfolur n\u00eb shum\u00eb raste me se ka qen\u00eb i lidhur me vajza t\u00eb ndryshme po fundjav\u00ebn e kaluar, programi \u2018Socialite\u2019 transmetoi nj\u00eb video n\u00eb t\u00eb cil\u00ebn lojtari shihej me partneren e tij t\u00eb re. Pamje q\u00eb mesa duket e kan\u00eb m\u00ebrzitur shum\u00eb Shakir\u00ebn .<\/p>\n\n\n\n<p>Partnerja e re e Pique , Clara Chia , dukej se po kalonte nj\u00eb koh\u00eb t\u00eb mir\u00eb me futbollistin n\u00eb Summerfest Cerdanya, ku ata shiheshin mjaft t\u00eb lumtur krah\u00eb nj\u00ebri-tjetrit.<\/p>\n\n\n\n<figure class=\"wp-block-image size-full is-style-default\"><img fetchpriority=\"high\" decoding=\"async\" width=\"1024\" height=\"533\" src=\"https:\/\/blogin.al\/wp-content\/uploads\/2022\/08\/PIQUE-1.jpeg\" alt=\"\" class=\"wp-image-13005\" srcset=\"https:\/\/blogin.al\/wp-content\/uploads\/2022\/08\/PIQUE-1.jpeg 1024w, https:\/\/blogin.al\/wp-content\/uploads\/2022\/08\/PIQUE-1-300x156.jpeg 300w, https:\/\/blogin.al\/wp-content\/uploads\/2022\/08\/PIQUE-1-768x400.jpeg 768w, https:\/\/blogin.al\/wp-content\/uploads\/2022\/08\/PIQUE-1-150x78.jpeg 150w, https:\/\/blogin.al\/wp-content\/uploads\/2022\/08\/PIQUE-1-696x362.jpeg 696w\" sizes=\"(max-width: 1024px) 100vw, 1024px\" \/><\/figure>\n\n\n\n<p>Vet\u00eb programi \u2018Socialite\u2019 gjat\u00eb transmetimit t\u00eb videos ka kontaktuar me miqt\u00eb e ngusht\u00eb t\u00eb Shakir\u00ebs dhe ata kan\u00eb treguar se artistja nuk \u00ebsht\u00eb e k\u00ebnaqur me veprimin e ish-partnerit t\u00eb saj.<\/p>\n\n\n\n<p>Arsyeja \u00ebsht\u00eb se futbollisti katalanas ka thyer nj\u00eb pakt q\u00eb t\u00eb dy kan\u00eb b\u00ebr\u00eb kur jan\u00eb ndar\u00eb. Marr\u00ebveshja ishte q\u00eb asnj\u00ebri prej tyre nuk mund t\u00eb shfaqej n\u00eb publik me nj\u00eb partner gjat\u00eb vitit t\u00eb par\u00eb q\u00eb kur njoftuan ndarjen e tyre m\u00eb 4 qershor.<\/p>\n","protected":false},"excerpt":{"rendered":"<p>Qend\u00ebrmbrojt\u00ebsi i Barcelon\u00ebs \u00ebsht\u00eb p\u00ebrfolur n\u00eb shum\u00eb raste me se ka qen\u00eb i lidhur me vajza t\u00eb ndryshme po fundjav\u00ebn e kaluar, programi \u2018Socialite\u2019 transmetoi nj\u00eb video n\u00eb t\u00eb cil\u00ebn lojtari shihej me partneren e tij t\u00eb re. Pamje q\u00eb mesa duket e kan\u00eb m\u00ebrzitur shum\u00eb Shakir\u00ebn . Partnerja e re e Pique , Clara [&hellip;]<\/p>\n","protected":false},"author":2,"featured_media":12879,"comment_status":"open","ping_status":"open","sticky":false,"template":"","format":"standard","meta":{"footnotes":""},"categories":[33],"tags":[],"class_list":{"0":"post-13004","1":"post","2":"type-post","3":"status-publish","4":"format-standard","5":"has-post-thumbnail","7":"category-showbiz"},"yoast_head":"<!-- This site is optimized with the Yoast SEO plugin v27.5 - https:\/\/yoast.com\/product\/yoast-seo-wordpress\/ -->\n<title>Si e priti Shakira\u00a0fotot e Piques me te dashyren e re?Ja \u00e7far\u00eb thon\u00eb burimet - blogin.al<\/title>\n<meta name=\"robots\" content=\"index, follow, max-snippet:-1, max-image-preview:large, max-video-preview:-1\" \/>\n<link rel=\"canonical\" href=\"https:\/\/blogin.al\/?p=13004\" \/>\n<meta property=\"og:locale\" content=\"en_US\" \/>\n<meta property=\"og:type\" content=\"article\" \/>\n<meta property=\"og:title\" content=\"Si e priti Shakira\u00a0fotot e Piques me te dashyren e re?Ja \u00e7far\u00eb thon\u00eb burimet - blogin.al\" \/>\n<meta property=\"og:description\" content=\"Qend\u00ebrmbrojt\u00ebsi i Barcelon\u00ebs \u00ebsht\u00eb p\u00ebrfolur n\u00eb shum\u00eb raste me se ka qen\u00eb i lidhur me vajza t\u00eb ndryshme po fundjav\u00ebn e kaluar, programi \u2018Socialite\u2019 transmetoi nj\u00eb video n\u00eb t\u00eb cil\u00ebn lojtari shihej me partneren e tij t\u00eb re. Pamje q\u00eb mesa duket e kan\u00eb m\u00ebrzitur shum\u00eb Shakir\u00ebn . Partnerja e re e Pique , Clara [&hellip;]\" \/>\n<meta property=\"og:url\" content=\"https:\/\/blogin.al\/?p=13004\" \/>\n<meta property=\"og:site_name\" content=\"blogin.al\" \/>\n<meta property=\"article:published_time\" content=\"2022-08-23T12:16:33+00:00\" \/>\n<meta property=\"article:modified_time\" content=\"2022-08-23T12:16:35+00:00\" \/>\n<meta property=\"og:image\" content=\"https:\/\/blogin.al\/wp-content\/uploads\/2022\/08\/gerald-pique-clara.jpg\" \/>\n\t<meta property=\"og:image:width\" content=\"680\" \/>\n\t<meta property=\"og:image:height\" content=\"382\" \/>\n\t<meta property=\"og:image:type\" content=\"image\/jpeg\" \/>\n<meta name=\"author\" content=\"Blogin al\" \/>\n<meta name=\"twitter:card\" content=\"summary_large_image\" \/>\n<meta name=\"twitter:label1\" content=\"Written by\" \/>\n\t<meta name=\"twitter:data1\" content=\"Blogin al\" \/>\n\t<meta name=\"twitter:label2\" content=\"Est. reading time\" \/>\n\t<meta name=\"twitter:data2\" content=\"1 minute\" \/>\n<script type=\"application\/ld+json\" class=\"yoast-schema-graph\">{\"@context\":\"https:\\\/\\\/schema.org\",\"@graph\":[{\"@type\":\"Article\",\"@id\":\"https:\\\/\\\/blogin.al\\\/?p=13004#article\",\"isPartOf\":{\"@id\":\"https:\\\/\\\/blogin.al\\\/?p=13004\"},\"author\":{\"name\":\"Blogin al\",\"@id\":\"https:\\\/\\\/blogin.al\\\/#\\\/schema\\\/person\\\/abdd56bc912cd511db877b852b115399\"},\"headline\":\"Si e priti Shakira\u00a0fotot e Piques me te dashyren e re?Ja \u00e7far\u00eb thon\u00eb burimet\",\"datePublished\":\"2022-08-23T12:16:33+00:00\",\"dateModified\":\"2022-08-23T12:16:35+00:00\",\"mainEntityOfPage\":{\"@id\":\"https:\\\/\\\/blogin.al\\\/?p=13004\"},\"wordCount\":180,\"commentCount\":0,\"publisher\":{\"@id\":\"https:\\\/\\\/blogin.al\\\/#organization\"},\"image\":{\"@id\":\"https:\\\/\\\/blogin.al\\\/?p=13004#primaryimage\"},\"thumbnailUrl\":\"https:\\\/\\\/blogin.al\\\/wp-content\\\/uploads\\\/2022\\\/08\\\/gerald-pique-clara.jpg\",\"articleSection\":[\"SHOWBIZ\"],\"inLanguage\":\"en-US\",\"potentialAction\":[{\"@type\":\"CommentAction\",\"name\":\"Comment\",\"target\":[\"https:\\\/\\\/blogin.al\\\/?p=13004#respond\"]}]},{\"@type\":\"WebPage\",\"@id\":\"https:\\\/\\\/blogin.al\\\/?p=13004\",\"url\":\"https:\\\/\\\/blogin.al\\\/?p=13004\",\"name\":\"Si e priti Shakira\u00a0fotot e Piques me te dashyren e re?Ja \u00e7far\u00eb thon\u00eb burimet - blogin.al\",\"isPartOf\":{\"@id\":\"https:\\\/\\\/blogin.al\\\/#website\"},\"primaryImageOfPage\":{\"@id\":\"https:\\\/\\\/blogin.al\\\/?p=13004#primaryimage\"},\"image\":{\"@id\":\"https:\\\/\\\/blogin.al\\\/?p=13004#primaryimage\"},\"thumbnailUrl\":\"https:\\\/\\\/blogin.al\\\/wp-content\\\/uploads\\\/2022\\\/08\\\/gerald-pique-clara.jpg\",\"datePublished\":\"2022-08-23T12:16:33+00:00\",\"dateModified\":\"2022-08-23T12:16:35+00:00\",\"breadcrumb\":{\"@id\":\"https:\\\/\\\/blogin.al\\\/?p=13004#breadcrumb\"},\"inLanguage\":\"en-US\",\"potentialAction\":[{\"@type\":\"ReadAction\",\"target\":[\"https:\\\/\\\/blogin.al\\\/?p=13004\"]}]},{\"@type\":\"ImageObject\",\"inLanguage\":\"en-US\",\"@id\":\"https:\\\/\\\/blogin.al\\\/?p=13004#primaryimage\",\"url\":\"https:\\\/\\\/blogin.al\\\/wp-content\\\/uploads\\\/2022\\\/08\\\/gerald-pique-clara.jpg\",\"contentUrl\":\"https:\\\/\\\/blogin.al\\\/wp-content\\\/uploads\\\/2022\\\/08\\\/gerald-pique-clara.jpg\",\"width\":680,\"height\":382},{\"@type\":\"BreadcrumbList\",\"@id\":\"https:\\\/\\\/blogin.al\\\/?p=13004#breadcrumb\",\"itemListElement\":[{\"@type\":\"ListItem\",\"position\":1,\"name\":\"Home\",\"item\":\"https:\\\/\\\/blogin.al\\\/\"},{\"@type\":\"ListItem\",\"position\":2,\"name\":\"Si e priti Shakira\u00a0fotot e Piques me te dashyren e re?Ja \u00e7far\u00eb thon\u00eb burimet\"}]},{\"@type\":\"WebSite\",\"@id\":\"https:\\\/\\\/blogin.al\\\/#website\",\"url\":\"https:\\\/\\\/blogin.al\\\/\",\"name\":\"blogin.al\",\"description\":\"\",\"publisher\":{\"@id\":\"https:\\\/\\\/blogin.al\\\/#organization\"},\"potentialAction\":[{\"@type\":\"SearchAction\",\"target\":{\"@type\":\"EntryPoint\",\"urlTemplate\":\"https:\\\/\\\/blogin.al\\\/?s={search_term_string}\"},\"query-input\":{\"@type\":\"PropertyValueSpecification\",\"valueRequired\":true,\"valueName\":\"search_term_string\"}}],\"inLanguage\":\"en-US\"},{\"@type\":\"Organization\",\"@id\":\"https:\\\/\\\/blogin.al\\\/#organization\",\"name\":\"BLOGIN.al\",\"url\":\"https:\\\/\\\/blogin.al\\\/\",\"logo\":{\"@type\":\"ImageObject\",\"inLanguage\":\"en-US\",\"@id\":\"https:\\\/\\\/blogin.al\\\/#\\\/schema\\\/logo\\\/image\\\/\",\"url\":\"https:\\\/\\\/blogin.al\\\/wp-content\\\/uploads\\\/2022\\\/05\\\/Untitled-2-01-e1652084456514.png\",\"contentUrl\":\"https:\\\/\\\/blogin.al\\\/wp-content\\\/uploads\\\/2022\\\/05\\\/Untitled-2-01-e1652084456514.png\",\"width\":3723,\"height\":1698,\"caption\":\"BLOGIN.al\"},\"image\":{\"@id\":\"https:\\\/\\\/blogin.al\\\/#\\\/schema\\\/logo\\\/image\\\/\"},\"sameAs\":[\"https:\\\/\\\/instagram.com\\\/blogin.al\\\/\"]},{\"@type\":\"Person\",\"@id\":\"https:\\\/\\\/blogin.al\\\/#\\\/schema\\\/person\\\/abdd56bc912cd511db877b852b115399\",\"name\":\"Blogin al\",\"image\":{\"@type\":\"ImageObject\",\"inLanguage\":\"en-US\",\"@id\":\"https:\\\/\\\/secure.gravatar.com\\\/avatar\\\/60d5661aee6e835fb13dc75d2204cd0c1d61bef2efd137c0083e59ef831e235e?s=96&d=mm&r=g\",\"url\":\"https:\\\/\\\/secure.gravatar.com\\\/avatar\\\/60d5661aee6e835fb13dc75d2204cd0c1d61bef2efd137c0083e59ef831e235e?s=96&d=mm&r=g\",\"contentUrl\":\"https:\\\/\\\/secure.gravatar.com\\\/avatar\\\/60d5661aee6e835fb13dc75d2204cd0c1d61bef2efd137c0083e59ef831e235e?s=96&d=mm&r=g\",\"caption\":\"Blogin al\"},\"sameAs\":[\"https:\\\/\\\/blogin.al\"],\"url\":\"https:\\\/\\\/blogin.al\\\/?author=2\"}]}<\/script>\n<!-- \/ Yoast SEO plugin. -->","yoast_head_json":{"title":"Si e priti Shakira\u00a0fotot e Piques me te dashyren e re?Ja \u00e7far\u00eb thon\u00eb burimet - blogin.al","robots":{"index":"index","follow":"follow","max-snippet":"max-snippet:-1","max-image-preview":"max-image-preview:large","max-video-preview":"max-video-preview:-1"},"canonical":"https:\/\/blogin.al\/?p=13004","og_locale":"en_US","og_type":"article","og_title":"Si e priti Shakira\u00a0fotot e Piques me te dashyren e re?Ja \u00e7far\u00eb thon\u00eb burimet - blogin.al","og_description":"Qend\u00ebrmbrojt\u00ebsi i Barcelon\u00ebs \u00ebsht\u00eb p\u00ebrfolur n\u00eb shum\u00eb raste me se ka qen\u00eb i lidhur me vajza t\u00eb ndryshme po fundjav\u00ebn e kaluar, programi \u2018Socialite\u2019 transmetoi nj\u00eb video n\u00eb t\u00eb cil\u00ebn lojtari shihej me partneren e tij t\u00eb re. Pamje q\u00eb mesa duket e kan\u00eb m\u00ebrzitur shum\u00eb Shakir\u00ebn . Partnerja e re e Pique , Clara [&hellip;]","og_url":"https:\/\/blogin.al\/?p=13004","og_site_name":"blogin.al","article_published_time":"2022-08-23T12:16:33+00:00","article_modified_time":"2022-08-23T12:16:35+00:00","og_image":[{"width":680,"height":382,"url":"https:\/\/blogin.al\/wp-content\/uploads\/2022\/08\/gerald-pique-clara.jpg","type":"image\/jpeg"}],"author":"Blogin al","twitter_card":"summary_large_image","twitter_misc":{"Written by":"Blogin al","Est. reading time":"1 minute"},"schema":{"@context":"https:\/\/schema.org","@graph":[{"@type":"Article","@id":"https:\/\/blogin.al\/?p=13004#article","isPartOf":{"@id":"https:\/\/blogin.al\/?p=13004"},"author":{"name":"Blogin al","@id":"https:\/\/blogin.al\/#\/schema\/person\/abdd56bc912cd511db877b852b115399"},"headline":"Si e priti Shakira\u00a0fotot e Piques me te dashyren e re?Ja \u00e7far\u00eb thon\u00eb burimet","datePublished":"2022-08-23T12:16:33+00:00","dateModified":"2022-08-23T12:16:35+00:00","mainEntityOfPage":{"@id":"https:\/\/blogin.al\/?p=13004"},"wordCount":180,"commentCount":0,"publisher":{"@id":"https:\/\/blogin.al\/#organization"},"image":{"@id":"https:\/\/blogin.al\/?p=13004#primaryimage"},"thumbnailUrl":"https:\/\/blogin.al\/wp-content\/uploads\/2022\/08\/gerald-pique-clara.jpg","articleSection":["SHOWBIZ"],"inLanguage":"en-US","potentialAction":[{"@type":"CommentAction","name":"Comment","target":["https:\/\/blogin.al\/?p=13004#respond"]}]},{"@type":"WebPage","@id":"https:\/\/blogin.al\/?p=13004","url":"https:\/\/blogin.al\/?p=13004","name":"Si e priti Shakira\u00a0fotot e Piques me te dashyren e re?Ja \u00e7far\u00eb thon\u00eb burimet - blogin.al","isPartOf":{"@id":"https:\/\/blogin.al\/#website"},"primaryImageOfPage":{"@id":"https:\/\/blogin.al\/?p=13004#primaryimage"},"image":{"@id":"https:\/\/blogin.al\/?p=13004#primaryimage"},"thumbnailUrl":"https:\/\/blogin.al\/wp-content\/uploads\/2022\/08\/gerald-pique-clara.jpg","datePublished":"2022-08-23T12:16:33+00:00","dateModified":"2022-08-23T12:16:35+00:00","breadcrumb":{"@id":"https:\/\/blogin.al\/?p=13004#breadcrumb"},"inLanguage":"en-US","potentialAction":[{"@type":"ReadAction","target":["https:\/\/blogin.al\/?p=13004"]}]},{"@type":"ImageObject","inLanguage":"en-US","@id":"https:\/\/blogin.al\/?p=13004#primaryimage","url":"https:\/\/blogin.al\/wp-content\/uploads\/2022\/08\/gerald-pique-clara.jpg","contentUrl":"https:\/\/blogin.al\/wp-content\/uploads\/2022\/08\/gerald-pique-clara.jpg","width":680,"height":382},{"@type":"BreadcrumbList","@id":"https:\/\/blogin.al\/?p=13004#breadcrumb","itemListElement":[{"@type":"ListItem","position":1,"name":"Home","item":"https:\/\/blogin.al\/"},{"@type":"ListItem","position":2,"name":"Si e priti Shakira\u00a0fotot e Piques me te dashyren e re?Ja \u00e7far\u00eb thon\u00eb burimet"}]},{"@type":"WebSite","@id":"https:\/\/blogin.al\/#website","url":"https:\/\/blogin.al\/","name":"blogin.al","description":"","publisher":{"@id":"https:\/\/blogin.al\/#organization"},"potentialAction":[{"@type":"SearchAction","target":{"@type":"EntryPoint","urlTemplate":"https:\/\/blogin.al\/?s={search_term_string}"},"query-input":{"@type":"PropertyValueSpecification","valueRequired":true,"valueName":"search_term_string"}}],"inLanguage":"en-US"},{"@type":"Organization","@id":"https:\/\/blogin.al\/#organization","name":"BLOGIN.al","url":"https:\/\/blogin.al\/","logo":{"@type":"ImageObject","inLanguage":"en-US","@id":"https:\/\/blogin.al\/#\/schema\/logo\/image\/","url":"https:\/\/blogin.al\/wp-content\/uploads\/2022\/05\/Untitled-2-01-e1652084456514.png","contentUrl":"https:\/\/blogin.al\/wp-content\/uploads\/2022\/05\/Untitled-2-01-e1652084456514.png","width":3723,"height":1698,"caption":"BLOGIN.al"},"image":{"@id":"https:\/\/blogin.al\/#\/schema\/logo\/image\/"},"sameAs":["https:\/\/instagram.com\/blogin.al\/"]},{"@type":"Person","@id":"https:\/\/blogin.al\/#\/schema\/person\/abdd56bc912cd511db877b852b115399","name":"Blogin al","image":{"@type":"ImageObject","inLanguage":"en-US","@id":"https:\/\/secure.gravatar.com\/avatar\/60d5661aee6e835fb13dc75d2204cd0c1d61bef2efd137c0083e59ef831e235e?s=96&d=mm&r=g","url":"https:\/\/secure.gravatar.com\/avatar\/60d5661aee6e835fb13dc75d2204cd0c1d61bef2efd137c0083e59ef831e235e?s=96&d=mm&r=g","contentUrl":"https:\/\/secure.gravatar.com\/avatar\/60d5661aee6e835fb13dc75d2204cd0c1d61bef2efd137c0083e59ef831e235e?s=96&d=mm&r=g","caption":"Blogin al"},"sameAs":["https:\/\/blogin.al"],"url":"https:\/\/blogin.al\/?author=2"}]}},"_links":{"self":[{"href":"https:\/\/blogin.al\/index.php?rest_route=\/wp\/v2\/posts\/13004","targetHints":{"allow":["GET"]}}],"collection":[{"href":"https:\/\/blogin.al\/index.php?rest_route=\/wp\/v2\/posts"}],"about":[{"href":"https:\/\/blogin.al\/index.php?rest_route=\/wp\/v2\/types\/post"}],"author":[{"embeddable":true,"href":"https:\/\/blogin.al\/index.php?rest_route=\/wp\/v2\/users\/2"}],"replies":[{"embeddable":true,"href":"https:\/\/blogin.al\/index.php?rest_route=%2Fwp%2Fv2%2Fcomments&post=13004"}],"version-history":[{"count":1,"href":"https:\/\/blogin.al\/index.php?rest_route=\/wp\/v2\/posts\/13004\/revisions"}],"predecessor-version":[{"id":13006,"href":"https:\/\/blogin.al\/index.php?rest_route=\/wp\/v2\/posts\/13004\/revisions\/13006"}],"wp:featuredmedia":[{"embeddable":true,"href":"https:\/\/blogin.al\/index.php?rest_route=\/wp\/v2\/media\/12879"}],"wp:attachment":[{"href":"https:\/\/blogin.al\/index.php?rest_route=%2Fwp%2Fv2%2Fmedia&parent=13004"}],"wp:term":[{"taxonomy":"category","embeddable":true,"href":"https:\/\/blogin.al\/index.php?rest_route=%2Fwp%2Fv2%2Fcategories&post=13004"},{"taxonomy":"post_tag","embeddable":true,"href":"https:\/\/blogin.al\/index.php?rest_route=%2Fwp%2Fv2%2Ftags&post=13004"}],"curies":[{"name":"wp","href":"https:\/\/api.w.org\/{rel}","templated":true}]}}