{"id":13047,"date":"2022-08-23T22:33:55","date_gmt":"2022-08-23T22:33:55","guid":{"rendered":"https:\/\/blogin.al\/?p=13047"},"modified":"2022-08-23T22:33:56","modified_gmt":"2022-08-23T22:33:56","slug":"rina-balaj-shtatzene-kengetarja-ben-lemsh-rrjetin-me-postimin-e-fundit","status":"publish","type":"post","link":"https:\/\/blogin.al\/?p=13047","title":{"rendered":"Rina Balaj shtatz\u00ebn\u00eb? K\u00ebng\u00ebtarja b\u00ebn \u201cl\u00ebmsh\u201d rrjetin me postimin e fundit!"},"content":{"rendered":"\n<figure class=\"wp-block-image\"><img decoding=\"async\" src=\"http:\/\/www.panorama.com.al\/panoramaplus\/wp-content\/uploads\/2022\/08\/rina-balaj-shtatzene-sin-boy-panorama-plus-6.png\" alt=\"\" class=\"wp-image-219288\"\/><\/figure>\n\n\n\n<p>Nga 1-10 sa besoni n\u00eb bestytni? N\u00ebse besoni shum\u00eb at\u00ebher\u00eb do mendoni se Rina Balaj \u00ebsht\u00eb shtatz\u00ebn\u00eb, n\u00eb t\u00eb kund\u00ebrt do ju duket gjith\u00e7ka pa kuptim.<\/p>\n\n\n\n<p>Mbr\u00ebmjen e sotme artistja postoi n\u00eb Instagram disa video duke luajtur me macen e saj e cila vendoste k\u00ebmb\u00ebt te barku i Rin\u00ebs. Mir\u00ebpo, sipas nj\u00eb bestytnie kur kjo ndodh do t\u00eb thot\u00eb se je shtatz\u00ebn\u00eb. Rina ka ndar\u00eb me ndjek\u00ebsit e saj mesazhet me nj\u00eb fanse e cila i shkruan:<\/p>\n\n\n\n<p><strong>\u201cN\u00eb themi se kur nj\u00eb mace e b\u00ebn\u00eb k\u00ebt\u00eb me k\u00ebmb\u00ebt e saj n\u00eb bark do t\u00eb thot\u00eb se je shtatz\u00ebn\u00eb<\/strong>\u201d.&nbsp;Reagimin Rina e ripostoi duke i pyetur ndjek\u00ebsit se si mendojn\u00eb duke shkruar<strong>&nbsp;\u201cNdihm\u00eb\u201d.&nbsp;<\/strong>Nd\u00ebrkoh\u00eb ajo pyet ndjek\u00ebsit n\u00ebse kjo \u00ebsht\u00eb e v\u00ebrtet\u00eb. Nuk e dim\u00eb n\u00ebse Rina thjesht \u2018po luan\u2019 paksa me ndjek\u00ebsit e saj apo me v\u00ebrtet\u00eb do b\u00ebhet n\u00ebn\u00eb, por gjith\u00eb rrjeti po flet p\u00ebr t\u00eb.<\/p>\n\n\n\n<figure class=\"wp-block-image\"><img decoding=\"async\" src=\"http:\/\/www.panorama.com.al\/panoramaplus\/wp-content\/uploads\/2022\/08\/rina-balaj-shtatzene-sin-boy-panorama-plus-1.jpg\" alt=\"\" class=\"wp-image-219282\"\/><\/figure>\n\n\n\n<p>Po b\u00ebhen thuajse kat\u00ebr vite q\u00eb nga koha kur Rina Balaj dhe reperi Sin Boy nis\u00ebn romanc\u00ebn e tyre, t\u00eb cil\u00ebn s\u2019mund\u00ebn ta mbanin dot p\u00ebr shum\u00eb gjat\u00eb t\u00eb fsheht\u00eb nga publiku. N\u00eb 2020, kur kishin dy vite bashk\u00eb, ata konfirmuan se jan\u00eb n\u00eb nj\u00eb lidhje.<\/p>\n\n\n\n<p>K\u00ebng\u00ebtarja e njohur, e cila u b\u00eb famshme dhe u prezantua n\u00eb industrin\u00eb e muzik\u00ebs si nj\u00eb repere&nbsp;ka qen\u00eb gjithashtu&nbsp;shum\u00eb e komentuar p\u00ebr lidhjen e saj me k\u00ebng\u00ebtarin. Tanim\u00eb, ata prej disa vitesh bashk\u00ebjetojn\u00eb s\u00eb bashku dhe jan\u00eb nj\u00eb nd\u00ebr \u00e7iftet m\u00eb simpatik t\u00eb showbiz-it.<\/p>\n\n\n\n<figure class=\"wp-block-image\"><img decoding=\"async\" src=\"http:\/\/www.panorama.com.al\/panoramaplus\/wp-content\/uploads\/2022\/08\/rina-balaj-shtatzene-sin-boy-panorama-plus-1-1.jpg\" alt=\"\" class=\"wp-image-219284\"\/><\/figure>\n\n\n\n<p>Para pak koh\u00ebsh n\u00eb nj\u00eb intervist\u00eb dyshja zbuluan se kan\u00eb nisur bashk\u00ebjetes\u00ebn, kan\u00eb prezantuar nj\u00ebri-tjetrin me familjen, e p\u00ebr m\u00eb tep\u00ebr po mendojn\u00eb t\u00eb martohen. Megjithat\u00eb deri tani ende nuk e kan\u00eb hedhur k\u00ebt\u00eb hap.<\/p>\n\n\n\n<figure class=\"wp-block-image\"><img decoding=\"async\" src=\"http:\/\/www.panorama.com.al\/panoramaplus\/wp-content\/uploads\/2022\/08\/rina-balaj-shtatzene-sin-boy-panorama-plus-2.jpg\" alt=\"\" class=\"wp-image-219283\"\/><\/figure>\n\n\n\n<p>Sin Boy ka lindur n\u00eb Berat, por ka jetuar n\u00eb Greqi ku edhe ka zhvilluar karrier\u00ebn e tij. Dyshja deri tani ka sjell\u00eb disa bashk\u00ebpunime q\u00eb kan\u00eb qen\u00eb shum\u00eb t\u00eb suksesshme edhe n\u00eb vendin fqinj.<\/p>\n\n\n\n<figure class=\"wp-block-image\"><img decoding=\"async\" src=\"http:\/\/www.panorama.com.al\/panoramaplus\/wp-content\/uploads\/2022\/08\/rina-balaj-shtatzene-sin-boy-panorama-plus-3.png\" alt=\"\" class=\"wp-image-219285\"\/><\/figure>\n","protected":false},"excerpt":{"rendered":"<p>Nga 1-10 sa besoni n\u00eb bestytni? N\u00ebse besoni shum\u00eb at\u00ebher\u00eb do mendoni se Rina Balaj \u00ebsht\u00eb shtatz\u00ebn\u00eb, n\u00eb t\u00eb kund\u00ebrt do ju duket gjith\u00e7ka pa kuptim. Mbr\u00ebmjen e sotme artistja postoi n\u00eb Instagram disa video duke luajtur me macen e saj e cila vendoste k\u00ebmb\u00ebt te barku i Rin\u00ebs. Mir\u00ebpo, sipas nj\u00eb bestytnie kur kjo [&hellip;]<\/p>\n","protected":false},"author":2,"featured_media":10438,"comment_status":"open","ping_status":"open","sticky":false,"template":"","format":"standard","meta":{"footnotes":""},"categories":[34],"tags":[],"class_list":{"0":"post-13047","1":"post","2":"type-post","3":"status-publish","4":"format-standard","5":"has-post-thumbnail","7":"category-thashetheme"},"yoast_head":"<!-- This site is optimized with the Yoast SEO plugin v27.4 - https:\/\/yoast.com\/product\/yoast-seo-wordpress\/ -->\n<title>Rina Balaj shtatz\u00ebn\u00eb? K\u00ebng\u00ebtarja b\u00ebn \u201cl\u00ebmsh\u201d rrjetin me postimin e fundit! - blogin.al<\/title>\n<meta name=\"robots\" content=\"index, follow, max-snippet:-1, max-image-preview:large, max-video-preview:-1\" \/>\n<link rel=\"canonical\" href=\"https:\/\/blogin.al\/?p=13047\" \/>\n<meta property=\"og:locale\" content=\"en_US\" \/>\n<meta property=\"og:type\" content=\"article\" \/>\n<meta property=\"og:title\" content=\"Rina Balaj shtatz\u00ebn\u00eb? K\u00ebng\u00ebtarja b\u00ebn \u201cl\u00ebmsh\u201d rrjetin me postimin e fundit! - blogin.al\" \/>\n<meta property=\"og:description\" content=\"Nga 1-10 sa besoni n\u00eb bestytni? N\u00ebse besoni shum\u00eb at\u00ebher\u00eb do mendoni se Rina Balaj \u00ebsht\u00eb shtatz\u00ebn\u00eb, n\u00eb t\u00eb kund\u00ebrt do ju duket gjith\u00e7ka pa kuptim. Mbr\u00ebmjen e sotme artistja postoi n\u00eb Instagram disa video duke luajtur me macen e saj e cila vendoste k\u00ebmb\u00ebt te barku i Rin\u00ebs. Mir\u00ebpo, sipas nj\u00eb bestytnie kur kjo [&hellip;]\" \/>\n<meta property=\"og:url\" content=\"https:\/\/blogin.al\/?p=13047\" \/>\n<meta property=\"og:site_name\" content=\"blogin.al\" \/>\n<meta property=\"article:published_time\" content=\"2022-08-23T22:33:55+00:00\" \/>\n<meta property=\"article:modified_time\" content=\"2022-08-23T22:33:56+00:00\" \/>\n<meta property=\"og:image\" content=\"https:\/\/blogin.al\/wp-content\/uploads\/2022\/07\/rina-balaj.jpg\" \/>\n\t<meta property=\"og:image:width\" content=\"780\" \/>\n\t<meta property=\"og:image:height\" content=\"439\" \/>\n\t<meta property=\"og:image:type\" content=\"image\/jpeg\" \/>\n<meta name=\"author\" content=\"Blogin al\" \/>\n<meta name=\"twitter:card\" content=\"summary_large_image\" \/>\n<meta name=\"twitter:label1\" content=\"Written by\" \/>\n\t<meta name=\"twitter:data1\" content=\"Blogin al\" \/>\n\t<meta name=\"twitter:label2\" content=\"Est. reading time\" \/>\n\t<meta name=\"twitter:data2\" content=\"2 minutes\" \/>\n<script type=\"application\/ld+json\" class=\"yoast-schema-graph\">{\"@context\":\"https:\\\/\\\/schema.org\",\"@graph\":[{\"@type\":\"Article\",\"@id\":\"https:\\\/\\\/blogin.al\\\/?p=13047#article\",\"isPartOf\":{\"@id\":\"https:\\\/\\\/blogin.al\\\/?p=13047\"},\"author\":{\"name\":\"Blogin al\",\"@id\":\"https:\\\/\\\/blogin.al\\\/#\\\/schema\\\/person\\\/abdd56bc912cd511db877b852b115399\"},\"headline\":\"Rina Balaj shtatz\u00ebn\u00eb? K\u00ebng\u00ebtarja b\u00ebn \u201cl\u00ebmsh\u201d rrjetin me postimin e fundit!\",\"datePublished\":\"2022-08-23T22:33:55+00:00\",\"dateModified\":\"2022-08-23T22:33:56+00:00\",\"mainEntityOfPage\":{\"@id\":\"https:\\\/\\\/blogin.al\\\/?p=13047\"},\"wordCount\":383,\"commentCount\":0,\"publisher\":{\"@id\":\"https:\\\/\\\/blogin.al\\\/#organization\"},\"image\":{\"@id\":\"https:\\\/\\\/blogin.al\\\/?p=13047#primaryimage\"},\"thumbnailUrl\":\"https:\\\/\\\/blogin.al\\\/wp-content\\\/uploads\\\/2022\\\/07\\\/rina-balaj.jpg\",\"articleSection\":[\"THASHETHEME\"],\"inLanguage\":\"en-US\",\"potentialAction\":[{\"@type\":\"CommentAction\",\"name\":\"Comment\",\"target\":[\"https:\\\/\\\/blogin.al\\\/?p=13047#respond\"]}]},{\"@type\":\"WebPage\",\"@id\":\"https:\\\/\\\/blogin.al\\\/?p=13047\",\"url\":\"https:\\\/\\\/blogin.al\\\/?p=13047\",\"name\":\"Rina Balaj shtatz\u00ebn\u00eb? K\u00ebng\u00ebtarja b\u00ebn \u201cl\u00ebmsh\u201d rrjetin me postimin e fundit! - blogin.al\",\"isPartOf\":{\"@id\":\"https:\\\/\\\/blogin.al\\\/#website\"},\"primaryImageOfPage\":{\"@id\":\"https:\\\/\\\/blogin.al\\\/?p=13047#primaryimage\"},\"image\":{\"@id\":\"https:\\\/\\\/blogin.al\\\/?p=13047#primaryimage\"},\"thumbnailUrl\":\"https:\\\/\\\/blogin.al\\\/wp-content\\\/uploads\\\/2022\\\/07\\\/rina-balaj.jpg\",\"datePublished\":\"2022-08-23T22:33:55+00:00\",\"dateModified\":\"2022-08-23T22:33:56+00:00\",\"breadcrumb\":{\"@id\":\"https:\\\/\\\/blogin.al\\\/?p=13047#breadcrumb\"},\"inLanguage\":\"en-US\",\"potentialAction\":[{\"@type\":\"ReadAction\",\"target\":[\"https:\\\/\\\/blogin.al\\\/?p=13047\"]}]},{\"@type\":\"ImageObject\",\"inLanguage\":\"en-US\",\"@id\":\"https:\\\/\\\/blogin.al\\\/?p=13047#primaryimage\",\"url\":\"https:\\\/\\\/blogin.al\\\/wp-content\\\/uploads\\\/2022\\\/07\\\/rina-balaj.jpg\",\"contentUrl\":\"https:\\\/\\\/blogin.al\\\/wp-content\\\/uploads\\\/2022\\\/07\\\/rina-balaj.jpg\",\"width\":780,\"height\":439},{\"@type\":\"BreadcrumbList\",\"@id\":\"https:\\\/\\\/blogin.al\\\/?p=13047#breadcrumb\",\"itemListElement\":[{\"@type\":\"ListItem\",\"position\":1,\"name\":\"Home\",\"item\":\"https:\\\/\\\/blogin.al\\\/\"},{\"@type\":\"ListItem\",\"position\":2,\"name\":\"Rina Balaj shtatz\u00ebn\u00eb? K\u00ebng\u00ebtarja b\u00ebn \u201cl\u00ebmsh\u201d rrjetin me postimin e fundit!\"}]},{\"@type\":\"WebSite\",\"@id\":\"https:\\\/\\\/blogin.al\\\/#website\",\"url\":\"https:\\\/\\\/blogin.al\\\/\",\"name\":\"blogin.al\",\"description\":\"\",\"publisher\":{\"@id\":\"https:\\\/\\\/blogin.al\\\/#organization\"},\"potentialAction\":[{\"@type\":\"SearchAction\",\"target\":{\"@type\":\"EntryPoint\",\"urlTemplate\":\"https:\\\/\\\/blogin.al\\\/?s={search_term_string}\"},\"query-input\":{\"@type\":\"PropertyValueSpecification\",\"valueRequired\":true,\"valueName\":\"search_term_string\"}}],\"inLanguage\":\"en-US\"},{\"@type\":\"Organization\",\"@id\":\"https:\\\/\\\/blogin.al\\\/#organization\",\"name\":\"BLOGIN.al\",\"url\":\"https:\\\/\\\/blogin.al\\\/\",\"logo\":{\"@type\":\"ImageObject\",\"inLanguage\":\"en-US\",\"@id\":\"https:\\\/\\\/blogin.al\\\/#\\\/schema\\\/logo\\\/image\\\/\",\"url\":\"https:\\\/\\\/blogin.al\\\/wp-content\\\/uploads\\\/2022\\\/05\\\/Untitled-2-01-e1652084456514.png\",\"contentUrl\":\"https:\\\/\\\/blogin.al\\\/wp-content\\\/uploads\\\/2022\\\/05\\\/Untitled-2-01-e1652084456514.png\",\"width\":3723,\"height\":1698,\"caption\":\"BLOGIN.al\"},\"image\":{\"@id\":\"https:\\\/\\\/blogin.al\\\/#\\\/schema\\\/logo\\\/image\\\/\"},\"sameAs\":[\"https:\\\/\\\/instagram.com\\\/blogin.al\\\/\"]},{\"@type\":\"Person\",\"@id\":\"https:\\\/\\\/blogin.al\\\/#\\\/schema\\\/person\\\/abdd56bc912cd511db877b852b115399\",\"name\":\"Blogin al\",\"image\":{\"@type\":\"ImageObject\",\"inLanguage\":\"en-US\",\"@id\":\"https:\\\/\\\/secure.gravatar.com\\\/avatar\\\/60d5661aee6e835fb13dc75d2204cd0c1d61bef2efd137c0083e59ef831e235e?s=96&d=mm&r=g\",\"url\":\"https:\\\/\\\/secure.gravatar.com\\\/avatar\\\/60d5661aee6e835fb13dc75d2204cd0c1d61bef2efd137c0083e59ef831e235e?s=96&d=mm&r=g\",\"contentUrl\":\"https:\\\/\\\/secure.gravatar.com\\\/avatar\\\/60d5661aee6e835fb13dc75d2204cd0c1d61bef2efd137c0083e59ef831e235e?s=96&d=mm&r=g\",\"caption\":\"Blogin al\"},\"sameAs\":[\"https:\\\/\\\/blogin.al\"],\"url\":\"https:\\\/\\\/blogin.al\\\/?author=2\"}]}<\/script>\n<!-- \/ Yoast SEO plugin. -->","yoast_head_json":{"title":"Rina Balaj shtatz\u00ebn\u00eb? K\u00ebng\u00ebtarja b\u00ebn \u201cl\u00ebmsh\u201d rrjetin me postimin e fundit! - blogin.al","robots":{"index":"index","follow":"follow","max-snippet":"max-snippet:-1","max-image-preview":"max-image-preview:large","max-video-preview":"max-video-preview:-1"},"canonical":"https:\/\/blogin.al\/?p=13047","og_locale":"en_US","og_type":"article","og_title":"Rina Balaj shtatz\u00ebn\u00eb? K\u00ebng\u00ebtarja b\u00ebn \u201cl\u00ebmsh\u201d rrjetin me postimin e fundit! - blogin.al","og_description":"Nga 1-10 sa besoni n\u00eb bestytni? N\u00ebse besoni shum\u00eb at\u00ebher\u00eb do mendoni se Rina Balaj \u00ebsht\u00eb shtatz\u00ebn\u00eb, n\u00eb t\u00eb kund\u00ebrt do ju duket gjith\u00e7ka pa kuptim. Mbr\u00ebmjen e sotme artistja postoi n\u00eb Instagram disa video duke luajtur me macen e saj e cila vendoste k\u00ebmb\u00ebt te barku i Rin\u00ebs. Mir\u00ebpo, sipas nj\u00eb bestytnie kur kjo [&hellip;]","og_url":"https:\/\/blogin.al\/?p=13047","og_site_name":"blogin.al","article_published_time":"2022-08-23T22:33:55+00:00","article_modified_time":"2022-08-23T22:33:56+00:00","og_image":[{"width":780,"height":439,"url":"https:\/\/blogin.al\/wp-content\/uploads\/2022\/07\/rina-balaj.jpg","type":"image\/jpeg"}],"author":"Blogin al","twitter_card":"summary_large_image","twitter_misc":{"Written by":"Blogin al","Est. reading time":"2 minutes"},"schema":{"@context":"https:\/\/schema.org","@graph":[{"@type":"Article","@id":"https:\/\/blogin.al\/?p=13047#article","isPartOf":{"@id":"https:\/\/blogin.al\/?p=13047"},"author":{"name":"Blogin al","@id":"https:\/\/blogin.al\/#\/schema\/person\/abdd56bc912cd511db877b852b115399"},"headline":"Rina Balaj shtatz\u00ebn\u00eb? K\u00ebng\u00ebtarja b\u00ebn \u201cl\u00ebmsh\u201d rrjetin me postimin e fundit!","datePublished":"2022-08-23T22:33:55+00:00","dateModified":"2022-08-23T22:33:56+00:00","mainEntityOfPage":{"@id":"https:\/\/blogin.al\/?p=13047"},"wordCount":383,"commentCount":0,"publisher":{"@id":"https:\/\/blogin.al\/#organization"},"image":{"@id":"https:\/\/blogin.al\/?p=13047#primaryimage"},"thumbnailUrl":"https:\/\/blogin.al\/wp-content\/uploads\/2022\/07\/rina-balaj.jpg","articleSection":["THASHETHEME"],"inLanguage":"en-US","potentialAction":[{"@type":"CommentAction","name":"Comment","target":["https:\/\/blogin.al\/?p=13047#respond"]}]},{"@type":"WebPage","@id":"https:\/\/blogin.al\/?p=13047","url":"https:\/\/blogin.al\/?p=13047","name":"Rina Balaj shtatz\u00ebn\u00eb? K\u00ebng\u00ebtarja b\u00ebn \u201cl\u00ebmsh\u201d rrjetin me postimin e fundit! - blogin.al","isPartOf":{"@id":"https:\/\/blogin.al\/#website"},"primaryImageOfPage":{"@id":"https:\/\/blogin.al\/?p=13047#primaryimage"},"image":{"@id":"https:\/\/blogin.al\/?p=13047#primaryimage"},"thumbnailUrl":"https:\/\/blogin.al\/wp-content\/uploads\/2022\/07\/rina-balaj.jpg","datePublished":"2022-08-23T22:33:55+00:00","dateModified":"2022-08-23T22:33:56+00:00","breadcrumb":{"@id":"https:\/\/blogin.al\/?p=13047#breadcrumb"},"inLanguage":"en-US","potentialAction":[{"@type":"ReadAction","target":["https:\/\/blogin.al\/?p=13047"]}]},{"@type":"ImageObject","inLanguage":"en-US","@id":"https:\/\/blogin.al\/?p=13047#primaryimage","url":"https:\/\/blogin.al\/wp-content\/uploads\/2022\/07\/rina-balaj.jpg","contentUrl":"https:\/\/blogin.al\/wp-content\/uploads\/2022\/07\/rina-balaj.jpg","width":780,"height":439},{"@type":"BreadcrumbList","@id":"https:\/\/blogin.al\/?p=13047#breadcrumb","itemListElement":[{"@type":"ListItem","position":1,"name":"Home","item":"https:\/\/blogin.al\/"},{"@type":"ListItem","position":2,"name":"Rina Balaj shtatz\u00ebn\u00eb? K\u00ebng\u00ebtarja b\u00ebn \u201cl\u00ebmsh\u201d rrjetin me postimin e fundit!"}]},{"@type":"WebSite","@id":"https:\/\/blogin.al\/#website","url":"https:\/\/blogin.al\/","name":"blogin.al","description":"","publisher":{"@id":"https:\/\/blogin.al\/#organization"},"potentialAction":[{"@type":"SearchAction","target":{"@type":"EntryPoint","urlTemplate":"https:\/\/blogin.al\/?s={search_term_string}"},"query-input":{"@type":"PropertyValueSpecification","valueRequired":true,"valueName":"search_term_string"}}],"inLanguage":"en-US"},{"@type":"Organization","@id":"https:\/\/blogin.al\/#organization","name":"BLOGIN.al","url":"https:\/\/blogin.al\/","logo":{"@type":"ImageObject","inLanguage":"en-US","@id":"https:\/\/blogin.al\/#\/schema\/logo\/image\/","url":"https:\/\/blogin.al\/wp-content\/uploads\/2022\/05\/Untitled-2-01-e1652084456514.png","contentUrl":"https:\/\/blogin.al\/wp-content\/uploads\/2022\/05\/Untitled-2-01-e1652084456514.png","width":3723,"height":1698,"caption":"BLOGIN.al"},"image":{"@id":"https:\/\/blogin.al\/#\/schema\/logo\/image\/"},"sameAs":["https:\/\/instagram.com\/blogin.al\/"]},{"@type":"Person","@id":"https:\/\/blogin.al\/#\/schema\/person\/abdd56bc912cd511db877b852b115399","name":"Blogin al","image":{"@type":"ImageObject","inLanguage":"en-US","@id":"https:\/\/secure.gravatar.com\/avatar\/60d5661aee6e835fb13dc75d2204cd0c1d61bef2efd137c0083e59ef831e235e?s=96&d=mm&r=g","url":"https:\/\/secure.gravatar.com\/avatar\/60d5661aee6e835fb13dc75d2204cd0c1d61bef2efd137c0083e59ef831e235e?s=96&d=mm&r=g","contentUrl":"https:\/\/secure.gravatar.com\/avatar\/60d5661aee6e835fb13dc75d2204cd0c1d61bef2efd137c0083e59ef831e235e?s=96&d=mm&r=g","caption":"Blogin al"},"sameAs":["https:\/\/blogin.al"],"url":"https:\/\/blogin.al\/?author=2"}]}},"_links":{"self":[{"href":"https:\/\/blogin.al\/index.php?rest_route=\/wp\/v2\/posts\/13047","targetHints":{"allow":["GET"]}}],"collection":[{"href":"https:\/\/blogin.al\/index.php?rest_route=\/wp\/v2\/posts"}],"about":[{"href":"https:\/\/blogin.al\/index.php?rest_route=\/wp\/v2\/types\/post"}],"author":[{"embeddable":true,"href":"https:\/\/blogin.al\/index.php?rest_route=\/wp\/v2\/users\/2"}],"replies":[{"embeddable":true,"href":"https:\/\/blogin.al\/index.php?rest_route=%2Fwp%2Fv2%2Fcomments&post=13047"}],"version-history":[{"count":1,"href":"https:\/\/blogin.al\/index.php?rest_route=\/wp\/v2\/posts\/13047\/revisions"}],"predecessor-version":[{"id":13048,"href":"https:\/\/blogin.al\/index.php?rest_route=\/wp\/v2\/posts\/13047\/revisions\/13048"}],"wp:featuredmedia":[{"embeddable":true,"href":"https:\/\/blogin.al\/index.php?rest_route=\/wp\/v2\/media\/10438"}],"wp:attachment":[{"href":"https:\/\/blogin.al\/index.php?rest_route=%2Fwp%2Fv2%2Fmedia&parent=13047"}],"wp:term":[{"taxonomy":"category","embeddable":true,"href":"https:\/\/blogin.al\/index.php?rest_route=%2Fwp%2Fv2%2Fcategories&post=13047"},{"taxonomy":"post_tag","embeddable":true,"href":"https:\/\/blogin.al\/index.php?rest_route=%2Fwp%2Fv2%2Ftags&post=13047"}],"curies":[{"name":"wp","href":"https:\/\/api.w.org\/{rel}","templated":true}]}}