{"id":13060,"date":"2022-08-24T07:44:24","date_gmt":"2022-08-24T07:44:24","guid":{"rendered":"https:\/\/blogin.al\/?p=13060"},"modified":"2022-08-24T07:44:26","modified_gmt":"2022-08-24T07:44:26","slug":"do-festonte-sot-ditelindjen-e-44-te-vanessa-ndan-mesazhin-e-ndjere-per-kobe-bryant-me-mungon-shume","status":"publish","type":"post","link":"https:\/\/blogin.al\/?p=13060","title":{"rendered":"Do festonte sot dit\u00eblindjen e 44-t\u00eb, Vanessa ndan mesazhin e ndjer\u00eb p\u00ebr Kobe Bryant: M\u00eb mungon shum\u00eb"},"content":{"rendered":"\n<p>Vanessa Bryant tregoi gjith\u00eb dashurin\u00eb e saj p\u00ebr Kobe Bryant n\u00eb dit\u00ebn kur do kishte qen\u00eb dit\u00eblindja e tij e 44-t\u00eb.<\/p>\n\n\n\n<p>Vanessa p\u00ebrkujtoi dit\u00ebn e tij t\u00eb ve\u00e7ant\u00eb duke shp\u00ebrndar\u00eb nj\u00eb foto duke p\u00ebrqafuar yllin e ndjer\u00eb t\u00eb \u2018Los Angeles Lakers\u2019 pasi ekipi i tij fitoi Kampionatin NBA n\u00eb 2009. \u201c<strong>G\u00ebzuar dit\u00eblindjen, zem\u00ebr!<\/strong>\u201d shkroi ajo krah postimit n\u00eb Instagram.<strong>\u00a0\u201cT\u00eb dua dhe m\u00eb mungon shum\u00eb! #44.\u201d<\/strong>\u00a0N\u00eb pjes\u00ebn e komenteve t\u00eb postimit t\u00eb Vanessa-s, Kobe mori urime p\u00ebr dit\u00eblindje nga disa yje, duke p\u00ebrfshir\u00eb k\u00ebng\u00ebtaren Monica, e cila shkroi<strong>, \u201cG\u00ebzuar dit\u00eblindjen Kobe\u201d<\/strong>\u00a0dhe supermodelja Naomi Campbell, e cila komentoi disa emoji me zem\u00ebr t\u00eb kuqe dhe tort\u00eb. Ish-ylli i WNBA-s\u00eb Lisa Leslie shkroi, \u201c<strong>G\u00ebzuar dit\u00eblindjen Mbreti Kobe<\/strong>\u201c, nd\u00ebrsa Khloe Kardashian i d\u00ebrgoi mb\u00ebshtetjen e saj Vanessa-s, duke shkruar:\u00a0<strong>\u201cG\u00ebzuar dit\u00eblindjen. T\u00eb dua V!!!\u201d<\/strong><\/p>\n\n\n\n<figure class=\"wp-block-image size-large is-style-default\"><img fetchpriority=\"high\" decoding=\"async\" width=\"1024\" height=\"610\" src=\"https:\/\/blogin.al\/wp-content\/uploads\/2022\/08\/vanessa-1024x610.png\" alt=\"\" class=\"wp-image-13061\" srcset=\"https:\/\/blogin.al\/wp-content\/uploads\/2022\/08\/vanessa-1024x610.png 1024w, https:\/\/blogin.al\/wp-content\/uploads\/2022\/08\/vanessa-300x179.png 300w, https:\/\/blogin.al\/wp-content\/uploads\/2022\/08\/vanessa-768x458.png 768w, https:\/\/blogin.al\/wp-content\/uploads\/2022\/08\/vanessa-150x89.png 150w, https:\/\/blogin.al\/wp-content\/uploads\/2022\/08\/vanessa-696x415.png 696w, https:\/\/blogin.al\/wp-content\/uploads\/2022\/08\/vanessa-1068x636.png 1068w, https:\/\/blogin.al\/wp-content\/uploads\/2022\/08\/vanessa.png 1311w\" sizes=\"(max-width: 1024px) 100vw, 1024px\" \/><\/figure>\n\n\n\n<p>Kan\u00eb kaluar m\u00eb shum\u00eb se dy vjet q\u00eb kur Kobe, vajza e tij 13-vje\u00e7are Gianna dhe shtat\u00eb t\u00eb tjer\u00eb\u00a0humb\u00ebn jet\u00ebn n\u00eb nj\u00eb p\u00ebrplasje me helikopter nd\u00ebrsa po udh\u00ebtonin p\u00ebr n\u00eb nj\u00eb turne basketbolli n\u00eb Akademin\u00eb Sportive Mamba n\u00eb Thousand Oaks, Kaliforni. Q\u00eb at\u00ebher\u00eb, Vanessa ka b\u00ebr\u00eb \u00e7mos p\u00ebr t\u00eb mbajtur gjall\u00eb kujtimin e Kobe p\u00ebr tre vajzat e tjera t\u00eb tyre \u2013 Natalia, 19 vje\u00e7, Bianka, 5 vje\u00e7 dhe Capri, 3 vje\u00e7.\u00a0Muajin e kaluar, ajo i \u00e7oi vajzat p\u00ebr t\u00eb vizituar qytetin n\u00eb Itali ku Kobe u rrit, nd\u00ebrsa babai i tij luante basketboll.\u00a0<\/p>\n","protected":false},"excerpt":{"rendered":"<p>Vanessa Bryant tregoi gjith\u00eb dashurin\u00eb e saj p\u00ebr Kobe Bryant n\u00eb dit\u00ebn kur do kishte qen\u00eb dit\u00eblindja e tij e 44-t\u00eb. Vanessa p\u00ebrkujtoi dit\u00ebn e tij t\u00eb ve\u00e7ant\u00eb duke shp\u00ebrndar\u00eb nj\u00eb foto duke p\u00ebrqafuar yllin e ndjer\u00eb t\u00eb \u2018Los Angeles Lakers\u2019 pasi ekipi i tij fitoi Kampionatin NBA n\u00eb 2009. \u201cG\u00ebzuar dit\u00eblindjen, zem\u00ebr!\u201d shkroi ajo [&hellip;]<\/p>\n","protected":false},"author":2,"featured_media":13062,"comment_status":"open","ping_status":"open","sticky":false,"template":"","format":"standard","meta":{"footnotes":""},"categories":[33],"tags":[],"class_list":{"0":"post-13060","1":"post","2":"type-post","3":"status-publish","4":"format-standard","5":"has-post-thumbnail","7":"category-showbiz"},"yoast_head":"<!-- This site is optimized with the Yoast SEO plugin v27.4 - https:\/\/yoast.com\/product\/yoast-seo-wordpress\/ -->\n<title>Do festonte sot dit\u00eblindjen e 44-t\u00eb, Vanessa ndan mesazhin e ndjer\u00eb p\u00ebr Kobe Bryant: M\u00eb mungon shum\u00eb - blogin.al<\/title>\n<meta name=\"robots\" content=\"index, follow, max-snippet:-1, max-image-preview:large, max-video-preview:-1\" \/>\n<link rel=\"canonical\" href=\"https:\/\/blogin.al\/?p=13060\" \/>\n<meta property=\"og:locale\" content=\"en_US\" \/>\n<meta property=\"og:type\" content=\"article\" \/>\n<meta property=\"og:title\" content=\"Do festonte sot dit\u00eblindjen e 44-t\u00eb, Vanessa ndan mesazhin e ndjer\u00eb p\u00ebr Kobe Bryant: M\u00eb mungon shum\u00eb - blogin.al\" \/>\n<meta property=\"og:description\" content=\"Vanessa Bryant tregoi gjith\u00eb dashurin\u00eb e saj p\u00ebr Kobe Bryant n\u00eb dit\u00ebn kur do kishte qen\u00eb dit\u00eblindja e tij e 44-t\u00eb. Vanessa p\u00ebrkujtoi dit\u00ebn e tij t\u00eb ve\u00e7ant\u00eb duke shp\u00ebrndar\u00eb nj\u00eb foto duke p\u00ebrqafuar yllin e ndjer\u00eb t\u00eb \u2018Los Angeles Lakers\u2019 pasi ekipi i tij fitoi Kampionatin NBA n\u00eb 2009. \u201cG\u00ebzuar dit\u00eblindjen, zem\u00ebr!\u201d shkroi ajo [&hellip;]\" \/>\n<meta property=\"og:url\" content=\"https:\/\/blogin.al\/?p=13060\" \/>\n<meta property=\"og:site_name\" content=\"blogin.al\" \/>\n<meta property=\"article:published_time\" content=\"2022-08-24T07:44:24+00:00\" \/>\n<meta property=\"article:modified_time\" content=\"2022-08-24T07:44:26+00:00\" \/>\n<meta property=\"og:image\" content=\"https:\/\/blogin.al\/wp-content\/uploads\/2022\/08\/Kobe-Bryant-and-Vanessa-Bryant-A-Timeline-of-Their-Relationship.jpg\" \/>\n\t<meta property=\"og:image:width\" content=\"1600\" \/>\n\t<meta property=\"og:image:height\" content=\"1057\" \/>\n\t<meta property=\"og:image:type\" content=\"image\/jpeg\" \/>\n<meta name=\"author\" content=\"Blogin al\" \/>\n<meta name=\"twitter:card\" content=\"summary_large_image\" \/>\n<meta name=\"twitter:label1\" content=\"Written by\" \/>\n\t<meta name=\"twitter:data1\" content=\"Blogin al\" \/>\n\t<meta name=\"twitter:label2\" content=\"Est. reading time\" \/>\n\t<meta name=\"twitter:data2\" content=\"2 minutes\" \/>\n<script type=\"application\/ld+json\" class=\"yoast-schema-graph\">{\"@context\":\"https:\\\/\\\/schema.org\",\"@graph\":[{\"@type\":\"Article\",\"@id\":\"https:\\\/\\\/blogin.al\\\/?p=13060#article\",\"isPartOf\":{\"@id\":\"https:\\\/\\\/blogin.al\\\/?p=13060\"},\"author\":{\"name\":\"Blogin al\",\"@id\":\"https:\\\/\\\/blogin.al\\\/#\\\/schema\\\/person\\\/abdd56bc912cd511db877b852b115399\"},\"headline\":\"Do festonte sot dit\u00eblindjen e 44-t\u00eb, Vanessa ndan mesazhin e ndjer\u00eb p\u00ebr Kobe Bryant: M\u00eb mungon shum\u00eb\",\"datePublished\":\"2022-08-24T07:44:24+00:00\",\"dateModified\":\"2022-08-24T07:44:26+00:00\",\"mainEntityOfPage\":{\"@id\":\"https:\\\/\\\/blogin.al\\\/?p=13060\"},\"wordCount\":282,\"commentCount\":0,\"publisher\":{\"@id\":\"https:\\\/\\\/blogin.al\\\/#organization\"},\"image\":{\"@id\":\"https:\\\/\\\/blogin.al\\\/?p=13060#primaryimage\"},\"thumbnailUrl\":\"https:\\\/\\\/blogin.al\\\/wp-content\\\/uploads\\\/2022\\\/08\\\/Kobe-Bryant-and-Vanessa-Bryant-A-Timeline-of-Their-Relationship.jpg\",\"articleSection\":[\"SHOWBIZ\"],\"inLanguage\":\"en-US\",\"potentialAction\":[{\"@type\":\"CommentAction\",\"name\":\"Comment\",\"target\":[\"https:\\\/\\\/blogin.al\\\/?p=13060#respond\"]}]},{\"@type\":\"WebPage\",\"@id\":\"https:\\\/\\\/blogin.al\\\/?p=13060\",\"url\":\"https:\\\/\\\/blogin.al\\\/?p=13060\",\"name\":\"Do festonte sot dit\u00eblindjen e 44-t\u00eb, Vanessa ndan mesazhin e ndjer\u00eb p\u00ebr Kobe Bryant: M\u00eb mungon shum\u00eb - blogin.al\",\"isPartOf\":{\"@id\":\"https:\\\/\\\/blogin.al\\\/#website\"},\"primaryImageOfPage\":{\"@id\":\"https:\\\/\\\/blogin.al\\\/?p=13060#primaryimage\"},\"image\":{\"@id\":\"https:\\\/\\\/blogin.al\\\/?p=13060#primaryimage\"},\"thumbnailUrl\":\"https:\\\/\\\/blogin.al\\\/wp-content\\\/uploads\\\/2022\\\/08\\\/Kobe-Bryant-and-Vanessa-Bryant-A-Timeline-of-Their-Relationship.jpg\",\"datePublished\":\"2022-08-24T07:44:24+00:00\",\"dateModified\":\"2022-08-24T07:44:26+00:00\",\"breadcrumb\":{\"@id\":\"https:\\\/\\\/blogin.al\\\/?p=13060#breadcrumb\"},\"inLanguage\":\"en-US\",\"potentialAction\":[{\"@type\":\"ReadAction\",\"target\":[\"https:\\\/\\\/blogin.al\\\/?p=13060\"]}]},{\"@type\":\"ImageObject\",\"inLanguage\":\"en-US\",\"@id\":\"https:\\\/\\\/blogin.al\\\/?p=13060#primaryimage\",\"url\":\"https:\\\/\\\/blogin.al\\\/wp-content\\\/uploads\\\/2022\\\/08\\\/Kobe-Bryant-and-Vanessa-Bryant-A-Timeline-of-Their-Relationship.jpg\",\"contentUrl\":\"https:\\\/\\\/blogin.al\\\/wp-content\\\/uploads\\\/2022\\\/08\\\/Kobe-Bryant-and-Vanessa-Bryant-A-Timeline-of-Their-Relationship.jpg\",\"width\":1600,\"height\":1057},{\"@type\":\"BreadcrumbList\",\"@id\":\"https:\\\/\\\/blogin.al\\\/?p=13060#breadcrumb\",\"itemListElement\":[{\"@type\":\"ListItem\",\"position\":1,\"name\":\"Home\",\"item\":\"https:\\\/\\\/blogin.al\\\/\"},{\"@type\":\"ListItem\",\"position\":2,\"name\":\"Do festonte sot dit\u00eblindjen e 44-t\u00eb, Vanessa ndan mesazhin e ndjer\u00eb p\u00ebr Kobe Bryant: M\u00eb mungon shum\u00eb\"}]},{\"@type\":\"WebSite\",\"@id\":\"https:\\\/\\\/blogin.al\\\/#website\",\"url\":\"https:\\\/\\\/blogin.al\\\/\",\"name\":\"blogin.al\",\"description\":\"\",\"publisher\":{\"@id\":\"https:\\\/\\\/blogin.al\\\/#organization\"},\"potentialAction\":[{\"@type\":\"SearchAction\",\"target\":{\"@type\":\"EntryPoint\",\"urlTemplate\":\"https:\\\/\\\/blogin.al\\\/?s={search_term_string}\"},\"query-input\":{\"@type\":\"PropertyValueSpecification\",\"valueRequired\":true,\"valueName\":\"search_term_string\"}}],\"inLanguage\":\"en-US\"},{\"@type\":\"Organization\",\"@id\":\"https:\\\/\\\/blogin.al\\\/#organization\",\"name\":\"BLOGIN.al\",\"url\":\"https:\\\/\\\/blogin.al\\\/\",\"logo\":{\"@type\":\"ImageObject\",\"inLanguage\":\"en-US\",\"@id\":\"https:\\\/\\\/blogin.al\\\/#\\\/schema\\\/logo\\\/image\\\/\",\"url\":\"https:\\\/\\\/blogin.al\\\/wp-content\\\/uploads\\\/2022\\\/05\\\/Untitled-2-01-e1652084456514.png\",\"contentUrl\":\"https:\\\/\\\/blogin.al\\\/wp-content\\\/uploads\\\/2022\\\/05\\\/Untitled-2-01-e1652084456514.png\",\"width\":3723,\"height\":1698,\"caption\":\"BLOGIN.al\"},\"image\":{\"@id\":\"https:\\\/\\\/blogin.al\\\/#\\\/schema\\\/logo\\\/image\\\/\"},\"sameAs\":[\"https:\\\/\\\/instagram.com\\\/blogin.al\\\/\"]},{\"@type\":\"Person\",\"@id\":\"https:\\\/\\\/blogin.al\\\/#\\\/schema\\\/person\\\/abdd56bc912cd511db877b852b115399\",\"name\":\"Blogin al\",\"image\":{\"@type\":\"ImageObject\",\"inLanguage\":\"en-US\",\"@id\":\"https:\\\/\\\/secure.gravatar.com\\\/avatar\\\/60d5661aee6e835fb13dc75d2204cd0c1d61bef2efd137c0083e59ef831e235e?s=96&d=mm&r=g\",\"url\":\"https:\\\/\\\/secure.gravatar.com\\\/avatar\\\/60d5661aee6e835fb13dc75d2204cd0c1d61bef2efd137c0083e59ef831e235e?s=96&d=mm&r=g\",\"contentUrl\":\"https:\\\/\\\/secure.gravatar.com\\\/avatar\\\/60d5661aee6e835fb13dc75d2204cd0c1d61bef2efd137c0083e59ef831e235e?s=96&d=mm&r=g\",\"caption\":\"Blogin al\"},\"sameAs\":[\"https:\\\/\\\/blogin.al\"],\"url\":\"https:\\\/\\\/blogin.al\\\/?author=2\"}]}<\/script>\n<!-- \/ Yoast SEO plugin. -->","yoast_head_json":{"title":"Do festonte sot dit\u00eblindjen e 44-t\u00eb, Vanessa ndan mesazhin e ndjer\u00eb p\u00ebr Kobe Bryant: M\u00eb mungon shum\u00eb - blogin.al","robots":{"index":"index","follow":"follow","max-snippet":"max-snippet:-1","max-image-preview":"max-image-preview:large","max-video-preview":"max-video-preview:-1"},"canonical":"https:\/\/blogin.al\/?p=13060","og_locale":"en_US","og_type":"article","og_title":"Do festonte sot dit\u00eblindjen e 44-t\u00eb, Vanessa ndan mesazhin e ndjer\u00eb p\u00ebr Kobe Bryant: M\u00eb mungon shum\u00eb - blogin.al","og_description":"Vanessa Bryant tregoi gjith\u00eb dashurin\u00eb e saj p\u00ebr Kobe Bryant n\u00eb dit\u00ebn kur do kishte qen\u00eb dit\u00eblindja e tij e 44-t\u00eb. Vanessa p\u00ebrkujtoi dit\u00ebn e tij t\u00eb ve\u00e7ant\u00eb duke shp\u00ebrndar\u00eb nj\u00eb foto duke p\u00ebrqafuar yllin e ndjer\u00eb t\u00eb \u2018Los Angeles Lakers\u2019 pasi ekipi i tij fitoi Kampionatin NBA n\u00eb 2009. \u201cG\u00ebzuar dit\u00eblindjen, zem\u00ebr!\u201d shkroi ajo [&hellip;]","og_url":"https:\/\/blogin.al\/?p=13060","og_site_name":"blogin.al","article_published_time":"2022-08-24T07:44:24+00:00","article_modified_time":"2022-08-24T07:44:26+00:00","og_image":[{"width":1600,"height":1057,"url":"https:\/\/blogin.al\/wp-content\/uploads\/2022\/08\/Kobe-Bryant-and-Vanessa-Bryant-A-Timeline-of-Their-Relationship.jpg","type":"image\/jpeg"}],"author":"Blogin al","twitter_card":"summary_large_image","twitter_misc":{"Written by":"Blogin al","Est. reading time":"2 minutes"},"schema":{"@context":"https:\/\/schema.org","@graph":[{"@type":"Article","@id":"https:\/\/blogin.al\/?p=13060#article","isPartOf":{"@id":"https:\/\/blogin.al\/?p=13060"},"author":{"name":"Blogin al","@id":"https:\/\/blogin.al\/#\/schema\/person\/abdd56bc912cd511db877b852b115399"},"headline":"Do festonte sot dit\u00eblindjen e 44-t\u00eb, Vanessa ndan mesazhin e ndjer\u00eb p\u00ebr Kobe Bryant: M\u00eb mungon shum\u00eb","datePublished":"2022-08-24T07:44:24+00:00","dateModified":"2022-08-24T07:44:26+00:00","mainEntityOfPage":{"@id":"https:\/\/blogin.al\/?p=13060"},"wordCount":282,"commentCount":0,"publisher":{"@id":"https:\/\/blogin.al\/#organization"},"image":{"@id":"https:\/\/blogin.al\/?p=13060#primaryimage"},"thumbnailUrl":"https:\/\/blogin.al\/wp-content\/uploads\/2022\/08\/Kobe-Bryant-and-Vanessa-Bryant-A-Timeline-of-Their-Relationship.jpg","articleSection":["SHOWBIZ"],"inLanguage":"en-US","potentialAction":[{"@type":"CommentAction","name":"Comment","target":["https:\/\/blogin.al\/?p=13060#respond"]}]},{"@type":"WebPage","@id":"https:\/\/blogin.al\/?p=13060","url":"https:\/\/blogin.al\/?p=13060","name":"Do festonte sot dit\u00eblindjen e 44-t\u00eb, Vanessa ndan mesazhin e ndjer\u00eb p\u00ebr Kobe Bryant: M\u00eb mungon shum\u00eb - blogin.al","isPartOf":{"@id":"https:\/\/blogin.al\/#website"},"primaryImageOfPage":{"@id":"https:\/\/blogin.al\/?p=13060#primaryimage"},"image":{"@id":"https:\/\/blogin.al\/?p=13060#primaryimage"},"thumbnailUrl":"https:\/\/blogin.al\/wp-content\/uploads\/2022\/08\/Kobe-Bryant-and-Vanessa-Bryant-A-Timeline-of-Their-Relationship.jpg","datePublished":"2022-08-24T07:44:24+00:00","dateModified":"2022-08-24T07:44:26+00:00","breadcrumb":{"@id":"https:\/\/blogin.al\/?p=13060#breadcrumb"},"inLanguage":"en-US","potentialAction":[{"@type":"ReadAction","target":["https:\/\/blogin.al\/?p=13060"]}]},{"@type":"ImageObject","inLanguage":"en-US","@id":"https:\/\/blogin.al\/?p=13060#primaryimage","url":"https:\/\/blogin.al\/wp-content\/uploads\/2022\/08\/Kobe-Bryant-and-Vanessa-Bryant-A-Timeline-of-Their-Relationship.jpg","contentUrl":"https:\/\/blogin.al\/wp-content\/uploads\/2022\/08\/Kobe-Bryant-and-Vanessa-Bryant-A-Timeline-of-Their-Relationship.jpg","width":1600,"height":1057},{"@type":"BreadcrumbList","@id":"https:\/\/blogin.al\/?p=13060#breadcrumb","itemListElement":[{"@type":"ListItem","position":1,"name":"Home","item":"https:\/\/blogin.al\/"},{"@type":"ListItem","position":2,"name":"Do festonte sot dit\u00eblindjen e 44-t\u00eb, Vanessa ndan mesazhin e ndjer\u00eb p\u00ebr Kobe Bryant: M\u00eb mungon shum\u00eb"}]},{"@type":"WebSite","@id":"https:\/\/blogin.al\/#website","url":"https:\/\/blogin.al\/","name":"blogin.al","description":"","publisher":{"@id":"https:\/\/blogin.al\/#organization"},"potentialAction":[{"@type":"SearchAction","target":{"@type":"EntryPoint","urlTemplate":"https:\/\/blogin.al\/?s={search_term_string}"},"query-input":{"@type":"PropertyValueSpecification","valueRequired":true,"valueName":"search_term_string"}}],"inLanguage":"en-US"},{"@type":"Organization","@id":"https:\/\/blogin.al\/#organization","name":"BLOGIN.al","url":"https:\/\/blogin.al\/","logo":{"@type":"ImageObject","inLanguage":"en-US","@id":"https:\/\/blogin.al\/#\/schema\/logo\/image\/","url":"https:\/\/blogin.al\/wp-content\/uploads\/2022\/05\/Untitled-2-01-e1652084456514.png","contentUrl":"https:\/\/blogin.al\/wp-content\/uploads\/2022\/05\/Untitled-2-01-e1652084456514.png","width":3723,"height":1698,"caption":"BLOGIN.al"},"image":{"@id":"https:\/\/blogin.al\/#\/schema\/logo\/image\/"},"sameAs":["https:\/\/instagram.com\/blogin.al\/"]},{"@type":"Person","@id":"https:\/\/blogin.al\/#\/schema\/person\/abdd56bc912cd511db877b852b115399","name":"Blogin al","image":{"@type":"ImageObject","inLanguage":"en-US","@id":"https:\/\/secure.gravatar.com\/avatar\/60d5661aee6e835fb13dc75d2204cd0c1d61bef2efd137c0083e59ef831e235e?s=96&d=mm&r=g","url":"https:\/\/secure.gravatar.com\/avatar\/60d5661aee6e835fb13dc75d2204cd0c1d61bef2efd137c0083e59ef831e235e?s=96&d=mm&r=g","contentUrl":"https:\/\/secure.gravatar.com\/avatar\/60d5661aee6e835fb13dc75d2204cd0c1d61bef2efd137c0083e59ef831e235e?s=96&d=mm&r=g","caption":"Blogin al"},"sameAs":["https:\/\/blogin.al"],"url":"https:\/\/blogin.al\/?author=2"}]}},"_links":{"self":[{"href":"https:\/\/blogin.al\/index.php?rest_route=\/wp\/v2\/posts\/13060","targetHints":{"allow":["GET"]}}],"collection":[{"href":"https:\/\/blogin.al\/index.php?rest_route=\/wp\/v2\/posts"}],"about":[{"href":"https:\/\/blogin.al\/index.php?rest_route=\/wp\/v2\/types\/post"}],"author":[{"embeddable":true,"href":"https:\/\/blogin.al\/index.php?rest_route=\/wp\/v2\/users\/2"}],"replies":[{"embeddable":true,"href":"https:\/\/blogin.al\/index.php?rest_route=%2Fwp%2Fv2%2Fcomments&post=13060"}],"version-history":[{"count":1,"href":"https:\/\/blogin.al\/index.php?rest_route=\/wp\/v2\/posts\/13060\/revisions"}],"predecessor-version":[{"id":13063,"href":"https:\/\/blogin.al\/index.php?rest_route=\/wp\/v2\/posts\/13060\/revisions\/13063"}],"wp:featuredmedia":[{"embeddable":true,"href":"https:\/\/blogin.al\/index.php?rest_route=\/wp\/v2\/media\/13062"}],"wp:attachment":[{"href":"https:\/\/blogin.al\/index.php?rest_route=%2Fwp%2Fv2%2Fmedia&parent=13060"}],"wp:term":[{"taxonomy":"category","embeddable":true,"href":"https:\/\/blogin.al\/index.php?rest_route=%2Fwp%2Fv2%2Fcategories&post=13060"},{"taxonomy":"post_tag","embeddable":true,"href":"https:\/\/blogin.al\/index.php?rest_route=%2Fwp%2Fv2%2Ftags&post=13060"}],"curies":[{"name":"wp","href":"https:\/\/api.w.org\/{rel}","templated":true}]}}