{"id":13095,"date":"2022-08-24T12:14:28","date_gmt":"2022-08-24T12:14:28","guid":{"rendered":"https:\/\/blogin.al\/?p=13095"},"modified":"2022-08-24T12:14:33","modified_gmt":"2022-08-24T12:14:33","slug":"shawn-mendes-vendos-primar-shendetin-mendor-merr-vendimin-e-rendesishem","status":"publish","type":"post","link":"https:\/\/blogin.al\/?p=13095","title":{"rendered":"Shawn Mendes vendos primar sh\u00ebndetin mendor, merr vendimin e r\u00ebnd\u00ebsish\u00ebm"},"content":{"rendered":"\n<p><strong>Vet\u00ebm shtat\u00eb ndalesa n\u00eb turneun e tij bot\u00ebror Wonder, Shawn Mendes po b\u00ebn nj\u00eb pushim nga rruga p\u00ebr t\u2019u p\u00ebrq\u00ebndruar n\u00eb sh\u00ebndetin e tij mendor.<\/strong><\/p>\n\n\n\n<p>K\u00ebng\u00ebtari i \u201cIn My Blood\u201d njoftoi n\u00eb nj\u00eb postim n\u00eb Instagram t\u00eb 8 korrikut se p\u00ebr fat t\u00eb keq \u201cdo t\u2019i duhet t\u00eb shtyj\u00eb tre jav\u00ebt e ardhshme t\u00eb shfaqjeve \u2026 deri n\u00eb njoftimin e m\u00ebtejsh\u00ebm\u201d, duke v\u00ebn\u00eb n\u00eb dukje se e theu zemr\u00ebn p\u00ebr ta b\u00ebr\u00eb k\u00ebt\u00eb.<\/p>\n\n\n\n<p><strong>\u201cUn\u00eb kam qen\u00eb n\u00eb turne q\u00eb kur isha 15 vje\u00e7 dhe p\u00ebr t\u00eb qen\u00eb i sinqert\u00eb ka qen\u00eb gjithmon\u00eb e v\u00ebshtir\u00eb t\u00eb jesh n\u00eb rrug\u00eb larg miqve dhe familjes,\u201d shpjegoi muzikanti 23-vje\u00e7ar. \u201cPas disa vitesh larg rrug\u00ebs, u ndjeva sikur isha gati t\u00eb zhytesha p\u00ebrs\u00ebri, por ai vendim ishte i parakohsh\u00ebm dhe p\u00ebr fat t\u00eb keq, pagesa e rrug\u00ebs dhe presioni m\u00eb kan\u00eb kapur dhe kam arritur nj\u00eb pik\u00eb t\u00eb thyer. Pasi t\u00eb flas me ekipin tim dhe profesionist\u00ebt e sh\u00ebndetit, m\u00eb duhet t\u00eb kaloj pak koh\u00eb p\u00ebr t\u2019u sh\u00ebruar dhe p\u00ebr t\u2019u kujdesur p\u00ebr veten dhe sh\u00ebndetin tim mendor, para s\u00eb gjithash.\u201d<\/strong><\/p>\n\n\n\n<p>Mendes, i cili premtoi se do t\u2019i njoftonte fansat \u201csapo t\u00eb ket\u00eb m\u00eb shum\u00eb p\u00ebrdit\u00ebsime\u201d, filloi turneun n\u00eb mb\u00ebshtetje t\u00eb albumit t\u00eb tij Wonder 2020 n\u00eb Portland, Oregon, m\u00eb 27 qershor. Q\u00eb nga publikimi, koncertet p\u00ebrmes Uncasville t\u00eb 29 korrikut, Connecticut, ndalesa do t\u00eb shtyhet dhe turneu \u00ebsht\u00eb planifikuar t\u00eb rifilloj\u00eb m\u00eb 31 korrik n\u00eb vendlindjen e k\u00ebng\u00ebtares, Toronto, Kanada. Pjesa e turneut me 50 qytete n\u00eb Amerik\u00ebn e Veriut \u00ebsht\u00eb planifikuar t\u00eb p\u00ebrfundoj\u00eb n\u00eb Newark, New Jersey, m\u00eb 26 tetor, me nj\u00eb pjes\u00eb evropiane q\u00eb do t\u00eb nis\u00eb n\u00eb maj 2023.<\/p>\n","protected":false},"excerpt":{"rendered":"<p>Vet\u00ebm shtat\u00eb ndalesa n\u00eb turneun e tij bot\u00ebror Wonder, Shawn Mendes po b\u00ebn nj\u00eb pushim nga rruga p\u00ebr t\u2019u p\u00ebrq\u00ebndruar n\u00eb sh\u00ebndetin e tij mendor. K\u00ebng\u00ebtari i \u201cIn My Blood\u201d njoftoi n\u00eb nj\u00eb postim n\u00eb Instagram t\u00eb 8 korrikut se p\u00ebr fat t\u00eb keq \u201cdo t\u2019i duhet t\u00eb shtyj\u00eb tre jav\u00ebt e ardhshme t\u00eb shfaqjeve [&hellip;]<\/p>\n","protected":false},"author":2,"featured_media":13096,"comment_status":"open","ping_status":"open","sticky":false,"template":"","format":"standard","meta":{"footnotes":""},"categories":[33],"tags":[],"class_list":{"0":"post-13095","1":"post","2":"type-post","3":"status-publish","4":"format-standard","5":"has-post-thumbnail","7":"category-showbiz"},"yoast_head":"<!-- This site is optimized with the Yoast SEO plugin v27.4 - https:\/\/yoast.com\/product\/yoast-seo-wordpress\/ -->\n<title>Shawn Mendes vendos primar sh\u00ebndetin mendor, merr vendimin e r\u00ebnd\u00ebsish\u00ebm - blogin.al<\/title>\n<meta name=\"robots\" content=\"index, follow, max-snippet:-1, max-image-preview:large, max-video-preview:-1\" \/>\n<link rel=\"canonical\" href=\"https:\/\/blogin.al\/?p=13095\" \/>\n<meta property=\"og:locale\" content=\"en_US\" \/>\n<meta property=\"og:type\" content=\"article\" \/>\n<meta property=\"og:title\" content=\"Shawn Mendes vendos primar sh\u00ebndetin mendor, merr vendimin e r\u00ebnd\u00ebsish\u00ebm - blogin.al\" \/>\n<meta property=\"og:description\" content=\"Vet\u00ebm shtat\u00eb ndalesa n\u00eb turneun e tij bot\u00ebror Wonder, Shawn Mendes po b\u00ebn nj\u00eb pushim nga rruga p\u00ebr t\u2019u p\u00ebrq\u00ebndruar n\u00eb sh\u00ebndetin e tij mendor. K\u00ebng\u00ebtari i \u201cIn My Blood\u201d njoftoi n\u00eb nj\u00eb postim n\u00eb Instagram t\u00eb 8 korrikut se p\u00ebr fat t\u00eb keq \u201cdo t\u2019i duhet t\u00eb shtyj\u00eb tre jav\u00ebt e ardhshme t\u00eb shfaqjeve [&hellip;]\" \/>\n<meta property=\"og:url\" content=\"https:\/\/blogin.al\/?p=13095\" \/>\n<meta property=\"og:site_name\" content=\"blogin.al\" \/>\n<meta property=\"article:published_time\" content=\"2022-08-24T12:14:28+00:00\" \/>\n<meta property=\"article:modified_time\" content=\"2022-08-24T12:14:33+00:00\" \/>\n<meta property=\"og:image\" content=\"https:\/\/blogin.al\/wp-content\/uploads\/2022\/08\/Shawn-Mendes.webp\" \/>\n\t<meta property=\"og:image:width\" content=\"2048\" \/>\n\t<meta property=\"og:image:height\" content=\"2048\" \/>\n\t<meta property=\"og:image:type\" content=\"image\/webp\" \/>\n<meta name=\"author\" content=\"Blogin al\" \/>\n<meta name=\"twitter:card\" content=\"summary_large_image\" \/>\n<meta name=\"twitter:label1\" content=\"Written by\" \/>\n\t<meta name=\"twitter:data1\" content=\"Blogin al\" \/>\n\t<meta name=\"twitter:label2\" content=\"Est. reading time\" \/>\n\t<meta name=\"twitter:data2\" content=\"2 minutes\" \/>\n<script type=\"application\/ld+json\" class=\"yoast-schema-graph\">{\"@context\":\"https:\\\/\\\/schema.org\",\"@graph\":[{\"@type\":\"Article\",\"@id\":\"https:\\\/\\\/blogin.al\\\/?p=13095#article\",\"isPartOf\":{\"@id\":\"https:\\\/\\\/blogin.al\\\/?p=13095\"},\"author\":{\"name\":\"Blogin al\",\"@id\":\"https:\\\/\\\/blogin.al\\\/#\\\/schema\\\/person\\\/abdd56bc912cd511db877b852b115399\"},\"headline\":\"Shawn Mendes vendos primar sh\u00ebndetin mendor, merr vendimin e r\u00ebnd\u00ebsish\u00ebm\",\"datePublished\":\"2022-08-24T12:14:28+00:00\",\"dateModified\":\"2022-08-24T12:14:33+00:00\",\"mainEntityOfPage\":{\"@id\":\"https:\\\/\\\/blogin.al\\\/?p=13095\"},\"wordCount\":319,\"commentCount\":0,\"publisher\":{\"@id\":\"https:\\\/\\\/blogin.al\\\/#organization\"},\"image\":{\"@id\":\"https:\\\/\\\/blogin.al\\\/?p=13095#primaryimage\"},\"thumbnailUrl\":\"https:\\\/\\\/blogin.al\\\/wp-content\\\/uploads\\\/2022\\\/08\\\/Shawn-Mendes.webp\",\"articleSection\":[\"SHOWBIZ\"],\"inLanguage\":\"en-US\",\"potentialAction\":[{\"@type\":\"CommentAction\",\"name\":\"Comment\",\"target\":[\"https:\\\/\\\/blogin.al\\\/?p=13095#respond\"]}]},{\"@type\":\"WebPage\",\"@id\":\"https:\\\/\\\/blogin.al\\\/?p=13095\",\"url\":\"https:\\\/\\\/blogin.al\\\/?p=13095\",\"name\":\"Shawn Mendes vendos primar sh\u00ebndetin mendor, merr vendimin e r\u00ebnd\u00ebsish\u00ebm - blogin.al\",\"isPartOf\":{\"@id\":\"https:\\\/\\\/blogin.al\\\/#website\"},\"primaryImageOfPage\":{\"@id\":\"https:\\\/\\\/blogin.al\\\/?p=13095#primaryimage\"},\"image\":{\"@id\":\"https:\\\/\\\/blogin.al\\\/?p=13095#primaryimage\"},\"thumbnailUrl\":\"https:\\\/\\\/blogin.al\\\/wp-content\\\/uploads\\\/2022\\\/08\\\/Shawn-Mendes.webp\",\"datePublished\":\"2022-08-24T12:14:28+00:00\",\"dateModified\":\"2022-08-24T12:14:33+00:00\",\"breadcrumb\":{\"@id\":\"https:\\\/\\\/blogin.al\\\/?p=13095#breadcrumb\"},\"inLanguage\":\"en-US\",\"potentialAction\":[{\"@type\":\"ReadAction\",\"target\":[\"https:\\\/\\\/blogin.al\\\/?p=13095\"]}]},{\"@type\":\"ImageObject\",\"inLanguage\":\"en-US\",\"@id\":\"https:\\\/\\\/blogin.al\\\/?p=13095#primaryimage\",\"url\":\"https:\\\/\\\/blogin.al\\\/wp-content\\\/uploads\\\/2022\\\/08\\\/Shawn-Mendes.webp\",\"contentUrl\":\"https:\\\/\\\/blogin.al\\\/wp-content\\\/uploads\\\/2022\\\/08\\\/Shawn-Mendes.webp\",\"width\":2048,\"height\":2048},{\"@type\":\"BreadcrumbList\",\"@id\":\"https:\\\/\\\/blogin.al\\\/?p=13095#breadcrumb\",\"itemListElement\":[{\"@type\":\"ListItem\",\"position\":1,\"name\":\"Home\",\"item\":\"https:\\\/\\\/blogin.al\\\/\"},{\"@type\":\"ListItem\",\"position\":2,\"name\":\"Shawn Mendes vendos primar sh\u00ebndetin mendor, merr vendimin e r\u00ebnd\u00ebsish\u00ebm\"}]},{\"@type\":\"WebSite\",\"@id\":\"https:\\\/\\\/blogin.al\\\/#website\",\"url\":\"https:\\\/\\\/blogin.al\\\/\",\"name\":\"blogin.al\",\"description\":\"\",\"publisher\":{\"@id\":\"https:\\\/\\\/blogin.al\\\/#organization\"},\"potentialAction\":[{\"@type\":\"SearchAction\",\"target\":{\"@type\":\"EntryPoint\",\"urlTemplate\":\"https:\\\/\\\/blogin.al\\\/?s={search_term_string}\"},\"query-input\":{\"@type\":\"PropertyValueSpecification\",\"valueRequired\":true,\"valueName\":\"search_term_string\"}}],\"inLanguage\":\"en-US\"},{\"@type\":\"Organization\",\"@id\":\"https:\\\/\\\/blogin.al\\\/#organization\",\"name\":\"BLOGIN.al\",\"url\":\"https:\\\/\\\/blogin.al\\\/\",\"logo\":{\"@type\":\"ImageObject\",\"inLanguage\":\"en-US\",\"@id\":\"https:\\\/\\\/blogin.al\\\/#\\\/schema\\\/logo\\\/image\\\/\",\"url\":\"https:\\\/\\\/blogin.al\\\/wp-content\\\/uploads\\\/2022\\\/05\\\/Untitled-2-01-e1652084456514.png\",\"contentUrl\":\"https:\\\/\\\/blogin.al\\\/wp-content\\\/uploads\\\/2022\\\/05\\\/Untitled-2-01-e1652084456514.png\",\"width\":3723,\"height\":1698,\"caption\":\"BLOGIN.al\"},\"image\":{\"@id\":\"https:\\\/\\\/blogin.al\\\/#\\\/schema\\\/logo\\\/image\\\/\"},\"sameAs\":[\"https:\\\/\\\/instagram.com\\\/blogin.al\\\/\"]},{\"@type\":\"Person\",\"@id\":\"https:\\\/\\\/blogin.al\\\/#\\\/schema\\\/person\\\/abdd56bc912cd511db877b852b115399\",\"name\":\"Blogin al\",\"image\":{\"@type\":\"ImageObject\",\"inLanguage\":\"en-US\",\"@id\":\"https:\\\/\\\/secure.gravatar.com\\\/avatar\\\/60d5661aee6e835fb13dc75d2204cd0c1d61bef2efd137c0083e59ef831e235e?s=96&d=mm&r=g\",\"url\":\"https:\\\/\\\/secure.gravatar.com\\\/avatar\\\/60d5661aee6e835fb13dc75d2204cd0c1d61bef2efd137c0083e59ef831e235e?s=96&d=mm&r=g\",\"contentUrl\":\"https:\\\/\\\/secure.gravatar.com\\\/avatar\\\/60d5661aee6e835fb13dc75d2204cd0c1d61bef2efd137c0083e59ef831e235e?s=96&d=mm&r=g\",\"caption\":\"Blogin al\"},\"sameAs\":[\"https:\\\/\\\/blogin.al\"],\"url\":\"https:\\\/\\\/blogin.al\\\/?author=2\"}]}<\/script>\n<!-- \/ Yoast SEO plugin. -->","yoast_head_json":{"title":"Shawn Mendes vendos primar sh\u00ebndetin mendor, merr vendimin e r\u00ebnd\u00ebsish\u00ebm - blogin.al","robots":{"index":"index","follow":"follow","max-snippet":"max-snippet:-1","max-image-preview":"max-image-preview:large","max-video-preview":"max-video-preview:-1"},"canonical":"https:\/\/blogin.al\/?p=13095","og_locale":"en_US","og_type":"article","og_title":"Shawn Mendes vendos primar sh\u00ebndetin mendor, merr vendimin e r\u00ebnd\u00ebsish\u00ebm - blogin.al","og_description":"Vet\u00ebm shtat\u00eb ndalesa n\u00eb turneun e tij bot\u00ebror Wonder, Shawn Mendes po b\u00ebn nj\u00eb pushim nga rruga p\u00ebr t\u2019u p\u00ebrq\u00ebndruar n\u00eb sh\u00ebndetin e tij mendor. K\u00ebng\u00ebtari i \u201cIn My Blood\u201d njoftoi n\u00eb nj\u00eb postim n\u00eb Instagram t\u00eb 8 korrikut se p\u00ebr fat t\u00eb keq \u201cdo t\u2019i duhet t\u00eb shtyj\u00eb tre jav\u00ebt e ardhshme t\u00eb shfaqjeve [&hellip;]","og_url":"https:\/\/blogin.al\/?p=13095","og_site_name":"blogin.al","article_published_time":"2022-08-24T12:14:28+00:00","article_modified_time":"2022-08-24T12:14:33+00:00","og_image":[{"width":2048,"height":2048,"url":"https:\/\/blogin.al\/wp-content\/uploads\/2022\/08\/Shawn-Mendes.webp","type":"image\/webp"}],"author":"Blogin al","twitter_card":"summary_large_image","twitter_misc":{"Written by":"Blogin al","Est. reading time":"2 minutes"},"schema":{"@context":"https:\/\/schema.org","@graph":[{"@type":"Article","@id":"https:\/\/blogin.al\/?p=13095#article","isPartOf":{"@id":"https:\/\/blogin.al\/?p=13095"},"author":{"name":"Blogin al","@id":"https:\/\/blogin.al\/#\/schema\/person\/abdd56bc912cd511db877b852b115399"},"headline":"Shawn Mendes vendos primar sh\u00ebndetin mendor, merr vendimin e r\u00ebnd\u00ebsish\u00ebm","datePublished":"2022-08-24T12:14:28+00:00","dateModified":"2022-08-24T12:14:33+00:00","mainEntityOfPage":{"@id":"https:\/\/blogin.al\/?p=13095"},"wordCount":319,"commentCount":0,"publisher":{"@id":"https:\/\/blogin.al\/#organization"},"image":{"@id":"https:\/\/blogin.al\/?p=13095#primaryimage"},"thumbnailUrl":"https:\/\/blogin.al\/wp-content\/uploads\/2022\/08\/Shawn-Mendes.webp","articleSection":["SHOWBIZ"],"inLanguage":"en-US","potentialAction":[{"@type":"CommentAction","name":"Comment","target":["https:\/\/blogin.al\/?p=13095#respond"]}]},{"@type":"WebPage","@id":"https:\/\/blogin.al\/?p=13095","url":"https:\/\/blogin.al\/?p=13095","name":"Shawn Mendes vendos primar sh\u00ebndetin mendor, merr vendimin e r\u00ebnd\u00ebsish\u00ebm - blogin.al","isPartOf":{"@id":"https:\/\/blogin.al\/#website"},"primaryImageOfPage":{"@id":"https:\/\/blogin.al\/?p=13095#primaryimage"},"image":{"@id":"https:\/\/blogin.al\/?p=13095#primaryimage"},"thumbnailUrl":"https:\/\/blogin.al\/wp-content\/uploads\/2022\/08\/Shawn-Mendes.webp","datePublished":"2022-08-24T12:14:28+00:00","dateModified":"2022-08-24T12:14:33+00:00","breadcrumb":{"@id":"https:\/\/blogin.al\/?p=13095#breadcrumb"},"inLanguage":"en-US","potentialAction":[{"@type":"ReadAction","target":["https:\/\/blogin.al\/?p=13095"]}]},{"@type":"ImageObject","inLanguage":"en-US","@id":"https:\/\/blogin.al\/?p=13095#primaryimage","url":"https:\/\/blogin.al\/wp-content\/uploads\/2022\/08\/Shawn-Mendes.webp","contentUrl":"https:\/\/blogin.al\/wp-content\/uploads\/2022\/08\/Shawn-Mendes.webp","width":2048,"height":2048},{"@type":"BreadcrumbList","@id":"https:\/\/blogin.al\/?p=13095#breadcrumb","itemListElement":[{"@type":"ListItem","position":1,"name":"Home","item":"https:\/\/blogin.al\/"},{"@type":"ListItem","position":2,"name":"Shawn Mendes vendos primar sh\u00ebndetin mendor, merr vendimin e r\u00ebnd\u00ebsish\u00ebm"}]},{"@type":"WebSite","@id":"https:\/\/blogin.al\/#website","url":"https:\/\/blogin.al\/","name":"blogin.al","description":"","publisher":{"@id":"https:\/\/blogin.al\/#organization"},"potentialAction":[{"@type":"SearchAction","target":{"@type":"EntryPoint","urlTemplate":"https:\/\/blogin.al\/?s={search_term_string}"},"query-input":{"@type":"PropertyValueSpecification","valueRequired":true,"valueName":"search_term_string"}}],"inLanguage":"en-US"},{"@type":"Organization","@id":"https:\/\/blogin.al\/#organization","name":"BLOGIN.al","url":"https:\/\/blogin.al\/","logo":{"@type":"ImageObject","inLanguage":"en-US","@id":"https:\/\/blogin.al\/#\/schema\/logo\/image\/","url":"https:\/\/blogin.al\/wp-content\/uploads\/2022\/05\/Untitled-2-01-e1652084456514.png","contentUrl":"https:\/\/blogin.al\/wp-content\/uploads\/2022\/05\/Untitled-2-01-e1652084456514.png","width":3723,"height":1698,"caption":"BLOGIN.al"},"image":{"@id":"https:\/\/blogin.al\/#\/schema\/logo\/image\/"},"sameAs":["https:\/\/instagram.com\/blogin.al\/"]},{"@type":"Person","@id":"https:\/\/blogin.al\/#\/schema\/person\/abdd56bc912cd511db877b852b115399","name":"Blogin al","image":{"@type":"ImageObject","inLanguage":"en-US","@id":"https:\/\/secure.gravatar.com\/avatar\/60d5661aee6e835fb13dc75d2204cd0c1d61bef2efd137c0083e59ef831e235e?s=96&d=mm&r=g","url":"https:\/\/secure.gravatar.com\/avatar\/60d5661aee6e835fb13dc75d2204cd0c1d61bef2efd137c0083e59ef831e235e?s=96&d=mm&r=g","contentUrl":"https:\/\/secure.gravatar.com\/avatar\/60d5661aee6e835fb13dc75d2204cd0c1d61bef2efd137c0083e59ef831e235e?s=96&d=mm&r=g","caption":"Blogin al"},"sameAs":["https:\/\/blogin.al"],"url":"https:\/\/blogin.al\/?author=2"}]}},"_links":{"self":[{"href":"https:\/\/blogin.al\/index.php?rest_route=\/wp\/v2\/posts\/13095","targetHints":{"allow":["GET"]}}],"collection":[{"href":"https:\/\/blogin.al\/index.php?rest_route=\/wp\/v2\/posts"}],"about":[{"href":"https:\/\/blogin.al\/index.php?rest_route=\/wp\/v2\/types\/post"}],"author":[{"embeddable":true,"href":"https:\/\/blogin.al\/index.php?rest_route=\/wp\/v2\/users\/2"}],"replies":[{"embeddable":true,"href":"https:\/\/blogin.al\/index.php?rest_route=%2Fwp%2Fv2%2Fcomments&post=13095"}],"version-history":[{"count":1,"href":"https:\/\/blogin.al\/index.php?rest_route=\/wp\/v2\/posts\/13095\/revisions"}],"predecessor-version":[{"id":13097,"href":"https:\/\/blogin.al\/index.php?rest_route=\/wp\/v2\/posts\/13095\/revisions\/13097"}],"wp:featuredmedia":[{"embeddable":true,"href":"https:\/\/blogin.al\/index.php?rest_route=\/wp\/v2\/media\/13096"}],"wp:attachment":[{"href":"https:\/\/blogin.al\/index.php?rest_route=%2Fwp%2Fv2%2Fmedia&parent=13095"}],"wp:term":[{"taxonomy":"category","embeddable":true,"href":"https:\/\/blogin.al\/index.php?rest_route=%2Fwp%2Fv2%2Fcategories&post=13095"},{"taxonomy":"post_tag","embeddable":true,"href":"https:\/\/blogin.al\/index.php?rest_route=%2Fwp%2Fv2%2Ftags&post=13095"}],"curies":[{"name":"wp","href":"https:\/\/api.w.org\/{rel}","templated":true}]}}