{"id":13115,"date":"2022-08-24T14:03:00","date_gmt":"2022-08-24T14:03:00","guid":{"rendered":"https:\/\/blogin.al\/?p=13115"},"modified":"2022-08-24T14:03:03","modified_gmt":"2022-08-24T14:03:03","slug":"pas-sulmit-agresiv-ndaj-fansit-te-tij-merret-vendimi-qe-nuk-pritej-per-kanye-west","status":"publish","type":"post","link":"https:\/\/blogin.al\/?p=13115","title":{"rendered":"Pas sulmit agresiv ndaj fansit t\u00eb tij, merret vendimi q\u00eb nuk pritej p\u00ebr Kanye West"},"content":{"rendered":"\n<p>M\u00eb her\u00ebt \u00ebsht\u00eb raportuar se reperi ka pasur nj\u00eb mosmarr\u00ebveshje me nj\u00eb fans q\u00eb u kthye n\u00eb sulm fizik jasht\u00eb hotelit Soho Warehouse, n\u00eb Los Angeles, n\u00eb janar t\u00eb k\u00ebtij viti.<\/p>\n\n\n\n<p>Autoritetet fillimisht e hetuan rastin si nj\u00ebkund\u00ebrsulm, ku mund ta \u00e7onte reperin n\u00eb nj\u00eb d\u00ebnim maksimal prej gjasht\u00eb muajsh burg.<\/p>\n\n\n\n<p>Megjithat\u00eb, t\u00eb mart\u00ebn (23 gusht) Zyra e Prokurorit t\u00eb Qytetit t\u00eb Los Anxhelosit ndau nj\u00eb deklarat\u00eb me TMZ duke th\u00ebn\u00eb: \u201cPas nj\u00eb shqyrtimi t\u00eb plot\u00eb dhe t\u00eb kujdessh\u00ebm t\u00eb t\u00eb gjitha provave, zyra jon\u00eb refuzon t\u00eb paraqes\u00eb nj\u00eb k\u00ebrkes\u00eb p\u00ebr d\u00ebnim\u201d.<\/p>\n\n\n\n<p>N\u00eb nj\u00eb video t\u00eb siguruar nga media af\u00ebr koh\u00ebs s\u00eb sulmit t\u00eb supozuar, West mund t\u00eb d\u00ebgjohet duke b\u00ebrtitur: \u201cE pat\u00eb t\u00eb gjith\u00eb k\u00ebt\u00eb apo jo? E that\u00eb t\u00eb gjith\u00eb k\u00ebt\u00eb apo jo?\u2026 Sepse kjo \u00ebsht\u00eb ajo q\u00eb ndodhi pik\u00ebrisht tani.\u201d<\/p>\n\n\n\n<p>Gazeta fillimisht raportoi se West e shtyu dhe grushtoi fansin.<\/p>\n\n\n\n<p>Jav\u00ebn e kaluar, Kid Cudi kritikoi West p\u00ebr reagimin e tij agresiv menj\u00ebher\u00eb pas ndarjes s\u00eb ish-gruas s\u00eb Kim Kardashian me Pete Davidson.<\/p>\n\n\n\n<p>\u201cN\u00ebse nuk mund t\u00eb jesh nj\u00eb burr\u00eb i rritur dhe t\u00eb p\u00ebrballesh me faktin q\u00eb ke humbur gruan, ky nuk \u00ebsht\u00eb problemi im. Ju duhet t\u2019i p\u00ebrmbaheni mendjes, si\u00e7 ka b\u00ebr\u00eb \u00e7do njeri n\u00eb k\u00ebt\u00eb jet\u00eb, \u201ctha Cudi p\u00ebr ish-mikun e tij.<\/p>\n","protected":false},"excerpt":{"rendered":"<p>M\u00eb her\u00ebt \u00ebsht\u00eb raportuar se reperi ka pasur nj\u00eb mosmarr\u00ebveshje me nj\u00eb fans q\u00eb u kthye n\u00eb sulm fizik jasht\u00eb hotelit Soho Warehouse, n\u00eb Los Angeles, n\u00eb janar t\u00eb k\u00ebtij viti. Autoritetet fillimisht e hetuan rastin si nj\u00ebkund\u00ebrsulm, ku mund ta \u00e7onte reperin n\u00eb nj\u00eb d\u00ebnim maksimal prej gjasht\u00eb muajsh burg. Megjithat\u00eb, t\u00eb mart\u00ebn (23 [&hellip;]<\/p>\n","protected":false},"author":2,"featured_media":9978,"comment_status":"open","ping_status":"open","sticky":false,"template":"","format":"standard","meta":{"footnotes":""},"categories":[33],"tags":[],"class_list":{"0":"post-13115","1":"post","2":"type-post","3":"status-publish","4":"format-standard","5":"has-post-thumbnail","7":"category-showbiz"},"yoast_head":"<!-- This site is optimized with the Yoast SEO plugin v27.4 - https:\/\/yoast.com\/product\/yoast-seo-wordpress\/ -->\n<title>Pas sulmit agresiv ndaj fansit t\u00eb tij, merret vendimi q\u00eb nuk pritej p\u00ebr Kanye West - blogin.al<\/title>\n<meta name=\"robots\" content=\"index, follow, max-snippet:-1, max-image-preview:large, max-video-preview:-1\" \/>\n<link rel=\"canonical\" href=\"https:\/\/blogin.al\/?p=13115\" \/>\n<meta property=\"og:locale\" content=\"en_US\" \/>\n<meta property=\"og:type\" content=\"article\" \/>\n<meta property=\"og:title\" content=\"Pas sulmit agresiv ndaj fansit t\u00eb tij, merret vendimi q\u00eb nuk pritej p\u00ebr Kanye West - blogin.al\" \/>\n<meta property=\"og:description\" content=\"M\u00eb her\u00ebt \u00ebsht\u00eb raportuar se reperi ka pasur nj\u00eb mosmarr\u00ebveshje me nj\u00eb fans q\u00eb u kthye n\u00eb sulm fizik jasht\u00eb hotelit Soho Warehouse, n\u00eb Los Angeles, n\u00eb janar t\u00eb k\u00ebtij viti. Autoritetet fillimisht e hetuan rastin si nj\u00ebkund\u00ebrsulm, ku mund ta \u00e7onte reperin n\u00eb nj\u00eb d\u00ebnim maksimal prej gjasht\u00eb muajsh burg. Megjithat\u00eb, t\u00eb mart\u00ebn (23 [&hellip;]\" \/>\n<meta property=\"og:url\" content=\"https:\/\/blogin.al\/?p=13115\" \/>\n<meta property=\"og:site_name\" content=\"blogin.al\" \/>\n<meta property=\"article:published_time\" content=\"2022-08-24T14:03:00+00:00\" \/>\n<meta property=\"article:modified_time\" content=\"2022-08-24T14:03:03+00:00\" \/>\n<meta property=\"og:image\" content=\"https:\/\/blogin.al\/wp-content\/uploads\/2022\/07\/kaney.jpg\" \/>\n\t<meta property=\"og:image:width\" content=\"1200\" \/>\n\t<meta property=\"og:image:height\" content=\"1200\" \/>\n\t<meta property=\"og:image:type\" content=\"image\/jpeg\" \/>\n<meta name=\"author\" content=\"Blogin al\" \/>\n<meta name=\"twitter:card\" content=\"summary_large_image\" \/>\n<meta name=\"twitter:label1\" content=\"Written by\" \/>\n\t<meta name=\"twitter:data1\" content=\"Blogin al\" \/>\n\t<meta name=\"twitter:label2\" content=\"Est. reading time\" \/>\n\t<meta name=\"twitter:data2\" content=\"1 minute\" \/>\n<script type=\"application\/ld+json\" class=\"yoast-schema-graph\">{\"@context\":\"https:\\\/\\\/schema.org\",\"@graph\":[{\"@type\":\"Article\",\"@id\":\"https:\\\/\\\/blogin.al\\\/?p=13115#article\",\"isPartOf\":{\"@id\":\"https:\\\/\\\/blogin.al\\\/?p=13115\"},\"author\":{\"name\":\"Blogin al\",\"@id\":\"https:\\\/\\\/blogin.al\\\/#\\\/schema\\\/person\\\/abdd56bc912cd511db877b852b115399\"},\"headline\":\"Pas sulmit agresiv ndaj fansit t\u00eb tij, merret vendimi q\u00eb nuk pritej p\u00ebr Kanye West\",\"datePublished\":\"2022-08-24T14:03:00+00:00\",\"dateModified\":\"2022-08-24T14:03:03+00:00\",\"mainEntityOfPage\":{\"@id\":\"https:\\\/\\\/blogin.al\\\/?p=13115\"},\"wordCount\":252,\"commentCount\":0,\"publisher\":{\"@id\":\"https:\\\/\\\/blogin.al\\\/#organization\"},\"image\":{\"@id\":\"https:\\\/\\\/blogin.al\\\/?p=13115#primaryimage\"},\"thumbnailUrl\":\"https:\\\/\\\/blogin.al\\\/wp-content\\\/uploads\\\/2022\\\/07\\\/kaney.jpg\",\"articleSection\":[\"SHOWBIZ\"],\"inLanguage\":\"en-US\",\"potentialAction\":[{\"@type\":\"CommentAction\",\"name\":\"Comment\",\"target\":[\"https:\\\/\\\/blogin.al\\\/?p=13115#respond\"]}]},{\"@type\":\"WebPage\",\"@id\":\"https:\\\/\\\/blogin.al\\\/?p=13115\",\"url\":\"https:\\\/\\\/blogin.al\\\/?p=13115\",\"name\":\"Pas sulmit agresiv ndaj fansit t\u00eb tij, merret vendimi q\u00eb nuk pritej p\u00ebr Kanye West - blogin.al\",\"isPartOf\":{\"@id\":\"https:\\\/\\\/blogin.al\\\/#website\"},\"primaryImageOfPage\":{\"@id\":\"https:\\\/\\\/blogin.al\\\/?p=13115#primaryimage\"},\"image\":{\"@id\":\"https:\\\/\\\/blogin.al\\\/?p=13115#primaryimage\"},\"thumbnailUrl\":\"https:\\\/\\\/blogin.al\\\/wp-content\\\/uploads\\\/2022\\\/07\\\/kaney.jpg\",\"datePublished\":\"2022-08-24T14:03:00+00:00\",\"dateModified\":\"2022-08-24T14:03:03+00:00\",\"breadcrumb\":{\"@id\":\"https:\\\/\\\/blogin.al\\\/?p=13115#breadcrumb\"},\"inLanguage\":\"en-US\",\"potentialAction\":[{\"@type\":\"ReadAction\",\"target\":[\"https:\\\/\\\/blogin.al\\\/?p=13115\"]}]},{\"@type\":\"ImageObject\",\"inLanguage\":\"en-US\",\"@id\":\"https:\\\/\\\/blogin.al\\\/?p=13115#primaryimage\",\"url\":\"https:\\\/\\\/blogin.al\\\/wp-content\\\/uploads\\\/2022\\\/07\\\/kaney.jpg\",\"contentUrl\":\"https:\\\/\\\/blogin.al\\\/wp-content\\\/uploads\\\/2022\\\/07\\\/kaney.jpg\",\"width\":1200,\"height\":1200},{\"@type\":\"BreadcrumbList\",\"@id\":\"https:\\\/\\\/blogin.al\\\/?p=13115#breadcrumb\",\"itemListElement\":[{\"@type\":\"ListItem\",\"position\":1,\"name\":\"Home\",\"item\":\"https:\\\/\\\/blogin.al\\\/\"},{\"@type\":\"ListItem\",\"position\":2,\"name\":\"Pas sulmit agresiv ndaj fansit t\u00eb tij, merret vendimi q\u00eb nuk pritej p\u00ebr Kanye West\"}]},{\"@type\":\"WebSite\",\"@id\":\"https:\\\/\\\/blogin.al\\\/#website\",\"url\":\"https:\\\/\\\/blogin.al\\\/\",\"name\":\"blogin.al\",\"description\":\"\",\"publisher\":{\"@id\":\"https:\\\/\\\/blogin.al\\\/#organization\"},\"potentialAction\":[{\"@type\":\"SearchAction\",\"target\":{\"@type\":\"EntryPoint\",\"urlTemplate\":\"https:\\\/\\\/blogin.al\\\/?s={search_term_string}\"},\"query-input\":{\"@type\":\"PropertyValueSpecification\",\"valueRequired\":true,\"valueName\":\"search_term_string\"}}],\"inLanguage\":\"en-US\"},{\"@type\":\"Organization\",\"@id\":\"https:\\\/\\\/blogin.al\\\/#organization\",\"name\":\"BLOGIN.al\",\"url\":\"https:\\\/\\\/blogin.al\\\/\",\"logo\":{\"@type\":\"ImageObject\",\"inLanguage\":\"en-US\",\"@id\":\"https:\\\/\\\/blogin.al\\\/#\\\/schema\\\/logo\\\/image\\\/\",\"url\":\"https:\\\/\\\/blogin.al\\\/wp-content\\\/uploads\\\/2022\\\/05\\\/Untitled-2-01-e1652084456514.png\",\"contentUrl\":\"https:\\\/\\\/blogin.al\\\/wp-content\\\/uploads\\\/2022\\\/05\\\/Untitled-2-01-e1652084456514.png\",\"width\":3723,\"height\":1698,\"caption\":\"BLOGIN.al\"},\"image\":{\"@id\":\"https:\\\/\\\/blogin.al\\\/#\\\/schema\\\/logo\\\/image\\\/\"},\"sameAs\":[\"https:\\\/\\\/instagram.com\\\/blogin.al\\\/\"]},{\"@type\":\"Person\",\"@id\":\"https:\\\/\\\/blogin.al\\\/#\\\/schema\\\/person\\\/abdd56bc912cd511db877b852b115399\",\"name\":\"Blogin al\",\"image\":{\"@type\":\"ImageObject\",\"inLanguage\":\"en-US\",\"@id\":\"https:\\\/\\\/secure.gravatar.com\\\/avatar\\\/60d5661aee6e835fb13dc75d2204cd0c1d61bef2efd137c0083e59ef831e235e?s=96&d=mm&r=g\",\"url\":\"https:\\\/\\\/secure.gravatar.com\\\/avatar\\\/60d5661aee6e835fb13dc75d2204cd0c1d61bef2efd137c0083e59ef831e235e?s=96&d=mm&r=g\",\"contentUrl\":\"https:\\\/\\\/secure.gravatar.com\\\/avatar\\\/60d5661aee6e835fb13dc75d2204cd0c1d61bef2efd137c0083e59ef831e235e?s=96&d=mm&r=g\",\"caption\":\"Blogin al\"},\"sameAs\":[\"https:\\\/\\\/blogin.al\"],\"url\":\"https:\\\/\\\/blogin.al\\\/?author=2\"}]}<\/script>\n<!-- \/ Yoast SEO plugin. -->","yoast_head_json":{"title":"Pas sulmit agresiv ndaj fansit t\u00eb tij, merret vendimi q\u00eb nuk pritej p\u00ebr Kanye West - blogin.al","robots":{"index":"index","follow":"follow","max-snippet":"max-snippet:-1","max-image-preview":"max-image-preview:large","max-video-preview":"max-video-preview:-1"},"canonical":"https:\/\/blogin.al\/?p=13115","og_locale":"en_US","og_type":"article","og_title":"Pas sulmit agresiv ndaj fansit t\u00eb tij, merret vendimi q\u00eb nuk pritej p\u00ebr Kanye West - blogin.al","og_description":"M\u00eb her\u00ebt \u00ebsht\u00eb raportuar se reperi ka pasur nj\u00eb mosmarr\u00ebveshje me nj\u00eb fans q\u00eb u kthye n\u00eb sulm fizik jasht\u00eb hotelit Soho Warehouse, n\u00eb Los Angeles, n\u00eb janar t\u00eb k\u00ebtij viti. Autoritetet fillimisht e hetuan rastin si nj\u00ebkund\u00ebrsulm, ku mund ta \u00e7onte reperin n\u00eb nj\u00eb d\u00ebnim maksimal prej gjasht\u00eb muajsh burg. Megjithat\u00eb, t\u00eb mart\u00ebn (23 [&hellip;]","og_url":"https:\/\/blogin.al\/?p=13115","og_site_name":"blogin.al","article_published_time":"2022-08-24T14:03:00+00:00","article_modified_time":"2022-08-24T14:03:03+00:00","og_image":[{"width":1200,"height":1200,"url":"https:\/\/blogin.al\/wp-content\/uploads\/2022\/07\/kaney.jpg","type":"image\/jpeg"}],"author":"Blogin al","twitter_card":"summary_large_image","twitter_misc":{"Written by":"Blogin al","Est. reading time":"1 minute"},"schema":{"@context":"https:\/\/schema.org","@graph":[{"@type":"Article","@id":"https:\/\/blogin.al\/?p=13115#article","isPartOf":{"@id":"https:\/\/blogin.al\/?p=13115"},"author":{"name":"Blogin al","@id":"https:\/\/blogin.al\/#\/schema\/person\/abdd56bc912cd511db877b852b115399"},"headline":"Pas sulmit agresiv ndaj fansit t\u00eb tij, merret vendimi q\u00eb nuk pritej p\u00ebr Kanye West","datePublished":"2022-08-24T14:03:00+00:00","dateModified":"2022-08-24T14:03:03+00:00","mainEntityOfPage":{"@id":"https:\/\/blogin.al\/?p=13115"},"wordCount":252,"commentCount":0,"publisher":{"@id":"https:\/\/blogin.al\/#organization"},"image":{"@id":"https:\/\/blogin.al\/?p=13115#primaryimage"},"thumbnailUrl":"https:\/\/blogin.al\/wp-content\/uploads\/2022\/07\/kaney.jpg","articleSection":["SHOWBIZ"],"inLanguage":"en-US","potentialAction":[{"@type":"CommentAction","name":"Comment","target":["https:\/\/blogin.al\/?p=13115#respond"]}]},{"@type":"WebPage","@id":"https:\/\/blogin.al\/?p=13115","url":"https:\/\/blogin.al\/?p=13115","name":"Pas sulmit agresiv ndaj fansit t\u00eb tij, merret vendimi q\u00eb nuk pritej p\u00ebr Kanye West - blogin.al","isPartOf":{"@id":"https:\/\/blogin.al\/#website"},"primaryImageOfPage":{"@id":"https:\/\/blogin.al\/?p=13115#primaryimage"},"image":{"@id":"https:\/\/blogin.al\/?p=13115#primaryimage"},"thumbnailUrl":"https:\/\/blogin.al\/wp-content\/uploads\/2022\/07\/kaney.jpg","datePublished":"2022-08-24T14:03:00+00:00","dateModified":"2022-08-24T14:03:03+00:00","breadcrumb":{"@id":"https:\/\/blogin.al\/?p=13115#breadcrumb"},"inLanguage":"en-US","potentialAction":[{"@type":"ReadAction","target":["https:\/\/blogin.al\/?p=13115"]}]},{"@type":"ImageObject","inLanguage":"en-US","@id":"https:\/\/blogin.al\/?p=13115#primaryimage","url":"https:\/\/blogin.al\/wp-content\/uploads\/2022\/07\/kaney.jpg","contentUrl":"https:\/\/blogin.al\/wp-content\/uploads\/2022\/07\/kaney.jpg","width":1200,"height":1200},{"@type":"BreadcrumbList","@id":"https:\/\/blogin.al\/?p=13115#breadcrumb","itemListElement":[{"@type":"ListItem","position":1,"name":"Home","item":"https:\/\/blogin.al\/"},{"@type":"ListItem","position":2,"name":"Pas sulmit agresiv ndaj fansit t\u00eb tij, merret vendimi q\u00eb nuk pritej p\u00ebr Kanye West"}]},{"@type":"WebSite","@id":"https:\/\/blogin.al\/#website","url":"https:\/\/blogin.al\/","name":"blogin.al","description":"","publisher":{"@id":"https:\/\/blogin.al\/#organization"},"potentialAction":[{"@type":"SearchAction","target":{"@type":"EntryPoint","urlTemplate":"https:\/\/blogin.al\/?s={search_term_string}"},"query-input":{"@type":"PropertyValueSpecification","valueRequired":true,"valueName":"search_term_string"}}],"inLanguage":"en-US"},{"@type":"Organization","@id":"https:\/\/blogin.al\/#organization","name":"BLOGIN.al","url":"https:\/\/blogin.al\/","logo":{"@type":"ImageObject","inLanguage":"en-US","@id":"https:\/\/blogin.al\/#\/schema\/logo\/image\/","url":"https:\/\/blogin.al\/wp-content\/uploads\/2022\/05\/Untitled-2-01-e1652084456514.png","contentUrl":"https:\/\/blogin.al\/wp-content\/uploads\/2022\/05\/Untitled-2-01-e1652084456514.png","width":3723,"height":1698,"caption":"BLOGIN.al"},"image":{"@id":"https:\/\/blogin.al\/#\/schema\/logo\/image\/"},"sameAs":["https:\/\/instagram.com\/blogin.al\/"]},{"@type":"Person","@id":"https:\/\/blogin.al\/#\/schema\/person\/abdd56bc912cd511db877b852b115399","name":"Blogin al","image":{"@type":"ImageObject","inLanguage":"en-US","@id":"https:\/\/secure.gravatar.com\/avatar\/60d5661aee6e835fb13dc75d2204cd0c1d61bef2efd137c0083e59ef831e235e?s=96&d=mm&r=g","url":"https:\/\/secure.gravatar.com\/avatar\/60d5661aee6e835fb13dc75d2204cd0c1d61bef2efd137c0083e59ef831e235e?s=96&d=mm&r=g","contentUrl":"https:\/\/secure.gravatar.com\/avatar\/60d5661aee6e835fb13dc75d2204cd0c1d61bef2efd137c0083e59ef831e235e?s=96&d=mm&r=g","caption":"Blogin al"},"sameAs":["https:\/\/blogin.al"],"url":"https:\/\/blogin.al\/?author=2"}]}},"_links":{"self":[{"href":"https:\/\/blogin.al\/index.php?rest_route=\/wp\/v2\/posts\/13115","targetHints":{"allow":["GET"]}}],"collection":[{"href":"https:\/\/blogin.al\/index.php?rest_route=\/wp\/v2\/posts"}],"about":[{"href":"https:\/\/blogin.al\/index.php?rest_route=\/wp\/v2\/types\/post"}],"author":[{"embeddable":true,"href":"https:\/\/blogin.al\/index.php?rest_route=\/wp\/v2\/users\/2"}],"replies":[{"embeddable":true,"href":"https:\/\/blogin.al\/index.php?rest_route=%2Fwp%2Fv2%2Fcomments&post=13115"}],"version-history":[{"count":1,"href":"https:\/\/blogin.al\/index.php?rest_route=\/wp\/v2\/posts\/13115\/revisions"}],"predecessor-version":[{"id":13116,"href":"https:\/\/blogin.al\/index.php?rest_route=\/wp\/v2\/posts\/13115\/revisions\/13116"}],"wp:featuredmedia":[{"embeddable":true,"href":"https:\/\/blogin.al\/index.php?rest_route=\/wp\/v2\/media\/9978"}],"wp:attachment":[{"href":"https:\/\/blogin.al\/index.php?rest_route=%2Fwp%2Fv2%2Fmedia&parent=13115"}],"wp:term":[{"taxonomy":"category","embeddable":true,"href":"https:\/\/blogin.al\/index.php?rest_route=%2Fwp%2Fv2%2Fcategories&post=13115"},{"taxonomy":"post_tag","embeddable":true,"href":"https:\/\/blogin.al\/index.php?rest_route=%2Fwp%2Fv2%2Ftags&post=13115"}],"curies":[{"name":"wp","href":"https:\/\/api.w.org\/{rel}","templated":true}]}}