{"id":13179,"date":"2022-08-25T10:40:29","date_gmt":"2022-08-25T10:40:29","guid":{"rendered":"https:\/\/blogin.al\/?p=13179"},"modified":"2022-08-25T10:40:31","modified_gmt":"2022-08-25T10:40:31","slug":"monika-shpreh-hapur-deshiren-per-te-kaluar-naten-me-kete-personazh-publik","status":"publish","type":"post","link":"https:\/\/blogin.al\/?p=13179","title":{"rendered":"Monika shpreh hapur d\u00ebshir\u00ebn p\u00ebr t\u00eb kaluar nat\u00ebn me k\u00ebt\u00eb personazh publik"},"content":{"rendered":"\n<p>Monika Lubonja \u00ebsht\u00eb nj\u00eb nga artistet m\u00eb pa komplekse q\u00eb kemi par\u00eb n\u00eb estrad\u00ebn ton\u00eb.<\/p>\n\n\n\n<p>Ajo q\u00eb nga Big Brother ka ruajtur nj\u00eb super miq\u00ebsi me Fifin.<\/p>\n\n\n\n<p>Gocat shpesh ndajn\u00eb cop\u00ebza nga shoq\u00ebria e tyre.<\/p>\n\n\n\n<p>S\u00eb fundmi Monika i ka shkruar Fifit:<\/p>\n\n\n\n<p>Kur do flem\u00eb bashk\u00eb?<\/p>\n\n\n\n<p>Ty po t\u00eb pres ngel\u00ebm pa fjetur. Ky \u00ebsht\u00eb mesazhi m\u00eb i bukur q\u00eb m\u00eb vjen \u00e7do muaj Monika dhe akoma nuk ndodhi, i p\u00ebrgjigjet k\u00ebng\u00ebtarja.<\/p>\n\n\n\n<figure class=\"wp-block-image size-full is-style-default\"><img fetchpriority=\"high\" decoding=\"async\" width=\"483\" height=\"830\" src=\"https:\/\/blogin.al\/wp-content\/uploads\/2022\/08\/monika-4.jpg\" alt=\"\" class=\"wp-image-13180\" srcset=\"https:\/\/blogin.al\/wp-content\/uploads\/2022\/08\/monika-4.jpg 483w, https:\/\/blogin.al\/wp-content\/uploads\/2022\/08\/monika-4-175x300.jpg 175w, https:\/\/blogin.al\/wp-content\/uploads\/2022\/08\/monika-4-150x258.jpg 150w, https:\/\/blogin.al\/wp-content\/uploads\/2022\/08\/monika-4-300x516.jpg 300w\" sizes=\"(max-width: 483px) 100vw, 483px\" \/><\/figure>\n","protected":false},"excerpt":{"rendered":"<p>Monika Lubonja \u00ebsht\u00eb nj\u00eb nga artistet m\u00eb pa komplekse q\u00eb kemi par\u00eb n\u00eb estrad\u00ebn ton\u00eb. Ajo q\u00eb nga Big Brother ka ruajtur nj\u00eb super miq\u00ebsi me Fifin. Gocat shpesh ndajn\u00eb cop\u00ebza nga shoq\u00ebria e tyre. S\u00eb fundmi Monika i ka shkruar Fifit: Kur do flem\u00eb bashk\u00eb? Ty po t\u00eb pres ngel\u00ebm pa fjetur. Ky \u00ebsht\u00eb [&hellip;]<\/p>\n","protected":false},"author":2,"featured_media":8639,"comment_status":"open","ping_status":"open","sticky":false,"template":"","format":"standard","meta":{"footnotes":""},"categories":[33],"tags":[],"class_list":{"0":"post-13179","1":"post","2":"type-post","3":"status-publish","4":"format-standard","5":"has-post-thumbnail","7":"category-showbiz"},"yoast_head":"<!-- This site is optimized with the Yoast SEO plugin v27.4 - https:\/\/yoast.com\/product\/yoast-seo-wordpress\/ -->\n<title>Monika shpreh hapur d\u00ebshir\u00ebn p\u00ebr t\u00eb kaluar nat\u00ebn me k\u00ebt\u00eb personazh publik - blogin.al<\/title>\n<meta name=\"robots\" content=\"index, follow, max-snippet:-1, max-image-preview:large, max-video-preview:-1\" \/>\n<link rel=\"canonical\" href=\"https:\/\/blogin.al\/?p=13179\" \/>\n<meta property=\"og:locale\" content=\"en_US\" \/>\n<meta property=\"og:type\" content=\"article\" \/>\n<meta property=\"og:title\" content=\"Monika shpreh hapur d\u00ebshir\u00ebn p\u00ebr t\u00eb kaluar nat\u00ebn me k\u00ebt\u00eb personazh publik - blogin.al\" \/>\n<meta property=\"og:description\" content=\"Monika Lubonja \u00ebsht\u00eb nj\u00eb nga artistet m\u00eb pa komplekse q\u00eb kemi par\u00eb n\u00eb estrad\u00ebn ton\u00eb. Ajo q\u00eb nga Big Brother ka ruajtur nj\u00eb super miq\u00ebsi me Fifin. Gocat shpesh ndajn\u00eb cop\u00ebza nga shoq\u00ebria e tyre. S\u00eb fundmi Monika i ka shkruar Fifit: Kur do flem\u00eb bashk\u00eb? Ty po t\u00eb pres ngel\u00ebm pa fjetur. Ky \u00ebsht\u00eb [&hellip;]\" \/>\n<meta property=\"og:url\" content=\"https:\/\/blogin.al\/?p=13179\" \/>\n<meta property=\"og:site_name\" content=\"blogin.al\" \/>\n<meta property=\"article:published_time\" content=\"2022-08-25T10:40:29+00:00\" \/>\n<meta property=\"article:modified_time\" content=\"2022-08-25T10:40:31+00:00\" \/>\n<meta property=\"og:image\" content=\"https:\/\/blogin.al\/wp-content\/uploads\/2022\/06\/monika-lubonja.jpg\" \/>\n\t<meta property=\"og:image:width\" content=\"1439\" \/>\n\t<meta property=\"og:image:height\" content=\"867\" \/>\n\t<meta property=\"og:image:type\" content=\"image\/jpeg\" \/>\n<meta name=\"author\" content=\"Blogin al\" \/>\n<meta name=\"twitter:card\" content=\"summary_large_image\" \/>\n<meta name=\"twitter:label1\" content=\"Written by\" \/>\n\t<meta name=\"twitter:data1\" content=\"Blogin al\" \/>\n\t<meta name=\"twitter:label2\" content=\"Est. reading time\" \/>\n\t<meta name=\"twitter:data2\" content=\"1 minute\" \/>\n<script type=\"application\/ld+json\" class=\"yoast-schema-graph\">{\"@context\":\"https:\\\/\\\/schema.org\",\"@graph\":[{\"@type\":\"Article\",\"@id\":\"https:\\\/\\\/blogin.al\\\/?p=13179#article\",\"isPartOf\":{\"@id\":\"https:\\\/\\\/blogin.al\\\/?p=13179\"},\"author\":{\"name\":\"Blogin al\",\"@id\":\"https:\\\/\\\/blogin.al\\\/#\\\/schema\\\/person\\\/abdd56bc912cd511db877b852b115399\"},\"headline\":\"Monika shpreh hapur d\u00ebshir\u00ebn p\u00ebr t\u00eb kaluar nat\u00ebn me k\u00ebt\u00eb personazh publik\",\"datePublished\":\"2022-08-25T10:40:29+00:00\",\"dateModified\":\"2022-08-25T10:40:31+00:00\",\"mainEntityOfPage\":{\"@id\":\"https:\\\/\\\/blogin.al\\\/?p=13179\"},\"wordCount\":97,\"commentCount\":0,\"publisher\":{\"@id\":\"https:\\\/\\\/blogin.al\\\/#organization\"},\"image\":{\"@id\":\"https:\\\/\\\/blogin.al\\\/?p=13179#primaryimage\"},\"thumbnailUrl\":\"https:\\\/\\\/blogin.al\\\/wp-content\\\/uploads\\\/2022\\\/06\\\/monika-lubonja.jpg\",\"articleSection\":[\"SHOWBIZ\"],\"inLanguage\":\"en-US\",\"potentialAction\":[{\"@type\":\"CommentAction\",\"name\":\"Comment\",\"target\":[\"https:\\\/\\\/blogin.al\\\/?p=13179#respond\"]}]},{\"@type\":\"WebPage\",\"@id\":\"https:\\\/\\\/blogin.al\\\/?p=13179\",\"url\":\"https:\\\/\\\/blogin.al\\\/?p=13179\",\"name\":\"Monika shpreh hapur d\u00ebshir\u00ebn p\u00ebr t\u00eb kaluar nat\u00ebn me k\u00ebt\u00eb personazh publik - blogin.al\",\"isPartOf\":{\"@id\":\"https:\\\/\\\/blogin.al\\\/#website\"},\"primaryImageOfPage\":{\"@id\":\"https:\\\/\\\/blogin.al\\\/?p=13179#primaryimage\"},\"image\":{\"@id\":\"https:\\\/\\\/blogin.al\\\/?p=13179#primaryimage\"},\"thumbnailUrl\":\"https:\\\/\\\/blogin.al\\\/wp-content\\\/uploads\\\/2022\\\/06\\\/monika-lubonja.jpg\",\"datePublished\":\"2022-08-25T10:40:29+00:00\",\"dateModified\":\"2022-08-25T10:40:31+00:00\",\"breadcrumb\":{\"@id\":\"https:\\\/\\\/blogin.al\\\/?p=13179#breadcrumb\"},\"inLanguage\":\"en-US\",\"potentialAction\":[{\"@type\":\"ReadAction\",\"target\":[\"https:\\\/\\\/blogin.al\\\/?p=13179\"]}]},{\"@type\":\"ImageObject\",\"inLanguage\":\"en-US\",\"@id\":\"https:\\\/\\\/blogin.al\\\/?p=13179#primaryimage\",\"url\":\"https:\\\/\\\/blogin.al\\\/wp-content\\\/uploads\\\/2022\\\/06\\\/monika-lubonja.jpg\",\"contentUrl\":\"https:\\\/\\\/blogin.al\\\/wp-content\\\/uploads\\\/2022\\\/06\\\/monika-lubonja.jpg\",\"width\":1439,\"height\":867},{\"@type\":\"BreadcrumbList\",\"@id\":\"https:\\\/\\\/blogin.al\\\/?p=13179#breadcrumb\",\"itemListElement\":[{\"@type\":\"ListItem\",\"position\":1,\"name\":\"Home\",\"item\":\"https:\\\/\\\/blogin.al\\\/\"},{\"@type\":\"ListItem\",\"position\":2,\"name\":\"Monika shpreh hapur d\u00ebshir\u00ebn p\u00ebr t\u00eb kaluar nat\u00ebn me k\u00ebt\u00eb personazh publik\"}]},{\"@type\":\"WebSite\",\"@id\":\"https:\\\/\\\/blogin.al\\\/#website\",\"url\":\"https:\\\/\\\/blogin.al\\\/\",\"name\":\"blogin.al\",\"description\":\"\",\"publisher\":{\"@id\":\"https:\\\/\\\/blogin.al\\\/#organization\"},\"potentialAction\":[{\"@type\":\"SearchAction\",\"target\":{\"@type\":\"EntryPoint\",\"urlTemplate\":\"https:\\\/\\\/blogin.al\\\/?s={search_term_string}\"},\"query-input\":{\"@type\":\"PropertyValueSpecification\",\"valueRequired\":true,\"valueName\":\"search_term_string\"}}],\"inLanguage\":\"en-US\"},{\"@type\":\"Organization\",\"@id\":\"https:\\\/\\\/blogin.al\\\/#organization\",\"name\":\"BLOGIN.al\",\"url\":\"https:\\\/\\\/blogin.al\\\/\",\"logo\":{\"@type\":\"ImageObject\",\"inLanguage\":\"en-US\",\"@id\":\"https:\\\/\\\/blogin.al\\\/#\\\/schema\\\/logo\\\/image\\\/\",\"url\":\"https:\\\/\\\/blogin.al\\\/wp-content\\\/uploads\\\/2022\\\/05\\\/Untitled-2-01-e1652084456514.png\",\"contentUrl\":\"https:\\\/\\\/blogin.al\\\/wp-content\\\/uploads\\\/2022\\\/05\\\/Untitled-2-01-e1652084456514.png\",\"width\":3723,\"height\":1698,\"caption\":\"BLOGIN.al\"},\"image\":{\"@id\":\"https:\\\/\\\/blogin.al\\\/#\\\/schema\\\/logo\\\/image\\\/\"},\"sameAs\":[\"https:\\\/\\\/instagram.com\\\/blogin.al\\\/\"]},{\"@type\":\"Person\",\"@id\":\"https:\\\/\\\/blogin.al\\\/#\\\/schema\\\/person\\\/abdd56bc912cd511db877b852b115399\",\"name\":\"Blogin al\",\"image\":{\"@type\":\"ImageObject\",\"inLanguage\":\"en-US\",\"@id\":\"https:\\\/\\\/secure.gravatar.com\\\/avatar\\\/60d5661aee6e835fb13dc75d2204cd0c1d61bef2efd137c0083e59ef831e235e?s=96&d=mm&r=g\",\"url\":\"https:\\\/\\\/secure.gravatar.com\\\/avatar\\\/60d5661aee6e835fb13dc75d2204cd0c1d61bef2efd137c0083e59ef831e235e?s=96&d=mm&r=g\",\"contentUrl\":\"https:\\\/\\\/secure.gravatar.com\\\/avatar\\\/60d5661aee6e835fb13dc75d2204cd0c1d61bef2efd137c0083e59ef831e235e?s=96&d=mm&r=g\",\"caption\":\"Blogin al\"},\"sameAs\":[\"https:\\\/\\\/blogin.al\"],\"url\":\"https:\\\/\\\/blogin.al\\\/?author=2\"}]}<\/script>\n<!-- \/ Yoast SEO plugin. -->","yoast_head_json":{"title":"Monika shpreh hapur d\u00ebshir\u00ebn p\u00ebr t\u00eb kaluar nat\u00ebn me k\u00ebt\u00eb personazh publik - blogin.al","robots":{"index":"index","follow":"follow","max-snippet":"max-snippet:-1","max-image-preview":"max-image-preview:large","max-video-preview":"max-video-preview:-1"},"canonical":"https:\/\/blogin.al\/?p=13179","og_locale":"en_US","og_type":"article","og_title":"Monika shpreh hapur d\u00ebshir\u00ebn p\u00ebr t\u00eb kaluar nat\u00ebn me k\u00ebt\u00eb personazh publik - blogin.al","og_description":"Monika Lubonja \u00ebsht\u00eb nj\u00eb nga artistet m\u00eb pa komplekse q\u00eb kemi par\u00eb n\u00eb estrad\u00ebn ton\u00eb. Ajo q\u00eb nga Big Brother ka ruajtur nj\u00eb super miq\u00ebsi me Fifin. Gocat shpesh ndajn\u00eb cop\u00ebza nga shoq\u00ebria e tyre. S\u00eb fundmi Monika i ka shkruar Fifit: Kur do flem\u00eb bashk\u00eb? Ty po t\u00eb pres ngel\u00ebm pa fjetur. Ky \u00ebsht\u00eb [&hellip;]","og_url":"https:\/\/blogin.al\/?p=13179","og_site_name":"blogin.al","article_published_time":"2022-08-25T10:40:29+00:00","article_modified_time":"2022-08-25T10:40:31+00:00","og_image":[{"width":1439,"height":867,"url":"https:\/\/blogin.al\/wp-content\/uploads\/2022\/06\/monika-lubonja.jpg","type":"image\/jpeg"}],"author":"Blogin al","twitter_card":"summary_large_image","twitter_misc":{"Written by":"Blogin al","Est. reading time":"1 minute"},"schema":{"@context":"https:\/\/schema.org","@graph":[{"@type":"Article","@id":"https:\/\/blogin.al\/?p=13179#article","isPartOf":{"@id":"https:\/\/blogin.al\/?p=13179"},"author":{"name":"Blogin al","@id":"https:\/\/blogin.al\/#\/schema\/person\/abdd56bc912cd511db877b852b115399"},"headline":"Monika shpreh hapur d\u00ebshir\u00ebn p\u00ebr t\u00eb kaluar nat\u00ebn me k\u00ebt\u00eb personazh publik","datePublished":"2022-08-25T10:40:29+00:00","dateModified":"2022-08-25T10:40:31+00:00","mainEntityOfPage":{"@id":"https:\/\/blogin.al\/?p=13179"},"wordCount":97,"commentCount":0,"publisher":{"@id":"https:\/\/blogin.al\/#organization"},"image":{"@id":"https:\/\/blogin.al\/?p=13179#primaryimage"},"thumbnailUrl":"https:\/\/blogin.al\/wp-content\/uploads\/2022\/06\/monika-lubonja.jpg","articleSection":["SHOWBIZ"],"inLanguage":"en-US","potentialAction":[{"@type":"CommentAction","name":"Comment","target":["https:\/\/blogin.al\/?p=13179#respond"]}]},{"@type":"WebPage","@id":"https:\/\/blogin.al\/?p=13179","url":"https:\/\/blogin.al\/?p=13179","name":"Monika shpreh hapur d\u00ebshir\u00ebn p\u00ebr t\u00eb kaluar nat\u00ebn me k\u00ebt\u00eb personazh publik - blogin.al","isPartOf":{"@id":"https:\/\/blogin.al\/#website"},"primaryImageOfPage":{"@id":"https:\/\/blogin.al\/?p=13179#primaryimage"},"image":{"@id":"https:\/\/blogin.al\/?p=13179#primaryimage"},"thumbnailUrl":"https:\/\/blogin.al\/wp-content\/uploads\/2022\/06\/monika-lubonja.jpg","datePublished":"2022-08-25T10:40:29+00:00","dateModified":"2022-08-25T10:40:31+00:00","breadcrumb":{"@id":"https:\/\/blogin.al\/?p=13179#breadcrumb"},"inLanguage":"en-US","potentialAction":[{"@type":"ReadAction","target":["https:\/\/blogin.al\/?p=13179"]}]},{"@type":"ImageObject","inLanguage":"en-US","@id":"https:\/\/blogin.al\/?p=13179#primaryimage","url":"https:\/\/blogin.al\/wp-content\/uploads\/2022\/06\/monika-lubonja.jpg","contentUrl":"https:\/\/blogin.al\/wp-content\/uploads\/2022\/06\/monika-lubonja.jpg","width":1439,"height":867},{"@type":"BreadcrumbList","@id":"https:\/\/blogin.al\/?p=13179#breadcrumb","itemListElement":[{"@type":"ListItem","position":1,"name":"Home","item":"https:\/\/blogin.al\/"},{"@type":"ListItem","position":2,"name":"Monika shpreh hapur d\u00ebshir\u00ebn p\u00ebr t\u00eb kaluar nat\u00ebn me k\u00ebt\u00eb personazh publik"}]},{"@type":"WebSite","@id":"https:\/\/blogin.al\/#website","url":"https:\/\/blogin.al\/","name":"blogin.al","description":"","publisher":{"@id":"https:\/\/blogin.al\/#organization"},"potentialAction":[{"@type":"SearchAction","target":{"@type":"EntryPoint","urlTemplate":"https:\/\/blogin.al\/?s={search_term_string}"},"query-input":{"@type":"PropertyValueSpecification","valueRequired":true,"valueName":"search_term_string"}}],"inLanguage":"en-US"},{"@type":"Organization","@id":"https:\/\/blogin.al\/#organization","name":"BLOGIN.al","url":"https:\/\/blogin.al\/","logo":{"@type":"ImageObject","inLanguage":"en-US","@id":"https:\/\/blogin.al\/#\/schema\/logo\/image\/","url":"https:\/\/blogin.al\/wp-content\/uploads\/2022\/05\/Untitled-2-01-e1652084456514.png","contentUrl":"https:\/\/blogin.al\/wp-content\/uploads\/2022\/05\/Untitled-2-01-e1652084456514.png","width":3723,"height":1698,"caption":"BLOGIN.al"},"image":{"@id":"https:\/\/blogin.al\/#\/schema\/logo\/image\/"},"sameAs":["https:\/\/instagram.com\/blogin.al\/"]},{"@type":"Person","@id":"https:\/\/blogin.al\/#\/schema\/person\/abdd56bc912cd511db877b852b115399","name":"Blogin al","image":{"@type":"ImageObject","inLanguage":"en-US","@id":"https:\/\/secure.gravatar.com\/avatar\/60d5661aee6e835fb13dc75d2204cd0c1d61bef2efd137c0083e59ef831e235e?s=96&d=mm&r=g","url":"https:\/\/secure.gravatar.com\/avatar\/60d5661aee6e835fb13dc75d2204cd0c1d61bef2efd137c0083e59ef831e235e?s=96&d=mm&r=g","contentUrl":"https:\/\/secure.gravatar.com\/avatar\/60d5661aee6e835fb13dc75d2204cd0c1d61bef2efd137c0083e59ef831e235e?s=96&d=mm&r=g","caption":"Blogin al"},"sameAs":["https:\/\/blogin.al"],"url":"https:\/\/blogin.al\/?author=2"}]}},"_links":{"self":[{"href":"https:\/\/blogin.al\/index.php?rest_route=\/wp\/v2\/posts\/13179","targetHints":{"allow":["GET"]}}],"collection":[{"href":"https:\/\/blogin.al\/index.php?rest_route=\/wp\/v2\/posts"}],"about":[{"href":"https:\/\/blogin.al\/index.php?rest_route=\/wp\/v2\/types\/post"}],"author":[{"embeddable":true,"href":"https:\/\/blogin.al\/index.php?rest_route=\/wp\/v2\/users\/2"}],"replies":[{"embeddable":true,"href":"https:\/\/blogin.al\/index.php?rest_route=%2Fwp%2Fv2%2Fcomments&post=13179"}],"version-history":[{"count":1,"href":"https:\/\/blogin.al\/index.php?rest_route=\/wp\/v2\/posts\/13179\/revisions"}],"predecessor-version":[{"id":13181,"href":"https:\/\/blogin.al\/index.php?rest_route=\/wp\/v2\/posts\/13179\/revisions\/13181"}],"wp:featuredmedia":[{"embeddable":true,"href":"https:\/\/blogin.al\/index.php?rest_route=\/wp\/v2\/media\/8639"}],"wp:attachment":[{"href":"https:\/\/blogin.al\/index.php?rest_route=%2Fwp%2Fv2%2Fmedia&parent=13179"}],"wp:term":[{"taxonomy":"category","embeddable":true,"href":"https:\/\/blogin.al\/index.php?rest_route=%2Fwp%2Fv2%2Fcategories&post=13179"},{"taxonomy":"post_tag","embeddable":true,"href":"https:\/\/blogin.al\/index.php?rest_route=%2Fwp%2Fv2%2Ftags&post=13179"}],"curies":[{"name":"wp","href":"https:\/\/api.w.org\/{rel}","templated":true}]}}