{"id":13237,"date":"2022-08-26T07:41:36","date_gmt":"2022-08-26T07:41:36","guid":{"rendered":"https:\/\/blogin.al\/?p=13237"},"modified":"2022-08-26T07:41:39","modified_gmt":"2022-08-26T07:41:39","slug":"te-gjithe-menduan-se-ishte-dedikim-per-mozzik-un-loredana-sqaron-videon-virale","status":"publish","type":"post","link":"https:\/\/blogin.al\/?p=13237","title":{"rendered":"T\u00eb gjith\u00eb menduan se ishte dedikim p\u00ebr Mozzik-un, Loredana sqaron videon virale"},"content":{"rendered":"\n<p>Edhe pse ka koh\u00eb q\u00eb jan\u00eb ndar\u00eb, Loredana dhe Mozzik komentohen ende p\u00ebr raportin e tyre. Dyshja, t\u00eb cil\u00ebt jan\u00eb prind\u00ebr t\u00eb nj\u00eb vajze, kan\u00eb pasur nj\u00eb marr\u00ebdh\u00ebnie t\u00eb trazuar me ndarje dhe ribashkime. P\u00ebr nj\u00eb ribashkim t\u00eb mundsh\u00ebm u hamend\u00ebsua s\u00eb fundmi, dhe shkak u b\u00eb nj\u00eb video e Loredan\u00ebs.<\/p>\n\n\n\n<p>Reperja ka publikuar nj\u00eb video n\u00eb TikTok dhe fansat mendojn\u00eb se ia ka dedikuar Mozzik-ut. N\u00eb videon e publikuar, o a treguar se si do t\u00eb reagonte n\u00ebse do t\u2019i shkruante ish-partneri. Oh, dreqin\u2026Ja ku ia nis\u00ebm p\u00ebrs\u00ebri\u201d, thuhej n\u00eb audio dhe menj\u00ebher\u00eb fansat vazhduan me komentet duke e lidhur me Mozzik-un.<\/p>\n\n\n\n<figure class=\"wp-block-embed is-type-video is-provider-tiktok wp-block-embed-tiktok\"><div class=\"wp-block-embed__wrapper\">\n<blockquote class=\"tiktok-embed\" cite=\"https:\/\/www.tiktok.com\/@loredanaofficial\/video\/7135386785621855493\" data-video-id=\"7135386785621855493\" data-embed-from=\"oembed\" style=\"max-width: 605px;min-width: 325px;\" > <section> <a target=\"_blank\" title=\"@loredanaofficial\" href=\"https:\/\/www.tiktok.com\/@loredanaofficial?refer=embed\">@loredanaofficial<\/a> <p><\/p> <a target=\"_blank\" title=\"\u266c original sound - For The Vibes Only\" href=\"https:\/\/www.tiktok.com\/music\/original-sound-7067947262994926342?refer=embed\">\u266c original sound &#8211; For The Vibes Only<\/a> <\/section> <\/blockquote> <script async src=\"https:\/\/www.tiktok.com\/embed.js\"><\/script>\n<\/div><\/figure>\n\n\n\n<p>Pas k\u00ebsaj ka ardhur reagimi i reperes e cila ka shkruar: \u201c\u00cbsht\u00eb thjesht nj\u00eb trend, njer\u00ebz!\u201d, shkroi ajo para se t\u00eb mbyllte komentet.<\/p>\n","protected":false},"excerpt":{"rendered":"<p>Edhe pse ka koh\u00eb q\u00eb jan\u00eb ndar\u00eb, Loredana dhe Mozzik komentohen ende p\u00ebr raportin e tyre. Dyshja, t\u00eb cil\u00ebt jan\u00eb prind\u00ebr t\u00eb nj\u00eb vajze, kan\u00eb pasur nj\u00eb marr\u00ebdh\u00ebnie t\u00eb trazuar me ndarje dhe ribashkime. P\u00ebr nj\u00eb ribashkim t\u00eb mundsh\u00ebm u hamend\u00ebsua s\u00eb fundmi, dhe shkak u b\u00eb nj\u00eb video e Loredan\u00ebs. Reperja ka publikuar nj\u00eb [&hellip;]<\/p>\n","protected":false},"author":2,"featured_media":13238,"comment_status":"open","ping_status":"open","sticky":false,"template":"","format":"standard","meta":{"footnotes":""},"categories":[33],"tags":[],"class_list":{"0":"post-13237","1":"post","2":"type-post","3":"status-publish","4":"format-standard","5":"has-post-thumbnail","7":"category-showbiz"},"yoast_head":"<!-- This site is optimized with the Yoast SEO plugin v27.4 - https:\/\/yoast.com\/product\/yoast-seo-wordpress\/ -->\n<title>T\u00eb gjith\u00eb menduan se ishte dedikim p\u00ebr Mozzik-un, Loredana sqaron videon virale - blogin.al<\/title>\n<meta name=\"robots\" content=\"index, follow, max-snippet:-1, max-image-preview:large, max-video-preview:-1\" \/>\n<link rel=\"canonical\" href=\"https:\/\/blogin.al\/?p=13237\" \/>\n<meta property=\"og:locale\" content=\"en_US\" \/>\n<meta property=\"og:type\" content=\"article\" \/>\n<meta property=\"og:title\" content=\"T\u00eb gjith\u00eb menduan se ishte dedikim p\u00ebr Mozzik-un, Loredana sqaron videon virale - blogin.al\" \/>\n<meta property=\"og:description\" content=\"Edhe pse ka koh\u00eb q\u00eb jan\u00eb ndar\u00eb, Loredana dhe Mozzik komentohen ende p\u00ebr raportin e tyre. Dyshja, t\u00eb cil\u00ebt jan\u00eb prind\u00ebr t\u00eb nj\u00eb vajze, kan\u00eb pasur nj\u00eb marr\u00ebdh\u00ebnie t\u00eb trazuar me ndarje dhe ribashkime. P\u00ebr nj\u00eb ribashkim t\u00eb mundsh\u00ebm u hamend\u00ebsua s\u00eb fundmi, dhe shkak u b\u00eb nj\u00eb video e Loredan\u00ebs. Reperja ka publikuar nj\u00eb [&hellip;]\" \/>\n<meta property=\"og:url\" content=\"https:\/\/blogin.al\/?p=13237\" \/>\n<meta property=\"og:site_name\" content=\"blogin.al\" \/>\n<meta property=\"article:published_time\" content=\"2022-08-26T07:41:36+00:00\" \/>\n<meta property=\"article:modified_time\" content=\"2022-08-26T07:41:39+00:00\" \/>\n<meta property=\"og:image\" content=\"https:\/\/blogin.al\/wp-content\/uploads\/2022\/08\/loredana-mozzik.webp\" \/>\n\t<meta property=\"og:image:width\" content=\"798\" \/>\n\t<meta property=\"og:image:height\" content=\"604\" \/>\n\t<meta property=\"og:image:type\" content=\"image\/webp\" \/>\n<meta name=\"author\" content=\"Blogin al\" \/>\n<meta name=\"twitter:card\" content=\"summary_large_image\" \/>\n<meta name=\"twitter:label1\" content=\"Written by\" \/>\n\t<meta name=\"twitter:data1\" content=\"Blogin al\" \/>\n\t<meta name=\"twitter:label2\" content=\"Est. reading time\" \/>\n\t<meta name=\"twitter:data2\" content=\"1 minute\" \/>\n<script type=\"application\/ld+json\" class=\"yoast-schema-graph\">{\"@context\":\"https:\\\/\\\/schema.org\",\"@graph\":[{\"@type\":\"Article\",\"@id\":\"https:\\\/\\\/blogin.al\\\/?p=13237#article\",\"isPartOf\":{\"@id\":\"https:\\\/\\\/blogin.al\\\/?p=13237\"},\"author\":{\"name\":\"Blogin al\",\"@id\":\"https:\\\/\\\/blogin.al\\\/#\\\/schema\\\/person\\\/abdd56bc912cd511db877b852b115399\"},\"headline\":\"T\u00eb gjith\u00eb menduan se ishte dedikim p\u00ebr Mozzik-un, Loredana sqaron videon virale\",\"datePublished\":\"2022-08-26T07:41:36+00:00\",\"dateModified\":\"2022-08-26T07:41:39+00:00\",\"mainEntityOfPage\":{\"@id\":\"https:\\\/\\\/blogin.al\\\/?p=13237\"},\"wordCount\":173,\"commentCount\":0,\"publisher\":{\"@id\":\"https:\\\/\\\/blogin.al\\\/#organization\"},\"image\":{\"@id\":\"https:\\\/\\\/blogin.al\\\/?p=13237#primaryimage\"},\"thumbnailUrl\":\"https:\\\/\\\/blogin.al\\\/wp-content\\\/uploads\\\/2022\\\/08\\\/loredana-mozzik.webp\",\"articleSection\":[\"SHOWBIZ\"],\"inLanguage\":\"en-US\",\"potentialAction\":[{\"@type\":\"CommentAction\",\"name\":\"Comment\",\"target\":[\"https:\\\/\\\/blogin.al\\\/?p=13237#respond\"]}]},{\"@type\":\"WebPage\",\"@id\":\"https:\\\/\\\/blogin.al\\\/?p=13237\",\"url\":\"https:\\\/\\\/blogin.al\\\/?p=13237\",\"name\":\"T\u00eb gjith\u00eb menduan se ishte dedikim p\u00ebr Mozzik-un, Loredana sqaron videon virale - blogin.al\",\"isPartOf\":{\"@id\":\"https:\\\/\\\/blogin.al\\\/#website\"},\"primaryImageOfPage\":{\"@id\":\"https:\\\/\\\/blogin.al\\\/?p=13237#primaryimage\"},\"image\":{\"@id\":\"https:\\\/\\\/blogin.al\\\/?p=13237#primaryimage\"},\"thumbnailUrl\":\"https:\\\/\\\/blogin.al\\\/wp-content\\\/uploads\\\/2022\\\/08\\\/loredana-mozzik.webp\",\"datePublished\":\"2022-08-26T07:41:36+00:00\",\"dateModified\":\"2022-08-26T07:41:39+00:00\",\"breadcrumb\":{\"@id\":\"https:\\\/\\\/blogin.al\\\/?p=13237#breadcrumb\"},\"inLanguage\":\"en-US\",\"potentialAction\":[{\"@type\":\"ReadAction\",\"target\":[\"https:\\\/\\\/blogin.al\\\/?p=13237\"]}]},{\"@type\":\"ImageObject\",\"inLanguage\":\"en-US\",\"@id\":\"https:\\\/\\\/blogin.al\\\/?p=13237#primaryimage\",\"url\":\"https:\\\/\\\/blogin.al\\\/wp-content\\\/uploads\\\/2022\\\/08\\\/loredana-mozzik.webp\",\"contentUrl\":\"https:\\\/\\\/blogin.al\\\/wp-content\\\/uploads\\\/2022\\\/08\\\/loredana-mozzik.webp\",\"width\":798,\"height\":604},{\"@type\":\"BreadcrumbList\",\"@id\":\"https:\\\/\\\/blogin.al\\\/?p=13237#breadcrumb\",\"itemListElement\":[{\"@type\":\"ListItem\",\"position\":1,\"name\":\"Home\",\"item\":\"https:\\\/\\\/blogin.al\\\/\"},{\"@type\":\"ListItem\",\"position\":2,\"name\":\"T\u00eb gjith\u00eb menduan se ishte dedikim p\u00ebr Mozzik-un, Loredana sqaron videon virale\"}]},{\"@type\":\"WebSite\",\"@id\":\"https:\\\/\\\/blogin.al\\\/#website\",\"url\":\"https:\\\/\\\/blogin.al\\\/\",\"name\":\"blogin.al\",\"description\":\"\",\"publisher\":{\"@id\":\"https:\\\/\\\/blogin.al\\\/#organization\"},\"potentialAction\":[{\"@type\":\"SearchAction\",\"target\":{\"@type\":\"EntryPoint\",\"urlTemplate\":\"https:\\\/\\\/blogin.al\\\/?s={search_term_string}\"},\"query-input\":{\"@type\":\"PropertyValueSpecification\",\"valueRequired\":true,\"valueName\":\"search_term_string\"}}],\"inLanguage\":\"en-US\"},{\"@type\":\"Organization\",\"@id\":\"https:\\\/\\\/blogin.al\\\/#organization\",\"name\":\"BLOGIN.al\",\"url\":\"https:\\\/\\\/blogin.al\\\/\",\"logo\":{\"@type\":\"ImageObject\",\"inLanguage\":\"en-US\",\"@id\":\"https:\\\/\\\/blogin.al\\\/#\\\/schema\\\/logo\\\/image\\\/\",\"url\":\"https:\\\/\\\/blogin.al\\\/wp-content\\\/uploads\\\/2022\\\/05\\\/Untitled-2-01-e1652084456514.png\",\"contentUrl\":\"https:\\\/\\\/blogin.al\\\/wp-content\\\/uploads\\\/2022\\\/05\\\/Untitled-2-01-e1652084456514.png\",\"width\":3723,\"height\":1698,\"caption\":\"BLOGIN.al\"},\"image\":{\"@id\":\"https:\\\/\\\/blogin.al\\\/#\\\/schema\\\/logo\\\/image\\\/\"},\"sameAs\":[\"https:\\\/\\\/instagram.com\\\/blogin.al\\\/\"]},{\"@type\":\"Person\",\"@id\":\"https:\\\/\\\/blogin.al\\\/#\\\/schema\\\/person\\\/abdd56bc912cd511db877b852b115399\",\"name\":\"Blogin al\",\"image\":{\"@type\":\"ImageObject\",\"inLanguage\":\"en-US\",\"@id\":\"https:\\\/\\\/secure.gravatar.com\\\/avatar\\\/60d5661aee6e835fb13dc75d2204cd0c1d61bef2efd137c0083e59ef831e235e?s=96&d=mm&r=g\",\"url\":\"https:\\\/\\\/secure.gravatar.com\\\/avatar\\\/60d5661aee6e835fb13dc75d2204cd0c1d61bef2efd137c0083e59ef831e235e?s=96&d=mm&r=g\",\"contentUrl\":\"https:\\\/\\\/secure.gravatar.com\\\/avatar\\\/60d5661aee6e835fb13dc75d2204cd0c1d61bef2efd137c0083e59ef831e235e?s=96&d=mm&r=g\",\"caption\":\"Blogin al\"},\"sameAs\":[\"https:\\\/\\\/blogin.al\"],\"url\":\"https:\\\/\\\/blogin.al\\\/?author=2\"}]}<\/script>\n<!-- \/ Yoast SEO plugin. -->","yoast_head_json":{"title":"T\u00eb gjith\u00eb menduan se ishte dedikim p\u00ebr Mozzik-un, Loredana sqaron videon virale - blogin.al","robots":{"index":"index","follow":"follow","max-snippet":"max-snippet:-1","max-image-preview":"max-image-preview:large","max-video-preview":"max-video-preview:-1"},"canonical":"https:\/\/blogin.al\/?p=13237","og_locale":"en_US","og_type":"article","og_title":"T\u00eb gjith\u00eb menduan se ishte dedikim p\u00ebr Mozzik-un, Loredana sqaron videon virale - blogin.al","og_description":"Edhe pse ka koh\u00eb q\u00eb jan\u00eb ndar\u00eb, Loredana dhe Mozzik komentohen ende p\u00ebr raportin e tyre. Dyshja, t\u00eb cil\u00ebt jan\u00eb prind\u00ebr t\u00eb nj\u00eb vajze, kan\u00eb pasur nj\u00eb marr\u00ebdh\u00ebnie t\u00eb trazuar me ndarje dhe ribashkime. P\u00ebr nj\u00eb ribashkim t\u00eb mundsh\u00ebm u hamend\u00ebsua s\u00eb fundmi, dhe shkak u b\u00eb nj\u00eb video e Loredan\u00ebs. Reperja ka publikuar nj\u00eb [&hellip;]","og_url":"https:\/\/blogin.al\/?p=13237","og_site_name":"blogin.al","article_published_time":"2022-08-26T07:41:36+00:00","article_modified_time":"2022-08-26T07:41:39+00:00","og_image":[{"width":798,"height":604,"url":"https:\/\/blogin.al\/wp-content\/uploads\/2022\/08\/loredana-mozzik.webp","type":"image\/webp"}],"author":"Blogin al","twitter_card":"summary_large_image","twitter_misc":{"Written by":"Blogin al","Est. reading time":"1 minute"},"schema":{"@context":"https:\/\/schema.org","@graph":[{"@type":"Article","@id":"https:\/\/blogin.al\/?p=13237#article","isPartOf":{"@id":"https:\/\/blogin.al\/?p=13237"},"author":{"name":"Blogin al","@id":"https:\/\/blogin.al\/#\/schema\/person\/abdd56bc912cd511db877b852b115399"},"headline":"T\u00eb gjith\u00eb menduan se ishte dedikim p\u00ebr Mozzik-un, Loredana sqaron videon virale","datePublished":"2022-08-26T07:41:36+00:00","dateModified":"2022-08-26T07:41:39+00:00","mainEntityOfPage":{"@id":"https:\/\/blogin.al\/?p=13237"},"wordCount":173,"commentCount":0,"publisher":{"@id":"https:\/\/blogin.al\/#organization"},"image":{"@id":"https:\/\/blogin.al\/?p=13237#primaryimage"},"thumbnailUrl":"https:\/\/blogin.al\/wp-content\/uploads\/2022\/08\/loredana-mozzik.webp","articleSection":["SHOWBIZ"],"inLanguage":"en-US","potentialAction":[{"@type":"CommentAction","name":"Comment","target":["https:\/\/blogin.al\/?p=13237#respond"]}]},{"@type":"WebPage","@id":"https:\/\/blogin.al\/?p=13237","url":"https:\/\/blogin.al\/?p=13237","name":"T\u00eb gjith\u00eb menduan se ishte dedikim p\u00ebr Mozzik-un, Loredana sqaron videon virale - blogin.al","isPartOf":{"@id":"https:\/\/blogin.al\/#website"},"primaryImageOfPage":{"@id":"https:\/\/blogin.al\/?p=13237#primaryimage"},"image":{"@id":"https:\/\/blogin.al\/?p=13237#primaryimage"},"thumbnailUrl":"https:\/\/blogin.al\/wp-content\/uploads\/2022\/08\/loredana-mozzik.webp","datePublished":"2022-08-26T07:41:36+00:00","dateModified":"2022-08-26T07:41:39+00:00","breadcrumb":{"@id":"https:\/\/blogin.al\/?p=13237#breadcrumb"},"inLanguage":"en-US","potentialAction":[{"@type":"ReadAction","target":["https:\/\/blogin.al\/?p=13237"]}]},{"@type":"ImageObject","inLanguage":"en-US","@id":"https:\/\/blogin.al\/?p=13237#primaryimage","url":"https:\/\/blogin.al\/wp-content\/uploads\/2022\/08\/loredana-mozzik.webp","contentUrl":"https:\/\/blogin.al\/wp-content\/uploads\/2022\/08\/loredana-mozzik.webp","width":798,"height":604},{"@type":"BreadcrumbList","@id":"https:\/\/blogin.al\/?p=13237#breadcrumb","itemListElement":[{"@type":"ListItem","position":1,"name":"Home","item":"https:\/\/blogin.al\/"},{"@type":"ListItem","position":2,"name":"T\u00eb gjith\u00eb menduan se ishte dedikim p\u00ebr Mozzik-un, Loredana sqaron videon virale"}]},{"@type":"WebSite","@id":"https:\/\/blogin.al\/#website","url":"https:\/\/blogin.al\/","name":"blogin.al","description":"","publisher":{"@id":"https:\/\/blogin.al\/#organization"},"potentialAction":[{"@type":"SearchAction","target":{"@type":"EntryPoint","urlTemplate":"https:\/\/blogin.al\/?s={search_term_string}"},"query-input":{"@type":"PropertyValueSpecification","valueRequired":true,"valueName":"search_term_string"}}],"inLanguage":"en-US"},{"@type":"Organization","@id":"https:\/\/blogin.al\/#organization","name":"BLOGIN.al","url":"https:\/\/blogin.al\/","logo":{"@type":"ImageObject","inLanguage":"en-US","@id":"https:\/\/blogin.al\/#\/schema\/logo\/image\/","url":"https:\/\/blogin.al\/wp-content\/uploads\/2022\/05\/Untitled-2-01-e1652084456514.png","contentUrl":"https:\/\/blogin.al\/wp-content\/uploads\/2022\/05\/Untitled-2-01-e1652084456514.png","width":3723,"height":1698,"caption":"BLOGIN.al"},"image":{"@id":"https:\/\/blogin.al\/#\/schema\/logo\/image\/"},"sameAs":["https:\/\/instagram.com\/blogin.al\/"]},{"@type":"Person","@id":"https:\/\/blogin.al\/#\/schema\/person\/abdd56bc912cd511db877b852b115399","name":"Blogin al","image":{"@type":"ImageObject","inLanguage":"en-US","@id":"https:\/\/secure.gravatar.com\/avatar\/60d5661aee6e835fb13dc75d2204cd0c1d61bef2efd137c0083e59ef831e235e?s=96&d=mm&r=g","url":"https:\/\/secure.gravatar.com\/avatar\/60d5661aee6e835fb13dc75d2204cd0c1d61bef2efd137c0083e59ef831e235e?s=96&d=mm&r=g","contentUrl":"https:\/\/secure.gravatar.com\/avatar\/60d5661aee6e835fb13dc75d2204cd0c1d61bef2efd137c0083e59ef831e235e?s=96&d=mm&r=g","caption":"Blogin al"},"sameAs":["https:\/\/blogin.al"],"url":"https:\/\/blogin.al\/?author=2"}]}},"_links":{"self":[{"href":"https:\/\/blogin.al\/index.php?rest_route=\/wp\/v2\/posts\/13237","targetHints":{"allow":["GET"]}}],"collection":[{"href":"https:\/\/blogin.al\/index.php?rest_route=\/wp\/v2\/posts"}],"about":[{"href":"https:\/\/blogin.al\/index.php?rest_route=\/wp\/v2\/types\/post"}],"author":[{"embeddable":true,"href":"https:\/\/blogin.al\/index.php?rest_route=\/wp\/v2\/users\/2"}],"replies":[{"embeddable":true,"href":"https:\/\/blogin.al\/index.php?rest_route=%2Fwp%2Fv2%2Fcomments&post=13237"}],"version-history":[{"count":1,"href":"https:\/\/blogin.al\/index.php?rest_route=\/wp\/v2\/posts\/13237\/revisions"}],"predecessor-version":[{"id":13239,"href":"https:\/\/blogin.al\/index.php?rest_route=\/wp\/v2\/posts\/13237\/revisions\/13239"}],"wp:featuredmedia":[{"embeddable":true,"href":"https:\/\/blogin.al\/index.php?rest_route=\/wp\/v2\/media\/13238"}],"wp:attachment":[{"href":"https:\/\/blogin.al\/index.php?rest_route=%2Fwp%2Fv2%2Fmedia&parent=13237"}],"wp:term":[{"taxonomy":"category","embeddable":true,"href":"https:\/\/blogin.al\/index.php?rest_route=%2Fwp%2Fv2%2Fcategories&post=13237"},{"taxonomy":"post_tag","embeddable":true,"href":"https:\/\/blogin.al\/index.php?rest_route=%2Fwp%2Fv2%2Ftags&post=13237"}],"curies":[{"name":"wp","href":"https:\/\/api.w.org\/{rel}","templated":true}]}}