{"id":13258,"date":"2022-08-26T08:40:50","date_gmt":"2022-08-26T08:40:50","guid":{"rendered":"https:\/\/blogin.al\/?p=13258"},"modified":"2022-08-26T08:40:52","modified_gmt":"2022-08-26T08:40:52","slug":"kylie-jenner-flet-si-rrallehere-per-femijet-e-saj-dhe-raportin-me-te-emen","status":"publish","type":"post","link":"https:\/\/blogin.al\/?p=13258","title":{"rendered":"Kylie Jenner flet si rrall\u00ebher\u00eb p\u00ebr f\u00ebmij\u00ebt e saj dhe raportin me t\u00eb \u00ebm\u00ebn"},"content":{"rendered":"\n<p>Roli i Kylie Jenner si n\u00ebn\u00eb i ka dh\u00ebn\u00eb asaj t\u00eb gjith\u00eb vet\u00ebbesimin q\u00eb i nevojitet.&nbsp;Ylli i Kardashians-e cila ka dy f\u00ebmij\u00eb vajz\u00ebn 4-vje\u00e7are Stormi dhe djalin 6-muajsh me Travis Scott- zbuloi s\u00eb fundmi sekretin e vet\u00ebbesimit t\u00eb saj. Kur ndihet m\u00eb me vet\u00ebbesim Kylie?<\/p>\n\n\n\n<p><strong>\u201cNdoshta kur jam me f\u00ebmij\u00ebt e mi\u201d,<\/strong>\u00a0tha ajo E!NEWS n\u00eb eventin \u2018Ulta Beauty x Kylie Cosmetics\u2019 p\u00ebr prezantimin e \u2018Kylie Cosmetics Plumping Gloss\u2019 m\u00eb 24 gusht.\u00a0<strong>\u201cSa her\u00eb q\u00eb f\u00ebmij\u00ebt e mi jan\u00eb pran\u00eb, ndihem\u00a0e sigurt. Sa her\u00eb q\u00eb Stormi \u00ebsht\u00eb pran\u00eb, ndihem gjithmon\u00eb\u00a0e sigurt.\u201d<\/strong><\/p>\n\n\n\n<figure class=\"wp-block-image size-large is-style-default\"><img fetchpriority=\"high\" decoding=\"async\" width=\"1024\" height=\"640\" src=\"https:\/\/blogin.al\/wp-content\/uploads\/2022\/08\/kylie-jenner-01-1024x640.jpg\" alt=\"\" class=\"wp-image-13259\" srcset=\"https:\/\/blogin.al\/wp-content\/uploads\/2022\/08\/kylie-jenner-01-1024x640.jpg 1024w, https:\/\/blogin.al\/wp-content\/uploads\/2022\/08\/kylie-jenner-01-300x188.jpg 300w, https:\/\/blogin.al\/wp-content\/uploads\/2022\/08\/kylie-jenner-01-768x480.jpg 768w, https:\/\/blogin.al\/wp-content\/uploads\/2022\/08\/kylie-jenner-01-1536x960.jpg 1536w, https:\/\/blogin.al\/wp-content\/uploads\/2022\/08\/kylie-jenner-01-150x94.jpg 150w, https:\/\/blogin.al\/wp-content\/uploads\/2022\/08\/kylie-jenner-01-696x435.jpg 696w, https:\/\/blogin.al\/wp-content\/uploads\/2022\/08\/kylie-jenner-01-1068x668.jpg 1068w, https:\/\/blogin.al\/wp-content\/uploads\/2022\/08\/kylie-jenner-01.jpg 1600w\" sizes=\"(max-width: 1024px) 100vw, 1024px\" \/><\/figure>\n\n\n\n<p>Kylie zbuloi gjithashtu se n\u00ebna e saj do jet\u00eb gjithmon\u00eb do t\u00eb jet\u00eb nj\u00eb person tek i cili mb\u00ebshtetet m\u00eb shum\u00eb p\u00ebr k\u00ebshillat m\u00eb t\u00eb mira. Sa p\u00ebr at\u00eb q\u00eb mund t\u00eb ket\u00eb qen\u00eb k\u00ebshilla m\u00eb e mir\u00eb\u00a0q\u00eb Kris i ka dh\u00ebn\u00eb deri m\u00eb tani? Epo, \u00ebsht\u00eb e v\u00ebshtir\u00eb t\u00eb thuhet pasi ajo gjithmon\u00eb shp\u00ebrndan\u00a0k\u00ebshilla\u00a0t\u00eb \u00e7muara.<\/p>\n\n\n\n<figure class=\"wp-block-image size-large is-style-default\"><img decoding=\"async\" width=\"1024\" height=\"576\" src=\"https:\/\/blogin.al\/wp-content\/uploads\/2022\/08\/kylie-kris-1024x576.webp\" alt=\"\" class=\"wp-image-13261\" srcset=\"https:\/\/blogin.al\/wp-content\/uploads\/2022\/08\/kylie-kris-1024x576.webp 1024w, https:\/\/blogin.al\/wp-content\/uploads\/2022\/08\/kylie-kris-300x169.webp 300w, https:\/\/blogin.al\/wp-content\/uploads\/2022\/08\/kylie-kris-768x432.webp 768w, https:\/\/blogin.al\/wp-content\/uploads\/2022\/08\/kylie-kris-1536x864.webp 1536w, https:\/\/blogin.al\/wp-content\/uploads\/2022\/08\/kylie-kris-2048x1152.webp 2048w, https:\/\/blogin.al\/wp-content\/uploads\/2022\/08\/kylie-kris-150x84.webp 150w, https:\/\/blogin.al\/wp-content\/uploads\/2022\/08\/kylie-kris-696x392.webp 696w, https:\/\/blogin.al\/wp-content\/uploads\/2022\/08\/kylie-kris-1068x601.webp 1068w, https:\/\/blogin.al\/wp-content\/uploads\/2022\/08\/kylie-kris-1920x1080.webp 1920w\" sizes=\"(max-width: 1024px) 100vw, 1024px\" \/><\/figure>\n\n\n\n<p>Duke treguar se n\u00ebna e saj jep aq shum\u00eb k\u00ebshilla p\u00ebr jet\u00ebn vazhdimisht, Kylie shtoi: \u201c<strong>Nuk mund ta p\u00ebrcaktoj as nj\u00eb gj\u00eb. E pyes p\u00ebr gjith\u00e7ka.\u201d<\/strong>&nbsp;Dhe n\u00ebse po pyesni veten kur n\u00ebna e dy f\u00ebmij\u00ebve ndihet m\u00eb e bukura, si\u00e7 ndau Kylie, \u00ebsht\u00eb ose kur ajo \u00ebsht\u00eb plot\u00ebsisht pa makeup ose plot\u00ebsisht me makeup, duke shtuar se thjesht nuk ka nj\u00eb gj\u00eb t\u00eb nd\u00ebrmjetme.<\/p>\n\n\n\n<p><strong>\u201cNdihem shum\u00eb e bukur kur\u00a0dal nga dushi, dhe ndihem mir\u00eb, e fresk\u00ebt dhe e past\u00ebr<\/strong>\u201d, tha ajo gjat\u00eb eventit n\u00eb Los Angeles duke shtuar: \u201c<strong>Dhe pastaj gjithashtu ndihem m\u00eb e bukur kur Ariel [grimieri i saj] b\u00ebn grimin tim dhe ngjarje t\u00eb tilla.\u201d<\/strong><\/p>\n\n\n\n<p><\/p>\n","protected":false},"excerpt":{"rendered":"<p>Roli i Kylie Jenner si n\u00ebn\u00eb i ka dh\u00ebn\u00eb asaj t\u00eb gjith\u00eb vet\u00ebbesimin q\u00eb i nevojitet.&nbsp;Ylli i Kardashians-e cila ka dy f\u00ebmij\u00eb vajz\u00ebn 4-vje\u00e7are Stormi dhe djalin 6-muajsh me Travis Scott- zbuloi s\u00eb fundmi sekretin e vet\u00ebbesimit t\u00eb saj. Kur ndihet m\u00eb me vet\u00ebbesim Kylie? \u201cNdoshta kur jam me f\u00ebmij\u00ebt e mi\u201d,\u00a0tha ajo E!NEWS n\u00eb [&hellip;]<\/p>\n","protected":false},"author":2,"featured_media":13260,"comment_status":"open","ping_status":"open","sticky":false,"template":"","format":"standard","meta":{"footnotes":""},"categories":[33],"tags":[],"class_list":{"0":"post-13258","1":"post","2":"type-post","3":"status-publish","4":"format-standard","5":"has-post-thumbnail","7":"category-showbiz"},"yoast_head":"<!-- This site is optimized with the Yoast SEO plugin v27.4 - https:\/\/yoast.com\/product\/yoast-seo-wordpress\/ -->\n<title>Kylie Jenner flet si rrall\u00ebher\u00eb p\u00ebr f\u00ebmij\u00ebt e saj dhe raportin me t\u00eb \u00ebm\u00ebn - blogin.al<\/title>\n<meta name=\"robots\" content=\"index, follow, max-snippet:-1, max-image-preview:large, max-video-preview:-1\" \/>\n<link rel=\"canonical\" href=\"https:\/\/blogin.al\/?p=13258\" \/>\n<meta property=\"og:locale\" content=\"en_US\" \/>\n<meta property=\"og:type\" content=\"article\" \/>\n<meta property=\"og:title\" content=\"Kylie Jenner flet si rrall\u00ebher\u00eb p\u00ebr f\u00ebmij\u00ebt e saj dhe raportin me t\u00eb \u00ebm\u00ebn - blogin.al\" \/>\n<meta property=\"og:description\" content=\"Roli i Kylie Jenner si n\u00ebn\u00eb i ka dh\u00ebn\u00eb asaj t\u00eb gjith\u00eb vet\u00ebbesimin q\u00eb i nevojitet.&nbsp;Ylli i Kardashians-e cila ka dy f\u00ebmij\u00eb vajz\u00ebn 4-vje\u00e7are Stormi dhe djalin 6-muajsh me Travis Scott- zbuloi s\u00eb fundmi sekretin e vet\u00ebbesimit t\u00eb saj. Kur ndihet m\u00eb me vet\u00ebbesim Kylie? \u201cNdoshta kur jam me f\u00ebmij\u00ebt e mi\u201d,\u00a0tha ajo E!NEWS n\u00eb [&hellip;]\" \/>\n<meta property=\"og:url\" content=\"https:\/\/blogin.al\/?p=13258\" \/>\n<meta property=\"og:site_name\" content=\"blogin.al\" \/>\n<meta property=\"article:published_time\" content=\"2022-08-26T08:40:50+00:00\" \/>\n<meta property=\"article:modified_time\" content=\"2022-08-26T08:40:52+00:00\" \/>\n<meta property=\"og:image\" content=\"https:\/\/blogin.al\/wp-content\/uploads\/2022\/08\/kylie.jpg\" \/>\n\t<meta property=\"og:image:width\" content=\"1080\" \/>\n\t<meta property=\"og:image:height\" content=\"1350\" \/>\n\t<meta property=\"og:image:type\" content=\"image\/jpeg\" \/>\n<meta name=\"author\" content=\"Blogin al\" \/>\n<meta name=\"twitter:card\" content=\"summary_large_image\" \/>\n<meta name=\"twitter:label1\" content=\"Written by\" \/>\n\t<meta name=\"twitter:data1\" content=\"Blogin al\" \/>\n\t<meta name=\"twitter:label2\" content=\"Est. reading time\" \/>\n\t<meta name=\"twitter:data2\" content=\"2 minutes\" \/>\n<script type=\"application\/ld+json\" class=\"yoast-schema-graph\">{\"@context\":\"https:\\\/\\\/schema.org\",\"@graph\":[{\"@type\":\"Article\",\"@id\":\"https:\\\/\\\/blogin.al\\\/?p=13258#article\",\"isPartOf\":{\"@id\":\"https:\\\/\\\/blogin.al\\\/?p=13258\"},\"author\":{\"name\":\"Blogin al\",\"@id\":\"https:\\\/\\\/blogin.al\\\/#\\\/schema\\\/person\\\/abdd56bc912cd511db877b852b115399\"},\"headline\":\"Kylie Jenner flet si rrall\u00ebher\u00eb p\u00ebr f\u00ebmij\u00ebt e saj dhe raportin me t\u00eb \u00ebm\u00ebn\",\"datePublished\":\"2022-08-26T08:40:50+00:00\",\"dateModified\":\"2022-08-26T08:40:52+00:00\",\"mainEntityOfPage\":{\"@id\":\"https:\\\/\\\/blogin.al\\\/?p=13258\"},\"wordCount\":323,\"commentCount\":0,\"publisher\":{\"@id\":\"https:\\\/\\\/blogin.al\\\/#organization\"},\"image\":{\"@id\":\"https:\\\/\\\/blogin.al\\\/?p=13258#primaryimage\"},\"thumbnailUrl\":\"https:\\\/\\\/blogin.al\\\/wp-content\\\/uploads\\\/2022\\\/08\\\/kylie.jpg\",\"articleSection\":[\"SHOWBIZ\"],\"inLanguage\":\"en-US\",\"potentialAction\":[{\"@type\":\"CommentAction\",\"name\":\"Comment\",\"target\":[\"https:\\\/\\\/blogin.al\\\/?p=13258#respond\"]}]},{\"@type\":\"WebPage\",\"@id\":\"https:\\\/\\\/blogin.al\\\/?p=13258\",\"url\":\"https:\\\/\\\/blogin.al\\\/?p=13258\",\"name\":\"Kylie Jenner flet si rrall\u00ebher\u00eb p\u00ebr f\u00ebmij\u00ebt e saj dhe raportin me t\u00eb \u00ebm\u00ebn - blogin.al\",\"isPartOf\":{\"@id\":\"https:\\\/\\\/blogin.al\\\/#website\"},\"primaryImageOfPage\":{\"@id\":\"https:\\\/\\\/blogin.al\\\/?p=13258#primaryimage\"},\"image\":{\"@id\":\"https:\\\/\\\/blogin.al\\\/?p=13258#primaryimage\"},\"thumbnailUrl\":\"https:\\\/\\\/blogin.al\\\/wp-content\\\/uploads\\\/2022\\\/08\\\/kylie.jpg\",\"datePublished\":\"2022-08-26T08:40:50+00:00\",\"dateModified\":\"2022-08-26T08:40:52+00:00\",\"breadcrumb\":{\"@id\":\"https:\\\/\\\/blogin.al\\\/?p=13258#breadcrumb\"},\"inLanguage\":\"en-US\",\"potentialAction\":[{\"@type\":\"ReadAction\",\"target\":[\"https:\\\/\\\/blogin.al\\\/?p=13258\"]}]},{\"@type\":\"ImageObject\",\"inLanguage\":\"en-US\",\"@id\":\"https:\\\/\\\/blogin.al\\\/?p=13258#primaryimage\",\"url\":\"https:\\\/\\\/blogin.al\\\/wp-content\\\/uploads\\\/2022\\\/08\\\/kylie.jpg\",\"contentUrl\":\"https:\\\/\\\/blogin.al\\\/wp-content\\\/uploads\\\/2022\\\/08\\\/kylie.jpg\",\"width\":1080,\"height\":1350},{\"@type\":\"BreadcrumbList\",\"@id\":\"https:\\\/\\\/blogin.al\\\/?p=13258#breadcrumb\",\"itemListElement\":[{\"@type\":\"ListItem\",\"position\":1,\"name\":\"Home\",\"item\":\"https:\\\/\\\/blogin.al\\\/\"},{\"@type\":\"ListItem\",\"position\":2,\"name\":\"Kylie Jenner flet si rrall\u00ebher\u00eb p\u00ebr f\u00ebmij\u00ebt e saj dhe raportin me t\u00eb \u00ebm\u00ebn\"}]},{\"@type\":\"WebSite\",\"@id\":\"https:\\\/\\\/blogin.al\\\/#website\",\"url\":\"https:\\\/\\\/blogin.al\\\/\",\"name\":\"blogin.al\",\"description\":\"\",\"publisher\":{\"@id\":\"https:\\\/\\\/blogin.al\\\/#organization\"},\"potentialAction\":[{\"@type\":\"SearchAction\",\"target\":{\"@type\":\"EntryPoint\",\"urlTemplate\":\"https:\\\/\\\/blogin.al\\\/?s={search_term_string}\"},\"query-input\":{\"@type\":\"PropertyValueSpecification\",\"valueRequired\":true,\"valueName\":\"search_term_string\"}}],\"inLanguage\":\"en-US\"},{\"@type\":\"Organization\",\"@id\":\"https:\\\/\\\/blogin.al\\\/#organization\",\"name\":\"BLOGIN.al\",\"url\":\"https:\\\/\\\/blogin.al\\\/\",\"logo\":{\"@type\":\"ImageObject\",\"inLanguage\":\"en-US\",\"@id\":\"https:\\\/\\\/blogin.al\\\/#\\\/schema\\\/logo\\\/image\\\/\",\"url\":\"https:\\\/\\\/blogin.al\\\/wp-content\\\/uploads\\\/2022\\\/05\\\/Untitled-2-01-e1652084456514.png\",\"contentUrl\":\"https:\\\/\\\/blogin.al\\\/wp-content\\\/uploads\\\/2022\\\/05\\\/Untitled-2-01-e1652084456514.png\",\"width\":3723,\"height\":1698,\"caption\":\"BLOGIN.al\"},\"image\":{\"@id\":\"https:\\\/\\\/blogin.al\\\/#\\\/schema\\\/logo\\\/image\\\/\"},\"sameAs\":[\"https:\\\/\\\/instagram.com\\\/blogin.al\\\/\"]},{\"@type\":\"Person\",\"@id\":\"https:\\\/\\\/blogin.al\\\/#\\\/schema\\\/person\\\/abdd56bc912cd511db877b852b115399\",\"name\":\"Blogin al\",\"image\":{\"@type\":\"ImageObject\",\"inLanguage\":\"en-US\",\"@id\":\"https:\\\/\\\/secure.gravatar.com\\\/avatar\\\/60d5661aee6e835fb13dc75d2204cd0c1d61bef2efd137c0083e59ef831e235e?s=96&d=mm&r=g\",\"url\":\"https:\\\/\\\/secure.gravatar.com\\\/avatar\\\/60d5661aee6e835fb13dc75d2204cd0c1d61bef2efd137c0083e59ef831e235e?s=96&d=mm&r=g\",\"contentUrl\":\"https:\\\/\\\/secure.gravatar.com\\\/avatar\\\/60d5661aee6e835fb13dc75d2204cd0c1d61bef2efd137c0083e59ef831e235e?s=96&d=mm&r=g\",\"caption\":\"Blogin al\"},\"sameAs\":[\"https:\\\/\\\/blogin.al\"],\"url\":\"https:\\\/\\\/blogin.al\\\/?author=2\"}]}<\/script>\n<!-- \/ Yoast SEO plugin. -->","yoast_head_json":{"title":"Kylie Jenner flet si rrall\u00ebher\u00eb p\u00ebr f\u00ebmij\u00ebt e saj dhe raportin me t\u00eb \u00ebm\u00ebn - blogin.al","robots":{"index":"index","follow":"follow","max-snippet":"max-snippet:-1","max-image-preview":"max-image-preview:large","max-video-preview":"max-video-preview:-1"},"canonical":"https:\/\/blogin.al\/?p=13258","og_locale":"en_US","og_type":"article","og_title":"Kylie Jenner flet si rrall\u00ebher\u00eb p\u00ebr f\u00ebmij\u00ebt e saj dhe raportin me t\u00eb \u00ebm\u00ebn - blogin.al","og_description":"Roli i Kylie Jenner si n\u00ebn\u00eb i ka dh\u00ebn\u00eb asaj t\u00eb gjith\u00eb vet\u00ebbesimin q\u00eb i nevojitet.&nbsp;Ylli i Kardashians-e cila ka dy f\u00ebmij\u00eb vajz\u00ebn 4-vje\u00e7are Stormi dhe djalin 6-muajsh me Travis Scott- zbuloi s\u00eb fundmi sekretin e vet\u00ebbesimit t\u00eb saj. Kur ndihet m\u00eb me vet\u00ebbesim Kylie? \u201cNdoshta kur jam me f\u00ebmij\u00ebt e mi\u201d,\u00a0tha ajo E!NEWS n\u00eb [&hellip;]","og_url":"https:\/\/blogin.al\/?p=13258","og_site_name":"blogin.al","article_published_time":"2022-08-26T08:40:50+00:00","article_modified_time":"2022-08-26T08:40:52+00:00","og_image":[{"width":1080,"height":1350,"url":"https:\/\/blogin.al\/wp-content\/uploads\/2022\/08\/kylie.jpg","type":"image\/jpeg"}],"author":"Blogin al","twitter_card":"summary_large_image","twitter_misc":{"Written by":"Blogin al","Est. reading time":"2 minutes"},"schema":{"@context":"https:\/\/schema.org","@graph":[{"@type":"Article","@id":"https:\/\/blogin.al\/?p=13258#article","isPartOf":{"@id":"https:\/\/blogin.al\/?p=13258"},"author":{"name":"Blogin al","@id":"https:\/\/blogin.al\/#\/schema\/person\/abdd56bc912cd511db877b852b115399"},"headline":"Kylie Jenner flet si rrall\u00ebher\u00eb p\u00ebr f\u00ebmij\u00ebt e saj dhe raportin me t\u00eb \u00ebm\u00ebn","datePublished":"2022-08-26T08:40:50+00:00","dateModified":"2022-08-26T08:40:52+00:00","mainEntityOfPage":{"@id":"https:\/\/blogin.al\/?p=13258"},"wordCount":323,"commentCount":0,"publisher":{"@id":"https:\/\/blogin.al\/#organization"},"image":{"@id":"https:\/\/blogin.al\/?p=13258#primaryimage"},"thumbnailUrl":"https:\/\/blogin.al\/wp-content\/uploads\/2022\/08\/kylie.jpg","articleSection":["SHOWBIZ"],"inLanguage":"en-US","potentialAction":[{"@type":"CommentAction","name":"Comment","target":["https:\/\/blogin.al\/?p=13258#respond"]}]},{"@type":"WebPage","@id":"https:\/\/blogin.al\/?p=13258","url":"https:\/\/blogin.al\/?p=13258","name":"Kylie Jenner flet si rrall\u00ebher\u00eb p\u00ebr f\u00ebmij\u00ebt e saj dhe raportin me t\u00eb \u00ebm\u00ebn - blogin.al","isPartOf":{"@id":"https:\/\/blogin.al\/#website"},"primaryImageOfPage":{"@id":"https:\/\/blogin.al\/?p=13258#primaryimage"},"image":{"@id":"https:\/\/blogin.al\/?p=13258#primaryimage"},"thumbnailUrl":"https:\/\/blogin.al\/wp-content\/uploads\/2022\/08\/kylie.jpg","datePublished":"2022-08-26T08:40:50+00:00","dateModified":"2022-08-26T08:40:52+00:00","breadcrumb":{"@id":"https:\/\/blogin.al\/?p=13258#breadcrumb"},"inLanguage":"en-US","potentialAction":[{"@type":"ReadAction","target":["https:\/\/blogin.al\/?p=13258"]}]},{"@type":"ImageObject","inLanguage":"en-US","@id":"https:\/\/blogin.al\/?p=13258#primaryimage","url":"https:\/\/blogin.al\/wp-content\/uploads\/2022\/08\/kylie.jpg","contentUrl":"https:\/\/blogin.al\/wp-content\/uploads\/2022\/08\/kylie.jpg","width":1080,"height":1350},{"@type":"BreadcrumbList","@id":"https:\/\/blogin.al\/?p=13258#breadcrumb","itemListElement":[{"@type":"ListItem","position":1,"name":"Home","item":"https:\/\/blogin.al\/"},{"@type":"ListItem","position":2,"name":"Kylie Jenner flet si rrall\u00ebher\u00eb p\u00ebr f\u00ebmij\u00ebt e saj dhe raportin me t\u00eb \u00ebm\u00ebn"}]},{"@type":"WebSite","@id":"https:\/\/blogin.al\/#website","url":"https:\/\/blogin.al\/","name":"blogin.al","description":"","publisher":{"@id":"https:\/\/blogin.al\/#organization"},"potentialAction":[{"@type":"SearchAction","target":{"@type":"EntryPoint","urlTemplate":"https:\/\/blogin.al\/?s={search_term_string}"},"query-input":{"@type":"PropertyValueSpecification","valueRequired":true,"valueName":"search_term_string"}}],"inLanguage":"en-US"},{"@type":"Organization","@id":"https:\/\/blogin.al\/#organization","name":"BLOGIN.al","url":"https:\/\/blogin.al\/","logo":{"@type":"ImageObject","inLanguage":"en-US","@id":"https:\/\/blogin.al\/#\/schema\/logo\/image\/","url":"https:\/\/blogin.al\/wp-content\/uploads\/2022\/05\/Untitled-2-01-e1652084456514.png","contentUrl":"https:\/\/blogin.al\/wp-content\/uploads\/2022\/05\/Untitled-2-01-e1652084456514.png","width":3723,"height":1698,"caption":"BLOGIN.al"},"image":{"@id":"https:\/\/blogin.al\/#\/schema\/logo\/image\/"},"sameAs":["https:\/\/instagram.com\/blogin.al\/"]},{"@type":"Person","@id":"https:\/\/blogin.al\/#\/schema\/person\/abdd56bc912cd511db877b852b115399","name":"Blogin al","image":{"@type":"ImageObject","inLanguage":"en-US","@id":"https:\/\/secure.gravatar.com\/avatar\/60d5661aee6e835fb13dc75d2204cd0c1d61bef2efd137c0083e59ef831e235e?s=96&d=mm&r=g","url":"https:\/\/secure.gravatar.com\/avatar\/60d5661aee6e835fb13dc75d2204cd0c1d61bef2efd137c0083e59ef831e235e?s=96&d=mm&r=g","contentUrl":"https:\/\/secure.gravatar.com\/avatar\/60d5661aee6e835fb13dc75d2204cd0c1d61bef2efd137c0083e59ef831e235e?s=96&d=mm&r=g","caption":"Blogin al"},"sameAs":["https:\/\/blogin.al"],"url":"https:\/\/blogin.al\/?author=2"}]}},"_links":{"self":[{"href":"https:\/\/blogin.al\/index.php?rest_route=\/wp\/v2\/posts\/13258","targetHints":{"allow":["GET"]}}],"collection":[{"href":"https:\/\/blogin.al\/index.php?rest_route=\/wp\/v2\/posts"}],"about":[{"href":"https:\/\/blogin.al\/index.php?rest_route=\/wp\/v2\/types\/post"}],"author":[{"embeddable":true,"href":"https:\/\/blogin.al\/index.php?rest_route=\/wp\/v2\/users\/2"}],"replies":[{"embeddable":true,"href":"https:\/\/blogin.al\/index.php?rest_route=%2Fwp%2Fv2%2Fcomments&post=13258"}],"version-history":[{"count":1,"href":"https:\/\/blogin.al\/index.php?rest_route=\/wp\/v2\/posts\/13258\/revisions"}],"predecessor-version":[{"id":13262,"href":"https:\/\/blogin.al\/index.php?rest_route=\/wp\/v2\/posts\/13258\/revisions\/13262"}],"wp:featuredmedia":[{"embeddable":true,"href":"https:\/\/blogin.al\/index.php?rest_route=\/wp\/v2\/media\/13260"}],"wp:attachment":[{"href":"https:\/\/blogin.al\/index.php?rest_route=%2Fwp%2Fv2%2Fmedia&parent=13258"}],"wp:term":[{"taxonomy":"category","embeddable":true,"href":"https:\/\/blogin.al\/index.php?rest_route=%2Fwp%2Fv2%2Fcategories&post=13258"},{"taxonomy":"post_tag","embeddable":true,"href":"https:\/\/blogin.al\/index.php?rest_route=%2Fwp%2Fv2%2Ftags&post=13258"}],"curies":[{"name":"wp","href":"https:\/\/api.w.org\/{rel}","templated":true}]}}