{"id":13318,"date":"2022-08-27T16:33:16","date_gmt":"2022-08-27T16:33:16","guid":{"rendered":"https:\/\/blogin.al\/?p=13318"},"modified":"2022-08-27T16:33:18","modified_gmt":"2022-08-27T16:33:18","slug":"dua-lipa-liberalizon-shtetin-me-te-ri-te-evropes-prestigjozja-elle-per-yllin-shqiptar-si-po-e-frymezon-brezin-e-ri-ne-kosove","status":"publish","type":"post","link":"https:\/\/blogin.al\/?p=13318","title":{"rendered":"\u201cDua Lipa liberalizon shtetin m\u00eb t\u00eb ri t\u00eb Evrop\u00ebs\u201d, prestigjozja Elle p\u00ebr yllin shqiptar: Si po e frym\u00ebzon brezin e ri n\u00eb Kosov\u00eb"},"content":{"rendered":"\n<p>Festivali \u201cSunny Hill\u201d dhe performanca e Dua Lip\u00ebs ka b\u00ebr\u00eb buj\u00eb n\u00ebp\u00ebr mediat e huaja. S\u00eb fundmi, ka qen\u00eb revista prestigjioze \u201cElle\u201d, q\u00eb i ka kushtuar nj\u00eb artikull yllit shqiptar me titull: \u201cDua Lipa liberalizon shtetin m\u00eb t\u00eb ri\u201d dhe se si shqiptarja u b\u00eb nj\u00eb ambasadore nderi q\u00eb frym\u00ebzon t\u00eb rinjt\u00eb n\u00eb Kosov\u00eb.<\/p>\n\n\n\n<p>Revista prestigjioze ndalet te festivali \u201cSunny Hill\u201d q\u00eb u mbajt pak jav\u00eb m\u00eb par\u00eb n\u00eb Prishtin\u00eb dhe po vazhdon aktualisht n\u00eb Tiran\u00eb nd\u00ebrsa v\u00eb theksin gjithashtu dhe te p\u00ebrpjekja e vazhdueshme dhe fushata q\u00eb ka nisur Dua Lipa dhe familja e saj p\u00ebr t\u00eb liberalizuar vizat me Kosov\u00ebn.<\/p>\n\n\n\n<figure class=\"wp-block-image size-full is-style-default\"><img fetchpriority=\"high\" decoding=\"async\" width=\"640\" height=\"423\" src=\"https:\/\/blogin.al\/wp-content\/uploads\/2022\/08\/dua-elle.png\" alt=\"\" class=\"wp-image-13319\" srcset=\"https:\/\/blogin.al\/wp-content\/uploads\/2022\/08\/dua-elle.png 640w, https:\/\/blogin.al\/wp-content\/uploads\/2022\/08\/dua-elle-300x198.png 300w, https:\/\/blogin.al\/wp-content\/uploads\/2022\/08\/dua-elle-150x99.png 150w\" sizes=\"(max-width: 640px) 100vw, 640px\" \/><\/figure>\n\n\n\n<p><a href=\"https:\/\/www.elle.com\/culture\/music\/a40982955\/dua-lipa-kosovo-youth-impact\/\"><strong>Shkrimi i plot\u00eb<\/strong><\/a><\/p>\n\n\n\n<p>N\u00ebse mund ta dallonit Tok\u00ebn nga udh\u00ebtimi retro galaktik n\u00eb kopertin\u00ebn e albumit \u2018Future Nostalgia\u2019 t\u00eb Dua Lip\u00ebs dhe do e zmadhonit drejt Evrop\u00ebs, pastaj n\u00eb jug n\u00eb Kroaci dhe m\u00eb tej n\u00eb zem\u00ebr t\u00eb Ballkanit, atje, n\u00eb Prishtin\u00eb, Kosov\u00eb, n\u00eb nj\u00eb nat\u00eb t\u00eb \u00ebmb\u00ebl vere n\u00eb gusht, do t\u00eb gjeni Dua Lip\u00ebn n\u00eb sken\u00eb\u2014n\u00eb sht\u00ebpi.<\/p>\n\n\n\n<p>\u00cbsht\u00eb e mundur gjithashtu, t\u00eb mblidhni britmat e turm\u00ebs, energjia q\u00eb shtrihet shum\u00eb p\u00ebrtej Parkut t\u00eb G\u00ebrmis\u00eb, nd\u00ebrsa performanca e Lip\u00ebs nisi rikthimin e Festivalit Sunny Hill, krijuar nga babai i saj, Dukagjin Lipa, n\u00eb 2018 por q\u00eb u shty dy vitet n\u00eb vijim p\u00ebr shkak t\u00eb COVID. Megjithat\u00eb, g\u00ebzimi i turm\u00ebs buronte nga emocionet m\u00eb t\u00eb thella se \u00e7do publikim tipik pas pandemis\u00eb: Dua Lipa dhe festivali sh\u00ebrbejn\u00eb si kujtues p\u00ebr t\u00eb rinjt\u00eb kosovar\u00eb se e ardhmja \u00ebsht\u00eb e tyre dhe se Lipa \u2013 dhe bota \u2013 mund t\u2019i d\u00ebgjoj\u00eb.<\/p>\n\n\n\n<p>Kosova \u00ebsht\u00eb vendi m\u00eb i ri n\u00eb Evrop\u00eb. Ajo ka gjithashtu nj\u00eb nga popullsit\u00eb m\u00eb t\u00eb reja, n\u00ebn 25 vje\u00e7. Si pjes\u00eb e ish-Jugosllavis\u00eb, vendi p\u00ebsoi nj\u00eb luft\u00eb t\u00eb p\u00ebrgjakshme nga viti 1998 deri n\u00eb 1999, duke fituar pavar\u00ebsin\u00eb nga Serbia vet\u00ebm n\u00eb vitin 2008. Nd\u00ebrsa Gen Z dhe kosovar\u00ebt u rrit\u00ebn n\u00eb vitet pas lufta, ata ndjen\u00eb pesh\u00ebn dhe jehonat e saj.<\/p>\n\n\n\n<p>\u201cKam nj\u00eb ndjenj\u00eb t\u00eb fort\u00eb p\u00ebr luft\u00ebn p\u00ebr shkak t\u00eb prind\u00ebrve dhe familjes sime,\u201d thot\u00eb Diona Ahmetaj, 24 vje\u00e7, e cila jeton n\u00eb Prishtin\u00eb dhe foli me mua n\u00eb dit\u00ebt para festivalit. \u201cNe pam\u00eb libra p\u00ebr masakrat, gj\u00ebra q\u00eb nuk ju dalin kurr\u00eb nga koka. Sa her\u00eb q\u00eb televizori jep video luftarake, i shihja prind\u00ebrit e mi q\u00eb gjithmon\u00eb e ndryshonin at\u00eb ose emocionoheshin.\u201d<\/p>\n\n\n\n<p>Si shum\u00eb t\u00eb tjer\u00eb, familja e Lip\u00ebs u largua nga Kosova para kulmit t\u00eb luft\u00ebs, duke u zhvendosur n\u00eb Lond\u00ebr, ku Dua lindi n\u00eb vitin 1995. Megjithat\u00eb, ajo dhe familja e saj u kthyen n\u00eb Prishtin\u00eb kur Lipa ishte 13 vje\u00e7e dhe ajo jetoi atje p\u00ebr dy vjet para se t\u00eb kthehej n\u00eb Lond\u00ebr p\u00ebr t\u00eb ndjekur karrier\u00ebn e saj. \u201c\u00cbsht\u00eb shum\u00eb e r\u00ebnd\u00ebsishme q\u00eb f\u00ebmij\u00ebt t\u00eb m\u00ebsojn\u00eb trash\u00ebgimin\u00eb e tyre,\u201d m\u00eb thot\u00eb zoti Lipa, \u201cdhe un\u00eb dhe gruaja ime, ne e arrit\u00ebm k\u00ebt\u00eb.\u201d<\/p>\n\n\n\n<p>Ky fokus te familja dhe historit\u00eb q\u00eb kalojn\u00eb brezave nuk i humbet rinis\u00eb s\u00eb Kosov\u00ebs. Teksa flisja me gjithnj\u00eb e m\u00eb shum\u00eb nj\u00ebzet e ca vje\u00e7ar\u00eb, vura re se sa shum\u00eb nga lidhja q\u00eb ata ndjejn\u00eb me Lip\u00ebn lidhet me faktin se, ashtu si ata, ajo \u00ebsht\u00eb e af\u00ebrt me familjen e saj dhe m\u00ebsoi p\u00ebr luft\u00ebn p\u00ebrmes asaj lenteje dashurie. Shum\u00eb e p\u00ebrmend\u00ebn k\u00ebt\u00eb si nj\u00eb nga arsyet e dhembshuris\u00eb s\u00eb saj, aktivizmit dhe pse kur ajo flet p\u00ebr Kosov\u00ebn, i vjen natyrsh\u00ebm dhe nuk e m\u00ebson p\u00ebrmend\u00ebsh nga tekstet q\u00eb mund t\u2019ia shkruajn\u00eb t\u00eb tjer\u00ebt. \u201cAjo e kupton,\u201d thot\u00eb Verona Hasangjekaj, 24 vje\u00e7. \u201cT\u00eb gjith\u00eb kemi prind\u00ebrit dhe gjysh\u00ebrit tan\u00eb q\u00eb flasin p\u00ebr t\u00eb kaluar\u00ebn. Ata jan\u00eb t\u00eb hapur p\u00ebr k\u00ebt\u00eb. Shpresoj t\u00eb b\u00ebjm\u00eb t\u00eb nj\u00ebjt\u00ebn gj\u00eb, t\u00eb vazhdojm\u00eb t\u00eb tregojm\u00eb histori, p\u00ebrndryshe k\u00ebshtu harrojm\u00eb.\u201d<\/p>\n\n\n\n<p>Natyrisht, lidhja q\u00eb ndiejn\u00eb t\u00eb rinjt\u00eb kosovar\u00eb me Lip\u00ebn \u00ebsht\u00eb edhe p\u00ebr shkak t\u00eb talentit t\u00eb saj muzikor, stilit elektrik dhe p\u00ebr shkak se si nj\u00eb vend af\u00ebrsisht i madh\u00ebsis\u00eb s\u00eb Dela\u00ebare-it, ata kan\u00eb qen\u00eb gjithmon\u00eb t\u00eb lidhur me t\u00eb. Secili fans kujton se si e ka njohur Duan: Disa i referohen blogut t\u00eb saj t\u00eb fillimit t\u00eb viteve 2000, cover-ave n\u00eb YouTube ose kur ajo luajti n\u00eb nj\u00eb reklam\u00eb t\u00eb X Factor n\u00eb Mbret\u00ebrin\u00eb e Bashkuar. T\u00eb gjith\u00eb kujtojn\u00eb edhe koncertin e par\u00eb t\u00eb madh t\u00eb Lip\u00ebs n\u00eb Prishtin\u00eb n\u00eb vitin 2016. Disa e njihnin at\u00eb personalisht.<\/p>\n\n\n\n<p>Vjosa Zhubi, e cila \u00ebsht\u00eb disa vite m\u00eb e madhe se Lipa, u njoh me t\u00eb p\u00ebrmes kush\u00ebririt t\u00eb saj kur Lipa jetonte n\u00eb Kosov\u00eb. \u201cAjo ka qen\u00eb gjithmon\u00eb nj\u00eb f\u00ebmij\u00eb i pjekur\u201d, thot\u00eb Zhubi. \u201cAjo mund t\u00eb jepte mendime t\u00eb pjekura dhe kishte k\u00ebt\u00eb stil artistik. Pastaj edhe kur largohej, ajo mbante gjithmon\u00eb lidhje. Edhe tani, ajo pyet p\u00ebr t\u00eb gjith\u00eb.\u201d<\/p>\n\n\n\n<p>Ky respekt i nd\u00ebrsjell\u00eb u ndje plot\u00ebsisht n\u00eb Sunny Hill. Teksa Lipa doli n\u00eb sken\u00eb me nj\u00eb set roz\u00eb\u2013 i cili ishte dizajnuar posa\u00e7\u00ebrisht p\u00ebr festivalin dhe t\u00ebrhoqi v\u00ebmendjen e gjer\u00eb mediatike \u2013 ajo u tha fansave n\u00eb gjuh\u00ebn shqipe, \u201c\u00cbsht\u00eb nj\u00eb \u00ebnd\u00ebrr e madhe p\u00ebr mua t\u00eb jem k\u00ebtu dhe t\u00eb b\u00ebj k\u00ebt\u00eb lloj festivali me familjen time, me miqt\u00eb e mi dhe me gjith\u00eb k\u00ebta njer\u00ebz q\u00eb m\u00eb mb\u00ebshtesin kaq shum\u00eb. Faleminderit shum\u00eb t\u00eb gjith\u00ebve. Faleminderit p\u00ebr k\u00ebt\u00eb nat\u00eb t\u00eb ve\u00e7ant\u00eb.\u201d<\/p>\n\n\n\n<p>Sunny Hill \u00ebsht\u00eb me t\u00eb v\u00ebrtet\u00eb nj\u00eb rast i ve\u00e7ant\u00eb. \u00cbsht\u00eb festivali m\u00eb i madh muzikor n\u00eb zon\u00eb dhe arriti nj\u00eb shitje rekord biletash k\u00ebt\u00eb vit. \u201cKam pritur p\u00ebr Sunny Hill p\u00ebr dy vjet,\u201d thot\u00eb Vesa Mehmeti, 18 vje\u00e7e, me buz\u00ebqeshjen e saj t\u00eb ndritshme sa shk\u00eblqimi i syve t\u00eb saj. \u201cNe nuk kemi asgj\u00eb tjet\u00ebr t\u00eb till\u00eb.\u201d<\/p>\n\n\n\n<p>Mund\u00ebsia p\u00ebr t\u00eb marr\u00eb pjes\u00eb n\u00eb nj\u00eb festival n\u00eb sht\u00ebpi nderohet edhe m\u00eb shum\u00eb sepse p\u00ebr shkak t\u00eb \u00e7\u00ebshtjeve t\u00eb jashtme gjeopolitike q\u00eb rrethojn\u00eb statusin e Kosov\u00ebs si shtet; Kosovar\u00ebt mund t\u00eb vizitojn\u00eb vet\u00ebm gjasht\u00eb vende pa aplikuar p\u00ebr viz\u00eb. Kjo munges\u00eb e liberalizimit t\u00eb vizave kufizon mund\u00ebsit\u00eb e udh\u00ebtimit dhe arsimimit. Shum\u00eb njer\u00ebz kan\u00eb histori t\u00eb aplikimeve t\u00eb d\u00ebshtuara p\u00ebr viza. Ata p\u00ebrshkruajn\u00eb ndjenj\u00ebn e izolimit sikur t\u00eb jetonin n\u00eb nj\u00eb ishull.<\/p>\n\n\n\n<p>Familja Lipa e njeh k\u00ebt\u00eb \u00e7\u00ebshtje, si dhe faktin q\u00eb Dua Lipa p\u00ebrfitoi nga pasaporta e saj n\u00eb Mbret\u00ebrin\u00eb e Bashkuar, dhe po luftojn\u00eb p\u00ebr ndryshim. K\u00ebt\u00eb vit, ata nis\u00ebn fushat\u00ebn #SetMeFree krahas festivalit, i cili k\u00ebrkon mb\u00ebshtetjen e BE-s\u00eb p\u00ebr t\u2019u dh\u00ebn\u00eb kosovar\u00ebve lirin\u00eb p\u00ebr t\u00eb l\u00ebvizur. Byzylyk\u00ebt dhe sfondet e fotografive p\u00ebrreth ambienteve t\u00eb festivalit shfaqnin hashtag, duke shtuar atmosfer\u00ebn dinamike.<\/p>\n\n\n\n<p>P\u00ebrpjekjet e Dua Lip\u00ebs n\u00eb p\u00ebrgjith\u00ebsi u njoh\u00ebn nga presidentja e Kosov\u00ebs, Vjosa Osmani, kur ajo i dha Lip\u00ebs titullin Ambasadore Nderi n\u00eb fillim t\u00eb k\u00ebtij muaji. Osmani fal\u00ebnderoi Lip\u00ebn q\u00eb \u201cp\u00ebrdor z\u00ebrin dhe talentin e saj t\u00eb jasht\u00ebzakonsh\u00ebm, jo \u200b\u200bvet\u00ebm p\u00ebr t\u2019i ofruar bot\u00ebs k\u00ebng\u00eb q\u00eb l\u00ebn\u00eb gjurm\u00eb, por edhe p\u00ebr t\u00eb paraqitur imazhin m\u00eb t\u00eb mir\u00eb t\u00eb Kosov\u00ebs n\u00eb mbar\u00eb bot\u00ebn\u201d.<\/p>\n\n\n\n<p>N\u00eb nj\u00eb konferenc\u00eb p\u00ebr media disa or\u00eb para performanc\u00ebs s\u00eb saj n\u00eb Sunny Hill, Lipa foli p\u00ebr d\u00ebshirat e saj p\u00ebr t\u00eb rinjt\u00eb kosovar\u00eb. \u201cDua t\u00eb d\u00ebrgoj dashuri p\u00ebr t\u00eb gjith\u00eb rinin\u00eb e Kosov\u00ebs dhe dua t\u00eb them se sado e madhe t\u00eb jet\u00eb \u00ebndrra juaj, ju mund t\u00eb arrini gjith\u00e7ka q\u00eb d\u00ebshironi, n\u00ebse e keni ndar\u00eb mendjen. Un\u00eb v\u00ebrtet besoj se \u2026 jam k\u00ebtu p\u00ebr t\u2019ju mb\u00ebshtetur n\u00eb \u00e7far\u00ebdo m\u00ebnyre.\u201d<\/p>\n\n\n\n<p>Megjithat\u00eb, m\u00eb kuptimplot\u00eb se fjal\u00ebt e saj \u00ebsht\u00eb fakti q\u00eb t\u00eb rinjt\u00eb kosovar\u00eb n\u00eb terren ndjejn\u00eb nj\u00eb lidhje me t\u00eb, nj\u00eb fuqi dhe shpres\u00eb q\u00eb rrezaton prej saj. \u201cAjo e ka at\u00eb zem\u00ebr t\u00eb ngroht\u00eb,\u201d thot\u00eb 23-vje\u00e7ari Edi Demiri, dritat dhe muzika rrotullohen pas saj, ngroht\u00ebsia e saj shk\u00eblqen, \u201cUn\u00eb mendoj se ajo na p\u00ebrfaq\u00ebson t\u00eb gjith\u00ebve.\u201d<\/p>\n","protected":false},"excerpt":{"rendered":"<p>Festivali \u201cSunny Hill\u201d dhe performanca e Dua Lip\u00ebs ka b\u00ebr\u00eb buj\u00eb n\u00ebp\u00ebr mediat e huaja. S\u00eb fundmi, ka qen\u00eb revista prestigjioze \u201cElle\u201d, q\u00eb i ka kushtuar nj\u00eb artikull yllit shqiptar me titull: \u201cDua Lipa liberalizon shtetin m\u00eb t\u00eb ri\u201d dhe se si shqiptarja u b\u00eb nj\u00eb ambasadore nderi q\u00eb frym\u00ebzon t\u00eb rinjt\u00eb n\u00eb Kosov\u00eb. Revista [&hellip;]<\/p>\n","protected":false},"author":2,"featured_media":1998,"comment_status":"open","ping_status":"open","sticky":false,"template":"","format":"standard","meta":{"footnotes":""},"categories":[33],"tags":[],"class_list":{"0":"post-13318","1":"post","2":"type-post","3":"status-publish","4":"format-standard","5":"has-post-thumbnail","7":"category-showbiz"},"yoast_head":"<!-- This site is optimized with the Yoast SEO plugin v27.4 - https:\/\/yoast.com\/product\/yoast-seo-wordpress\/ -->\n<title>\u201cDua Lipa liberalizon shtetin m\u00eb t\u00eb ri t\u00eb Evrop\u00ebs\u201d, prestigjozja Elle p\u00ebr yllin shqiptar: Si po e frym\u00ebzon brezin e ri n\u00eb Kosov\u00eb - blogin.al<\/title>\n<meta name=\"robots\" content=\"index, follow, max-snippet:-1, max-image-preview:large, max-video-preview:-1\" \/>\n<link rel=\"canonical\" href=\"https:\/\/blogin.al\/?p=13318\" \/>\n<meta property=\"og:locale\" content=\"en_US\" \/>\n<meta property=\"og:type\" content=\"article\" \/>\n<meta property=\"og:title\" content=\"\u201cDua Lipa liberalizon shtetin m\u00eb t\u00eb ri t\u00eb Evrop\u00ebs\u201d, prestigjozja Elle p\u00ebr yllin shqiptar: Si po e frym\u00ebzon brezin e ri n\u00eb Kosov\u00eb - blogin.al\" \/>\n<meta property=\"og:description\" content=\"Festivali \u201cSunny Hill\u201d dhe performanca e Dua Lip\u00ebs ka b\u00ebr\u00eb buj\u00eb n\u00ebp\u00ebr mediat e huaja. S\u00eb fundmi, ka qen\u00eb revista prestigjioze \u201cElle\u201d, q\u00eb i ka kushtuar nj\u00eb artikull yllit shqiptar me titull: \u201cDua Lipa liberalizon shtetin m\u00eb t\u00eb ri\u201d dhe se si shqiptarja u b\u00eb nj\u00eb ambasadore nderi q\u00eb frym\u00ebzon t\u00eb rinjt\u00eb n\u00eb Kosov\u00eb. Revista [&hellip;]\" \/>\n<meta property=\"og:url\" content=\"https:\/\/blogin.al\/?p=13318\" \/>\n<meta property=\"og:site_name\" content=\"blogin.al\" \/>\n<meta property=\"article:published_time\" content=\"2022-08-27T16:33:16+00:00\" \/>\n<meta property=\"article:modified_time\" content=\"2022-08-27T16:33:18+00:00\" \/>\n<meta property=\"og:image\" content=\"https:\/\/blogin.al\/wp-content\/uploads\/2022\/04\/dua-lipa-1.jpg\" \/>\n\t<meta property=\"og:image:width\" content=\"2000\" \/>\n\t<meta property=\"og:image:height\" content=\"1333\" \/>\n\t<meta property=\"og:image:type\" content=\"image\/jpeg\" \/>\n<meta name=\"author\" content=\"Blogin al\" \/>\n<meta name=\"twitter:card\" content=\"summary_large_image\" \/>\n<meta name=\"twitter:label1\" content=\"Written by\" \/>\n\t<meta name=\"twitter:data1\" content=\"Blogin al\" \/>\n\t<meta name=\"twitter:label2\" content=\"Est. reading time\" \/>\n\t<meta name=\"twitter:data2\" content=\"6 minutes\" \/>\n<script type=\"application\/ld+json\" class=\"yoast-schema-graph\">{\"@context\":\"https:\\\/\\\/schema.org\",\"@graph\":[{\"@type\":\"Article\",\"@id\":\"https:\\\/\\\/blogin.al\\\/?p=13318#article\",\"isPartOf\":{\"@id\":\"https:\\\/\\\/blogin.al\\\/?p=13318\"},\"author\":{\"name\":\"Blogin al\",\"@id\":\"https:\\\/\\\/blogin.al\\\/#\\\/schema\\\/person\\\/abdd56bc912cd511db877b852b115399\"},\"headline\":\"\u201cDua Lipa liberalizon shtetin m\u00eb t\u00eb ri t\u00eb Evrop\u00ebs\u201d, prestigjozja Elle p\u00ebr yllin shqiptar: Si po e frym\u00ebzon brezin e ri n\u00eb Kosov\u00eb\",\"datePublished\":\"2022-08-27T16:33:16+00:00\",\"dateModified\":\"2022-08-27T16:33:18+00:00\",\"mainEntityOfPage\":{\"@id\":\"https:\\\/\\\/blogin.al\\\/?p=13318\"},\"wordCount\":1457,\"commentCount\":0,\"publisher\":{\"@id\":\"https:\\\/\\\/blogin.al\\\/#organization\"},\"image\":{\"@id\":\"https:\\\/\\\/blogin.al\\\/?p=13318#primaryimage\"},\"thumbnailUrl\":\"https:\\\/\\\/blogin.al\\\/wp-content\\\/uploads\\\/2022\\\/04\\\/dua-lipa-1.jpg\",\"articleSection\":[\"SHOWBIZ\"],\"inLanguage\":\"en-US\",\"potentialAction\":[{\"@type\":\"CommentAction\",\"name\":\"Comment\",\"target\":[\"https:\\\/\\\/blogin.al\\\/?p=13318#respond\"]}]},{\"@type\":\"WebPage\",\"@id\":\"https:\\\/\\\/blogin.al\\\/?p=13318\",\"url\":\"https:\\\/\\\/blogin.al\\\/?p=13318\",\"name\":\"\u201cDua Lipa liberalizon shtetin m\u00eb t\u00eb ri t\u00eb Evrop\u00ebs\u201d, prestigjozja Elle p\u00ebr yllin shqiptar: Si po e frym\u00ebzon brezin e ri n\u00eb Kosov\u00eb - blogin.al\",\"isPartOf\":{\"@id\":\"https:\\\/\\\/blogin.al\\\/#website\"},\"primaryImageOfPage\":{\"@id\":\"https:\\\/\\\/blogin.al\\\/?p=13318#primaryimage\"},\"image\":{\"@id\":\"https:\\\/\\\/blogin.al\\\/?p=13318#primaryimage\"},\"thumbnailUrl\":\"https:\\\/\\\/blogin.al\\\/wp-content\\\/uploads\\\/2022\\\/04\\\/dua-lipa-1.jpg\",\"datePublished\":\"2022-08-27T16:33:16+00:00\",\"dateModified\":\"2022-08-27T16:33:18+00:00\",\"breadcrumb\":{\"@id\":\"https:\\\/\\\/blogin.al\\\/?p=13318#breadcrumb\"},\"inLanguage\":\"en-US\",\"potentialAction\":[{\"@type\":\"ReadAction\",\"target\":[\"https:\\\/\\\/blogin.al\\\/?p=13318\"]}]},{\"@type\":\"ImageObject\",\"inLanguage\":\"en-US\",\"@id\":\"https:\\\/\\\/blogin.al\\\/?p=13318#primaryimage\",\"url\":\"https:\\\/\\\/blogin.al\\\/wp-content\\\/uploads\\\/2022\\\/04\\\/dua-lipa-1.jpg\",\"contentUrl\":\"https:\\\/\\\/blogin.al\\\/wp-content\\\/uploads\\\/2022\\\/04\\\/dua-lipa-1.jpg\",\"width\":2000,\"height\":1333,\"caption\":\"LOS ANGELES, CALIFORNIA - MARCH 14: Dua Lipa attends the 63rd Annual GRAMMY Awards at Los Angeles Convention Center on March 14, 2021 in Los Angeles, California. (Photo by Kevin Mazur\\\/Getty Images for The Recording Academy )\"},{\"@type\":\"BreadcrumbList\",\"@id\":\"https:\\\/\\\/blogin.al\\\/?p=13318#breadcrumb\",\"itemListElement\":[{\"@type\":\"ListItem\",\"position\":1,\"name\":\"Home\",\"item\":\"https:\\\/\\\/blogin.al\\\/\"},{\"@type\":\"ListItem\",\"position\":2,\"name\":\"\u201cDua Lipa liberalizon shtetin m\u00eb t\u00eb ri t\u00eb Evrop\u00ebs\u201d, prestigjozja Elle p\u00ebr yllin shqiptar: Si po e frym\u00ebzon brezin e ri n\u00eb Kosov\u00eb\"}]},{\"@type\":\"WebSite\",\"@id\":\"https:\\\/\\\/blogin.al\\\/#website\",\"url\":\"https:\\\/\\\/blogin.al\\\/\",\"name\":\"blogin.al\",\"description\":\"\",\"publisher\":{\"@id\":\"https:\\\/\\\/blogin.al\\\/#organization\"},\"potentialAction\":[{\"@type\":\"SearchAction\",\"target\":{\"@type\":\"EntryPoint\",\"urlTemplate\":\"https:\\\/\\\/blogin.al\\\/?s={search_term_string}\"},\"query-input\":{\"@type\":\"PropertyValueSpecification\",\"valueRequired\":true,\"valueName\":\"search_term_string\"}}],\"inLanguage\":\"en-US\"},{\"@type\":\"Organization\",\"@id\":\"https:\\\/\\\/blogin.al\\\/#organization\",\"name\":\"BLOGIN.al\",\"url\":\"https:\\\/\\\/blogin.al\\\/\",\"logo\":{\"@type\":\"ImageObject\",\"inLanguage\":\"en-US\",\"@id\":\"https:\\\/\\\/blogin.al\\\/#\\\/schema\\\/logo\\\/image\\\/\",\"url\":\"https:\\\/\\\/blogin.al\\\/wp-content\\\/uploads\\\/2022\\\/05\\\/Untitled-2-01-e1652084456514.png\",\"contentUrl\":\"https:\\\/\\\/blogin.al\\\/wp-content\\\/uploads\\\/2022\\\/05\\\/Untitled-2-01-e1652084456514.png\",\"width\":3723,\"height\":1698,\"caption\":\"BLOGIN.al\"},\"image\":{\"@id\":\"https:\\\/\\\/blogin.al\\\/#\\\/schema\\\/logo\\\/image\\\/\"},\"sameAs\":[\"https:\\\/\\\/instagram.com\\\/blogin.al\\\/\"]},{\"@type\":\"Person\",\"@id\":\"https:\\\/\\\/blogin.al\\\/#\\\/schema\\\/person\\\/abdd56bc912cd511db877b852b115399\",\"name\":\"Blogin al\",\"image\":{\"@type\":\"ImageObject\",\"inLanguage\":\"en-US\",\"@id\":\"https:\\\/\\\/secure.gravatar.com\\\/avatar\\\/60d5661aee6e835fb13dc75d2204cd0c1d61bef2efd137c0083e59ef831e235e?s=96&d=mm&r=g\",\"url\":\"https:\\\/\\\/secure.gravatar.com\\\/avatar\\\/60d5661aee6e835fb13dc75d2204cd0c1d61bef2efd137c0083e59ef831e235e?s=96&d=mm&r=g\",\"contentUrl\":\"https:\\\/\\\/secure.gravatar.com\\\/avatar\\\/60d5661aee6e835fb13dc75d2204cd0c1d61bef2efd137c0083e59ef831e235e?s=96&d=mm&r=g\",\"caption\":\"Blogin al\"},\"sameAs\":[\"https:\\\/\\\/blogin.al\"],\"url\":\"https:\\\/\\\/blogin.al\\\/?author=2\"}]}<\/script>\n<!-- \/ Yoast SEO plugin. -->","yoast_head_json":{"title":"\u201cDua Lipa liberalizon shtetin m\u00eb t\u00eb ri t\u00eb Evrop\u00ebs\u201d, prestigjozja Elle p\u00ebr yllin shqiptar: Si po e frym\u00ebzon brezin e ri n\u00eb Kosov\u00eb - blogin.al","robots":{"index":"index","follow":"follow","max-snippet":"max-snippet:-1","max-image-preview":"max-image-preview:large","max-video-preview":"max-video-preview:-1"},"canonical":"https:\/\/blogin.al\/?p=13318","og_locale":"en_US","og_type":"article","og_title":"\u201cDua Lipa liberalizon shtetin m\u00eb t\u00eb ri t\u00eb Evrop\u00ebs\u201d, prestigjozja Elle p\u00ebr yllin shqiptar: Si po e frym\u00ebzon brezin e ri n\u00eb Kosov\u00eb - blogin.al","og_description":"Festivali \u201cSunny Hill\u201d dhe performanca e Dua Lip\u00ebs ka b\u00ebr\u00eb buj\u00eb n\u00ebp\u00ebr mediat e huaja. S\u00eb fundmi, ka qen\u00eb revista prestigjioze \u201cElle\u201d, q\u00eb i ka kushtuar nj\u00eb artikull yllit shqiptar me titull: \u201cDua Lipa liberalizon shtetin m\u00eb t\u00eb ri\u201d dhe se si shqiptarja u b\u00eb nj\u00eb ambasadore nderi q\u00eb frym\u00ebzon t\u00eb rinjt\u00eb n\u00eb Kosov\u00eb. Revista [&hellip;]","og_url":"https:\/\/blogin.al\/?p=13318","og_site_name":"blogin.al","article_published_time":"2022-08-27T16:33:16+00:00","article_modified_time":"2022-08-27T16:33:18+00:00","og_image":[{"width":2000,"height":1333,"url":"https:\/\/blogin.al\/wp-content\/uploads\/2022\/04\/dua-lipa-1.jpg","type":"image\/jpeg"}],"author":"Blogin al","twitter_card":"summary_large_image","twitter_misc":{"Written by":"Blogin al","Est. reading time":"6 minutes"},"schema":{"@context":"https:\/\/schema.org","@graph":[{"@type":"Article","@id":"https:\/\/blogin.al\/?p=13318#article","isPartOf":{"@id":"https:\/\/blogin.al\/?p=13318"},"author":{"name":"Blogin al","@id":"https:\/\/blogin.al\/#\/schema\/person\/abdd56bc912cd511db877b852b115399"},"headline":"\u201cDua Lipa liberalizon shtetin m\u00eb t\u00eb ri t\u00eb Evrop\u00ebs\u201d, prestigjozja Elle p\u00ebr yllin shqiptar: Si po e frym\u00ebzon brezin e ri n\u00eb Kosov\u00eb","datePublished":"2022-08-27T16:33:16+00:00","dateModified":"2022-08-27T16:33:18+00:00","mainEntityOfPage":{"@id":"https:\/\/blogin.al\/?p=13318"},"wordCount":1457,"commentCount":0,"publisher":{"@id":"https:\/\/blogin.al\/#organization"},"image":{"@id":"https:\/\/blogin.al\/?p=13318#primaryimage"},"thumbnailUrl":"https:\/\/blogin.al\/wp-content\/uploads\/2022\/04\/dua-lipa-1.jpg","articleSection":["SHOWBIZ"],"inLanguage":"en-US","potentialAction":[{"@type":"CommentAction","name":"Comment","target":["https:\/\/blogin.al\/?p=13318#respond"]}]},{"@type":"WebPage","@id":"https:\/\/blogin.al\/?p=13318","url":"https:\/\/blogin.al\/?p=13318","name":"\u201cDua Lipa liberalizon shtetin m\u00eb t\u00eb ri t\u00eb Evrop\u00ebs\u201d, prestigjozja Elle p\u00ebr yllin shqiptar: Si po e frym\u00ebzon brezin e ri n\u00eb Kosov\u00eb - blogin.al","isPartOf":{"@id":"https:\/\/blogin.al\/#website"},"primaryImageOfPage":{"@id":"https:\/\/blogin.al\/?p=13318#primaryimage"},"image":{"@id":"https:\/\/blogin.al\/?p=13318#primaryimage"},"thumbnailUrl":"https:\/\/blogin.al\/wp-content\/uploads\/2022\/04\/dua-lipa-1.jpg","datePublished":"2022-08-27T16:33:16+00:00","dateModified":"2022-08-27T16:33:18+00:00","breadcrumb":{"@id":"https:\/\/blogin.al\/?p=13318#breadcrumb"},"inLanguage":"en-US","potentialAction":[{"@type":"ReadAction","target":["https:\/\/blogin.al\/?p=13318"]}]},{"@type":"ImageObject","inLanguage":"en-US","@id":"https:\/\/blogin.al\/?p=13318#primaryimage","url":"https:\/\/blogin.al\/wp-content\/uploads\/2022\/04\/dua-lipa-1.jpg","contentUrl":"https:\/\/blogin.al\/wp-content\/uploads\/2022\/04\/dua-lipa-1.jpg","width":2000,"height":1333,"caption":"LOS ANGELES, CALIFORNIA - MARCH 14: Dua Lipa attends the 63rd Annual GRAMMY Awards at Los Angeles Convention Center on March 14, 2021 in Los Angeles, California. (Photo by Kevin Mazur\/Getty Images for The Recording Academy )"},{"@type":"BreadcrumbList","@id":"https:\/\/blogin.al\/?p=13318#breadcrumb","itemListElement":[{"@type":"ListItem","position":1,"name":"Home","item":"https:\/\/blogin.al\/"},{"@type":"ListItem","position":2,"name":"\u201cDua Lipa liberalizon shtetin m\u00eb t\u00eb ri t\u00eb Evrop\u00ebs\u201d, prestigjozja Elle p\u00ebr yllin shqiptar: Si po e frym\u00ebzon brezin e ri n\u00eb Kosov\u00eb"}]},{"@type":"WebSite","@id":"https:\/\/blogin.al\/#website","url":"https:\/\/blogin.al\/","name":"blogin.al","description":"","publisher":{"@id":"https:\/\/blogin.al\/#organization"},"potentialAction":[{"@type":"SearchAction","target":{"@type":"EntryPoint","urlTemplate":"https:\/\/blogin.al\/?s={search_term_string}"},"query-input":{"@type":"PropertyValueSpecification","valueRequired":true,"valueName":"search_term_string"}}],"inLanguage":"en-US"},{"@type":"Organization","@id":"https:\/\/blogin.al\/#organization","name":"BLOGIN.al","url":"https:\/\/blogin.al\/","logo":{"@type":"ImageObject","inLanguage":"en-US","@id":"https:\/\/blogin.al\/#\/schema\/logo\/image\/","url":"https:\/\/blogin.al\/wp-content\/uploads\/2022\/05\/Untitled-2-01-e1652084456514.png","contentUrl":"https:\/\/blogin.al\/wp-content\/uploads\/2022\/05\/Untitled-2-01-e1652084456514.png","width":3723,"height":1698,"caption":"BLOGIN.al"},"image":{"@id":"https:\/\/blogin.al\/#\/schema\/logo\/image\/"},"sameAs":["https:\/\/instagram.com\/blogin.al\/"]},{"@type":"Person","@id":"https:\/\/blogin.al\/#\/schema\/person\/abdd56bc912cd511db877b852b115399","name":"Blogin al","image":{"@type":"ImageObject","inLanguage":"en-US","@id":"https:\/\/secure.gravatar.com\/avatar\/60d5661aee6e835fb13dc75d2204cd0c1d61bef2efd137c0083e59ef831e235e?s=96&d=mm&r=g","url":"https:\/\/secure.gravatar.com\/avatar\/60d5661aee6e835fb13dc75d2204cd0c1d61bef2efd137c0083e59ef831e235e?s=96&d=mm&r=g","contentUrl":"https:\/\/secure.gravatar.com\/avatar\/60d5661aee6e835fb13dc75d2204cd0c1d61bef2efd137c0083e59ef831e235e?s=96&d=mm&r=g","caption":"Blogin al"},"sameAs":["https:\/\/blogin.al"],"url":"https:\/\/blogin.al\/?author=2"}]}},"_links":{"self":[{"href":"https:\/\/blogin.al\/index.php?rest_route=\/wp\/v2\/posts\/13318","targetHints":{"allow":["GET"]}}],"collection":[{"href":"https:\/\/blogin.al\/index.php?rest_route=\/wp\/v2\/posts"}],"about":[{"href":"https:\/\/blogin.al\/index.php?rest_route=\/wp\/v2\/types\/post"}],"author":[{"embeddable":true,"href":"https:\/\/blogin.al\/index.php?rest_route=\/wp\/v2\/users\/2"}],"replies":[{"embeddable":true,"href":"https:\/\/blogin.al\/index.php?rest_route=%2Fwp%2Fv2%2Fcomments&post=13318"}],"version-history":[{"count":1,"href":"https:\/\/blogin.al\/index.php?rest_route=\/wp\/v2\/posts\/13318\/revisions"}],"predecessor-version":[{"id":13320,"href":"https:\/\/blogin.al\/index.php?rest_route=\/wp\/v2\/posts\/13318\/revisions\/13320"}],"wp:featuredmedia":[{"embeddable":true,"href":"https:\/\/blogin.al\/index.php?rest_route=\/wp\/v2\/media\/1998"}],"wp:attachment":[{"href":"https:\/\/blogin.al\/index.php?rest_route=%2Fwp%2Fv2%2Fmedia&parent=13318"}],"wp:term":[{"taxonomy":"category","embeddable":true,"href":"https:\/\/blogin.al\/index.php?rest_route=%2Fwp%2Fv2%2Fcategories&post=13318"},{"taxonomy":"post_tag","embeddable":true,"href":"https:\/\/blogin.al\/index.php?rest_route=%2Fwp%2Fv2%2Ftags&post=13318"}],"curies":[{"name":"wp","href":"https:\/\/api.w.org\/{rel}","templated":true}]}}