{"id":13326,"date":"2022-08-27T16:47:48","date_gmt":"2022-08-27T16:47:48","guid":{"rendered":"https:\/\/blogin.al\/?p=13326"},"modified":"2022-08-27T16:47:50","modified_gmt":"2022-08-27T16:47:50","slug":"kengetarja-e-njohur-turke-arrestohet-per-nje-shaka-qe-beri-per-shkollat-fetare","status":"publish","type":"post","link":"https:\/\/blogin.al\/?p=13326","title":{"rendered":"K\u00ebng\u00ebtarja e njohur turke arrestohet p\u00ebr nj\u00eb shaka q\u00eb b\u00ebri p\u00ebr shkollat fetare"},"content":{"rendered":"\n<p>K\u00ebng\u00ebtarja turke Gulsen \u00ebsht\u00eb arrestuar dhe akuzuar p\u00ebr nxitje t\u00eb urrejtjes p\u00ebr nj\u00eb shaka q\u00eb ka b\u00ebr\u00eb me shkollat \u200b\u200bfetare, sipas agjencis\u00eb shtet\u00ebrore t\u00eb lajmeve Anadolu. Akuzat lidhen me nj\u00eb koment q\u00eb b\u00ebri n\u00eb nj\u00eb koncert q\u00eb mbajti n\u00eb prill, kur ajo b\u00ebri shaka p\u00ebr nj\u00eb nga muzikant\u00ebt.<\/p>\n\n\n\n<p>\u201cAi u diplomua n\u00eb Imam Hatip (shkolla fetare) nga vjen ana e tij perverse,\u201d tha ajo. Ajo k\u00ebmb\u00ebnguli n\u00eb d\u00ebshmin\u00eb e saj n\u00eb prokurori se ishte nj\u00eb \u201cshaka mes koleg\u00ebve\u201d dhe k\u00ebrkoi t\u00eb lirohej duke th\u00ebn\u00eb se kishte nj\u00eb f\u00ebmij\u00eb p\u00ebr t\u00eb cilin duhej t\u00eb kujdesej dhe se do t\u00eb paraqitej n\u00eb polici kur t\u00eb ishte e nevojshme.<\/p>\n\n\n\n<p>Gulsen ka qen\u00eb m\u00eb par\u00eb n\u00eb sh\u00ebnjest\u00ebr t\u00eb grupeve konservatore turke p\u00ebr veshjet provokuese n\u00eb sken\u00eb dhe mb\u00ebshtetjen p\u00ebr komunitetin LGBTQ.<br>T\u00eb shumta kan\u00eb qen\u00eb reagimet e njer\u00ebzve t\u00eb thjesht\u00eb, personazhe t\u00eb njohur, madje edhe partive politike duke e cil\u00ebsuar arrestimin si t\u00eb padrejt\u00eb.<\/p>\n\n\n\n<p>K\u00ebng\u00ebtari turk Tarkan shkroi se \u201ckjo padrejt\u00ebsi ndaj Gulsen duhet t\u00eb marr\u00eb fund\u201d. \u201c<em>Ata i ndjekin penalisht t\u00eb pa arrestuarit dhe ndonj\u00ebher\u00eb edhe i lirojn\u00eb pa gjyq personat q\u00eb abuzojn\u00eb seksualisht me f\u00ebmij\u00eb, vrasin gra, p\u00ebrdhunojn\u00eb gra, por kur b\u00ebhet fjal\u00eb p\u00ebr Gulsen, ata marrin masa shpejt.<\/em><\/p>\n\n\n\n<p><em>Sistemi yn\u00eb ligjor, i cili injoron ata q\u00eb jan\u00eb t\u00eb korruptuar, vjedhin, shkelin ligjin, prekin natyr\u00ebn, vrasin kafsh\u00ebt, p\u00ebrdorin fen\u00eb si mjet p\u00ebr idet\u00eb e tyre fanatizmale dhe polarizojn\u00eb shoq\u00ebrin\u00eb, arrestojn\u00eb Gulsen me nj\u00eb goditje<\/em>\u201d, shkroi ai.<\/p>\n","protected":false},"excerpt":{"rendered":"<p>K\u00ebng\u00ebtarja turke Gulsen \u00ebsht\u00eb arrestuar dhe akuzuar p\u00ebr nxitje t\u00eb urrejtjes p\u00ebr nj\u00eb shaka q\u00eb ka b\u00ebr\u00eb me shkollat \u200b\u200bfetare, sipas agjencis\u00eb shtet\u00ebrore t\u00eb lajmeve Anadolu. Akuzat lidhen me nj\u00eb koment q\u00eb b\u00ebri n\u00eb nj\u00eb koncert q\u00eb mbajti n\u00eb prill, kur ajo b\u00ebri shaka p\u00ebr nj\u00eb nga muzikant\u00ebt. \u201cAi u diplomua n\u00eb Imam Hatip (shkolla [&hellip;]<\/p>\n","protected":false},"author":2,"featured_media":13327,"comment_status":"open","ping_status":"open","sticky":false,"template":"","format":"standard","meta":{"footnotes":""},"categories":[33],"tags":[],"class_list":{"0":"post-13326","1":"post","2":"type-post","3":"status-publish","4":"format-standard","5":"has-post-thumbnail","7":"category-showbiz"},"yoast_head":"<!-- This site is optimized with the Yoast SEO plugin v27.4 - https:\/\/yoast.com\/product\/yoast-seo-wordpress\/ -->\n<title>K\u00ebng\u00ebtarja e njohur turke arrestohet p\u00ebr nj\u00eb shaka q\u00eb b\u00ebri p\u00ebr shkollat fetare - blogin.al<\/title>\n<meta name=\"robots\" content=\"index, follow, max-snippet:-1, max-image-preview:large, max-video-preview:-1\" \/>\n<link rel=\"canonical\" href=\"https:\/\/blogin.al\/?p=13326\" \/>\n<meta property=\"og:locale\" content=\"en_US\" \/>\n<meta property=\"og:type\" content=\"article\" \/>\n<meta property=\"og:title\" content=\"K\u00ebng\u00ebtarja e njohur turke arrestohet p\u00ebr nj\u00eb shaka q\u00eb b\u00ebri p\u00ebr shkollat fetare - blogin.al\" \/>\n<meta property=\"og:description\" content=\"K\u00ebng\u00ebtarja turke Gulsen \u00ebsht\u00eb arrestuar dhe akuzuar p\u00ebr nxitje t\u00eb urrejtjes p\u00ebr nj\u00eb shaka q\u00eb ka b\u00ebr\u00eb me shkollat \u200b\u200bfetare, sipas agjencis\u00eb shtet\u00ebrore t\u00eb lajmeve Anadolu. Akuzat lidhen me nj\u00eb koment q\u00eb b\u00ebri n\u00eb nj\u00eb koncert q\u00eb mbajti n\u00eb prill, kur ajo b\u00ebri shaka p\u00ebr nj\u00eb nga muzikant\u00ebt. \u201cAi u diplomua n\u00eb Imam Hatip (shkolla [&hellip;]\" \/>\n<meta property=\"og:url\" content=\"https:\/\/blogin.al\/?p=13326\" \/>\n<meta property=\"og:site_name\" content=\"blogin.al\" \/>\n<meta property=\"article:published_time\" content=\"2022-08-27T16:47:48+00:00\" \/>\n<meta property=\"article:modified_time\" content=\"2022-08-27T16:47:50+00:00\" \/>\n<meta property=\"og:image\" content=\"https:\/\/blogin.al\/wp-content\/uploads\/2022\/08\/gulsen.jpg\" \/>\n\t<meta property=\"og:image:width\" content=\"640\" \/>\n\t<meta property=\"og:image:height\" content=\"480\" \/>\n\t<meta property=\"og:image:type\" content=\"image\/jpeg\" \/>\n<meta name=\"author\" content=\"Blogin al\" \/>\n<meta name=\"twitter:card\" content=\"summary_large_image\" \/>\n<meta name=\"twitter:label1\" content=\"Written by\" \/>\n\t<meta name=\"twitter:data1\" content=\"Blogin al\" \/>\n\t<meta name=\"twitter:label2\" content=\"Est. reading time\" \/>\n\t<meta name=\"twitter:data2\" content=\"2 minutes\" \/>\n<script type=\"application\/ld+json\" class=\"yoast-schema-graph\">{\"@context\":\"https:\\\/\\\/schema.org\",\"@graph\":[{\"@type\":\"Article\",\"@id\":\"https:\\\/\\\/blogin.al\\\/?p=13326#article\",\"isPartOf\":{\"@id\":\"https:\\\/\\\/blogin.al\\\/?p=13326\"},\"author\":{\"name\":\"Blogin al\",\"@id\":\"https:\\\/\\\/blogin.al\\\/#\\\/schema\\\/person\\\/abdd56bc912cd511db877b852b115399\"},\"headline\":\"K\u00ebng\u00ebtarja e njohur turke arrestohet p\u00ebr nj\u00eb shaka q\u00eb b\u00ebri p\u00ebr shkollat fetare\",\"datePublished\":\"2022-08-27T16:47:48+00:00\",\"dateModified\":\"2022-08-27T16:47:50+00:00\",\"mainEntityOfPage\":{\"@id\":\"https:\\\/\\\/blogin.al\\\/?p=13326\"},\"wordCount\":290,\"commentCount\":0,\"publisher\":{\"@id\":\"https:\\\/\\\/blogin.al\\\/#organization\"},\"image\":{\"@id\":\"https:\\\/\\\/blogin.al\\\/?p=13326#primaryimage\"},\"thumbnailUrl\":\"https:\\\/\\\/blogin.al\\\/wp-content\\\/uploads\\\/2022\\\/08\\\/gulsen.jpg\",\"articleSection\":[\"SHOWBIZ\"],\"inLanguage\":\"en-US\",\"potentialAction\":[{\"@type\":\"CommentAction\",\"name\":\"Comment\",\"target\":[\"https:\\\/\\\/blogin.al\\\/?p=13326#respond\"]}]},{\"@type\":\"WebPage\",\"@id\":\"https:\\\/\\\/blogin.al\\\/?p=13326\",\"url\":\"https:\\\/\\\/blogin.al\\\/?p=13326\",\"name\":\"K\u00ebng\u00ebtarja e njohur turke arrestohet p\u00ebr nj\u00eb shaka q\u00eb b\u00ebri p\u00ebr shkollat fetare - blogin.al\",\"isPartOf\":{\"@id\":\"https:\\\/\\\/blogin.al\\\/#website\"},\"primaryImageOfPage\":{\"@id\":\"https:\\\/\\\/blogin.al\\\/?p=13326#primaryimage\"},\"image\":{\"@id\":\"https:\\\/\\\/blogin.al\\\/?p=13326#primaryimage\"},\"thumbnailUrl\":\"https:\\\/\\\/blogin.al\\\/wp-content\\\/uploads\\\/2022\\\/08\\\/gulsen.jpg\",\"datePublished\":\"2022-08-27T16:47:48+00:00\",\"dateModified\":\"2022-08-27T16:47:50+00:00\",\"breadcrumb\":{\"@id\":\"https:\\\/\\\/blogin.al\\\/?p=13326#breadcrumb\"},\"inLanguage\":\"en-US\",\"potentialAction\":[{\"@type\":\"ReadAction\",\"target\":[\"https:\\\/\\\/blogin.al\\\/?p=13326\"]}]},{\"@type\":\"ImageObject\",\"inLanguage\":\"en-US\",\"@id\":\"https:\\\/\\\/blogin.al\\\/?p=13326#primaryimage\",\"url\":\"https:\\\/\\\/blogin.al\\\/wp-content\\\/uploads\\\/2022\\\/08\\\/gulsen.jpg\",\"contentUrl\":\"https:\\\/\\\/blogin.al\\\/wp-content\\\/uploads\\\/2022\\\/08\\\/gulsen.jpg\",\"width\":640,\"height\":480},{\"@type\":\"BreadcrumbList\",\"@id\":\"https:\\\/\\\/blogin.al\\\/?p=13326#breadcrumb\",\"itemListElement\":[{\"@type\":\"ListItem\",\"position\":1,\"name\":\"Home\",\"item\":\"https:\\\/\\\/blogin.al\\\/\"},{\"@type\":\"ListItem\",\"position\":2,\"name\":\"K\u00ebng\u00ebtarja e njohur turke arrestohet p\u00ebr nj\u00eb shaka q\u00eb b\u00ebri p\u00ebr shkollat fetare\"}]},{\"@type\":\"WebSite\",\"@id\":\"https:\\\/\\\/blogin.al\\\/#website\",\"url\":\"https:\\\/\\\/blogin.al\\\/\",\"name\":\"blogin.al\",\"description\":\"\",\"publisher\":{\"@id\":\"https:\\\/\\\/blogin.al\\\/#organization\"},\"potentialAction\":[{\"@type\":\"SearchAction\",\"target\":{\"@type\":\"EntryPoint\",\"urlTemplate\":\"https:\\\/\\\/blogin.al\\\/?s={search_term_string}\"},\"query-input\":{\"@type\":\"PropertyValueSpecification\",\"valueRequired\":true,\"valueName\":\"search_term_string\"}}],\"inLanguage\":\"en-US\"},{\"@type\":\"Organization\",\"@id\":\"https:\\\/\\\/blogin.al\\\/#organization\",\"name\":\"BLOGIN.al\",\"url\":\"https:\\\/\\\/blogin.al\\\/\",\"logo\":{\"@type\":\"ImageObject\",\"inLanguage\":\"en-US\",\"@id\":\"https:\\\/\\\/blogin.al\\\/#\\\/schema\\\/logo\\\/image\\\/\",\"url\":\"https:\\\/\\\/blogin.al\\\/wp-content\\\/uploads\\\/2022\\\/05\\\/Untitled-2-01-e1652084456514.png\",\"contentUrl\":\"https:\\\/\\\/blogin.al\\\/wp-content\\\/uploads\\\/2022\\\/05\\\/Untitled-2-01-e1652084456514.png\",\"width\":3723,\"height\":1698,\"caption\":\"BLOGIN.al\"},\"image\":{\"@id\":\"https:\\\/\\\/blogin.al\\\/#\\\/schema\\\/logo\\\/image\\\/\"},\"sameAs\":[\"https:\\\/\\\/instagram.com\\\/blogin.al\\\/\"]},{\"@type\":\"Person\",\"@id\":\"https:\\\/\\\/blogin.al\\\/#\\\/schema\\\/person\\\/abdd56bc912cd511db877b852b115399\",\"name\":\"Blogin al\",\"image\":{\"@type\":\"ImageObject\",\"inLanguage\":\"en-US\",\"@id\":\"https:\\\/\\\/secure.gravatar.com\\\/avatar\\\/60d5661aee6e835fb13dc75d2204cd0c1d61bef2efd137c0083e59ef831e235e?s=96&d=mm&r=g\",\"url\":\"https:\\\/\\\/secure.gravatar.com\\\/avatar\\\/60d5661aee6e835fb13dc75d2204cd0c1d61bef2efd137c0083e59ef831e235e?s=96&d=mm&r=g\",\"contentUrl\":\"https:\\\/\\\/secure.gravatar.com\\\/avatar\\\/60d5661aee6e835fb13dc75d2204cd0c1d61bef2efd137c0083e59ef831e235e?s=96&d=mm&r=g\",\"caption\":\"Blogin al\"},\"sameAs\":[\"https:\\\/\\\/blogin.al\"],\"url\":\"https:\\\/\\\/blogin.al\\\/?author=2\"}]}<\/script>\n<!-- \/ Yoast SEO plugin. -->","yoast_head_json":{"title":"K\u00ebng\u00ebtarja e njohur turke arrestohet p\u00ebr nj\u00eb shaka q\u00eb b\u00ebri p\u00ebr shkollat fetare - blogin.al","robots":{"index":"index","follow":"follow","max-snippet":"max-snippet:-1","max-image-preview":"max-image-preview:large","max-video-preview":"max-video-preview:-1"},"canonical":"https:\/\/blogin.al\/?p=13326","og_locale":"en_US","og_type":"article","og_title":"K\u00ebng\u00ebtarja e njohur turke arrestohet p\u00ebr nj\u00eb shaka q\u00eb b\u00ebri p\u00ebr shkollat fetare - blogin.al","og_description":"K\u00ebng\u00ebtarja turke Gulsen \u00ebsht\u00eb arrestuar dhe akuzuar p\u00ebr nxitje t\u00eb urrejtjes p\u00ebr nj\u00eb shaka q\u00eb ka b\u00ebr\u00eb me shkollat \u200b\u200bfetare, sipas agjencis\u00eb shtet\u00ebrore t\u00eb lajmeve Anadolu. Akuzat lidhen me nj\u00eb koment q\u00eb b\u00ebri n\u00eb nj\u00eb koncert q\u00eb mbajti n\u00eb prill, kur ajo b\u00ebri shaka p\u00ebr nj\u00eb nga muzikant\u00ebt. \u201cAi u diplomua n\u00eb Imam Hatip (shkolla [&hellip;]","og_url":"https:\/\/blogin.al\/?p=13326","og_site_name":"blogin.al","article_published_time":"2022-08-27T16:47:48+00:00","article_modified_time":"2022-08-27T16:47:50+00:00","og_image":[{"width":640,"height":480,"url":"https:\/\/blogin.al\/wp-content\/uploads\/2022\/08\/gulsen.jpg","type":"image\/jpeg"}],"author":"Blogin al","twitter_card":"summary_large_image","twitter_misc":{"Written by":"Blogin al","Est. reading time":"2 minutes"},"schema":{"@context":"https:\/\/schema.org","@graph":[{"@type":"Article","@id":"https:\/\/blogin.al\/?p=13326#article","isPartOf":{"@id":"https:\/\/blogin.al\/?p=13326"},"author":{"name":"Blogin al","@id":"https:\/\/blogin.al\/#\/schema\/person\/abdd56bc912cd511db877b852b115399"},"headline":"K\u00ebng\u00ebtarja e njohur turke arrestohet p\u00ebr nj\u00eb shaka q\u00eb b\u00ebri p\u00ebr shkollat fetare","datePublished":"2022-08-27T16:47:48+00:00","dateModified":"2022-08-27T16:47:50+00:00","mainEntityOfPage":{"@id":"https:\/\/blogin.al\/?p=13326"},"wordCount":290,"commentCount":0,"publisher":{"@id":"https:\/\/blogin.al\/#organization"},"image":{"@id":"https:\/\/blogin.al\/?p=13326#primaryimage"},"thumbnailUrl":"https:\/\/blogin.al\/wp-content\/uploads\/2022\/08\/gulsen.jpg","articleSection":["SHOWBIZ"],"inLanguage":"en-US","potentialAction":[{"@type":"CommentAction","name":"Comment","target":["https:\/\/blogin.al\/?p=13326#respond"]}]},{"@type":"WebPage","@id":"https:\/\/blogin.al\/?p=13326","url":"https:\/\/blogin.al\/?p=13326","name":"K\u00ebng\u00ebtarja e njohur turke arrestohet p\u00ebr nj\u00eb shaka q\u00eb b\u00ebri p\u00ebr shkollat fetare - blogin.al","isPartOf":{"@id":"https:\/\/blogin.al\/#website"},"primaryImageOfPage":{"@id":"https:\/\/blogin.al\/?p=13326#primaryimage"},"image":{"@id":"https:\/\/blogin.al\/?p=13326#primaryimage"},"thumbnailUrl":"https:\/\/blogin.al\/wp-content\/uploads\/2022\/08\/gulsen.jpg","datePublished":"2022-08-27T16:47:48+00:00","dateModified":"2022-08-27T16:47:50+00:00","breadcrumb":{"@id":"https:\/\/blogin.al\/?p=13326#breadcrumb"},"inLanguage":"en-US","potentialAction":[{"@type":"ReadAction","target":["https:\/\/blogin.al\/?p=13326"]}]},{"@type":"ImageObject","inLanguage":"en-US","@id":"https:\/\/blogin.al\/?p=13326#primaryimage","url":"https:\/\/blogin.al\/wp-content\/uploads\/2022\/08\/gulsen.jpg","contentUrl":"https:\/\/blogin.al\/wp-content\/uploads\/2022\/08\/gulsen.jpg","width":640,"height":480},{"@type":"BreadcrumbList","@id":"https:\/\/blogin.al\/?p=13326#breadcrumb","itemListElement":[{"@type":"ListItem","position":1,"name":"Home","item":"https:\/\/blogin.al\/"},{"@type":"ListItem","position":2,"name":"K\u00ebng\u00ebtarja e njohur turke arrestohet p\u00ebr nj\u00eb shaka q\u00eb b\u00ebri p\u00ebr shkollat fetare"}]},{"@type":"WebSite","@id":"https:\/\/blogin.al\/#website","url":"https:\/\/blogin.al\/","name":"blogin.al","description":"","publisher":{"@id":"https:\/\/blogin.al\/#organization"},"potentialAction":[{"@type":"SearchAction","target":{"@type":"EntryPoint","urlTemplate":"https:\/\/blogin.al\/?s={search_term_string}"},"query-input":{"@type":"PropertyValueSpecification","valueRequired":true,"valueName":"search_term_string"}}],"inLanguage":"en-US"},{"@type":"Organization","@id":"https:\/\/blogin.al\/#organization","name":"BLOGIN.al","url":"https:\/\/blogin.al\/","logo":{"@type":"ImageObject","inLanguage":"en-US","@id":"https:\/\/blogin.al\/#\/schema\/logo\/image\/","url":"https:\/\/blogin.al\/wp-content\/uploads\/2022\/05\/Untitled-2-01-e1652084456514.png","contentUrl":"https:\/\/blogin.al\/wp-content\/uploads\/2022\/05\/Untitled-2-01-e1652084456514.png","width":3723,"height":1698,"caption":"BLOGIN.al"},"image":{"@id":"https:\/\/blogin.al\/#\/schema\/logo\/image\/"},"sameAs":["https:\/\/instagram.com\/blogin.al\/"]},{"@type":"Person","@id":"https:\/\/blogin.al\/#\/schema\/person\/abdd56bc912cd511db877b852b115399","name":"Blogin al","image":{"@type":"ImageObject","inLanguage":"en-US","@id":"https:\/\/secure.gravatar.com\/avatar\/60d5661aee6e835fb13dc75d2204cd0c1d61bef2efd137c0083e59ef831e235e?s=96&d=mm&r=g","url":"https:\/\/secure.gravatar.com\/avatar\/60d5661aee6e835fb13dc75d2204cd0c1d61bef2efd137c0083e59ef831e235e?s=96&d=mm&r=g","contentUrl":"https:\/\/secure.gravatar.com\/avatar\/60d5661aee6e835fb13dc75d2204cd0c1d61bef2efd137c0083e59ef831e235e?s=96&d=mm&r=g","caption":"Blogin al"},"sameAs":["https:\/\/blogin.al"],"url":"https:\/\/blogin.al\/?author=2"}]}},"_links":{"self":[{"href":"https:\/\/blogin.al\/index.php?rest_route=\/wp\/v2\/posts\/13326","targetHints":{"allow":["GET"]}}],"collection":[{"href":"https:\/\/blogin.al\/index.php?rest_route=\/wp\/v2\/posts"}],"about":[{"href":"https:\/\/blogin.al\/index.php?rest_route=\/wp\/v2\/types\/post"}],"author":[{"embeddable":true,"href":"https:\/\/blogin.al\/index.php?rest_route=\/wp\/v2\/users\/2"}],"replies":[{"embeddable":true,"href":"https:\/\/blogin.al\/index.php?rest_route=%2Fwp%2Fv2%2Fcomments&post=13326"}],"version-history":[{"count":1,"href":"https:\/\/blogin.al\/index.php?rest_route=\/wp\/v2\/posts\/13326\/revisions"}],"predecessor-version":[{"id":13328,"href":"https:\/\/blogin.al\/index.php?rest_route=\/wp\/v2\/posts\/13326\/revisions\/13328"}],"wp:featuredmedia":[{"embeddable":true,"href":"https:\/\/blogin.al\/index.php?rest_route=\/wp\/v2\/media\/13327"}],"wp:attachment":[{"href":"https:\/\/blogin.al\/index.php?rest_route=%2Fwp%2Fv2%2Fmedia&parent=13326"}],"wp:term":[{"taxonomy":"category","embeddable":true,"href":"https:\/\/blogin.al\/index.php?rest_route=%2Fwp%2Fv2%2Fcategories&post=13326"},{"taxonomy":"post_tag","embeddable":true,"href":"https:\/\/blogin.al\/index.php?rest_route=%2Fwp%2Fv2%2Ftags&post=13326"}],"curies":[{"name":"wp","href":"https:\/\/api.w.org\/{rel}","templated":true}]}}