{"id":13357,"date":"2022-08-27T18:23:14","date_gmt":"2022-08-27T18:23:14","guid":{"rendered":"https:\/\/blogin.al\/?p=13357"},"modified":"2022-08-27T18:23:16","modified_gmt":"2022-08-27T18:23:16","slug":"bojken-lako-puthje-ne-buze-me-te-dashuren-para-syve-te-semi-jaupajt-ne-eventin-qe-i-beri-bashke","status":"publish","type":"post","link":"https:\/\/blogin.al\/?p=13357","title":{"rendered":"Bojken Lako puthje n\u00eb buz\u00eb me t\u00eb dashur\u00ebn para syve t\u00eb Semi Jaupajt n\u00eb eventin q\u00eb i b\u00ebri bashk\u00eb"},"content":{"rendered":"\n<p>Bojken Lako dhe Semi Jaupaj kan\u00eb qen\u00eb mbr\u00ebmjen e djeshme t\u00eb dy n\u00eb \u2018Sunny Hill Festival\u2019. Vet\u00ebm se kantautori ka qen\u00eb me t\u00eb dashur\u00ebn e re, kurse Semi me Bora Zemanin dhe menaxherin e saj.<\/p>\n\n\n\n<p>Bojken ka nisur nj\u00eb lidhje t\u00eb re prej muajsh dhe ka l\u00ebn\u00eb pas historin\u00eb me\u00a0k\u00ebng\u00ebtaren. Ndon\u00ebse ai nuk e ka zbuluar se kush \u00ebsht\u00eb vajza q\u00eb ia ka marr\u00eb zemr\u00ebn ai nuk fshihet m\u00eb dhe shfaqet me t\u00eb publikisht. Mbr\u00ebmjen e djeshme \u00e7ifti jan\u00eb fotografuar n\u00eb momente intime dhe duke shk\u00ebmbyer puthje n\u00eb buz\u00eb.<\/p>\n\n\n\n<figure class=\"wp-block-image size-large is-style-default\"><img fetchpriority=\"high\" decoding=\"async\" width=\"769\" height=\"1024\" src=\"https:\/\/blogin.al\/wp-content\/uploads\/2022\/08\/bojken-769x1024.jpeg\" alt=\"\" class=\"wp-image-13358\" srcset=\"https:\/\/blogin.al\/wp-content\/uploads\/2022\/08\/bojken-769x1024.jpeg 769w, https:\/\/blogin.al\/wp-content\/uploads\/2022\/08\/bojken-225x300.jpeg 225w, https:\/\/blogin.al\/wp-content\/uploads\/2022\/08\/bojken-768x1023.jpeg 768w, https:\/\/blogin.al\/wp-content\/uploads\/2022\/08\/bojken-150x200.jpeg 150w, https:\/\/blogin.al\/wp-content\/uploads\/2022\/08\/bojken-300x399.jpeg 300w, https:\/\/blogin.al\/wp-content\/uploads\/2022\/08\/bojken-696x927.jpeg 696w, https:\/\/blogin.al\/wp-content\/uploads\/2022\/08\/bojken-1068x1422.jpeg 1068w, https:\/\/blogin.al\/wp-content\/uploads\/2022\/08\/bojken.jpeg 1080w\" sizes=\"(max-width: 769px) 100vw, 769px\" \/><\/figure>\n\n\n\n<p>E dashura e artistit \u00ebsht\u00eb e panjohur p\u00ebr publikun por kjo nuk e ka penguar \u00e7iftin t\u00eb shfaqte dashurin\u00eb n\u00eb publik. Madje edhe n\u00eb nj\u00eb ambient ku ndodhet ish- e dashura e tij. Semi ka postuar n\u00eb rrjetet sociale nj\u00eb foto me moderatoren dhe menaxherin nd\u00ebrsa t\u00eb gjith\u00eb jan\u00eb kurioz\u00eb t\u00eb din\u00eb se \u00e7far\u00eb mendimi ka ajo p\u00ebr lidhjen e re t\u00eb Bojken.<\/p>\n\n\n\n<figure class=\"wp-block-image size-large is-style-default\"><img decoding=\"async\" width=\"523\" height=\"1024\" src=\"https:\/\/blogin.al\/wp-content\/uploads\/2022\/08\/semi-523x1024.jpeg\" alt=\"\" class=\"wp-image-13359\" srcset=\"https:\/\/blogin.al\/wp-content\/uploads\/2022\/08\/semi-523x1024.jpeg 523w, https:\/\/blogin.al\/wp-content\/uploads\/2022\/08\/semi-153x300.jpeg 153w, https:\/\/blogin.al\/wp-content\/uploads\/2022\/08\/semi-150x294.jpeg 150w, https:\/\/blogin.al\/wp-content\/uploads\/2022\/08\/semi-300x587.jpeg 300w, https:\/\/blogin.al\/wp-content\/uploads\/2022\/08\/semi.jpeg 654w\" sizes=\"(max-width: 523px) 100vw, 523px\" \/><\/figure>\n\n\n\n<p>Nga ana tjet\u00ebr,\u00a0Semi \u00ebsht\u00eb p\u00ebrfolur gjat\u00eb\u00a0muajve t\u00eb fundit p\u00ebr nj\u00eb romanc\u00eb me k\u00ebng\u00ebtarin Ron Zaiti. Ata soll\u00ebn nj\u00eb bashk\u00ebpunim me titullin\u00a0 \u201cAll Your Lovin\u201d,\u00a0q\u00eb ndezi dyshime se mes dyshes mund t\u00eb ket\u00eb lindur nj\u00eb romanc\u00eb. Teksa dy protagonist\u00ebt zgjodh\u00ebn t\u00eb heshtin, \u201cPrive\u201d konfirmoi q\u00eb marr\u00ebdh\u00ebnia e nd\u00ebrtuar \u201cblic\u201d ka p\u00ebrfunduar me kaq dhe dyshja kan\u00eb zgjedhur t\u00eb mbeten vet\u00ebm shok\u00eb.<\/p>\n\n\n\n<figure class=\"wp-block-image size-full is-style-default\"><img decoding=\"async\" width=\"875\" height=\"755\" src=\"https:\/\/blogin.al\/wp-content\/uploads\/2022\/08\/semi-jaupaj-ron-zaiti-.png\" alt=\"\" class=\"wp-image-13360\" srcset=\"https:\/\/blogin.al\/wp-content\/uploads\/2022\/08\/semi-jaupaj-ron-zaiti-.png 875w, https:\/\/blogin.al\/wp-content\/uploads\/2022\/08\/semi-jaupaj-ron-zaiti--300x259.png 300w, https:\/\/blogin.al\/wp-content\/uploads\/2022\/08\/semi-jaupaj-ron-zaiti--768x663.png 768w, https:\/\/blogin.al\/wp-content\/uploads\/2022\/08\/semi-jaupaj-ron-zaiti--150x129.png 150w, https:\/\/blogin.al\/wp-content\/uploads\/2022\/08\/semi-jaupaj-ron-zaiti--696x601.png 696w\" sizes=\"(max-width: 875px) 100vw, 875px\" \/><\/figure>\n\n\n\n<p>Pavar\u00ebsisht t\u00eb gjithave Semi dhe Bojken\u00a0ruajn\u00eb nj\u00eb marr\u00ebdh\u00ebnie t\u00eb mir\u00eb shoq\u00ebrore.\u00a0<\/p>\n","protected":false},"excerpt":{"rendered":"<p>Bojken Lako dhe Semi Jaupaj kan\u00eb qen\u00eb mbr\u00ebmjen e djeshme t\u00eb dy n\u00eb \u2018Sunny Hill Festival\u2019. Vet\u00ebm se kantautori ka qen\u00eb me t\u00eb dashur\u00ebn e re, kurse Semi me Bora Zemanin dhe menaxherin e saj. Bojken ka nisur nj\u00eb lidhje t\u00eb re prej muajsh dhe ka l\u00ebn\u00eb pas historin\u00eb me\u00a0k\u00ebng\u00ebtaren. Ndon\u00ebse ai nuk e ka [&hellip;]<\/p>\n","protected":false},"author":2,"featured_media":13361,"comment_status":"open","ping_status":"open","sticky":false,"template":"","format":"standard","meta":{"footnotes":""},"categories":[33],"tags":[],"class_list":{"0":"post-13357","1":"post","2":"type-post","3":"status-publish","4":"format-standard","5":"has-post-thumbnail","7":"category-showbiz"},"yoast_head":"<!-- This site is optimized with the Yoast SEO plugin v27.4 - https:\/\/yoast.com\/product\/yoast-seo-wordpress\/ -->\n<title>Bojken Lako puthje n\u00eb buz\u00eb me t\u00eb dashur\u00ebn para syve t\u00eb Semi Jaupajt n\u00eb eventin q\u00eb i b\u00ebri bashk\u00eb - blogin.al<\/title>\n<meta name=\"robots\" content=\"index, follow, max-snippet:-1, max-image-preview:large, max-video-preview:-1\" \/>\n<link rel=\"canonical\" href=\"https:\/\/blogin.al\/?p=13357\" \/>\n<meta property=\"og:locale\" content=\"en_US\" \/>\n<meta property=\"og:type\" content=\"article\" \/>\n<meta property=\"og:title\" content=\"Bojken Lako puthje n\u00eb buz\u00eb me t\u00eb dashur\u00ebn para syve t\u00eb Semi Jaupajt n\u00eb eventin q\u00eb i b\u00ebri bashk\u00eb - blogin.al\" \/>\n<meta property=\"og:description\" content=\"Bojken Lako dhe Semi Jaupaj kan\u00eb qen\u00eb mbr\u00ebmjen e djeshme t\u00eb dy n\u00eb \u2018Sunny Hill Festival\u2019. Vet\u00ebm se kantautori ka qen\u00eb me t\u00eb dashur\u00ebn e re, kurse Semi me Bora Zemanin dhe menaxherin e saj. Bojken ka nisur nj\u00eb lidhje t\u00eb re prej muajsh dhe ka l\u00ebn\u00eb pas historin\u00eb me\u00a0k\u00ebng\u00ebtaren. Ndon\u00ebse ai nuk e ka [&hellip;]\" \/>\n<meta property=\"og:url\" content=\"https:\/\/blogin.al\/?p=13357\" \/>\n<meta property=\"og:site_name\" content=\"blogin.al\" \/>\n<meta property=\"article:published_time\" content=\"2022-08-27T18:23:14+00:00\" \/>\n<meta property=\"article:modified_time\" content=\"2022-08-27T18:23:16+00:00\" \/>\n<meta property=\"og:image\" content=\"https:\/\/blogin.al\/wp-content\/uploads\/2022\/08\/semi-bojen.jpeg\" \/>\n\t<meta property=\"og:image:width\" content=\"1200\" \/>\n\t<meta property=\"og:image:height\" content=\"630\" \/>\n\t<meta property=\"og:image:type\" content=\"image\/jpeg\" \/>\n<meta name=\"author\" content=\"Blogin al\" \/>\n<meta name=\"twitter:card\" content=\"summary_large_image\" \/>\n<meta name=\"twitter:label1\" content=\"Written by\" \/>\n\t<meta name=\"twitter:data1\" content=\"Blogin al\" \/>\n\t<meta name=\"twitter:label2\" content=\"Est. reading time\" \/>\n\t<meta name=\"twitter:data2\" content=\"2 minutes\" \/>\n<script type=\"application\/ld+json\" class=\"yoast-schema-graph\">{\"@context\":\"https:\\\/\\\/schema.org\",\"@graph\":[{\"@type\":\"Article\",\"@id\":\"https:\\\/\\\/blogin.al\\\/?p=13357#article\",\"isPartOf\":{\"@id\":\"https:\\\/\\\/blogin.al\\\/?p=13357\"},\"author\":{\"name\":\"Blogin al\",\"@id\":\"https:\\\/\\\/blogin.al\\\/#\\\/schema\\\/person\\\/abdd56bc912cd511db877b852b115399\"},\"headline\":\"Bojken Lako puthje n\u00eb buz\u00eb me t\u00eb dashur\u00ebn para syve t\u00eb Semi Jaupajt n\u00eb eventin q\u00eb i b\u00ebri bashk\u00eb\",\"datePublished\":\"2022-08-27T18:23:14+00:00\",\"dateModified\":\"2022-08-27T18:23:16+00:00\",\"mainEntityOfPage\":{\"@id\":\"https:\\\/\\\/blogin.al\\\/?p=13357\"},\"wordCount\":280,\"commentCount\":0,\"publisher\":{\"@id\":\"https:\\\/\\\/blogin.al\\\/#organization\"},\"image\":{\"@id\":\"https:\\\/\\\/blogin.al\\\/?p=13357#primaryimage\"},\"thumbnailUrl\":\"https:\\\/\\\/blogin.al\\\/wp-content\\\/uploads\\\/2022\\\/08\\\/semi-bojen.jpeg\",\"articleSection\":[\"SHOWBIZ\"],\"inLanguage\":\"en-US\",\"potentialAction\":[{\"@type\":\"CommentAction\",\"name\":\"Comment\",\"target\":[\"https:\\\/\\\/blogin.al\\\/?p=13357#respond\"]}]},{\"@type\":\"WebPage\",\"@id\":\"https:\\\/\\\/blogin.al\\\/?p=13357\",\"url\":\"https:\\\/\\\/blogin.al\\\/?p=13357\",\"name\":\"Bojken Lako puthje n\u00eb buz\u00eb me t\u00eb dashur\u00ebn para syve t\u00eb Semi Jaupajt n\u00eb eventin q\u00eb i b\u00ebri bashk\u00eb - blogin.al\",\"isPartOf\":{\"@id\":\"https:\\\/\\\/blogin.al\\\/#website\"},\"primaryImageOfPage\":{\"@id\":\"https:\\\/\\\/blogin.al\\\/?p=13357#primaryimage\"},\"image\":{\"@id\":\"https:\\\/\\\/blogin.al\\\/?p=13357#primaryimage\"},\"thumbnailUrl\":\"https:\\\/\\\/blogin.al\\\/wp-content\\\/uploads\\\/2022\\\/08\\\/semi-bojen.jpeg\",\"datePublished\":\"2022-08-27T18:23:14+00:00\",\"dateModified\":\"2022-08-27T18:23:16+00:00\",\"breadcrumb\":{\"@id\":\"https:\\\/\\\/blogin.al\\\/?p=13357#breadcrumb\"},\"inLanguage\":\"en-US\",\"potentialAction\":[{\"@type\":\"ReadAction\",\"target\":[\"https:\\\/\\\/blogin.al\\\/?p=13357\"]}]},{\"@type\":\"ImageObject\",\"inLanguage\":\"en-US\",\"@id\":\"https:\\\/\\\/blogin.al\\\/?p=13357#primaryimage\",\"url\":\"https:\\\/\\\/blogin.al\\\/wp-content\\\/uploads\\\/2022\\\/08\\\/semi-bojen.jpeg\",\"contentUrl\":\"https:\\\/\\\/blogin.al\\\/wp-content\\\/uploads\\\/2022\\\/08\\\/semi-bojen.jpeg\",\"width\":1200,\"height\":630},{\"@type\":\"BreadcrumbList\",\"@id\":\"https:\\\/\\\/blogin.al\\\/?p=13357#breadcrumb\",\"itemListElement\":[{\"@type\":\"ListItem\",\"position\":1,\"name\":\"Home\",\"item\":\"https:\\\/\\\/blogin.al\\\/\"},{\"@type\":\"ListItem\",\"position\":2,\"name\":\"Bojken Lako puthje n\u00eb buz\u00eb me t\u00eb dashur\u00ebn para syve t\u00eb Semi Jaupajt n\u00eb eventin q\u00eb i b\u00ebri bashk\u00eb\"}]},{\"@type\":\"WebSite\",\"@id\":\"https:\\\/\\\/blogin.al\\\/#website\",\"url\":\"https:\\\/\\\/blogin.al\\\/\",\"name\":\"blogin.al\",\"description\":\"\",\"publisher\":{\"@id\":\"https:\\\/\\\/blogin.al\\\/#organization\"},\"potentialAction\":[{\"@type\":\"SearchAction\",\"target\":{\"@type\":\"EntryPoint\",\"urlTemplate\":\"https:\\\/\\\/blogin.al\\\/?s={search_term_string}\"},\"query-input\":{\"@type\":\"PropertyValueSpecification\",\"valueRequired\":true,\"valueName\":\"search_term_string\"}}],\"inLanguage\":\"en-US\"},{\"@type\":\"Organization\",\"@id\":\"https:\\\/\\\/blogin.al\\\/#organization\",\"name\":\"BLOGIN.al\",\"url\":\"https:\\\/\\\/blogin.al\\\/\",\"logo\":{\"@type\":\"ImageObject\",\"inLanguage\":\"en-US\",\"@id\":\"https:\\\/\\\/blogin.al\\\/#\\\/schema\\\/logo\\\/image\\\/\",\"url\":\"https:\\\/\\\/blogin.al\\\/wp-content\\\/uploads\\\/2022\\\/05\\\/Untitled-2-01-e1652084456514.png\",\"contentUrl\":\"https:\\\/\\\/blogin.al\\\/wp-content\\\/uploads\\\/2022\\\/05\\\/Untitled-2-01-e1652084456514.png\",\"width\":3723,\"height\":1698,\"caption\":\"BLOGIN.al\"},\"image\":{\"@id\":\"https:\\\/\\\/blogin.al\\\/#\\\/schema\\\/logo\\\/image\\\/\"},\"sameAs\":[\"https:\\\/\\\/instagram.com\\\/blogin.al\\\/\"]},{\"@type\":\"Person\",\"@id\":\"https:\\\/\\\/blogin.al\\\/#\\\/schema\\\/person\\\/abdd56bc912cd511db877b852b115399\",\"name\":\"Blogin al\",\"image\":{\"@type\":\"ImageObject\",\"inLanguage\":\"en-US\",\"@id\":\"https:\\\/\\\/secure.gravatar.com\\\/avatar\\\/60d5661aee6e835fb13dc75d2204cd0c1d61bef2efd137c0083e59ef831e235e?s=96&d=mm&r=g\",\"url\":\"https:\\\/\\\/secure.gravatar.com\\\/avatar\\\/60d5661aee6e835fb13dc75d2204cd0c1d61bef2efd137c0083e59ef831e235e?s=96&d=mm&r=g\",\"contentUrl\":\"https:\\\/\\\/secure.gravatar.com\\\/avatar\\\/60d5661aee6e835fb13dc75d2204cd0c1d61bef2efd137c0083e59ef831e235e?s=96&d=mm&r=g\",\"caption\":\"Blogin al\"},\"sameAs\":[\"https:\\\/\\\/blogin.al\"],\"url\":\"https:\\\/\\\/blogin.al\\\/?author=2\"}]}<\/script>\n<!-- \/ Yoast SEO plugin. -->","yoast_head_json":{"title":"Bojken Lako puthje n\u00eb buz\u00eb me t\u00eb dashur\u00ebn para syve t\u00eb Semi Jaupajt n\u00eb eventin q\u00eb i b\u00ebri bashk\u00eb - blogin.al","robots":{"index":"index","follow":"follow","max-snippet":"max-snippet:-1","max-image-preview":"max-image-preview:large","max-video-preview":"max-video-preview:-1"},"canonical":"https:\/\/blogin.al\/?p=13357","og_locale":"en_US","og_type":"article","og_title":"Bojken Lako puthje n\u00eb buz\u00eb me t\u00eb dashur\u00ebn para syve t\u00eb Semi Jaupajt n\u00eb eventin q\u00eb i b\u00ebri bashk\u00eb - blogin.al","og_description":"Bojken Lako dhe Semi Jaupaj kan\u00eb qen\u00eb mbr\u00ebmjen e djeshme t\u00eb dy n\u00eb \u2018Sunny Hill Festival\u2019. Vet\u00ebm se kantautori ka qen\u00eb me t\u00eb dashur\u00ebn e re, kurse Semi me Bora Zemanin dhe menaxherin e saj. Bojken ka nisur nj\u00eb lidhje t\u00eb re prej muajsh dhe ka l\u00ebn\u00eb pas historin\u00eb me\u00a0k\u00ebng\u00ebtaren. Ndon\u00ebse ai nuk e ka [&hellip;]","og_url":"https:\/\/blogin.al\/?p=13357","og_site_name":"blogin.al","article_published_time":"2022-08-27T18:23:14+00:00","article_modified_time":"2022-08-27T18:23:16+00:00","og_image":[{"width":1200,"height":630,"url":"https:\/\/blogin.al\/wp-content\/uploads\/2022\/08\/semi-bojen.jpeg","type":"image\/jpeg"}],"author":"Blogin al","twitter_card":"summary_large_image","twitter_misc":{"Written by":"Blogin al","Est. reading time":"2 minutes"},"schema":{"@context":"https:\/\/schema.org","@graph":[{"@type":"Article","@id":"https:\/\/blogin.al\/?p=13357#article","isPartOf":{"@id":"https:\/\/blogin.al\/?p=13357"},"author":{"name":"Blogin al","@id":"https:\/\/blogin.al\/#\/schema\/person\/abdd56bc912cd511db877b852b115399"},"headline":"Bojken Lako puthje n\u00eb buz\u00eb me t\u00eb dashur\u00ebn para syve t\u00eb Semi Jaupajt n\u00eb eventin q\u00eb i b\u00ebri bashk\u00eb","datePublished":"2022-08-27T18:23:14+00:00","dateModified":"2022-08-27T18:23:16+00:00","mainEntityOfPage":{"@id":"https:\/\/blogin.al\/?p=13357"},"wordCount":280,"commentCount":0,"publisher":{"@id":"https:\/\/blogin.al\/#organization"},"image":{"@id":"https:\/\/blogin.al\/?p=13357#primaryimage"},"thumbnailUrl":"https:\/\/blogin.al\/wp-content\/uploads\/2022\/08\/semi-bojen.jpeg","articleSection":["SHOWBIZ"],"inLanguage":"en-US","potentialAction":[{"@type":"CommentAction","name":"Comment","target":["https:\/\/blogin.al\/?p=13357#respond"]}]},{"@type":"WebPage","@id":"https:\/\/blogin.al\/?p=13357","url":"https:\/\/blogin.al\/?p=13357","name":"Bojken Lako puthje n\u00eb buz\u00eb me t\u00eb dashur\u00ebn para syve t\u00eb Semi Jaupajt n\u00eb eventin q\u00eb i b\u00ebri bashk\u00eb - blogin.al","isPartOf":{"@id":"https:\/\/blogin.al\/#website"},"primaryImageOfPage":{"@id":"https:\/\/blogin.al\/?p=13357#primaryimage"},"image":{"@id":"https:\/\/blogin.al\/?p=13357#primaryimage"},"thumbnailUrl":"https:\/\/blogin.al\/wp-content\/uploads\/2022\/08\/semi-bojen.jpeg","datePublished":"2022-08-27T18:23:14+00:00","dateModified":"2022-08-27T18:23:16+00:00","breadcrumb":{"@id":"https:\/\/blogin.al\/?p=13357#breadcrumb"},"inLanguage":"en-US","potentialAction":[{"@type":"ReadAction","target":["https:\/\/blogin.al\/?p=13357"]}]},{"@type":"ImageObject","inLanguage":"en-US","@id":"https:\/\/blogin.al\/?p=13357#primaryimage","url":"https:\/\/blogin.al\/wp-content\/uploads\/2022\/08\/semi-bojen.jpeg","contentUrl":"https:\/\/blogin.al\/wp-content\/uploads\/2022\/08\/semi-bojen.jpeg","width":1200,"height":630},{"@type":"BreadcrumbList","@id":"https:\/\/blogin.al\/?p=13357#breadcrumb","itemListElement":[{"@type":"ListItem","position":1,"name":"Home","item":"https:\/\/blogin.al\/"},{"@type":"ListItem","position":2,"name":"Bojken Lako puthje n\u00eb buz\u00eb me t\u00eb dashur\u00ebn para syve t\u00eb Semi Jaupajt n\u00eb eventin q\u00eb i b\u00ebri bashk\u00eb"}]},{"@type":"WebSite","@id":"https:\/\/blogin.al\/#website","url":"https:\/\/blogin.al\/","name":"blogin.al","description":"","publisher":{"@id":"https:\/\/blogin.al\/#organization"},"potentialAction":[{"@type":"SearchAction","target":{"@type":"EntryPoint","urlTemplate":"https:\/\/blogin.al\/?s={search_term_string}"},"query-input":{"@type":"PropertyValueSpecification","valueRequired":true,"valueName":"search_term_string"}}],"inLanguage":"en-US"},{"@type":"Organization","@id":"https:\/\/blogin.al\/#organization","name":"BLOGIN.al","url":"https:\/\/blogin.al\/","logo":{"@type":"ImageObject","inLanguage":"en-US","@id":"https:\/\/blogin.al\/#\/schema\/logo\/image\/","url":"https:\/\/blogin.al\/wp-content\/uploads\/2022\/05\/Untitled-2-01-e1652084456514.png","contentUrl":"https:\/\/blogin.al\/wp-content\/uploads\/2022\/05\/Untitled-2-01-e1652084456514.png","width":3723,"height":1698,"caption":"BLOGIN.al"},"image":{"@id":"https:\/\/blogin.al\/#\/schema\/logo\/image\/"},"sameAs":["https:\/\/instagram.com\/blogin.al\/"]},{"@type":"Person","@id":"https:\/\/blogin.al\/#\/schema\/person\/abdd56bc912cd511db877b852b115399","name":"Blogin al","image":{"@type":"ImageObject","inLanguage":"en-US","@id":"https:\/\/secure.gravatar.com\/avatar\/60d5661aee6e835fb13dc75d2204cd0c1d61bef2efd137c0083e59ef831e235e?s=96&d=mm&r=g","url":"https:\/\/secure.gravatar.com\/avatar\/60d5661aee6e835fb13dc75d2204cd0c1d61bef2efd137c0083e59ef831e235e?s=96&d=mm&r=g","contentUrl":"https:\/\/secure.gravatar.com\/avatar\/60d5661aee6e835fb13dc75d2204cd0c1d61bef2efd137c0083e59ef831e235e?s=96&d=mm&r=g","caption":"Blogin al"},"sameAs":["https:\/\/blogin.al"],"url":"https:\/\/blogin.al\/?author=2"}]}},"_links":{"self":[{"href":"https:\/\/blogin.al\/index.php?rest_route=\/wp\/v2\/posts\/13357","targetHints":{"allow":["GET"]}}],"collection":[{"href":"https:\/\/blogin.al\/index.php?rest_route=\/wp\/v2\/posts"}],"about":[{"href":"https:\/\/blogin.al\/index.php?rest_route=\/wp\/v2\/types\/post"}],"author":[{"embeddable":true,"href":"https:\/\/blogin.al\/index.php?rest_route=\/wp\/v2\/users\/2"}],"replies":[{"embeddable":true,"href":"https:\/\/blogin.al\/index.php?rest_route=%2Fwp%2Fv2%2Fcomments&post=13357"}],"version-history":[{"count":1,"href":"https:\/\/blogin.al\/index.php?rest_route=\/wp\/v2\/posts\/13357\/revisions"}],"predecessor-version":[{"id":13362,"href":"https:\/\/blogin.al\/index.php?rest_route=\/wp\/v2\/posts\/13357\/revisions\/13362"}],"wp:featuredmedia":[{"embeddable":true,"href":"https:\/\/blogin.al\/index.php?rest_route=\/wp\/v2\/media\/13361"}],"wp:attachment":[{"href":"https:\/\/blogin.al\/index.php?rest_route=%2Fwp%2Fv2%2Fmedia&parent=13357"}],"wp:term":[{"taxonomy":"category","embeddable":true,"href":"https:\/\/blogin.al\/index.php?rest_route=%2Fwp%2Fv2%2Fcategories&post=13357"},{"taxonomy":"post_tag","embeddable":true,"href":"https:\/\/blogin.al\/index.php?rest_route=%2Fwp%2Fv2%2Ftags&post=13357"}],"curies":[{"name":"wp","href":"https:\/\/api.w.org\/{rel}","templated":true}]}}