{"id":13417,"date":"2022-08-28T16:08:24","date_gmt":"2022-08-28T16:08:24","guid":{"rendered":"https:\/\/blogin.al\/?p=13417"},"modified":"2022-08-28T16:08:27","modified_gmt":"2022-08-28T16:08:27","slug":"pas-sherrit-me-noizyn-e-peson-serish-cllevio-policia-i-shkon-ne-dere-pasi-rrahu-qenin","status":"publish","type":"post","link":"https:\/\/blogin.al\/?p=13417","title":{"rendered":"Pas sherrit me Noizyn, e p\u00ebson s\u00ebrish Cllevio, policia i shkon n\u00eb der\u00eb pasi rrahu qenin"},"content":{"rendered":"\n<h2 class=\"wp-block-heading\">Kevjol Ahmeti e ka p\u00ebsuar s\u00ebrish nga policia p\u00ebr shkak t\u00eb veprimeve t\u00eb tij t\u00eb pap\u00ebrmbajtura.<\/h2>\n\n\n\n<p>S\u00eb fundmi ai \u00ebsht\u00eb shfaqur \u201clive\u201d n\u00eb rrjetet sociale teksa dhunon qenin e tij n\u00eb banes\u00eb, nd\u00ebrkaq video \u00ebsht\u00eb b\u00ebr\u00eb virale dhe ka mb\u00ebrritur deri n\u00eb polici. K\u00ebta t\u00eb fundit kan\u00eb nd\u00ebrmarr hapa p\u00ebr t\u00eb nd\u00ebshkuar Kevjol Ahmetin apo i njohur ndryshe si Cllevio. 36-vje\u00e7ari \u00ebsht\u00eb aktualisht me mas\u00eb sigurie \u201cArrest n\u00eb sht\u00ebpi\u201d, t\u00eb caktuar nga Gjykata e Rrethit Gjyq\u00ebsor Lushnj\u00eb, p\u00ebr veprat penale \u201cLargimi i t\u00eb burgosurit nga vendi i q\u00ebndrimit\u201d, \u201cProdhimi dhe shitja e l\u00ebnd\u00ebve narkotike\u201d dhe \u201cMbajtja pa leje e arm\u00ebve t\u00eb ftohta\u201d.<\/p>\n\n\n\n<p>Kujtojm\u00eb se Cllevio u b\u00eb i njohur pas nj\u00eb sherri me reperin Noizy. Cllevio bashk\u00eb me disa miq t\u00eb tij kan\u00eb shkuar tek lokali i Noizyt n\u00eb Durr\u00ebs, por n\u00eb k\u00ebt\u00eb moment reperi i \u00ebsht\u00eb kund\u00ebrp\u00ebrgjigjur ashp\u00ebr Cllevios duke e q\u00ebllua dhe rrahur n\u00eb sy t\u00eb shok\u00ebve t\u00eb tij dhe m\u00eb pas duke i detyruar t\u00eb largoheshin.<\/p>\n\n\n\n<p><strong>Njoftimi i policis\u00eb:<\/strong><\/p>\n\n\n\n<p>N\u00eb lidhje me nj\u00eb video t\u00eb postuar n\u00eb rrjetet sociale, n\u00eb t\u00eb cil\u00ebn shfaqet nj\u00eb shtetas, n\u00eb ambientet e banes\u00ebs, duke keqtrajtuar nj\u00eb kafsh\u00eb sht\u00ebpiake (qen), ju sqarojm\u00eb se:<\/p>\n\n\n\n<p>Specialist\u00ebt p\u00ebr Hetimin e Krimeve t\u00eb Komisariatit t\u00eb Policis\u00eb Lushnj\u00eb, pas publikimit t\u00eb pamjeve filmike, referuan materialet n\u00eb Prokurori n\u00eb ngarkim t\u00eb shtetasit K. A., 36 vje\u00e7, banues n\u00eb Lushnj\u00eb, p\u00ebr vepr\u00ebn penale \u201cKeqtrajtimi i kafsh\u00ebs\u201d. 36-vje\u00e7ari \u00ebsht\u00eb aktualisht me mas\u00eb sigurie \u201cArrest n\u00eb sht\u00ebpi\u201d, t\u00eb caktuar nga Gjykata e Rrethit Gjyq\u00ebsor Lushnj\u00eb, p\u00ebr veprat penale \u201cLargimi i t\u00eb burgosurit nga vendi i q\u00ebndrimit\u201d, \u201cProdhimi dhe shitja e l\u00ebnd\u00ebve narkotike\u201d dhe \u201cMbajtja pa leje e arm\u00ebve t\u00eb ftohta\u201d.<\/p>\n\n\n\n<p>Drejtoria Vendore e Policis\u00eb Fier fal\u00ebnderon mediat dhe qytetar\u00ebt q\u00eb denoncojn\u00eb rastet e paligjshm\u00ebris\u00eb dhe i fton s\u00ebrish ata q\u00eb t\u00eb denoncojn\u00eb \u00e7do rast paligjshm\u00ebrie n\u00eb Komisariatin Dixhital dhe n\u00eb numrin pa pages\u00eb 112, duke iu garantuar anonimat t\u00eb plot\u00eb dhe reagim t\u00eb menj\u00ebhersh\u00ebm e t\u00eb paansh\u00ebm.<\/p>\n","protected":false},"excerpt":{"rendered":"<p>Kevjol Ahmeti e ka p\u00ebsuar s\u00ebrish nga policia p\u00ebr shkak t\u00eb veprimeve t\u00eb tij t\u00eb pap\u00ebrmbajtura. S\u00eb fundmi ai \u00ebsht\u00eb shfaqur \u201clive\u201d n\u00eb rrjetet sociale teksa dhunon qenin e tij n\u00eb banes\u00eb, nd\u00ebrkaq video \u00ebsht\u00eb b\u00ebr\u00eb virale dhe ka mb\u00ebrritur deri n\u00eb polici. K\u00ebta t\u00eb fundit kan\u00eb nd\u00ebrmarr hapa p\u00ebr t\u00eb nd\u00ebshkuar Kevjol Ahmetin apo [&hellip;]<\/p>\n","protected":false},"author":2,"featured_media":6962,"comment_status":"open","ping_status":"open","sticky":false,"template":"","format":"standard","meta":{"footnotes":""},"categories":[33],"tags":[],"class_list":{"0":"post-13417","1":"post","2":"type-post","3":"status-publish","4":"format-standard","5":"has-post-thumbnail","7":"category-showbiz"},"yoast_head":"<!-- This site is optimized with the Yoast SEO plugin v27.4 - https:\/\/yoast.com\/product\/yoast-seo-wordpress\/ -->\n<title>Pas sherrit me Noizyn, e p\u00ebson s\u00ebrish Cllevio, policia i shkon n\u00eb der\u00eb pasi rrahu qenin - blogin.al<\/title>\n<meta name=\"robots\" content=\"index, follow, max-snippet:-1, max-image-preview:large, max-video-preview:-1\" \/>\n<link rel=\"canonical\" href=\"https:\/\/blogin.al\/?p=13417\" \/>\n<meta property=\"og:locale\" content=\"en_US\" \/>\n<meta property=\"og:type\" content=\"article\" \/>\n<meta property=\"og:title\" content=\"Pas sherrit me Noizyn, e p\u00ebson s\u00ebrish Cllevio, policia i shkon n\u00eb der\u00eb pasi rrahu qenin - blogin.al\" \/>\n<meta property=\"og:description\" content=\"Kevjol Ahmeti e ka p\u00ebsuar s\u00ebrish nga policia p\u00ebr shkak t\u00eb veprimeve t\u00eb tij t\u00eb pap\u00ebrmbajtura. S\u00eb fundmi ai \u00ebsht\u00eb shfaqur \u201clive\u201d n\u00eb rrjetet sociale teksa dhunon qenin e tij n\u00eb banes\u00eb, nd\u00ebrkaq video \u00ebsht\u00eb b\u00ebr\u00eb virale dhe ka mb\u00ebrritur deri n\u00eb polici. K\u00ebta t\u00eb fundit kan\u00eb nd\u00ebrmarr hapa p\u00ebr t\u00eb nd\u00ebshkuar Kevjol Ahmetin apo [&hellip;]\" \/>\n<meta property=\"og:url\" content=\"https:\/\/blogin.al\/?p=13417\" \/>\n<meta property=\"og:site_name\" content=\"blogin.al\" \/>\n<meta property=\"article:published_time\" content=\"2022-08-28T16:08:24+00:00\" \/>\n<meta property=\"article:modified_time\" content=\"2022-08-28T16:08:27+00:00\" \/>\n<meta property=\"og:image\" content=\"https:\/\/blogin.al\/wp-content\/uploads\/2022\/06\/cllevio-333.jpg\" \/>\n\t<meta property=\"og:image:width\" content=\"900\" \/>\n\t<meta property=\"og:image:height\" content=\"900\" \/>\n\t<meta property=\"og:image:type\" content=\"image\/jpeg\" \/>\n<meta name=\"author\" content=\"Blogin al\" \/>\n<meta name=\"twitter:card\" content=\"summary_large_image\" \/>\n<meta name=\"twitter:label1\" content=\"Written by\" \/>\n\t<meta name=\"twitter:data1\" content=\"Blogin al\" \/>\n\t<meta name=\"twitter:label2\" content=\"Est. reading time\" \/>\n\t<meta name=\"twitter:data2\" content=\"2 minutes\" \/>\n<script type=\"application\/ld+json\" class=\"yoast-schema-graph\">{\"@context\":\"https:\\\/\\\/schema.org\",\"@graph\":[{\"@type\":\"Article\",\"@id\":\"https:\\\/\\\/blogin.al\\\/?p=13417#article\",\"isPartOf\":{\"@id\":\"https:\\\/\\\/blogin.al\\\/?p=13417\"},\"author\":{\"name\":\"Blogin al\",\"@id\":\"https:\\\/\\\/blogin.al\\\/#\\\/schema\\\/person\\\/abdd56bc912cd511db877b852b115399\"},\"headline\":\"Pas sherrit me Noizyn, e p\u00ebson s\u00ebrish Cllevio, policia i shkon n\u00eb der\u00eb pasi rrahu qenin\",\"datePublished\":\"2022-08-28T16:08:24+00:00\",\"dateModified\":\"2022-08-28T16:08:27+00:00\",\"mainEntityOfPage\":{\"@id\":\"https:\\\/\\\/blogin.al\\\/?p=13417\"},\"wordCount\":382,\"commentCount\":0,\"publisher\":{\"@id\":\"https:\\\/\\\/blogin.al\\\/#organization\"},\"image\":{\"@id\":\"https:\\\/\\\/blogin.al\\\/?p=13417#primaryimage\"},\"thumbnailUrl\":\"https:\\\/\\\/blogin.al\\\/wp-content\\\/uploads\\\/2022\\\/06\\\/cllevio-333.jpg\",\"articleSection\":[\"SHOWBIZ\"],\"inLanguage\":\"en-US\",\"potentialAction\":[{\"@type\":\"CommentAction\",\"name\":\"Comment\",\"target\":[\"https:\\\/\\\/blogin.al\\\/?p=13417#respond\"]}]},{\"@type\":\"WebPage\",\"@id\":\"https:\\\/\\\/blogin.al\\\/?p=13417\",\"url\":\"https:\\\/\\\/blogin.al\\\/?p=13417\",\"name\":\"Pas sherrit me Noizyn, e p\u00ebson s\u00ebrish Cllevio, policia i shkon n\u00eb der\u00eb pasi rrahu qenin - blogin.al\",\"isPartOf\":{\"@id\":\"https:\\\/\\\/blogin.al\\\/#website\"},\"primaryImageOfPage\":{\"@id\":\"https:\\\/\\\/blogin.al\\\/?p=13417#primaryimage\"},\"image\":{\"@id\":\"https:\\\/\\\/blogin.al\\\/?p=13417#primaryimage\"},\"thumbnailUrl\":\"https:\\\/\\\/blogin.al\\\/wp-content\\\/uploads\\\/2022\\\/06\\\/cllevio-333.jpg\",\"datePublished\":\"2022-08-28T16:08:24+00:00\",\"dateModified\":\"2022-08-28T16:08:27+00:00\",\"breadcrumb\":{\"@id\":\"https:\\\/\\\/blogin.al\\\/?p=13417#breadcrumb\"},\"inLanguage\":\"en-US\",\"potentialAction\":[{\"@type\":\"ReadAction\",\"target\":[\"https:\\\/\\\/blogin.al\\\/?p=13417\"]}]},{\"@type\":\"ImageObject\",\"inLanguage\":\"en-US\",\"@id\":\"https:\\\/\\\/blogin.al\\\/?p=13417#primaryimage\",\"url\":\"https:\\\/\\\/blogin.al\\\/wp-content\\\/uploads\\\/2022\\\/06\\\/cllevio-333.jpg\",\"contentUrl\":\"https:\\\/\\\/blogin.al\\\/wp-content\\\/uploads\\\/2022\\\/06\\\/cllevio-333.jpg\",\"width\":900,\"height\":900},{\"@type\":\"BreadcrumbList\",\"@id\":\"https:\\\/\\\/blogin.al\\\/?p=13417#breadcrumb\",\"itemListElement\":[{\"@type\":\"ListItem\",\"position\":1,\"name\":\"Home\",\"item\":\"https:\\\/\\\/blogin.al\\\/\"},{\"@type\":\"ListItem\",\"position\":2,\"name\":\"Pas sherrit me Noizyn, e p\u00ebson s\u00ebrish Cllevio, policia i shkon n\u00eb der\u00eb pasi rrahu qenin\"}]},{\"@type\":\"WebSite\",\"@id\":\"https:\\\/\\\/blogin.al\\\/#website\",\"url\":\"https:\\\/\\\/blogin.al\\\/\",\"name\":\"blogin.al\",\"description\":\"\",\"publisher\":{\"@id\":\"https:\\\/\\\/blogin.al\\\/#organization\"},\"potentialAction\":[{\"@type\":\"SearchAction\",\"target\":{\"@type\":\"EntryPoint\",\"urlTemplate\":\"https:\\\/\\\/blogin.al\\\/?s={search_term_string}\"},\"query-input\":{\"@type\":\"PropertyValueSpecification\",\"valueRequired\":true,\"valueName\":\"search_term_string\"}}],\"inLanguage\":\"en-US\"},{\"@type\":\"Organization\",\"@id\":\"https:\\\/\\\/blogin.al\\\/#organization\",\"name\":\"BLOGIN.al\",\"url\":\"https:\\\/\\\/blogin.al\\\/\",\"logo\":{\"@type\":\"ImageObject\",\"inLanguage\":\"en-US\",\"@id\":\"https:\\\/\\\/blogin.al\\\/#\\\/schema\\\/logo\\\/image\\\/\",\"url\":\"https:\\\/\\\/blogin.al\\\/wp-content\\\/uploads\\\/2022\\\/05\\\/Untitled-2-01-e1652084456514.png\",\"contentUrl\":\"https:\\\/\\\/blogin.al\\\/wp-content\\\/uploads\\\/2022\\\/05\\\/Untitled-2-01-e1652084456514.png\",\"width\":3723,\"height\":1698,\"caption\":\"BLOGIN.al\"},\"image\":{\"@id\":\"https:\\\/\\\/blogin.al\\\/#\\\/schema\\\/logo\\\/image\\\/\"},\"sameAs\":[\"https:\\\/\\\/instagram.com\\\/blogin.al\\\/\"]},{\"@type\":\"Person\",\"@id\":\"https:\\\/\\\/blogin.al\\\/#\\\/schema\\\/person\\\/abdd56bc912cd511db877b852b115399\",\"name\":\"Blogin al\",\"image\":{\"@type\":\"ImageObject\",\"inLanguage\":\"en-US\",\"@id\":\"https:\\\/\\\/secure.gravatar.com\\\/avatar\\\/60d5661aee6e835fb13dc75d2204cd0c1d61bef2efd137c0083e59ef831e235e?s=96&d=mm&r=g\",\"url\":\"https:\\\/\\\/secure.gravatar.com\\\/avatar\\\/60d5661aee6e835fb13dc75d2204cd0c1d61bef2efd137c0083e59ef831e235e?s=96&d=mm&r=g\",\"contentUrl\":\"https:\\\/\\\/secure.gravatar.com\\\/avatar\\\/60d5661aee6e835fb13dc75d2204cd0c1d61bef2efd137c0083e59ef831e235e?s=96&d=mm&r=g\",\"caption\":\"Blogin al\"},\"sameAs\":[\"https:\\\/\\\/blogin.al\"],\"url\":\"https:\\\/\\\/blogin.al\\\/?author=2\"}]}<\/script>\n<!-- \/ Yoast SEO plugin. -->","yoast_head_json":{"title":"Pas sherrit me Noizyn, e p\u00ebson s\u00ebrish Cllevio, policia i shkon n\u00eb der\u00eb pasi rrahu qenin - blogin.al","robots":{"index":"index","follow":"follow","max-snippet":"max-snippet:-1","max-image-preview":"max-image-preview:large","max-video-preview":"max-video-preview:-1"},"canonical":"https:\/\/blogin.al\/?p=13417","og_locale":"en_US","og_type":"article","og_title":"Pas sherrit me Noizyn, e p\u00ebson s\u00ebrish Cllevio, policia i shkon n\u00eb der\u00eb pasi rrahu qenin - blogin.al","og_description":"Kevjol Ahmeti e ka p\u00ebsuar s\u00ebrish nga policia p\u00ebr shkak t\u00eb veprimeve t\u00eb tij t\u00eb pap\u00ebrmbajtura. S\u00eb fundmi ai \u00ebsht\u00eb shfaqur \u201clive\u201d n\u00eb rrjetet sociale teksa dhunon qenin e tij n\u00eb banes\u00eb, nd\u00ebrkaq video \u00ebsht\u00eb b\u00ebr\u00eb virale dhe ka mb\u00ebrritur deri n\u00eb polici. K\u00ebta t\u00eb fundit kan\u00eb nd\u00ebrmarr hapa p\u00ebr t\u00eb nd\u00ebshkuar Kevjol Ahmetin apo [&hellip;]","og_url":"https:\/\/blogin.al\/?p=13417","og_site_name":"blogin.al","article_published_time":"2022-08-28T16:08:24+00:00","article_modified_time":"2022-08-28T16:08:27+00:00","og_image":[{"width":900,"height":900,"url":"https:\/\/blogin.al\/wp-content\/uploads\/2022\/06\/cllevio-333.jpg","type":"image\/jpeg"}],"author":"Blogin al","twitter_card":"summary_large_image","twitter_misc":{"Written by":"Blogin al","Est. reading time":"2 minutes"},"schema":{"@context":"https:\/\/schema.org","@graph":[{"@type":"Article","@id":"https:\/\/blogin.al\/?p=13417#article","isPartOf":{"@id":"https:\/\/blogin.al\/?p=13417"},"author":{"name":"Blogin al","@id":"https:\/\/blogin.al\/#\/schema\/person\/abdd56bc912cd511db877b852b115399"},"headline":"Pas sherrit me Noizyn, e p\u00ebson s\u00ebrish Cllevio, policia i shkon n\u00eb der\u00eb pasi rrahu qenin","datePublished":"2022-08-28T16:08:24+00:00","dateModified":"2022-08-28T16:08:27+00:00","mainEntityOfPage":{"@id":"https:\/\/blogin.al\/?p=13417"},"wordCount":382,"commentCount":0,"publisher":{"@id":"https:\/\/blogin.al\/#organization"},"image":{"@id":"https:\/\/blogin.al\/?p=13417#primaryimage"},"thumbnailUrl":"https:\/\/blogin.al\/wp-content\/uploads\/2022\/06\/cllevio-333.jpg","articleSection":["SHOWBIZ"],"inLanguage":"en-US","potentialAction":[{"@type":"CommentAction","name":"Comment","target":["https:\/\/blogin.al\/?p=13417#respond"]}]},{"@type":"WebPage","@id":"https:\/\/blogin.al\/?p=13417","url":"https:\/\/blogin.al\/?p=13417","name":"Pas sherrit me Noizyn, e p\u00ebson s\u00ebrish Cllevio, policia i shkon n\u00eb der\u00eb pasi rrahu qenin - blogin.al","isPartOf":{"@id":"https:\/\/blogin.al\/#website"},"primaryImageOfPage":{"@id":"https:\/\/blogin.al\/?p=13417#primaryimage"},"image":{"@id":"https:\/\/blogin.al\/?p=13417#primaryimage"},"thumbnailUrl":"https:\/\/blogin.al\/wp-content\/uploads\/2022\/06\/cllevio-333.jpg","datePublished":"2022-08-28T16:08:24+00:00","dateModified":"2022-08-28T16:08:27+00:00","breadcrumb":{"@id":"https:\/\/blogin.al\/?p=13417#breadcrumb"},"inLanguage":"en-US","potentialAction":[{"@type":"ReadAction","target":["https:\/\/blogin.al\/?p=13417"]}]},{"@type":"ImageObject","inLanguage":"en-US","@id":"https:\/\/blogin.al\/?p=13417#primaryimage","url":"https:\/\/blogin.al\/wp-content\/uploads\/2022\/06\/cllevio-333.jpg","contentUrl":"https:\/\/blogin.al\/wp-content\/uploads\/2022\/06\/cllevio-333.jpg","width":900,"height":900},{"@type":"BreadcrumbList","@id":"https:\/\/blogin.al\/?p=13417#breadcrumb","itemListElement":[{"@type":"ListItem","position":1,"name":"Home","item":"https:\/\/blogin.al\/"},{"@type":"ListItem","position":2,"name":"Pas sherrit me Noizyn, e p\u00ebson s\u00ebrish Cllevio, policia i shkon n\u00eb der\u00eb pasi rrahu qenin"}]},{"@type":"WebSite","@id":"https:\/\/blogin.al\/#website","url":"https:\/\/blogin.al\/","name":"blogin.al","description":"","publisher":{"@id":"https:\/\/blogin.al\/#organization"},"potentialAction":[{"@type":"SearchAction","target":{"@type":"EntryPoint","urlTemplate":"https:\/\/blogin.al\/?s={search_term_string}"},"query-input":{"@type":"PropertyValueSpecification","valueRequired":true,"valueName":"search_term_string"}}],"inLanguage":"en-US"},{"@type":"Organization","@id":"https:\/\/blogin.al\/#organization","name":"BLOGIN.al","url":"https:\/\/blogin.al\/","logo":{"@type":"ImageObject","inLanguage":"en-US","@id":"https:\/\/blogin.al\/#\/schema\/logo\/image\/","url":"https:\/\/blogin.al\/wp-content\/uploads\/2022\/05\/Untitled-2-01-e1652084456514.png","contentUrl":"https:\/\/blogin.al\/wp-content\/uploads\/2022\/05\/Untitled-2-01-e1652084456514.png","width":3723,"height":1698,"caption":"BLOGIN.al"},"image":{"@id":"https:\/\/blogin.al\/#\/schema\/logo\/image\/"},"sameAs":["https:\/\/instagram.com\/blogin.al\/"]},{"@type":"Person","@id":"https:\/\/blogin.al\/#\/schema\/person\/abdd56bc912cd511db877b852b115399","name":"Blogin al","image":{"@type":"ImageObject","inLanguage":"en-US","@id":"https:\/\/secure.gravatar.com\/avatar\/60d5661aee6e835fb13dc75d2204cd0c1d61bef2efd137c0083e59ef831e235e?s=96&d=mm&r=g","url":"https:\/\/secure.gravatar.com\/avatar\/60d5661aee6e835fb13dc75d2204cd0c1d61bef2efd137c0083e59ef831e235e?s=96&d=mm&r=g","contentUrl":"https:\/\/secure.gravatar.com\/avatar\/60d5661aee6e835fb13dc75d2204cd0c1d61bef2efd137c0083e59ef831e235e?s=96&d=mm&r=g","caption":"Blogin al"},"sameAs":["https:\/\/blogin.al"],"url":"https:\/\/blogin.al\/?author=2"}]}},"_links":{"self":[{"href":"https:\/\/blogin.al\/index.php?rest_route=\/wp\/v2\/posts\/13417","targetHints":{"allow":["GET"]}}],"collection":[{"href":"https:\/\/blogin.al\/index.php?rest_route=\/wp\/v2\/posts"}],"about":[{"href":"https:\/\/blogin.al\/index.php?rest_route=\/wp\/v2\/types\/post"}],"author":[{"embeddable":true,"href":"https:\/\/blogin.al\/index.php?rest_route=\/wp\/v2\/users\/2"}],"replies":[{"embeddable":true,"href":"https:\/\/blogin.al\/index.php?rest_route=%2Fwp%2Fv2%2Fcomments&post=13417"}],"version-history":[{"count":1,"href":"https:\/\/blogin.al\/index.php?rest_route=\/wp\/v2\/posts\/13417\/revisions"}],"predecessor-version":[{"id":13418,"href":"https:\/\/blogin.al\/index.php?rest_route=\/wp\/v2\/posts\/13417\/revisions\/13418"}],"wp:featuredmedia":[{"embeddable":true,"href":"https:\/\/blogin.al\/index.php?rest_route=\/wp\/v2\/media\/6962"}],"wp:attachment":[{"href":"https:\/\/blogin.al\/index.php?rest_route=%2Fwp%2Fv2%2Fmedia&parent=13417"}],"wp:term":[{"taxonomy":"category","embeddable":true,"href":"https:\/\/blogin.al\/index.php?rest_route=%2Fwp%2Fv2%2Fcategories&post=13417"},{"taxonomy":"post_tag","embeddable":true,"href":"https:\/\/blogin.al\/index.php?rest_route=%2Fwp%2Fv2%2Ftags&post=13417"}],"curies":[{"name":"wp","href":"https:\/\/api.w.org\/{rel}","templated":true}]}}