{"id":13430,"date":"2022-08-29T06:43:04","date_gmt":"2022-08-29T06:43:04","guid":{"rendered":"https:\/\/blogin.al\/?p=13430"},"modified":"2022-08-29T06:43:07","modified_gmt":"2022-08-29T06:43:07","slug":"shakira-dhe-nadal-kishin-nje-lidhje-te-fshehte-lajmi-qe-po-qarkullon-me-shpejtesi","status":"publish","type":"post","link":"https:\/\/blogin.al\/?p=13430","title":{"rendered":"\u201cShakira dhe Nadal kishin nj\u00eb lidhje t\u00eb fsheht\u00eb\u201d, lajmi q\u00eb po qarkullon me shpejt\u00ebsi"},"content":{"rendered":"\n<p>Shakira dhe Piqu\u00e9 edhe pas ndarjes vazhdojn\u00eb t\u2019i b\u00ebjn\u00eb t\u00eb flasin p\u00ebr lidhjen e tyre. Dhe Spanja, n\u00eb k\u00ebt\u00eb ver\u00eb t\u00eb ndarjeve, po p\u00ebrjeton efektin Ilary Blasi-Francesco Totti. Fundi i historis\u00eb s\u00eb dashuris\u00eb mes k\u00ebng\u00ebtares kolumbiane dhe mbrojt\u00ebsit t\u00eb Barcelon\u00ebs mbush dit\u00eb pas dite faqet e gazetave iberike dhe lajmi m\u00eb i fundit ka m\u00ebrzitur fansat dhe duke v\u00ebn\u00eb n\u00eb kriz\u00eb nj\u00eb \u00e7ift tjet\u00ebr n\u00eb showbizz: \u201cShakira dhe Nadal do t\u00eb kishin pasur nj\u00eb marr\u00ebdh\u00ebnie sekrete\u201d.Ndarja mes Shakira-s dhe Pique-s po emocionon spanjoll\u00ebt dhe k\u00ebshtu ekspert\u00ebt e thashethemeve po ringjallin gjithashtu skupet e sekretuara prej koh\u00ebsh. N\u00eb fakt, n\u00eb Am\u00e9rica Noticias Noon, paparaci spanjoll Jordi Martin zbuloi se ylli i popit t\u00eb Amerik\u00ebs s\u00eb Jugut dhe tenisti Rafael Nadal do t\u00eb kishin pasur nj\u00eb lidhje klandestine. Mesa duket n\u00eb vitin 2009, kur Shakira zgjodhi tenistin spanjoll si protagonist t\u00eb videoklipit t\u00eb saj, Gipsy.<\/p>\n\n\n\n<figure class=\"wp-block-image size-full is-style-default\"><img fetchpriority=\"high\" decoding=\"async\" width=\"950\" height=\"534\" src=\"https:\/\/blogin.al\/wp-content\/uploads\/2022\/08\/SHAKIRA-NADAL.jpg\" alt=\"\" class=\"wp-image-13432\" srcset=\"https:\/\/blogin.al\/wp-content\/uploads\/2022\/08\/SHAKIRA-NADAL.jpg 950w, https:\/\/blogin.al\/wp-content\/uploads\/2022\/08\/SHAKIRA-NADAL-300x169.jpg 300w, https:\/\/blogin.al\/wp-content\/uploads\/2022\/08\/SHAKIRA-NADAL-768x432.jpg 768w, https:\/\/blogin.al\/wp-content\/uploads\/2022\/08\/SHAKIRA-NADAL-150x84.jpg 150w, https:\/\/blogin.al\/wp-content\/uploads\/2022\/08\/SHAKIRA-NADAL-696x391.jpg 696w\" sizes=\"(max-width: 950px) 100vw, 950px\" \/><\/figure>\n\n\n\n<p>N\u00eb video mir\u00ebkuptimi mes t\u00eb dyve \u00ebsht\u00eb i duksh\u00ebm dhe ata e l\u00ebn\u00eb veten t\u00eb shkojn\u00eb n\u00eb shikime bashk\u00ebfajtore, t\u00eb qeshura dhe madje edhe nj\u00eb puthje t\u00eb fundit. T\u00eb gjitha padyshim p\u00ebr k\u00ebrkesat e skenarit dhe dinamik\u00ebn e grupit, por edhe at\u00ebher\u00eb dikush hipotezoi marr\u00ebdh\u00ebnien e mundshme midis t\u00eb dyve.<\/p>\n\n\n\n<p>P\u00ebr shum\u00eb nuk ishte thjesht trillim dhe, tashm\u00eb, q\u00eb Shakira \u00ebsht\u00eb n\u00eb qend\u00ebr t\u00eb v\u00ebmendjes p\u00ebr ndarjen nga ish-partneri Gerard Piqu\u00e9, duket se vijn\u00eb konfirmimet e asaj q\u00eb at\u00ebher\u00eb mbet\u00ebn vet\u00ebm hipoteza.<\/p>\n\n\n\n<p>Telashe p\u00ebr Rafa Nadalin?<\/p>\n\n\n\n<p>Nd\u00ebrsa Shakira \u00ebsht\u00eb n\u00eb k\u00ebrkim t\u00eb nj\u00eb marr\u00ebveshjeje me Piqu\u00e9 p\u00ebr nj\u00eb ndarje t\u00eb dhimbshme q\u00eb p\u00ebrfshin edhe dy f\u00ebmij\u00ebt e \u00e7iftit, Milan dhe Sasha, tenisti \u00ebsht\u00eb n\u00eb pritje t\u00eb f\u00ebmij\u00ebs s\u00eb tij t\u00eb par\u00eb dhe tani mund t\u00eb fillonin telashe shum\u00eb t\u00eb r\u00ebnda, n\u00ebse lajmi do t\u00eb konfirmohej.<\/p>\n\n\n\n<p>Sipas paparaczo-s, n\u00eb fakt, t\u00eb dy do t\u00eb kishin pasur \u201cnj\u00eb lidhje intensive dashurie\u201d.<\/p>\n\n\n\n<p>N\u00eb at\u00eb koh\u00eb, k\u00ebng\u00ebtarja nuk e njihte ende Gerard Piqu\u00e9, nd\u00ebrsa Nadal ishte tashm\u00eb i lidhur me gruan e tij aktuale Mery Perell\u00f2, e njohur n\u00eb shkoll\u00eb n\u00eb vitin 2005 dhe m\u00eb pas u martua n\u00eb vitin 2019, e cila tani \u00ebsht\u00eb n\u00eb pritje t\u00eb f\u00ebmij\u00ebs s\u00eb tyre t\u00eb par\u00eb.<\/p>\n\n\n\n<p>T\u00eb fejuar fshehurazi?<br>\u201cN\u00eb at\u00eb koh\u00eb t\u00eb gjith\u00eb flisnin p\u00ebr nj\u00eb lidhje midis Shakir\u00ebs dhe Alejandro Sanz, por n\u00eb realitet ata t\u00eb dy kan\u00eb qen\u00eb gjithmon\u00eb miq dhe ajo ishte n\u00eb lidhje me Nadalin\u201d, shtoi paparaczo.<\/p>\n\n\n\n<p>P\u00ebr momentin, pal\u00ebt e interesuara drejtp\u00ebrdrejt as nuk e kan\u00eb konfirmuar dhe as mohuar.<\/p>\n\n\n\n<figure class=\"wp-block-image size-full is-style-default\"><img decoding=\"async\" width=\"259\" height=\"194\" src=\"https:\/\/blogin.al\/wp-content\/uploads\/2022\/08\/SHAKIRA-RAFAEL.jpg\" alt=\"\" class=\"wp-image-13433\" srcset=\"https:\/\/blogin.al\/wp-content\/uploads\/2022\/08\/SHAKIRA-RAFAEL.jpg 259w, https:\/\/blogin.al\/wp-content\/uploads\/2022\/08\/SHAKIRA-RAFAEL-150x112.jpg 150w\" sizes=\"(max-width: 259px) 100vw, 259px\" \/><\/figure>\n\n\n\n<p>N\u00eb k\u00ebt\u00eb periudh\u00eb Shakira po lufton me ndarjen e v\u00ebshtir\u00eb nga Pique, nd\u00ebrsa Nadal \u00ebsht\u00eb i ndar\u00eb mes US Open dhe shtatz\u00ebnis\u00eb s\u00eb komplikuar t\u00eb gruas s\u00eb tij, e cila do t\u00eb sjell\u00eb n\u00eb jet\u00eb f\u00ebmij\u00ebn e saj t\u00eb par\u00eb n\u00eb tetor.<\/p>\n\n\n\n<p>Nj\u00eb gur q\u00eb me siguri do t\u00eb ndihet n\u00eb marr\u00ebdh\u00ebnien e Nadalit me gruan e tij Mery. A do t\u00eb munden t\u00eb dy ta kap\u00ebrcejn\u00eb k\u00ebt\u00eb lajm dhe t\u00eb dalin t\u00eb pad\u00ebmtuar? Apo do t\u00eb hapet nj\u00eb kapitull tjet\u00ebr k\u00ebt\u00eb ver\u00eb plot ndarje dhe ndarje? Bota e thashethemeve pret zhvillimet e nj\u00eb historie q\u00eb u rishfaq papritur nga e kaluara.<\/p>\n","protected":false},"excerpt":{"rendered":"<p>Shakira dhe Piqu\u00e9 edhe pas ndarjes vazhdojn\u00eb t\u2019i b\u00ebjn\u00eb t\u00eb flasin p\u00ebr lidhjen e tyre. Dhe Spanja, n\u00eb k\u00ebt\u00eb ver\u00eb t\u00eb ndarjeve, po p\u00ebrjeton efektin Ilary Blasi-Francesco Totti. Fundi i historis\u00eb s\u00eb dashuris\u00eb mes k\u00ebng\u00ebtares kolumbiane dhe mbrojt\u00ebsit t\u00eb Barcelon\u00ebs mbush dit\u00eb pas dite faqet e gazetave iberike dhe lajmi m\u00eb i fundit ka m\u00ebrzitur [&hellip;]<\/p>\n","protected":false},"author":2,"featured_media":13431,"comment_status":"open","ping_status":"open","sticky":false,"template":"","format":"standard","meta":{"footnotes":""},"categories":[33],"tags":[],"class_list":{"0":"post-13430","1":"post","2":"type-post","3":"status-publish","4":"format-standard","5":"has-post-thumbnail","7":"category-showbiz"},"yoast_head":"<!-- This site is optimized with the Yoast SEO plugin v27.4 - https:\/\/yoast.com\/product\/yoast-seo-wordpress\/ -->\n<title>\u201cShakira dhe Nadal kishin nj\u00eb lidhje t\u00eb fsheht\u00eb\u201d, lajmi q\u00eb po qarkullon me shpejt\u00ebsi - blogin.al<\/title>\n<meta name=\"robots\" content=\"index, follow, max-snippet:-1, max-image-preview:large, max-video-preview:-1\" \/>\n<link rel=\"canonical\" href=\"https:\/\/blogin.al\/?p=13430\" \/>\n<meta property=\"og:locale\" content=\"en_US\" \/>\n<meta property=\"og:type\" content=\"article\" \/>\n<meta property=\"og:title\" content=\"\u201cShakira dhe Nadal kishin nj\u00eb lidhje t\u00eb fsheht\u00eb\u201d, lajmi q\u00eb po qarkullon me shpejt\u00ebsi - blogin.al\" \/>\n<meta property=\"og:description\" content=\"Shakira dhe Piqu\u00e9 edhe pas ndarjes vazhdojn\u00eb t\u2019i b\u00ebjn\u00eb t\u00eb flasin p\u00ebr lidhjen e tyre. Dhe Spanja, n\u00eb k\u00ebt\u00eb ver\u00eb t\u00eb ndarjeve, po p\u00ebrjeton efektin Ilary Blasi-Francesco Totti. Fundi i historis\u00eb s\u00eb dashuris\u00eb mes k\u00ebng\u00ebtares kolumbiane dhe mbrojt\u00ebsit t\u00eb Barcelon\u00ebs mbush dit\u00eb pas dite faqet e gazetave iberike dhe lajmi m\u00eb i fundit ka m\u00ebrzitur [&hellip;]\" \/>\n<meta property=\"og:url\" content=\"https:\/\/blogin.al\/?p=13430\" \/>\n<meta property=\"og:site_name\" content=\"blogin.al\" \/>\n<meta property=\"article:published_time\" content=\"2022-08-29T06:43:04+00:00\" \/>\n<meta property=\"article:modified_time\" content=\"2022-08-29T06:43:07+00:00\" \/>\n<meta property=\"og:image\" content=\"https:\/\/blogin.al\/wp-content\/uploads\/2022\/08\/nadal-shakira-e1661670312717-1024x535-1.jpg\" \/>\n\t<meta property=\"og:image:width\" content=\"1024\" \/>\n\t<meta property=\"og:image:height\" content=\"535\" \/>\n\t<meta property=\"og:image:type\" content=\"image\/jpeg\" \/>\n<meta name=\"author\" content=\"Blogin al\" \/>\n<meta name=\"twitter:card\" content=\"summary_large_image\" \/>\n<meta name=\"twitter:label1\" content=\"Written by\" \/>\n\t<meta name=\"twitter:data1\" content=\"Blogin al\" \/>\n\t<meta name=\"twitter:label2\" content=\"Est. reading time\" \/>\n\t<meta name=\"twitter:data2\" content=\"3 minutes\" \/>\n<script type=\"application\/ld+json\" class=\"yoast-schema-graph\">{\"@context\":\"https:\\\/\\\/schema.org\",\"@graph\":[{\"@type\":\"Article\",\"@id\":\"https:\\\/\\\/blogin.al\\\/?p=13430#article\",\"isPartOf\":{\"@id\":\"https:\\\/\\\/blogin.al\\\/?p=13430\"},\"author\":{\"name\":\"Blogin al\",\"@id\":\"https:\\\/\\\/blogin.al\\\/#\\\/schema\\\/person\\\/abdd56bc912cd511db877b852b115399\"},\"headline\":\"\u201cShakira dhe Nadal kishin nj\u00eb lidhje t\u00eb fsheht\u00eb\u201d, lajmi q\u00eb po qarkullon me shpejt\u00ebsi\",\"datePublished\":\"2022-08-29T06:43:04+00:00\",\"dateModified\":\"2022-08-29T06:43:07+00:00\",\"mainEntityOfPage\":{\"@id\":\"https:\\\/\\\/blogin.al\\\/?p=13430\"},\"wordCount\":579,\"commentCount\":0,\"publisher\":{\"@id\":\"https:\\\/\\\/blogin.al\\\/#organization\"},\"image\":{\"@id\":\"https:\\\/\\\/blogin.al\\\/?p=13430#primaryimage\"},\"thumbnailUrl\":\"https:\\\/\\\/blogin.al\\\/wp-content\\\/uploads\\\/2022\\\/08\\\/nadal-shakira-e1661670312717-1024x535-1.jpg\",\"articleSection\":[\"SHOWBIZ\"],\"inLanguage\":\"en-US\",\"potentialAction\":[{\"@type\":\"CommentAction\",\"name\":\"Comment\",\"target\":[\"https:\\\/\\\/blogin.al\\\/?p=13430#respond\"]}]},{\"@type\":\"WebPage\",\"@id\":\"https:\\\/\\\/blogin.al\\\/?p=13430\",\"url\":\"https:\\\/\\\/blogin.al\\\/?p=13430\",\"name\":\"\u201cShakira dhe Nadal kishin nj\u00eb lidhje t\u00eb fsheht\u00eb\u201d, lajmi q\u00eb po qarkullon me shpejt\u00ebsi - blogin.al\",\"isPartOf\":{\"@id\":\"https:\\\/\\\/blogin.al\\\/#website\"},\"primaryImageOfPage\":{\"@id\":\"https:\\\/\\\/blogin.al\\\/?p=13430#primaryimage\"},\"image\":{\"@id\":\"https:\\\/\\\/blogin.al\\\/?p=13430#primaryimage\"},\"thumbnailUrl\":\"https:\\\/\\\/blogin.al\\\/wp-content\\\/uploads\\\/2022\\\/08\\\/nadal-shakira-e1661670312717-1024x535-1.jpg\",\"datePublished\":\"2022-08-29T06:43:04+00:00\",\"dateModified\":\"2022-08-29T06:43:07+00:00\",\"breadcrumb\":{\"@id\":\"https:\\\/\\\/blogin.al\\\/?p=13430#breadcrumb\"},\"inLanguage\":\"en-US\",\"potentialAction\":[{\"@type\":\"ReadAction\",\"target\":[\"https:\\\/\\\/blogin.al\\\/?p=13430\"]}]},{\"@type\":\"ImageObject\",\"inLanguage\":\"en-US\",\"@id\":\"https:\\\/\\\/blogin.al\\\/?p=13430#primaryimage\",\"url\":\"https:\\\/\\\/blogin.al\\\/wp-content\\\/uploads\\\/2022\\\/08\\\/nadal-shakira-e1661670312717-1024x535-1.jpg\",\"contentUrl\":\"https:\\\/\\\/blogin.al\\\/wp-content\\\/uploads\\\/2022\\\/08\\\/nadal-shakira-e1661670312717-1024x535-1.jpg\",\"width\":1024,\"height\":535},{\"@type\":\"BreadcrumbList\",\"@id\":\"https:\\\/\\\/blogin.al\\\/?p=13430#breadcrumb\",\"itemListElement\":[{\"@type\":\"ListItem\",\"position\":1,\"name\":\"Home\",\"item\":\"https:\\\/\\\/blogin.al\\\/\"},{\"@type\":\"ListItem\",\"position\":2,\"name\":\"\u201cShakira dhe Nadal kishin nj\u00eb lidhje t\u00eb fsheht\u00eb\u201d, lajmi q\u00eb po qarkullon me shpejt\u00ebsi\"}]},{\"@type\":\"WebSite\",\"@id\":\"https:\\\/\\\/blogin.al\\\/#website\",\"url\":\"https:\\\/\\\/blogin.al\\\/\",\"name\":\"blogin.al\",\"description\":\"\",\"publisher\":{\"@id\":\"https:\\\/\\\/blogin.al\\\/#organization\"},\"potentialAction\":[{\"@type\":\"SearchAction\",\"target\":{\"@type\":\"EntryPoint\",\"urlTemplate\":\"https:\\\/\\\/blogin.al\\\/?s={search_term_string}\"},\"query-input\":{\"@type\":\"PropertyValueSpecification\",\"valueRequired\":true,\"valueName\":\"search_term_string\"}}],\"inLanguage\":\"en-US\"},{\"@type\":\"Organization\",\"@id\":\"https:\\\/\\\/blogin.al\\\/#organization\",\"name\":\"BLOGIN.al\",\"url\":\"https:\\\/\\\/blogin.al\\\/\",\"logo\":{\"@type\":\"ImageObject\",\"inLanguage\":\"en-US\",\"@id\":\"https:\\\/\\\/blogin.al\\\/#\\\/schema\\\/logo\\\/image\\\/\",\"url\":\"https:\\\/\\\/blogin.al\\\/wp-content\\\/uploads\\\/2022\\\/05\\\/Untitled-2-01-e1652084456514.png\",\"contentUrl\":\"https:\\\/\\\/blogin.al\\\/wp-content\\\/uploads\\\/2022\\\/05\\\/Untitled-2-01-e1652084456514.png\",\"width\":3723,\"height\":1698,\"caption\":\"BLOGIN.al\"},\"image\":{\"@id\":\"https:\\\/\\\/blogin.al\\\/#\\\/schema\\\/logo\\\/image\\\/\"},\"sameAs\":[\"https:\\\/\\\/instagram.com\\\/blogin.al\\\/\"]},{\"@type\":\"Person\",\"@id\":\"https:\\\/\\\/blogin.al\\\/#\\\/schema\\\/person\\\/abdd56bc912cd511db877b852b115399\",\"name\":\"Blogin al\",\"image\":{\"@type\":\"ImageObject\",\"inLanguage\":\"en-US\",\"@id\":\"https:\\\/\\\/secure.gravatar.com\\\/avatar\\\/60d5661aee6e835fb13dc75d2204cd0c1d61bef2efd137c0083e59ef831e235e?s=96&d=mm&r=g\",\"url\":\"https:\\\/\\\/secure.gravatar.com\\\/avatar\\\/60d5661aee6e835fb13dc75d2204cd0c1d61bef2efd137c0083e59ef831e235e?s=96&d=mm&r=g\",\"contentUrl\":\"https:\\\/\\\/secure.gravatar.com\\\/avatar\\\/60d5661aee6e835fb13dc75d2204cd0c1d61bef2efd137c0083e59ef831e235e?s=96&d=mm&r=g\",\"caption\":\"Blogin al\"},\"sameAs\":[\"https:\\\/\\\/blogin.al\"],\"url\":\"https:\\\/\\\/blogin.al\\\/?author=2\"}]}<\/script>\n<!-- \/ Yoast SEO plugin. -->","yoast_head_json":{"title":"\u201cShakira dhe Nadal kishin nj\u00eb lidhje t\u00eb fsheht\u00eb\u201d, lajmi q\u00eb po qarkullon me shpejt\u00ebsi - blogin.al","robots":{"index":"index","follow":"follow","max-snippet":"max-snippet:-1","max-image-preview":"max-image-preview:large","max-video-preview":"max-video-preview:-1"},"canonical":"https:\/\/blogin.al\/?p=13430","og_locale":"en_US","og_type":"article","og_title":"\u201cShakira dhe Nadal kishin nj\u00eb lidhje t\u00eb fsheht\u00eb\u201d, lajmi q\u00eb po qarkullon me shpejt\u00ebsi - blogin.al","og_description":"Shakira dhe Piqu\u00e9 edhe pas ndarjes vazhdojn\u00eb t\u2019i b\u00ebjn\u00eb t\u00eb flasin p\u00ebr lidhjen e tyre. Dhe Spanja, n\u00eb k\u00ebt\u00eb ver\u00eb t\u00eb ndarjeve, po p\u00ebrjeton efektin Ilary Blasi-Francesco Totti. Fundi i historis\u00eb s\u00eb dashuris\u00eb mes k\u00ebng\u00ebtares kolumbiane dhe mbrojt\u00ebsit t\u00eb Barcelon\u00ebs mbush dit\u00eb pas dite faqet e gazetave iberike dhe lajmi m\u00eb i fundit ka m\u00ebrzitur [&hellip;]","og_url":"https:\/\/blogin.al\/?p=13430","og_site_name":"blogin.al","article_published_time":"2022-08-29T06:43:04+00:00","article_modified_time":"2022-08-29T06:43:07+00:00","og_image":[{"width":1024,"height":535,"url":"https:\/\/blogin.al\/wp-content\/uploads\/2022\/08\/nadal-shakira-e1661670312717-1024x535-1.jpg","type":"image\/jpeg"}],"author":"Blogin al","twitter_card":"summary_large_image","twitter_misc":{"Written by":"Blogin al","Est. reading time":"3 minutes"},"schema":{"@context":"https:\/\/schema.org","@graph":[{"@type":"Article","@id":"https:\/\/blogin.al\/?p=13430#article","isPartOf":{"@id":"https:\/\/blogin.al\/?p=13430"},"author":{"name":"Blogin al","@id":"https:\/\/blogin.al\/#\/schema\/person\/abdd56bc912cd511db877b852b115399"},"headline":"\u201cShakira dhe Nadal kishin nj\u00eb lidhje t\u00eb fsheht\u00eb\u201d, lajmi q\u00eb po qarkullon me shpejt\u00ebsi","datePublished":"2022-08-29T06:43:04+00:00","dateModified":"2022-08-29T06:43:07+00:00","mainEntityOfPage":{"@id":"https:\/\/blogin.al\/?p=13430"},"wordCount":579,"commentCount":0,"publisher":{"@id":"https:\/\/blogin.al\/#organization"},"image":{"@id":"https:\/\/blogin.al\/?p=13430#primaryimage"},"thumbnailUrl":"https:\/\/blogin.al\/wp-content\/uploads\/2022\/08\/nadal-shakira-e1661670312717-1024x535-1.jpg","articleSection":["SHOWBIZ"],"inLanguage":"en-US","potentialAction":[{"@type":"CommentAction","name":"Comment","target":["https:\/\/blogin.al\/?p=13430#respond"]}]},{"@type":"WebPage","@id":"https:\/\/blogin.al\/?p=13430","url":"https:\/\/blogin.al\/?p=13430","name":"\u201cShakira dhe Nadal kishin nj\u00eb lidhje t\u00eb fsheht\u00eb\u201d, lajmi q\u00eb po qarkullon me shpejt\u00ebsi - blogin.al","isPartOf":{"@id":"https:\/\/blogin.al\/#website"},"primaryImageOfPage":{"@id":"https:\/\/blogin.al\/?p=13430#primaryimage"},"image":{"@id":"https:\/\/blogin.al\/?p=13430#primaryimage"},"thumbnailUrl":"https:\/\/blogin.al\/wp-content\/uploads\/2022\/08\/nadal-shakira-e1661670312717-1024x535-1.jpg","datePublished":"2022-08-29T06:43:04+00:00","dateModified":"2022-08-29T06:43:07+00:00","breadcrumb":{"@id":"https:\/\/blogin.al\/?p=13430#breadcrumb"},"inLanguage":"en-US","potentialAction":[{"@type":"ReadAction","target":["https:\/\/blogin.al\/?p=13430"]}]},{"@type":"ImageObject","inLanguage":"en-US","@id":"https:\/\/blogin.al\/?p=13430#primaryimage","url":"https:\/\/blogin.al\/wp-content\/uploads\/2022\/08\/nadal-shakira-e1661670312717-1024x535-1.jpg","contentUrl":"https:\/\/blogin.al\/wp-content\/uploads\/2022\/08\/nadal-shakira-e1661670312717-1024x535-1.jpg","width":1024,"height":535},{"@type":"BreadcrumbList","@id":"https:\/\/blogin.al\/?p=13430#breadcrumb","itemListElement":[{"@type":"ListItem","position":1,"name":"Home","item":"https:\/\/blogin.al\/"},{"@type":"ListItem","position":2,"name":"\u201cShakira dhe Nadal kishin nj\u00eb lidhje t\u00eb fsheht\u00eb\u201d, lajmi q\u00eb po qarkullon me shpejt\u00ebsi"}]},{"@type":"WebSite","@id":"https:\/\/blogin.al\/#website","url":"https:\/\/blogin.al\/","name":"blogin.al","description":"","publisher":{"@id":"https:\/\/blogin.al\/#organization"},"potentialAction":[{"@type":"SearchAction","target":{"@type":"EntryPoint","urlTemplate":"https:\/\/blogin.al\/?s={search_term_string}"},"query-input":{"@type":"PropertyValueSpecification","valueRequired":true,"valueName":"search_term_string"}}],"inLanguage":"en-US"},{"@type":"Organization","@id":"https:\/\/blogin.al\/#organization","name":"BLOGIN.al","url":"https:\/\/blogin.al\/","logo":{"@type":"ImageObject","inLanguage":"en-US","@id":"https:\/\/blogin.al\/#\/schema\/logo\/image\/","url":"https:\/\/blogin.al\/wp-content\/uploads\/2022\/05\/Untitled-2-01-e1652084456514.png","contentUrl":"https:\/\/blogin.al\/wp-content\/uploads\/2022\/05\/Untitled-2-01-e1652084456514.png","width":3723,"height":1698,"caption":"BLOGIN.al"},"image":{"@id":"https:\/\/blogin.al\/#\/schema\/logo\/image\/"},"sameAs":["https:\/\/instagram.com\/blogin.al\/"]},{"@type":"Person","@id":"https:\/\/blogin.al\/#\/schema\/person\/abdd56bc912cd511db877b852b115399","name":"Blogin al","image":{"@type":"ImageObject","inLanguage":"en-US","@id":"https:\/\/secure.gravatar.com\/avatar\/60d5661aee6e835fb13dc75d2204cd0c1d61bef2efd137c0083e59ef831e235e?s=96&d=mm&r=g","url":"https:\/\/secure.gravatar.com\/avatar\/60d5661aee6e835fb13dc75d2204cd0c1d61bef2efd137c0083e59ef831e235e?s=96&d=mm&r=g","contentUrl":"https:\/\/secure.gravatar.com\/avatar\/60d5661aee6e835fb13dc75d2204cd0c1d61bef2efd137c0083e59ef831e235e?s=96&d=mm&r=g","caption":"Blogin al"},"sameAs":["https:\/\/blogin.al"],"url":"https:\/\/blogin.al\/?author=2"}]}},"_links":{"self":[{"href":"https:\/\/blogin.al\/index.php?rest_route=\/wp\/v2\/posts\/13430","targetHints":{"allow":["GET"]}}],"collection":[{"href":"https:\/\/blogin.al\/index.php?rest_route=\/wp\/v2\/posts"}],"about":[{"href":"https:\/\/blogin.al\/index.php?rest_route=\/wp\/v2\/types\/post"}],"author":[{"embeddable":true,"href":"https:\/\/blogin.al\/index.php?rest_route=\/wp\/v2\/users\/2"}],"replies":[{"embeddable":true,"href":"https:\/\/blogin.al\/index.php?rest_route=%2Fwp%2Fv2%2Fcomments&post=13430"}],"version-history":[{"count":1,"href":"https:\/\/blogin.al\/index.php?rest_route=\/wp\/v2\/posts\/13430\/revisions"}],"predecessor-version":[{"id":13434,"href":"https:\/\/blogin.al\/index.php?rest_route=\/wp\/v2\/posts\/13430\/revisions\/13434"}],"wp:featuredmedia":[{"embeddable":true,"href":"https:\/\/blogin.al\/index.php?rest_route=\/wp\/v2\/media\/13431"}],"wp:attachment":[{"href":"https:\/\/blogin.al\/index.php?rest_route=%2Fwp%2Fv2%2Fmedia&parent=13430"}],"wp:term":[{"taxonomy":"category","embeddable":true,"href":"https:\/\/blogin.al\/index.php?rest_route=%2Fwp%2Fv2%2Fcategories&post=13430"},{"taxonomy":"post_tag","embeddable":true,"href":"https:\/\/blogin.al\/index.php?rest_route=%2Fwp%2Fv2%2Ftags&post=13430"}],"curies":[{"name":"wp","href":"https:\/\/api.w.org\/{rel}","templated":true}]}}