{"id":13505,"date":"2022-08-30T14:23:28","date_gmt":"2022-08-30T14:23:28","guid":{"rendered":"https:\/\/blogin.al\/?p=13505"},"modified":"2022-08-30T14:23:51","modified_gmt":"2022-08-30T14:23:51","slug":"nuk-e-kisha-menduar-se-do-e-beja-kete-video-dafina-zeqiri-shperthen-ne-lot","status":"publish","type":"post","link":"https:\/\/blogin.al\/?p=13505","title":{"rendered":"\u201cNuk e kisha menduar se do e b\u00ebja k\u00ebt\u00eb video!\u201d Dafina Zeqiri shp\u00ebrthen n\u00eb lot"},"content":{"rendered":"\n<p>Dafina Zeqiri ka publikuar n\u00eb TikTok nj\u00eb video ku shfaqet e p\u00ebrlotur dhe e prekur nga ngjarja e fundit n\u00eb Prishtin\u00eb ku nj\u00eb 11-vje\u00e7are u dhunua seksualisht nga disa burra. Ajo shprehet e frustruar me komentuesit q\u00eb u japin t\u00eb drejt\u00eb abuzuesve duke i justifikuar me m\u00ebnyr\u00ebn si vishen apo k\u00ebrcejn\u00eb vajzat.<\/p>\n\n\n\n<p><strong>\u201cJu lutem t\u00eb gjith\u00ebve ju q\u00eb jeni duke paragjykuar, as nuk e kisha menduar se do e regjistroja veten n\u00eb k\u00ebt\u00eb gjendje. Por po emocionohem, po b\u00ebhem nervoze, se k\u00ebto jan\u00eb \u00e7\u00ebshtje shum\u00eb serioze dhe kur i shoh disa komente absurde b\u00ebhem shum\u00eb nervoze\u2026\u201d<\/strong>-thot\u00eb ajo n\u00eb video duke e mbyllur me kaq p\u00ebr arsye se nuk mund t\u00eb vazhdonte m\u00eb tej prej emocioneve.<\/p>\n\n\n\n<p>Nd\u00ebrkoh\u00eb krah videos ka shkruar:&nbsp;<strong>\u201cUn\u00eb po vuaj t\u00eb them edhe fjal\u00ebt q\u00eb dua t\u00eb them, sa e nervozuar, e trishtuar jam! Ndaloni k\u00ebto dreq \u201cShiko si po visheni? Po nxirrni k\u00ebng\u00eb seksi? Po dridhni b*th\u00ebt n\u00eb clube\u201d Nuk ke t\u00eb drejt\u00eb t\u00eb marr\u00ebsh \u00e7far\u00eb nuk \u00ebsht\u00eb e jotja dhe pik\u00eb.\u201d&nbsp;<\/strong><\/p>\n\n\n\n<p>\u201c<strong>Kini kujdes. Ne jemi njer\u00ebz me ndjenja dhe t\u00eb drejta. Mund t\u00eb isha un\u00eb? Ti? Motra jote? Mamaja jote!<\/strong>\u201d- shkruan mbi video k\u00ebng\u00ebtarja e p\u00ebrlotur.<\/p>\n\n\n\n<figure class=\"wp-block-embed is-type-video is-provider-tiktok wp-block-embed-tiktok\"><div class=\"wp-block-embed__wrapper\">\n<blockquote class=\"tiktok-embed\" cite=\"https:\/\/www.tiktok.com\/@mtvksofficial\/video\/7137633347685076230\" data-video-id=\"7137633347685076230\" data-embed-from=\"oembed\" style=\"max-width: 605px;min-width: 325px;\" > <section> <a target=\"_blank\" title=\"@mtvksofficial\" href=\"https:\/\/www.tiktok.com\/@mtvksofficial?refer=embed\">@mtvksofficial<\/a> <p>Dafina Zeqiri emocionohet, per ngjarjen(tronditjen) e fundit qe ka ndodhur ne vendin tone!!\ud83d\ude41\ud83e\udef6\ud83c\udffb\ud83e\udef6\ud83c\udffb\ud83e\udef6\ud83c\udffb <a title=\"stopdhunes\" target=\"_blank\" href=\"https:\/\/www.tiktok.com\/tag\/stopdhunes?refer=embed\">#stopdhunes<\/a> <a title=\"liri\" target=\"_blank\" href=\"https:\/\/www.tiktok.com\/tag\/liri?refer=embed\">#liri<\/a> <a title=\"dafinazeqiri\" target=\"_blank\" href=\"https:\/\/www.tiktok.com\/tag\/dafinazeqiri?refer=embed\">#dafinazeqiri<\/a> <a title=\"viral\" target=\"_blank\" href=\"https:\/\/www.tiktok.com\/tag\/viral?refer=embed\">#viral<\/a> <a title=\"fyp\" target=\"_blank\" href=\"https:\/\/www.tiktok.com\/tag\/fyp?refer=embed\">#fyp<\/a><\/p> <a target=\"_blank\" title=\"\u266c original sound - MTVKS\" href=\"https:\/\/www.tiktok.com\/music\/original-sound-7137633337824660230?refer=embed\">\u266c original sound &#8211; MTVKS<\/a> <\/section> <\/blockquote> <script async src=\"https:\/\/www.tiktok.com\/embed.js\"><\/script>\n<\/div><\/figure>\n\n\n\n<p>E mitura u abuzua nga 5 burra dhe ngjarja e r\u00ebnd\u00eb ndodhi m\u00eb 27 gusht, nga ora 17:30 deri n\u00eb 00:30. 11-vje\u00e7arja u ndalua n\u00eb park n\u00eb Prishtin\u00eb nga tre prej abuzuesve. Dy prej tyre e dhunuan nd\u00ebrsa i treti e mori n\u00eb makin\u00eb me t\u00eb tjer\u00ebt dhe e d\u00ebrguan n\u00eb nj\u00eb vend pa njer\u00ebz, p\u00ebr t\u00eb abuzuar s\u00ebrish. Nga ana tjet\u00ebr, nj\u00eb protest\u00eb do t\u00eb zhvillohet m\u00eb 31 gusht, ora 12:00 tek \u201cZahir Pajaziti\u201d.<\/p>\n\n\n\n<p>P\u00ebrve\u00e7 Dafin\u00ebs, ka patur reagime edhe nga shum\u00eb personazhe t\u00eb tjera publike.<\/p>\n","protected":false},"excerpt":{"rendered":"<p>Dafina Zeqiri ka publikuar n\u00eb TikTok nj\u00eb video ku shfaqet e p\u00ebrlotur dhe e prekur nga ngjarja e fundit n\u00eb Prishtin\u00eb ku nj\u00eb 11-vje\u00e7are u dhunua seksualisht nga disa burra. Ajo shprehet e frustruar me komentuesit q\u00eb u japin t\u00eb drejt\u00eb abuzuesve duke i justifikuar me m\u00ebnyr\u00ebn si vishen apo k\u00ebrcejn\u00eb vajzat. \u201cJu lutem t\u00eb [&hellip;]<\/p>\n","protected":false},"author":2,"featured_media":13507,"comment_status":"open","ping_status":"open","sticky":false,"template":"","format":"standard","meta":{"footnotes":""},"categories":[33],"tags":[],"class_list":{"0":"post-13505","1":"post","2":"type-post","3":"status-publish","4":"format-standard","5":"has-post-thumbnail","7":"category-showbiz"},"yoast_head":"<!-- This site is optimized with the Yoast SEO plugin v27.4 - https:\/\/yoast.com\/product\/yoast-seo-wordpress\/ -->\n<title>\u201cNuk e kisha menduar se do e b\u00ebja k\u00ebt\u00eb video!\u201d Dafina Zeqiri shp\u00ebrthen n\u00eb lot - blogin.al<\/title>\n<meta name=\"robots\" content=\"index, follow, max-snippet:-1, max-image-preview:large, max-video-preview:-1\" \/>\n<link rel=\"canonical\" href=\"https:\/\/blogin.al\/?p=13505\" \/>\n<meta property=\"og:locale\" content=\"en_US\" \/>\n<meta property=\"og:type\" content=\"article\" \/>\n<meta property=\"og:title\" content=\"\u201cNuk e kisha menduar se do e b\u00ebja k\u00ebt\u00eb video!\u201d Dafina Zeqiri shp\u00ebrthen n\u00eb lot - blogin.al\" \/>\n<meta property=\"og:description\" content=\"Dafina Zeqiri ka publikuar n\u00eb TikTok nj\u00eb video ku shfaqet e p\u00ebrlotur dhe e prekur nga ngjarja e fundit n\u00eb Prishtin\u00eb ku nj\u00eb 11-vje\u00e7are u dhunua seksualisht nga disa burra. Ajo shprehet e frustruar me komentuesit q\u00eb u japin t\u00eb drejt\u00eb abuzuesve duke i justifikuar me m\u00ebnyr\u00ebn si vishen apo k\u00ebrcejn\u00eb vajzat. \u201cJu lutem t\u00eb [&hellip;]\" \/>\n<meta property=\"og:url\" content=\"https:\/\/blogin.al\/?p=13505\" \/>\n<meta property=\"og:site_name\" content=\"blogin.al\" \/>\n<meta property=\"article:published_time\" content=\"2022-08-30T14:23:28+00:00\" \/>\n<meta property=\"article:modified_time\" content=\"2022-08-30T14:23:51+00:00\" \/>\n<meta property=\"og:image\" content=\"https:\/\/blogin.al\/wp-content\/uploads\/2022\/08\/20220830_153443.jpg\" \/>\n\t<meta property=\"og:image:width\" content=\"1440\" \/>\n\t<meta property=\"og:image:height\" content=\"1385\" \/>\n\t<meta property=\"og:image:type\" content=\"image\/jpeg\" \/>\n<meta name=\"author\" content=\"Blogin al\" \/>\n<meta name=\"twitter:card\" content=\"summary_large_image\" \/>\n<meta name=\"twitter:label1\" content=\"Written by\" \/>\n\t<meta name=\"twitter:data1\" content=\"Blogin al\" \/>\n\t<meta name=\"twitter:label2\" content=\"Est. reading time\" \/>\n\t<meta name=\"twitter:data2\" content=\"2 minutes\" \/>\n<script type=\"application\/ld+json\" class=\"yoast-schema-graph\">{\"@context\":\"https:\\\/\\\/schema.org\",\"@graph\":[{\"@type\":\"Article\",\"@id\":\"https:\\\/\\\/blogin.al\\\/?p=13505#article\",\"isPartOf\":{\"@id\":\"https:\\\/\\\/blogin.al\\\/?p=13505\"},\"author\":{\"name\":\"Blogin al\",\"@id\":\"https:\\\/\\\/blogin.al\\\/#\\\/schema\\\/person\\\/abdd56bc912cd511db877b852b115399\"},\"headline\":\"\u201cNuk e kisha menduar se do e b\u00ebja k\u00ebt\u00eb video!\u201d Dafina Zeqiri shp\u00ebrthen n\u00eb lot\",\"datePublished\":\"2022-08-30T14:23:28+00:00\",\"dateModified\":\"2022-08-30T14:23:51+00:00\",\"mainEntityOfPage\":{\"@id\":\"https:\\\/\\\/blogin.al\\\/?p=13505\"},\"wordCount\":343,\"commentCount\":0,\"publisher\":{\"@id\":\"https:\\\/\\\/blogin.al\\\/#organization\"},\"image\":{\"@id\":\"https:\\\/\\\/blogin.al\\\/?p=13505#primaryimage\"},\"thumbnailUrl\":\"https:\\\/\\\/blogin.al\\\/wp-content\\\/uploads\\\/2022\\\/08\\\/20220830_153443.jpg\",\"articleSection\":[\"SHOWBIZ\"],\"inLanguage\":\"en-US\",\"potentialAction\":[{\"@type\":\"CommentAction\",\"name\":\"Comment\",\"target\":[\"https:\\\/\\\/blogin.al\\\/?p=13505#respond\"]}]},{\"@type\":\"WebPage\",\"@id\":\"https:\\\/\\\/blogin.al\\\/?p=13505\",\"url\":\"https:\\\/\\\/blogin.al\\\/?p=13505\",\"name\":\"\u201cNuk e kisha menduar se do e b\u00ebja k\u00ebt\u00eb video!\u201d Dafina Zeqiri shp\u00ebrthen n\u00eb lot - blogin.al\",\"isPartOf\":{\"@id\":\"https:\\\/\\\/blogin.al\\\/#website\"},\"primaryImageOfPage\":{\"@id\":\"https:\\\/\\\/blogin.al\\\/?p=13505#primaryimage\"},\"image\":{\"@id\":\"https:\\\/\\\/blogin.al\\\/?p=13505#primaryimage\"},\"thumbnailUrl\":\"https:\\\/\\\/blogin.al\\\/wp-content\\\/uploads\\\/2022\\\/08\\\/20220830_153443.jpg\",\"datePublished\":\"2022-08-30T14:23:28+00:00\",\"dateModified\":\"2022-08-30T14:23:51+00:00\",\"breadcrumb\":{\"@id\":\"https:\\\/\\\/blogin.al\\\/?p=13505#breadcrumb\"},\"inLanguage\":\"en-US\",\"potentialAction\":[{\"@type\":\"ReadAction\",\"target\":[\"https:\\\/\\\/blogin.al\\\/?p=13505\"]}]},{\"@type\":\"ImageObject\",\"inLanguage\":\"en-US\",\"@id\":\"https:\\\/\\\/blogin.al\\\/?p=13505#primaryimage\",\"url\":\"https:\\\/\\\/blogin.al\\\/wp-content\\\/uploads\\\/2022\\\/08\\\/20220830_153443.jpg\",\"contentUrl\":\"https:\\\/\\\/blogin.al\\\/wp-content\\\/uploads\\\/2022\\\/08\\\/20220830_153443.jpg\",\"width\":1440,\"height\":1385},{\"@type\":\"BreadcrumbList\",\"@id\":\"https:\\\/\\\/blogin.al\\\/?p=13505#breadcrumb\",\"itemListElement\":[{\"@type\":\"ListItem\",\"position\":1,\"name\":\"Home\",\"item\":\"https:\\\/\\\/blogin.al\\\/\"},{\"@type\":\"ListItem\",\"position\":2,\"name\":\"\u201cNuk e kisha menduar se do e b\u00ebja k\u00ebt\u00eb video!\u201d Dafina Zeqiri shp\u00ebrthen n\u00eb lot\"}]},{\"@type\":\"WebSite\",\"@id\":\"https:\\\/\\\/blogin.al\\\/#website\",\"url\":\"https:\\\/\\\/blogin.al\\\/\",\"name\":\"blogin.al\",\"description\":\"\",\"publisher\":{\"@id\":\"https:\\\/\\\/blogin.al\\\/#organization\"},\"potentialAction\":[{\"@type\":\"SearchAction\",\"target\":{\"@type\":\"EntryPoint\",\"urlTemplate\":\"https:\\\/\\\/blogin.al\\\/?s={search_term_string}\"},\"query-input\":{\"@type\":\"PropertyValueSpecification\",\"valueRequired\":true,\"valueName\":\"search_term_string\"}}],\"inLanguage\":\"en-US\"},{\"@type\":\"Organization\",\"@id\":\"https:\\\/\\\/blogin.al\\\/#organization\",\"name\":\"BLOGIN.al\",\"url\":\"https:\\\/\\\/blogin.al\\\/\",\"logo\":{\"@type\":\"ImageObject\",\"inLanguage\":\"en-US\",\"@id\":\"https:\\\/\\\/blogin.al\\\/#\\\/schema\\\/logo\\\/image\\\/\",\"url\":\"https:\\\/\\\/blogin.al\\\/wp-content\\\/uploads\\\/2022\\\/05\\\/Untitled-2-01-e1652084456514.png\",\"contentUrl\":\"https:\\\/\\\/blogin.al\\\/wp-content\\\/uploads\\\/2022\\\/05\\\/Untitled-2-01-e1652084456514.png\",\"width\":3723,\"height\":1698,\"caption\":\"BLOGIN.al\"},\"image\":{\"@id\":\"https:\\\/\\\/blogin.al\\\/#\\\/schema\\\/logo\\\/image\\\/\"},\"sameAs\":[\"https:\\\/\\\/instagram.com\\\/blogin.al\\\/\"]},{\"@type\":\"Person\",\"@id\":\"https:\\\/\\\/blogin.al\\\/#\\\/schema\\\/person\\\/abdd56bc912cd511db877b852b115399\",\"name\":\"Blogin al\",\"image\":{\"@type\":\"ImageObject\",\"inLanguage\":\"en-US\",\"@id\":\"https:\\\/\\\/secure.gravatar.com\\\/avatar\\\/60d5661aee6e835fb13dc75d2204cd0c1d61bef2efd137c0083e59ef831e235e?s=96&d=mm&r=g\",\"url\":\"https:\\\/\\\/secure.gravatar.com\\\/avatar\\\/60d5661aee6e835fb13dc75d2204cd0c1d61bef2efd137c0083e59ef831e235e?s=96&d=mm&r=g\",\"contentUrl\":\"https:\\\/\\\/secure.gravatar.com\\\/avatar\\\/60d5661aee6e835fb13dc75d2204cd0c1d61bef2efd137c0083e59ef831e235e?s=96&d=mm&r=g\",\"caption\":\"Blogin al\"},\"sameAs\":[\"https:\\\/\\\/blogin.al\"],\"url\":\"https:\\\/\\\/blogin.al\\\/?author=2\"}]}<\/script>\n<!-- \/ Yoast SEO plugin. -->","yoast_head_json":{"title":"\u201cNuk e kisha menduar se do e b\u00ebja k\u00ebt\u00eb video!\u201d Dafina Zeqiri shp\u00ebrthen n\u00eb lot - blogin.al","robots":{"index":"index","follow":"follow","max-snippet":"max-snippet:-1","max-image-preview":"max-image-preview:large","max-video-preview":"max-video-preview:-1"},"canonical":"https:\/\/blogin.al\/?p=13505","og_locale":"en_US","og_type":"article","og_title":"\u201cNuk e kisha menduar se do e b\u00ebja k\u00ebt\u00eb video!\u201d Dafina Zeqiri shp\u00ebrthen n\u00eb lot - blogin.al","og_description":"Dafina Zeqiri ka publikuar n\u00eb TikTok nj\u00eb video ku shfaqet e p\u00ebrlotur dhe e prekur nga ngjarja e fundit n\u00eb Prishtin\u00eb ku nj\u00eb 11-vje\u00e7are u dhunua seksualisht nga disa burra. Ajo shprehet e frustruar me komentuesit q\u00eb u japin t\u00eb drejt\u00eb abuzuesve duke i justifikuar me m\u00ebnyr\u00ebn si vishen apo k\u00ebrcejn\u00eb vajzat. \u201cJu lutem t\u00eb [&hellip;]","og_url":"https:\/\/blogin.al\/?p=13505","og_site_name":"blogin.al","article_published_time":"2022-08-30T14:23:28+00:00","article_modified_time":"2022-08-30T14:23:51+00:00","og_image":[{"width":1440,"height":1385,"url":"https:\/\/blogin.al\/wp-content\/uploads\/2022\/08\/20220830_153443.jpg","type":"image\/jpeg"}],"author":"Blogin al","twitter_card":"summary_large_image","twitter_misc":{"Written by":"Blogin al","Est. reading time":"2 minutes"},"schema":{"@context":"https:\/\/schema.org","@graph":[{"@type":"Article","@id":"https:\/\/blogin.al\/?p=13505#article","isPartOf":{"@id":"https:\/\/blogin.al\/?p=13505"},"author":{"name":"Blogin al","@id":"https:\/\/blogin.al\/#\/schema\/person\/abdd56bc912cd511db877b852b115399"},"headline":"\u201cNuk e kisha menduar se do e b\u00ebja k\u00ebt\u00eb video!\u201d Dafina Zeqiri shp\u00ebrthen n\u00eb lot","datePublished":"2022-08-30T14:23:28+00:00","dateModified":"2022-08-30T14:23:51+00:00","mainEntityOfPage":{"@id":"https:\/\/blogin.al\/?p=13505"},"wordCount":343,"commentCount":0,"publisher":{"@id":"https:\/\/blogin.al\/#organization"},"image":{"@id":"https:\/\/blogin.al\/?p=13505#primaryimage"},"thumbnailUrl":"https:\/\/blogin.al\/wp-content\/uploads\/2022\/08\/20220830_153443.jpg","articleSection":["SHOWBIZ"],"inLanguage":"en-US","potentialAction":[{"@type":"CommentAction","name":"Comment","target":["https:\/\/blogin.al\/?p=13505#respond"]}]},{"@type":"WebPage","@id":"https:\/\/blogin.al\/?p=13505","url":"https:\/\/blogin.al\/?p=13505","name":"\u201cNuk e kisha menduar se do e b\u00ebja k\u00ebt\u00eb video!\u201d Dafina Zeqiri shp\u00ebrthen n\u00eb lot - blogin.al","isPartOf":{"@id":"https:\/\/blogin.al\/#website"},"primaryImageOfPage":{"@id":"https:\/\/blogin.al\/?p=13505#primaryimage"},"image":{"@id":"https:\/\/blogin.al\/?p=13505#primaryimage"},"thumbnailUrl":"https:\/\/blogin.al\/wp-content\/uploads\/2022\/08\/20220830_153443.jpg","datePublished":"2022-08-30T14:23:28+00:00","dateModified":"2022-08-30T14:23:51+00:00","breadcrumb":{"@id":"https:\/\/blogin.al\/?p=13505#breadcrumb"},"inLanguage":"en-US","potentialAction":[{"@type":"ReadAction","target":["https:\/\/blogin.al\/?p=13505"]}]},{"@type":"ImageObject","inLanguage":"en-US","@id":"https:\/\/blogin.al\/?p=13505#primaryimage","url":"https:\/\/blogin.al\/wp-content\/uploads\/2022\/08\/20220830_153443.jpg","contentUrl":"https:\/\/blogin.al\/wp-content\/uploads\/2022\/08\/20220830_153443.jpg","width":1440,"height":1385},{"@type":"BreadcrumbList","@id":"https:\/\/blogin.al\/?p=13505#breadcrumb","itemListElement":[{"@type":"ListItem","position":1,"name":"Home","item":"https:\/\/blogin.al\/"},{"@type":"ListItem","position":2,"name":"\u201cNuk e kisha menduar se do e b\u00ebja k\u00ebt\u00eb video!\u201d Dafina Zeqiri shp\u00ebrthen n\u00eb lot"}]},{"@type":"WebSite","@id":"https:\/\/blogin.al\/#website","url":"https:\/\/blogin.al\/","name":"blogin.al","description":"","publisher":{"@id":"https:\/\/blogin.al\/#organization"},"potentialAction":[{"@type":"SearchAction","target":{"@type":"EntryPoint","urlTemplate":"https:\/\/blogin.al\/?s={search_term_string}"},"query-input":{"@type":"PropertyValueSpecification","valueRequired":true,"valueName":"search_term_string"}}],"inLanguage":"en-US"},{"@type":"Organization","@id":"https:\/\/blogin.al\/#organization","name":"BLOGIN.al","url":"https:\/\/blogin.al\/","logo":{"@type":"ImageObject","inLanguage":"en-US","@id":"https:\/\/blogin.al\/#\/schema\/logo\/image\/","url":"https:\/\/blogin.al\/wp-content\/uploads\/2022\/05\/Untitled-2-01-e1652084456514.png","contentUrl":"https:\/\/blogin.al\/wp-content\/uploads\/2022\/05\/Untitled-2-01-e1652084456514.png","width":3723,"height":1698,"caption":"BLOGIN.al"},"image":{"@id":"https:\/\/blogin.al\/#\/schema\/logo\/image\/"},"sameAs":["https:\/\/instagram.com\/blogin.al\/"]},{"@type":"Person","@id":"https:\/\/blogin.al\/#\/schema\/person\/abdd56bc912cd511db877b852b115399","name":"Blogin al","image":{"@type":"ImageObject","inLanguage":"en-US","@id":"https:\/\/secure.gravatar.com\/avatar\/60d5661aee6e835fb13dc75d2204cd0c1d61bef2efd137c0083e59ef831e235e?s=96&d=mm&r=g","url":"https:\/\/secure.gravatar.com\/avatar\/60d5661aee6e835fb13dc75d2204cd0c1d61bef2efd137c0083e59ef831e235e?s=96&d=mm&r=g","contentUrl":"https:\/\/secure.gravatar.com\/avatar\/60d5661aee6e835fb13dc75d2204cd0c1d61bef2efd137c0083e59ef831e235e?s=96&d=mm&r=g","caption":"Blogin al"},"sameAs":["https:\/\/blogin.al"],"url":"https:\/\/blogin.al\/?author=2"}]}},"_links":{"self":[{"href":"https:\/\/blogin.al\/index.php?rest_route=\/wp\/v2\/posts\/13505","targetHints":{"allow":["GET"]}}],"collection":[{"href":"https:\/\/blogin.al\/index.php?rest_route=\/wp\/v2\/posts"}],"about":[{"href":"https:\/\/blogin.al\/index.php?rest_route=\/wp\/v2\/types\/post"}],"author":[{"embeddable":true,"href":"https:\/\/blogin.al\/index.php?rest_route=\/wp\/v2\/users\/2"}],"replies":[{"embeddable":true,"href":"https:\/\/blogin.al\/index.php?rest_route=%2Fwp%2Fv2%2Fcomments&post=13505"}],"version-history":[{"count":1,"href":"https:\/\/blogin.al\/index.php?rest_route=\/wp\/v2\/posts\/13505\/revisions"}],"predecessor-version":[{"id":13506,"href":"https:\/\/blogin.al\/index.php?rest_route=\/wp\/v2\/posts\/13505\/revisions\/13506"}],"wp:featuredmedia":[{"embeddable":true,"href":"https:\/\/blogin.al\/index.php?rest_route=\/wp\/v2\/media\/13507"}],"wp:attachment":[{"href":"https:\/\/blogin.al\/index.php?rest_route=%2Fwp%2Fv2%2Fmedia&parent=13505"}],"wp:term":[{"taxonomy":"category","embeddable":true,"href":"https:\/\/blogin.al\/index.php?rest_route=%2Fwp%2Fv2%2Fcategories&post=13505"},{"taxonomy":"post_tag","embeddable":true,"href":"https:\/\/blogin.al\/index.php?rest_route=%2Fwp%2Fv2%2Ftags&post=13505"}],"curies":[{"name":"wp","href":"https:\/\/api.w.org\/{rel}","templated":true}]}}