{"id":13599,"date":"2022-08-31T19:01:53","date_gmt":"2022-08-31T19:01:53","guid":{"rendered":"https:\/\/blogin.al\/?p=13599"},"modified":"2022-08-31T19:01:54","modified_gmt":"2022-08-31T19:01:54","slug":"fifi-debaton-ashper-me-aktivisten-ja-arsyeja","status":"publish","type":"post","link":"https:\/\/blogin.al\/?p=13599","title":{"rendered":"Fifi debaton ashp\u00ebr me aktivisten, ja arsyeja"},"content":{"rendered":"\n<p><strong>Organizatorja e protest\u00ebs s\u00eb mabjtur pasditen e sotme (31 gusht), Filloreta Ra\u00e7i, ka debatuar me nj\u00eb protestuese.<\/strong><\/p>\n\n\n\n<p>Nj\u00eb aktiviste e shoq\u00ebris\u00eb civile po fliste n\u00eb tubimin e sot\u00ebm n\u00eb solidarizimin p\u00ebr ngjarjen makab\u00ebr ku nj\u00eb 11 vje\u00e7are u p\u00ebrdhunua nga 5 burra, por gjat\u00eb fjal\u00ebs s\u00eb mbajtur ajo fal\u00ebnderoi p\u00ebr organizimin e tubimit Zhaklina Lakatarin dhe Xhenin Karain. N\u00eb at\u00eb moment Fifi nd\u00ebrhyri me tone t\u00eb ashpra ndaj protestueses.<\/p>\n\n\n\n<p><strong>\u201cFaleminderit t\u00eb gjith\u00eb ata q\u00eb kan\u00eb dal\u00eb sot k\u00ebtu, do doja t\u00eb ishin shum\u00eb m\u00eb shum\u00eb. Faleminderi Zhaklin p\u00ebr gjith\u00e7ka b\u00ebn, faleminderit Xhen p\u00ebr gjith\u00e7ka b\u00ebn. Faleminderit edhe ju q\u00eb jeni personazhe t\u00eb duksh\u00ebm shum\u00eb m\u00eb leht\u00eb se shum\u00eb t\u00eb tjer\u00eb dehe sot keni gjetur koh\u00ebn p\u00ebr t\u00eb ardhur k\u00ebtu.\u201d-<\/strong>&nbsp;tha aktivistja, nd\u00ebrsa Fifi i pohoi me tone t\u00eb ashpra asaj se kishte qen\u00eb ajo q\u00eb e kishte organizuar k\u00ebt\u00eb protest\u00eb, nd\u00ebrsa u shpreh e revoltuar.<\/p>\n\n\n\n<p><strong>\u201cJo jo, un\u00eb nuk kam ardhur. Un\u00eb e kam organizuar k\u00ebt\u00eb gj\u00eb sot k\u00ebtu.\u201d<\/strong><\/p>\n\n\n\n<p>Pjes\u00eb nga debati:<\/p>\n\n\n\n<p><strong>Aktivistja:<\/strong>&nbsp;Nuk po ndaj pronat un\u00eb do them vet\u00ebm kaq\u2026 P\u00ebr \u00e7far\u00eb e ke realizuar?<\/p>\n\n\n\n<p><strong>Fifi:<\/strong>&nbsp;Nuk \u00ebsht\u00eb vet\u00ebm q\u00eb \u00ebsht\u00eb organizuar. Kjo gj\u00ebja nuk kam par\u00eb asnj\u00eb njeri q\u00eb t\u00eb marr\u00eb nj\u00eb iniciativ\u00eb p\u00ebr p\u00ebrdhunimin e 11-vje\u00e7ares p\u00ebrve\u00e7 se n\u00eb Instagram apo Fb (B\u00ebrtet)<br><strong>Zhaklina:<\/strong>&nbsp;Kemi 10 vite q\u00eb b\u00ebjm\u00eb iniciativa t\u00eb tilla.<br><strong>Fifi:<\/strong>&nbsp;N\u00eb Kosov\u00eb kan\u00eb b\u00ebr\u00eb nj\u00eb ndryshim. Midis Prishtine ku jam rritur un\u00eb, nuk guxon me dal\u00eb motra ime, v\u00ebllau jem, mbesa jem.<\/p>\n\n\n\n<p><strong>Aktivistja:<\/strong>&nbsp;Un\u00eb besoj se femrat nuk duhet t\u00eb ndahen, femrat duhet t\u00eb bashkohen.<\/p>\n\n\n\n<p>Nd\u00ebrkoh\u00eb teksa Fifi reagonte me tone t\u00eb forta, pas saj q\u00ebndronte i dashuri i saj, Adisi.<\/p>\n","protected":false},"excerpt":{"rendered":"<p>Organizatorja e protest\u00ebs s\u00eb mabjtur pasditen e sotme (31 gusht), Filloreta Ra\u00e7i, ka debatuar me nj\u00eb protestuese. Nj\u00eb aktiviste e shoq\u00ebris\u00eb civile po fliste n\u00eb tubimin e sot\u00ebm n\u00eb solidarizimin p\u00ebr ngjarjen makab\u00ebr ku nj\u00eb 11 vje\u00e7are u p\u00ebrdhunua nga 5 burra, por gjat\u00eb fjal\u00ebs s\u00eb mbajtur ajo fal\u00ebnderoi p\u00ebr organizimin e tubimit Zhaklina Lakatarin [&hellip;]<\/p>\n","protected":false},"author":2,"featured_media":7882,"comment_status":"open","ping_status":"open","sticky":false,"template":"","format":"standard","meta":{"footnotes":""},"categories":[33],"tags":[],"class_list":{"0":"post-13599","1":"post","2":"type-post","3":"status-publish","4":"format-standard","5":"has-post-thumbnail","7":"category-showbiz"},"yoast_head":"<!-- This site is optimized with the Yoast SEO plugin v27.5 - https:\/\/yoast.com\/product\/yoast-seo-wordpress\/ -->\n<title>Fifi debaton ashp\u00ebr me aktivisten, ja arsyeja - blogin.al<\/title>\n<meta name=\"robots\" content=\"index, follow, max-snippet:-1, max-image-preview:large, max-video-preview:-1\" \/>\n<link rel=\"canonical\" href=\"https:\/\/blogin.al\/?p=13599\" \/>\n<meta property=\"og:locale\" content=\"en_US\" \/>\n<meta property=\"og:type\" content=\"article\" \/>\n<meta property=\"og:title\" content=\"Fifi debaton ashp\u00ebr me aktivisten, ja arsyeja - blogin.al\" \/>\n<meta property=\"og:description\" content=\"Organizatorja e protest\u00ebs s\u00eb mabjtur pasditen e sotme (31 gusht), Filloreta Ra\u00e7i, ka debatuar me nj\u00eb protestuese. Nj\u00eb aktiviste e shoq\u00ebris\u00eb civile po fliste n\u00eb tubimin e sot\u00ebm n\u00eb solidarizimin p\u00ebr ngjarjen makab\u00ebr ku nj\u00eb 11 vje\u00e7are u p\u00ebrdhunua nga 5 burra, por gjat\u00eb fjal\u00ebs s\u00eb mbajtur ajo fal\u00ebnderoi p\u00ebr organizimin e tubimit Zhaklina Lakatarin [&hellip;]\" \/>\n<meta property=\"og:url\" content=\"https:\/\/blogin.al\/?p=13599\" \/>\n<meta property=\"og:site_name\" content=\"blogin.al\" \/>\n<meta property=\"article:published_time\" content=\"2022-08-31T19:01:53+00:00\" \/>\n<meta property=\"article:modified_time\" content=\"2022-08-31T19:01:54+00:00\" \/>\n<meta property=\"og:image\" content=\"https:\/\/blogin.al\/wp-content\/uploads\/2022\/06\/fifi.png\" \/>\n\t<meta property=\"og:image:width\" content=\"595\" \/>\n\t<meta property=\"og:image:height\" content=\"499\" \/>\n\t<meta property=\"og:image:type\" content=\"image\/png\" \/>\n<meta name=\"author\" content=\"Blogin al\" \/>\n<meta name=\"twitter:card\" content=\"summary_large_image\" \/>\n<meta name=\"twitter:label1\" content=\"Written by\" \/>\n\t<meta name=\"twitter:data1\" content=\"Blogin al\" \/>\n\t<meta name=\"twitter:label2\" content=\"Est. reading time\" \/>\n\t<meta name=\"twitter:data2\" content=\"2 minutes\" \/>\n<script type=\"application\/ld+json\" class=\"yoast-schema-graph\">{\"@context\":\"https:\\\/\\\/schema.org\",\"@graph\":[{\"@type\":\"Article\",\"@id\":\"https:\\\/\\\/blogin.al\\\/?p=13599#article\",\"isPartOf\":{\"@id\":\"https:\\\/\\\/blogin.al\\\/?p=13599\"},\"author\":{\"name\":\"Blogin al\",\"@id\":\"https:\\\/\\\/blogin.al\\\/#\\\/schema\\\/person\\\/abdd56bc912cd511db877b852b115399\"},\"headline\":\"Fifi debaton ashp\u00ebr me aktivisten, ja arsyeja\",\"datePublished\":\"2022-08-31T19:01:53+00:00\",\"dateModified\":\"2022-08-31T19:01:54+00:00\",\"mainEntityOfPage\":{\"@id\":\"https:\\\/\\\/blogin.al\\\/?p=13599\"},\"wordCount\":321,\"commentCount\":0,\"publisher\":{\"@id\":\"https:\\\/\\\/blogin.al\\\/#organization\"},\"image\":{\"@id\":\"https:\\\/\\\/blogin.al\\\/?p=13599#primaryimage\"},\"thumbnailUrl\":\"https:\\\/\\\/blogin.al\\\/wp-content\\\/uploads\\\/2022\\\/06\\\/fifi.png\",\"articleSection\":[\"SHOWBIZ\"],\"inLanguage\":\"en-US\",\"potentialAction\":[{\"@type\":\"CommentAction\",\"name\":\"Comment\",\"target\":[\"https:\\\/\\\/blogin.al\\\/?p=13599#respond\"]}]},{\"@type\":\"WebPage\",\"@id\":\"https:\\\/\\\/blogin.al\\\/?p=13599\",\"url\":\"https:\\\/\\\/blogin.al\\\/?p=13599\",\"name\":\"Fifi debaton ashp\u00ebr me aktivisten, ja arsyeja - blogin.al\",\"isPartOf\":{\"@id\":\"https:\\\/\\\/blogin.al\\\/#website\"},\"primaryImageOfPage\":{\"@id\":\"https:\\\/\\\/blogin.al\\\/?p=13599#primaryimage\"},\"image\":{\"@id\":\"https:\\\/\\\/blogin.al\\\/?p=13599#primaryimage\"},\"thumbnailUrl\":\"https:\\\/\\\/blogin.al\\\/wp-content\\\/uploads\\\/2022\\\/06\\\/fifi.png\",\"datePublished\":\"2022-08-31T19:01:53+00:00\",\"dateModified\":\"2022-08-31T19:01:54+00:00\",\"breadcrumb\":{\"@id\":\"https:\\\/\\\/blogin.al\\\/?p=13599#breadcrumb\"},\"inLanguage\":\"en-US\",\"potentialAction\":[{\"@type\":\"ReadAction\",\"target\":[\"https:\\\/\\\/blogin.al\\\/?p=13599\"]}]},{\"@type\":\"ImageObject\",\"inLanguage\":\"en-US\",\"@id\":\"https:\\\/\\\/blogin.al\\\/?p=13599#primaryimage\",\"url\":\"https:\\\/\\\/blogin.al\\\/wp-content\\\/uploads\\\/2022\\\/06\\\/fifi.png\",\"contentUrl\":\"https:\\\/\\\/blogin.al\\\/wp-content\\\/uploads\\\/2022\\\/06\\\/fifi.png\",\"width\":595,\"height\":499},{\"@type\":\"BreadcrumbList\",\"@id\":\"https:\\\/\\\/blogin.al\\\/?p=13599#breadcrumb\",\"itemListElement\":[{\"@type\":\"ListItem\",\"position\":1,\"name\":\"Home\",\"item\":\"https:\\\/\\\/blogin.al\\\/\"},{\"@type\":\"ListItem\",\"position\":2,\"name\":\"Fifi debaton ashp\u00ebr me aktivisten, ja arsyeja\"}]},{\"@type\":\"WebSite\",\"@id\":\"https:\\\/\\\/blogin.al\\\/#website\",\"url\":\"https:\\\/\\\/blogin.al\\\/\",\"name\":\"blogin.al\",\"description\":\"\",\"publisher\":{\"@id\":\"https:\\\/\\\/blogin.al\\\/#organization\"},\"potentialAction\":[{\"@type\":\"SearchAction\",\"target\":{\"@type\":\"EntryPoint\",\"urlTemplate\":\"https:\\\/\\\/blogin.al\\\/?s={search_term_string}\"},\"query-input\":{\"@type\":\"PropertyValueSpecification\",\"valueRequired\":true,\"valueName\":\"search_term_string\"}}],\"inLanguage\":\"en-US\"},{\"@type\":\"Organization\",\"@id\":\"https:\\\/\\\/blogin.al\\\/#organization\",\"name\":\"BLOGIN.al\",\"url\":\"https:\\\/\\\/blogin.al\\\/\",\"logo\":{\"@type\":\"ImageObject\",\"inLanguage\":\"en-US\",\"@id\":\"https:\\\/\\\/blogin.al\\\/#\\\/schema\\\/logo\\\/image\\\/\",\"url\":\"https:\\\/\\\/blogin.al\\\/wp-content\\\/uploads\\\/2022\\\/05\\\/Untitled-2-01-e1652084456514.png\",\"contentUrl\":\"https:\\\/\\\/blogin.al\\\/wp-content\\\/uploads\\\/2022\\\/05\\\/Untitled-2-01-e1652084456514.png\",\"width\":3723,\"height\":1698,\"caption\":\"BLOGIN.al\"},\"image\":{\"@id\":\"https:\\\/\\\/blogin.al\\\/#\\\/schema\\\/logo\\\/image\\\/\"},\"sameAs\":[\"https:\\\/\\\/instagram.com\\\/blogin.al\\\/\"]},{\"@type\":\"Person\",\"@id\":\"https:\\\/\\\/blogin.al\\\/#\\\/schema\\\/person\\\/abdd56bc912cd511db877b852b115399\",\"name\":\"Blogin al\",\"image\":{\"@type\":\"ImageObject\",\"inLanguage\":\"en-US\",\"@id\":\"https:\\\/\\\/secure.gravatar.com\\\/avatar\\\/60d5661aee6e835fb13dc75d2204cd0c1d61bef2efd137c0083e59ef831e235e?s=96&d=mm&r=g\",\"url\":\"https:\\\/\\\/secure.gravatar.com\\\/avatar\\\/60d5661aee6e835fb13dc75d2204cd0c1d61bef2efd137c0083e59ef831e235e?s=96&d=mm&r=g\",\"contentUrl\":\"https:\\\/\\\/secure.gravatar.com\\\/avatar\\\/60d5661aee6e835fb13dc75d2204cd0c1d61bef2efd137c0083e59ef831e235e?s=96&d=mm&r=g\",\"caption\":\"Blogin al\"},\"sameAs\":[\"https:\\\/\\\/blogin.al\"],\"url\":\"https:\\\/\\\/blogin.al\\\/?author=2\"}]}<\/script>\n<!-- \/ Yoast SEO plugin. -->","yoast_head_json":{"title":"Fifi debaton ashp\u00ebr me aktivisten, ja arsyeja - blogin.al","robots":{"index":"index","follow":"follow","max-snippet":"max-snippet:-1","max-image-preview":"max-image-preview:large","max-video-preview":"max-video-preview:-1"},"canonical":"https:\/\/blogin.al\/?p=13599","og_locale":"en_US","og_type":"article","og_title":"Fifi debaton ashp\u00ebr me aktivisten, ja arsyeja - blogin.al","og_description":"Organizatorja e protest\u00ebs s\u00eb mabjtur pasditen e sotme (31 gusht), Filloreta Ra\u00e7i, ka debatuar me nj\u00eb protestuese. Nj\u00eb aktiviste e shoq\u00ebris\u00eb civile po fliste n\u00eb tubimin e sot\u00ebm n\u00eb solidarizimin p\u00ebr ngjarjen makab\u00ebr ku nj\u00eb 11 vje\u00e7are u p\u00ebrdhunua nga 5 burra, por gjat\u00eb fjal\u00ebs s\u00eb mbajtur ajo fal\u00ebnderoi p\u00ebr organizimin e tubimit Zhaklina Lakatarin [&hellip;]","og_url":"https:\/\/blogin.al\/?p=13599","og_site_name":"blogin.al","article_published_time":"2022-08-31T19:01:53+00:00","article_modified_time":"2022-08-31T19:01:54+00:00","og_image":[{"width":595,"height":499,"url":"https:\/\/blogin.al\/wp-content\/uploads\/2022\/06\/fifi.png","type":"image\/png"}],"author":"Blogin al","twitter_card":"summary_large_image","twitter_misc":{"Written by":"Blogin al","Est. reading time":"2 minutes"},"schema":{"@context":"https:\/\/schema.org","@graph":[{"@type":"Article","@id":"https:\/\/blogin.al\/?p=13599#article","isPartOf":{"@id":"https:\/\/blogin.al\/?p=13599"},"author":{"name":"Blogin al","@id":"https:\/\/blogin.al\/#\/schema\/person\/abdd56bc912cd511db877b852b115399"},"headline":"Fifi debaton ashp\u00ebr me aktivisten, ja arsyeja","datePublished":"2022-08-31T19:01:53+00:00","dateModified":"2022-08-31T19:01:54+00:00","mainEntityOfPage":{"@id":"https:\/\/blogin.al\/?p=13599"},"wordCount":321,"commentCount":0,"publisher":{"@id":"https:\/\/blogin.al\/#organization"},"image":{"@id":"https:\/\/blogin.al\/?p=13599#primaryimage"},"thumbnailUrl":"https:\/\/blogin.al\/wp-content\/uploads\/2022\/06\/fifi.png","articleSection":["SHOWBIZ"],"inLanguage":"en-US","potentialAction":[{"@type":"CommentAction","name":"Comment","target":["https:\/\/blogin.al\/?p=13599#respond"]}]},{"@type":"WebPage","@id":"https:\/\/blogin.al\/?p=13599","url":"https:\/\/blogin.al\/?p=13599","name":"Fifi debaton ashp\u00ebr me aktivisten, ja arsyeja - blogin.al","isPartOf":{"@id":"https:\/\/blogin.al\/#website"},"primaryImageOfPage":{"@id":"https:\/\/blogin.al\/?p=13599#primaryimage"},"image":{"@id":"https:\/\/blogin.al\/?p=13599#primaryimage"},"thumbnailUrl":"https:\/\/blogin.al\/wp-content\/uploads\/2022\/06\/fifi.png","datePublished":"2022-08-31T19:01:53+00:00","dateModified":"2022-08-31T19:01:54+00:00","breadcrumb":{"@id":"https:\/\/blogin.al\/?p=13599#breadcrumb"},"inLanguage":"en-US","potentialAction":[{"@type":"ReadAction","target":["https:\/\/blogin.al\/?p=13599"]}]},{"@type":"ImageObject","inLanguage":"en-US","@id":"https:\/\/blogin.al\/?p=13599#primaryimage","url":"https:\/\/blogin.al\/wp-content\/uploads\/2022\/06\/fifi.png","contentUrl":"https:\/\/blogin.al\/wp-content\/uploads\/2022\/06\/fifi.png","width":595,"height":499},{"@type":"BreadcrumbList","@id":"https:\/\/blogin.al\/?p=13599#breadcrumb","itemListElement":[{"@type":"ListItem","position":1,"name":"Home","item":"https:\/\/blogin.al\/"},{"@type":"ListItem","position":2,"name":"Fifi debaton ashp\u00ebr me aktivisten, ja arsyeja"}]},{"@type":"WebSite","@id":"https:\/\/blogin.al\/#website","url":"https:\/\/blogin.al\/","name":"blogin.al","description":"","publisher":{"@id":"https:\/\/blogin.al\/#organization"},"potentialAction":[{"@type":"SearchAction","target":{"@type":"EntryPoint","urlTemplate":"https:\/\/blogin.al\/?s={search_term_string}"},"query-input":{"@type":"PropertyValueSpecification","valueRequired":true,"valueName":"search_term_string"}}],"inLanguage":"en-US"},{"@type":"Organization","@id":"https:\/\/blogin.al\/#organization","name":"BLOGIN.al","url":"https:\/\/blogin.al\/","logo":{"@type":"ImageObject","inLanguage":"en-US","@id":"https:\/\/blogin.al\/#\/schema\/logo\/image\/","url":"https:\/\/blogin.al\/wp-content\/uploads\/2022\/05\/Untitled-2-01-e1652084456514.png","contentUrl":"https:\/\/blogin.al\/wp-content\/uploads\/2022\/05\/Untitled-2-01-e1652084456514.png","width":3723,"height":1698,"caption":"BLOGIN.al"},"image":{"@id":"https:\/\/blogin.al\/#\/schema\/logo\/image\/"},"sameAs":["https:\/\/instagram.com\/blogin.al\/"]},{"@type":"Person","@id":"https:\/\/blogin.al\/#\/schema\/person\/abdd56bc912cd511db877b852b115399","name":"Blogin al","image":{"@type":"ImageObject","inLanguage":"en-US","@id":"https:\/\/secure.gravatar.com\/avatar\/60d5661aee6e835fb13dc75d2204cd0c1d61bef2efd137c0083e59ef831e235e?s=96&d=mm&r=g","url":"https:\/\/secure.gravatar.com\/avatar\/60d5661aee6e835fb13dc75d2204cd0c1d61bef2efd137c0083e59ef831e235e?s=96&d=mm&r=g","contentUrl":"https:\/\/secure.gravatar.com\/avatar\/60d5661aee6e835fb13dc75d2204cd0c1d61bef2efd137c0083e59ef831e235e?s=96&d=mm&r=g","caption":"Blogin al"},"sameAs":["https:\/\/blogin.al"],"url":"https:\/\/blogin.al\/?author=2"}]}},"_links":{"self":[{"href":"https:\/\/blogin.al\/index.php?rest_route=\/wp\/v2\/posts\/13599","targetHints":{"allow":["GET"]}}],"collection":[{"href":"https:\/\/blogin.al\/index.php?rest_route=\/wp\/v2\/posts"}],"about":[{"href":"https:\/\/blogin.al\/index.php?rest_route=\/wp\/v2\/types\/post"}],"author":[{"embeddable":true,"href":"https:\/\/blogin.al\/index.php?rest_route=\/wp\/v2\/users\/2"}],"replies":[{"embeddable":true,"href":"https:\/\/blogin.al\/index.php?rest_route=%2Fwp%2Fv2%2Fcomments&post=13599"}],"version-history":[{"count":1,"href":"https:\/\/blogin.al\/index.php?rest_route=\/wp\/v2\/posts\/13599\/revisions"}],"predecessor-version":[{"id":13600,"href":"https:\/\/blogin.al\/index.php?rest_route=\/wp\/v2\/posts\/13599\/revisions\/13600"}],"wp:featuredmedia":[{"embeddable":true,"href":"https:\/\/blogin.al\/index.php?rest_route=\/wp\/v2\/media\/7882"}],"wp:attachment":[{"href":"https:\/\/blogin.al\/index.php?rest_route=%2Fwp%2Fv2%2Fmedia&parent=13599"}],"wp:term":[{"taxonomy":"category","embeddable":true,"href":"https:\/\/blogin.al\/index.php?rest_route=%2Fwp%2Fv2%2Fcategories&post=13599"},{"taxonomy":"post_tag","embeddable":true,"href":"https:\/\/blogin.al\/index.php?rest_route=%2Fwp%2Fv2%2Ftags&post=13599"}],"curies":[{"name":"wp","href":"https:\/\/api.w.org\/{rel}","templated":true}]}}