{"id":13616,"date":"2022-09-01T13:48:24","date_gmt":"2022-09-01T13:48:24","guid":{"rendered":"https:\/\/blogin.al\/?p=13616"},"modified":"2022-09-01T13:48:25","modified_gmt":"2022-09-01T13:48:25","slug":"tayna-i-ka-kerkuar-nje-bashkepunim-muzikor-por-rina-e-refuzoi-kengetarja-zbulon-si-qendron-e-verteta","status":"publish","type":"post","link":"https:\/\/blogin.al\/?p=13616","title":{"rendered":"Tayna i ka k\u00ebrkuar nj\u00eb bashk\u00ebpunim muzikor por Rina e refuzoi? K\u00ebng\u00ebtarja zbulon si q\u00ebndron e v\u00ebrteta"},"content":{"rendered":"\n<p><strong>Rina Balaj dhe Tayna ishin dy repere t\u00eb cilat e nis\u00ebn pothuajse nj\u00ebkoh\u00ebsisht karrier\u00ebn e tyre n\u00eb muzik\u00eb. Ato t\u00ebrhoq\u00ebn menj\u00ebher\u00eb v\u00ebmendjen e publikut me stilin e tyre t\u00eb ve\u00e7ant\u00ebdhe diss-et e forta q\u00eb i b\u00ebnin nj\u00ebra-tjetr\u00ebs.<\/strong><\/p>\n\n\n\n<p>Sot Tayna vazhdon ende t\u00eb b\u00ebj\u00eb \u2018rep\u2019 dhe t\u00eb thumboj\u00eb n\u00eb tekstet e saj, nd\u00ebrsa Rina q\u00eb pas largimit nga labeli \u2018On Records\u2019 la pas diss-et duke iu kushtuar m\u00eb shum\u00eb k\u00ebng\u00ebve p\u00ebr dashurin\u00eb.<\/p>\n\n\n\n<p>S\u00eb fundmi k\u00ebng\u00ebtarja ka zbuluar n\u00eb nj\u00eb intervist\u00eb p\u00ebr \u2018T7\u2019 se ka marr\u00eb nj\u00eb k\u00ebrkes\u00eb p\u00ebr bashk\u00ebpunim me Tayn\u00ebn por ajo e ka refuzuar. Sipas artistes nuk ka qen\u00eb personalisht reperja q\u00eb ka kontaktuar me t\u00eb por menaxheri i saj.<\/p>\n\n\n\n<p>Ajo u shpreh se n\u00ebse bashk\u00ebpunimi do t\u00eb ishte k\u00ebrkuar para dy viteve, mund ta kishte pranuar por tani ajo ka ndryshuarm teksa thumboi se nuk d\u00ebshiron t\u00eb shfaq urrejtje dhe nj\u00eb \u2018fake feminism\u2019 (nj\u00eb feminiz\u00ebm jo t\u00eb v\u00ebrtet).<\/p>\n\n\n\n<p><em>\u201cPo \u00ebsht\u00eb k\u00ebrkuar, por nuk \u00ebsht\u00eb k\u00ebrkuar personalisht nga ajo por menaxheri i saj ka k\u00ebrkuar bashk\u00ebpunimin q\u00eb nuk \u00ebsht\u00eb b\u00ebr\u00eb. Arsyeja \u00ebsht\u00eb q\u00eb n\u00ebse do e kishte k\u00ebrkuar para dy vitesh ndoshta do t\u00eb kisha pranuar, tani nuk jam m\u00eb ai person, nuk po mendoj m\u00eb p\u00ebr hate (urrejtje) apo fake feminism\u201d<\/em>\u2013 u shpreh Rina.<\/p>\n\n\n\n<figure class=\"wp-block-embed is-type-video is-provider-tiktok wp-block-embed-tiktok\"><div class=\"wp-block-embed__wrapper\">\n<blockquote class=\"tiktok-embed\" cite=\"https:\/\/www.tiktok.com\/@showshqip\/video\/7138297834213838085\" data-video-id=\"7138297834213838085\" data-embed-from=\"oembed\" style=\"max-width: 605px;min-width: 325px;\" > <section> <a target=\"_blank\" title=\"@showshqip\" href=\"https:\/\/www.tiktok.com\/@showshqip?refer=embed\">@showshqip<\/a> <p><a title=\"fypage\" target=\"_blank\" href=\"https:\/\/www.tiktok.com\/tag\/fypage?refer=embed\">#fypage<\/a> <a title=\"rina\" target=\"_blank\" href=\"https:\/\/www.tiktok.com\/tag\/rina?refer=embed\">#rina<\/a> <a title=\"rinabalaj\" target=\"_blank\" href=\"https:\/\/www.tiktok.com\/tag\/rinabalaj?refer=embed\">#rinabalaj<\/a> <a title=\"tayna\" target=\"_blank\" href=\"https:\/\/www.tiktok.com\/tag\/tayna?refer=embed\">#tayna<\/a> <a title=\"albania\" target=\"_blank\" href=\"https:\/\/www.tiktok.com\/tag\/albania?refer=embed\">#albania<\/a> <a title=\"kosovo\" target=\"_blank\" href=\"https:\/\/www.tiktok.com\/tag\/kosovo?refer=embed\">#kosovo<\/a> <a title=\"showbiz\" target=\"_blank\" href=\"https:\/\/www.tiktok.com\/tag\/showbiz?refer=embed\">#showbiz<\/a> <a title=\"viraltiktok\" target=\"_blank\" href=\"https:\/\/www.tiktok.com\/tag\/viraltiktok?refer=embed\">#viraltiktok<\/a> <a title=\"prishtina\" target=\"_blank\" href=\"https:\/\/www.tiktok.com\/tag\/prishtina?refer=embed\">#prishtina<\/a> <a title=\"tirana\" target=\"_blank\" href=\"https:\/\/www.tiktok.com\/tag\/tirana?refer=embed\">#tirana<\/a> <a title=\"foryou\" target=\"_blank\" href=\"https:\/\/www.tiktok.com\/tag\/foryou?refer=embed\">#foryou<\/a> <a title=\"shqip\" target=\"_blank\" href=\"https:\/\/www.tiktok.com\/tag\/shqip?refer=embed\">#shqip<\/a> <\/p> <a target=\"_blank\" title=\"\u266c original sound - Showshqip\" href=\"https:\/\/www.tiktok.com\/music\/original-sound-7138297842124868357?refer=embed\">\u266c original sound &#8211; Showshqip<\/a> <\/section> <\/blockquote> <script async src=\"https:\/\/www.tiktok.com\/embed.js\"><\/script>\n<\/div><\/figure>\n","protected":false},"excerpt":{"rendered":"<p>Rina Balaj dhe Tayna ishin dy repere t\u00eb cilat e nis\u00ebn pothuajse nj\u00ebkoh\u00ebsisht karrier\u00ebn e tyre n\u00eb muzik\u00eb. Ato t\u00ebrhoq\u00ebn menj\u00ebher\u00eb v\u00ebmendjen e publikut me stilin e tyre t\u00eb ve\u00e7ant\u00ebdhe diss-et e forta q\u00eb i b\u00ebnin nj\u00ebra-tjetr\u00ebs. Sot Tayna vazhdon ende t\u00eb b\u00ebj\u00eb \u2018rep\u2019 dhe t\u00eb thumboj\u00eb n\u00eb tekstet e saj, nd\u00ebrsa Rina q\u00eb pas [&hellip;]<\/p>\n","protected":false},"author":2,"featured_media":13617,"comment_status":"open","ping_status":"open","sticky":false,"template":"","format":"standard","meta":{"footnotes":""},"categories":[33],"tags":[],"class_list":{"0":"post-13616","1":"post","2":"type-post","3":"status-publish","4":"format-standard","5":"has-post-thumbnail","7":"category-showbiz"},"yoast_head":"<!-- This site is optimized with the Yoast SEO plugin v27.5 - https:\/\/yoast.com\/product\/yoast-seo-wordpress\/ -->\n<title>Tayna i ka k\u00ebrkuar nj\u00eb bashk\u00ebpunim muzikor por Rina e refuzoi? K\u00ebng\u00ebtarja zbulon si q\u00ebndron e v\u00ebrteta - blogin.al<\/title>\n<meta name=\"robots\" content=\"index, follow, max-snippet:-1, max-image-preview:large, max-video-preview:-1\" \/>\n<link rel=\"canonical\" href=\"https:\/\/blogin.al\/?p=13616\" \/>\n<meta property=\"og:locale\" content=\"en_US\" \/>\n<meta property=\"og:type\" content=\"article\" \/>\n<meta property=\"og:title\" content=\"Tayna i ka k\u00ebrkuar nj\u00eb bashk\u00ebpunim muzikor por Rina e refuzoi? K\u00ebng\u00ebtarja zbulon si q\u00ebndron e v\u00ebrteta - blogin.al\" \/>\n<meta property=\"og:description\" content=\"Rina Balaj dhe Tayna ishin dy repere t\u00eb cilat e nis\u00ebn pothuajse nj\u00ebkoh\u00ebsisht karrier\u00ebn e tyre n\u00eb muzik\u00eb. Ato t\u00ebrhoq\u00ebn menj\u00ebher\u00eb v\u00ebmendjen e publikut me stilin e tyre t\u00eb ve\u00e7ant\u00ebdhe diss-et e forta q\u00eb i b\u00ebnin nj\u00ebra-tjetr\u00ebs. Sot Tayna vazhdon ende t\u00eb b\u00ebj\u00eb \u2018rep\u2019 dhe t\u00eb thumboj\u00eb n\u00eb tekstet e saj, nd\u00ebrsa Rina q\u00eb pas [&hellip;]\" \/>\n<meta property=\"og:url\" content=\"https:\/\/blogin.al\/?p=13616\" \/>\n<meta property=\"og:site_name\" content=\"blogin.al\" \/>\n<meta property=\"article:published_time\" content=\"2022-09-01T13:48:24+00:00\" \/>\n<meta property=\"article:modified_time\" content=\"2022-09-01T13:48:25+00:00\" \/>\n<meta property=\"og:image\" content=\"https:\/\/blogin.al\/wp-content\/uploads\/2022\/09\/tayna-rina.jpg\" \/>\n\t<meta property=\"og:image:width\" content=\"768\" \/>\n\t<meta property=\"og:image:height\" content=\"561\" \/>\n\t<meta property=\"og:image:type\" content=\"image\/jpeg\" \/>\n<meta name=\"author\" content=\"Blogin al\" \/>\n<meta name=\"twitter:card\" content=\"summary_large_image\" \/>\n<meta name=\"twitter:label1\" content=\"Written by\" \/>\n\t<meta name=\"twitter:data1\" content=\"Blogin al\" \/>\n\t<meta name=\"twitter:label2\" content=\"Est. reading time\" \/>\n\t<meta name=\"twitter:data2\" content=\"1 minute\" \/>\n<script type=\"application\/ld+json\" class=\"yoast-schema-graph\">{\"@context\":\"https:\\\/\\\/schema.org\",\"@graph\":[{\"@type\":\"Article\",\"@id\":\"https:\\\/\\\/blogin.al\\\/?p=13616#article\",\"isPartOf\":{\"@id\":\"https:\\\/\\\/blogin.al\\\/?p=13616\"},\"author\":{\"name\":\"Blogin al\",\"@id\":\"https:\\\/\\\/blogin.al\\\/#\\\/schema\\\/person\\\/abdd56bc912cd511db877b852b115399\"},\"headline\":\"Tayna i ka k\u00ebrkuar nj\u00eb bashk\u00ebpunim muzikor por Rina e refuzoi? K\u00ebng\u00ebtarja zbulon si q\u00ebndron e v\u00ebrteta\",\"datePublished\":\"2022-09-01T13:48:24+00:00\",\"dateModified\":\"2022-09-01T13:48:25+00:00\",\"mainEntityOfPage\":{\"@id\":\"https:\\\/\\\/blogin.al\\\/?p=13616\"},\"wordCount\":284,\"commentCount\":0,\"publisher\":{\"@id\":\"https:\\\/\\\/blogin.al\\\/#organization\"},\"image\":{\"@id\":\"https:\\\/\\\/blogin.al\\\/?p=13616#primaryimage\"},\"thumbnailUrl\":\"https:\\\/\\\/blogin.al\\\/wp-content\\\/uploads\\\/2022\\\/09\\\/tayna-rina.jpg\",\"articleSection\":[\"SHOWBIZ\"],\"inLanguage\":\"en-US\",\"potentialAction\":[{\"@type\":\"CommentAction\",\"name\":\"Comment\",\"target\":[\"https:\\\/\\\/blogin.al\\\/?p=13616#respond\"]}]},{\"@type\":\"WebPage\",\"@id\":\"https:\\\/\\\/blogin.al\\\/?p=13616\",\"url\":\"https:\\\/\\\/blogin.al\\\/?p=13616\",\"name\":\"Tayna i ka k\u00ebrkuar nj\u00eb bashk\u00ebpunim muzikor por Rina e refuzoi? K\u00ebng\u00ebtarja zbulon si q\u00ebndron e v\u00ebrteta - blogin.al\",\"isPartOf\":{\"@id\":\"https:\\\/\\\/blogin.al\\\/#website\"},\"primaryImageOfPage\":{\"@id\":\"https:\\\/\\\/blogin.al\\\/?p=13616#primaryimage\"},\"image\":{\"@id\":\"https:\\\/\\\/blogin.al\\\/?p=13616#primaryimage\"},\"thumbnailUrl\":\"https:\\\/\\\/blogin.al\\\/wp-content\\\/uploads\\\/2022\\\/09\\\/tayna-rina.jpg\",\"datePublished\":\"2022-09-01T13:48:24+00:00\",\"dateModified\":\"2022-09-01T13:48:25+00:00\",\"breadcrumb\":{\"@id\":\"https:\\\/\\\/blogin.al\\\/?p=13616#breadcrumb\"},\"inLanguage\":\"en-US\",\"potentialAction\":[{\"@type\":\"ReadAction\",\"target\":[\"https:\\\/\\\/blogin.al\\\/?p=13616\"]}]},{\"@type\":\"ImageObject\",\"inLanguage\":\"en-US\",\"@id\":\"https:\\\/\\\/blogin.al\\\/?p=13616#primaryimage\",\"url\":\"https:\\\/\\\/blogin.al\\\/wp-content\\\/uploads\\\/2022\\\/09\\\/tayna-rina.jpg\",\"contentUrl\":\"https:\\\/\\\/blogin.al\\\/wp-content\\\/uploads\\\/2022\\\/09\\\/tayna-rina.jpg\",\"width\":768,\"height\":561},{\"@type\":\"BreadcrumbList\",\"@id\":\"https:\\\/\\\/blogin.al\\\/?p=13616#breadcrumb\",\"itemListElement\":[{\"@type\":\"ListItem\",\"position\":1,\"name\":\"Home\",\"item\":\"https:\\\/\\\/blogin.al\\\/\"},{\"@type\":\"ListItem\",\"position\":2,\"name\":\"Tayna i ka k\u00ebrkuar nj\u00eb bashk\u00ebpunim muzikor por Rina e refuzoi? K\u00ebng\u00ebtarja zbulon si q\u00ebndron e v\u00ebrteta\"}]},{\"@type\":\"WebSite\",\"@id\":\"https:\\\/\\\/blogin.al\\\/#website\",\"url\":\"https:\\\/\\\/blogin.al\\\/\",\"name\":\"blogin.al\",\"description\":\"\",\"publisher\":{\"@id\":\"https:\\\/\\\/blogin.al\\\/#organization\"},\"potentialAction\":[{\"@type\":\"SearchAction\",\"target\":{\"@type\":\"EntryPoint\",\"urlTemplate\":\"https:\\\/\\\/blogin.al\\\/?s={search_term_string}\"},\"query-input\":{\"@type\":\"PropertyValueSpecification\",\"valueRequired\":true,\"valueName\":\"search_term_string\"}}],\"inLanguage\":\"en-US\"},{\"@type\":\"Organization\",\"@id\":\"https:\\\/\\\/blogin.al\\\/#organization\",\"name\":\"BLOGIN.al\",\"url\":\"https:\\\/\\\/blogin.al\\\/\",\"logo\":{\"@type\":\"ImageObject\",\"inLanguage\":\"en-US\",\"@id\":\"https:\\\/\\\/blogin.al\\\/#\\\/schema\\\/logo\\\/image\\\/\",\"url\":\"https:\\\/\\\/blogin.al\\\/wp-content\\\/uploads\\\/2022\\\/05\\\/Untitled-2-01-e1652084456514.png\",\"contentUrl\":\"https:\\\/\\\/blogin.al\\\/wp-content\\\/uploads\\\/2022\\\/05\\\/Untitled-2-01-e1652084456514.png\",\"width\":3723,\"height\":1698,\"caption\":\"BLOGIN.al\"},\"image\":{\"@id\":\"https:\\\/\\\/blogin.al\\\/#\\\/schema\\\/logo\\\/image\\\/\"},\"sameAs\":[\"https:\\\/\\\/instagram.com\\\/blogin.al\\\/\"]},{\"@type\":\"Person\",\"@id\":\"https:\\\/\\\/blogin.al\\\/#\\\/schema\\\/person\\\/abdd56bc912cd511db877b852b115399\",\"name\":\"Blogin al\",\"image\":{\"@type\":\"ImageObject\",\"inLanguage\":\"en-US\",\"@id\":\"https:\\\/\\\/secure.gravatar.com\\\/avatar\\\/60d5661aee6e835fb13dc75d2204cd0c1d61bef2efd137c0083e59ef831e235e?s=96&d=mm&r=g\",\"url\":\"https:\\\/\\\/secure.gravatar.com\\\/avatar\\\/60d5661aee6e835fb13dc75d2204cd0c1d61bef2efd137c0083e59ef831e235e?s=96&d=mm&r=g\",\"contentUrl\":\"https:\\\/\\\/secure.gravatar.com\\\/avatar\\\/60d5661aee6e835fb13dc75d2204cd0c1d61bef2efd137c0083e59ef831e235e?s=96&d=mm&r=g\",\"caption\":\"Blogin al\"},\"sameAs\":[\"https:\\\/\\\/blogin.al\"],\"url\":\"https:\\\/\\\/blogin.al\\\/?author=2\"}]}<\/script>\n<!-- \/ Yoast SEO plugin. -->","yoast_head_json":{"title":"Tayna i ka k\u00ebrkuar nj\u00eb bashk\u00ebpunim muzikor por Rina e refuzoi? K\u00ebng\u00ebtarja zbulon si q\u00ebndron e v\u00ebrteta - blogin.al","robots":{"index":"index","follow":"follow","max-snippet":"max-snippet:-1","max-image-preview":"max-image-preview:large","max-video-preview":"max-video-preview:-1"},"canonical":"https:\/\/blogin.al\/?p=13616","og_locale":"en_US","og_type":"article","og_title":"Tayna i ka k\u00ebrkuar nj\u00eb bashk\u00ebpunim muzikor por Rina e refuzoi? K\u00ebng\u00ebtarja zbulon si q\u00ebndron e v\u00ebrteta - blogin.al","og_description":"Rina Balaj dhe Tayna ishin dy repere t\u00eb cilat e nis\u00ebn pothuajse nj\u00ebkoh\u00ebsisht karrier\u00ebn e tyre n\u00eb muzik\u00eb. Ato t\u00ebrhoq\u00ebn menj\u00ebher\u00eb v\u00ebmendjen e publikut me stilin e tyre t\u00eb ve\u00e7ant\u00ebdhe diss-et e forta q\u00eb i b\u00ebnin nj\u00ebra-tjetr\u00ebs. Sot Tayna vazhdon ende t\u00eb b\u00ebj\u00eb \u2018rep\u2019 dhe t\u00eb thumboj\u00eb n\u00eb tekstet e saj, nd\u00ebrsa Rina q\u00eb pas [&hellip;]","og_url":"https:\/\/blogin.al\/?p=13616","og_site_name":"blogin.al","article_published_time":"2022-09-01T13:48:24+00:00","article_modified_time":"2022-09-01T13:48:25+00:00","og_image":[{"width":768,"height":561,"url":"https:\/\/blogin.al\/wp-content\/uploads\/2022\/09\/tayna-rina.jpg","type":"image\/jpeg"}],"author":"Blogin al","twitter_card":"summary_large_image","twitter_misc":{"Written by":"Blogin al","Est. reading time":"1 minute"},"schema":{"@context":"https:\/\/schema.org","@graph":[{"@type":"Article","@id":"https:\/\/blogin.al\/?p=13616#article","isPartOf":{"@id":"https:\/\/blogin.al\/?p=13616"},"author":{"name":"Blogin al","@id":"https:\/\/blogin.al\/#\/schema\/person\/abdd56bc912cd511db877b852b115399"},"headline":"Tayna i ka k\u00ebrkuar nj\u00eb bashk\u00ebpunim muzikor por Rina e refuzoi? K\u00ebng\u00ebtarja zbulon si q\u00ebndron e v\u00ebrteta","datePublished":"2022-09-01T13:48:24+00:00","dateModified":"2022-09-01T13:48:25+00:00","mainEntityOfPage":{"@id":"https:\/\/blogin.al\/?p=13616"},"wordCount":284,"commentCount":0,"publisher":{"@id":"https:\/\/blogin.al\/#organization"},"image":{"@id":"https:\/\/blogin.al\/?p=13616#primaryimage"},"thumbnailUrl":"https:\/\/blogin.al\/wp-content\/uploads\/2022\/09\/tayna-rina.jpg","articleSection":["SHOWBIZ"],"inLanguage":"en-US","potentialAction":[{"@type":"CommentAction","name":"Comment","target":["https:\/\/blogin.al\/?p=13616#respond"]}]},{"@type":"WebPage","@id":"https:\/\/blogin.al\/?p=13616","url":"https:\/\/blogin.al\/?p=13616","name":"Tayna i ka k\u00ebrkuar nj\u00eb bashk\u00ebpunim muzikor por Rina e refuzoi? K\u00ebng\u00ebtarja zbulon si q\u00ebndron e v\u00ebrteta - blogin.al","isPartOf":{"@id":"https:\/\/blogin.al\/#website"},"primaryImageOfPage":{"@id":"https:\/\/blogin.al\/?p=13616#primaryimage"},"image":{"@id":"https:\/\/blogin.al\/?p=13616#primaryimage"},"thumbnailUrl":"https:\/\/blogin.al\/wp-content\/uploads\/2022\/09\/tayna-rina.jpg","datePublished":"2022-09-01T13:48:24+00:00","dateModified":"2022-09-01T13:48:25+00:00","breadcrumb":{"@id":"https:\/\/blogin.al\/?p=13616#breadcrumb"},"inLanguage":"en-US","potentialAction":[{"@type":"ReadAction","target":["https:\/\/blogin.al\/?p=13616"]}]},{"@type":"ImageObject","inLanguage":"en-US","@id":"https:\/\/blogin.al\/?p=13616#primaryimage","url":"https:\/\/blogin.al\/wp-content\/uploads\/2022\/09\/tayna-rina.jpg","contentUrl":"https:\/\/blogin.al\/wp-content\/uploads\/2022\/09\/tayna-rina.jpg","width":768,"height":561},{"@type":"BreadcrumbList","@id":"https:\/\/blogin.al\/?p=13616#breadcrumb","itemListElement":[{"@type":"ListItem","position":1,"name":"Home","item":"https:\/\/blogin.al\/"},{"@type":"ListItem","position":2,"name":"Tayna i ka k\u00ebrkuar nj\u00eb bashk\u00ebpunim muzikor por Rina e refuzoi? K\u00ebng\u00ebtarja zbulon si q\u00ebndron e v\u00ebrteta"}]},{"@type":"WebSite","@id":"https:\/\/blogin.al\/#website","url":"https:\/\/blogin.al\/","name":"blogin.al","description":"","publisher":{"@id":"https:\/\/blogin.al\/#organization"},"potentialAction":[{"@type":"SearchAction","target":{"@type":"EntryPoint","urlTemplate":"https:\/\/blogin.al\/?s={search_term_string}"},"query-input":{"@type":"PropertyValueSpecification","valueRequired":true,"valueName":"search_term_string"}}],"inLanguage":"en-US"},{"@type":"Organization","@id":"https:\/\/blogin.al\/#organization","name":"BLOGIN.al","url":"https:\/\/blogin.al\/","logo":{"@type":"ImageObject","inLanguage":"en-US","@id":"https:\/\/blogin.al\/#\/schema\/logo\/image\/","url":"https:\/\/blogin.al\/wp-content\/uploads\/2022\/05\/Untitled-2-01-e1652084456514.png","contentUrl":"https:\/\/blogin.al\/wp-content\/uploads\/2022\/05\/Untitled-2-01-e1652084456514.png","width":3723,"height":1698,"caption":"BLOGIN.al"},"image":{"@id":"https:\/\/blogin.al\/#\/schema\/logo\/image\/"},"sameAs":["https:\/\/instagram.com\/blogin.al\/"]},{"@type":"Person","@id":"https:\/\/blogin.al\/#\/schema\/person\/abdd56bc912cd511db877b852b115399","name":"Blogin al","image":{"@type":"ImageObject","inLanguage":"en-US","@id":"https:\/\/secure.gravatar.com\/avatar\/60d5661aee6e835fb13dc75d2204cd0c1d61bef2efd137c0083e59ef831e235e?s=96&d=mm&r=g","url":"https:\/\/secure.gravatar.com\/avatar\/60d5661aee6e835fb13dc75d2204cd0c1d61bef2efd137c0083e59ef831e235e?s=96&d=mm&r=g","contentUrl":"https:\/\/secure.gravatar.com\/avatar\/60d5661aee6e835fb13dc75d2204cd0c1d61bef2efd137c0083e59ef831e235e?s=96&d=mm&r=g","caption":"Blogin al"},"sameAs":["https:\/\/blogin.al"],"url":"https:\/\/blogin.al\/?author=2"}]}},"_links":{"self":[{"href":"https:\/\/blogin.al\/index.php?rest_route=\/wp\/v2\/posts\/13616","targetHints":{"allow":["GET"]}}],"collection":[{"href":"https:\/\/blogin.al\/index.php?rest_route=\/wp\/v2\/posts"}],"about":[{"href":"https:\/\/blogin.al\/index.php?rest_route=\/wp\/v2\/types\/post"}],"author":[{"embeddable":true,"href":"https:\/\/blogin.al\/index.php?rest_route=\/wp\/v2\/users\/2"}],"replies":[{"embeddable":true,"href":"https:\/\/blogin.al\/index.php?rest_route=%2Fwp%2Fv2%2Fcomments&post=13616"}],"version-history":[{"count":1,"href":"https:\/\/blogin.al\/index.php?rest_route=\/wp\/v2\/posts\/13616\/revisions"}],"predecessor-version":[{"id":13618,"href":"https:\/\/blogin.al\/index.php?rest_route=\/wp\/v2\/posts\/13616\/revisions\/13618"}],"wp:featuredmedia":[{"embeddable":true,"href":"https:\/\/blogin.al\/index.php?rest_route=\/wp\/v2\/media\/13617"}],"wp:attachment":[{"href":"https:\/\/blogin.al\/index.php?rest_route=%2Fwp%2Fv2%2Fmedia&parent=13616"}],"wp:term":[{"taxonomy":"category","embeddable":true,"href":"https:\/\/blogin.al\/index.php?rest_route=%2Fwp%2Fv2%2Fcategories&post=13616"},{"taxonomy":"post_tag","embeddable":true,"href":"https:\/\/blogin.al\/index.php?rest_route=%2Fwp%2Fv2%2Ftags&post=13616"}],"curies":[{"name":"wp","href":"https:\/\/api.w.org\/{rel}","templated":true}]}}