{"id":13640,"date":"2022-09-01T16:03:58","date_gmt":"2022-09-01T16:03:58","guid":{"rendered":"https:\/\/blogin.al\/?p=13640"},"modified":"2022-09-01T16:04:00","modified_gmt":"2022-09-01T16:04:00","slug":"pas-rastit-te-11-vjecares-ish-konkurentja-e-perputhen-rrefen-historine-e-hidhur","status":"publish","type":"post","link":"https:\/\/blogin.al\/?p=13640","title":{"rendered":"Pas rastit t\u00eb 11-vje\u00e7ares, ish-konkurentja e P\u00ebr\u2019puthen rr\u00ebfen historin\u00eb e hidhur"},"content":{"rendered":"\n<p><strong>Rasti makab\u00ebr i 11-vje\u00e7ares nga Kosova q\u00eb u p\u00ebrdhunua nga 5 persona p\u00ebr disa or\u00eb rresht ka tronditur mbar\u00eb opinionin publik.<\/strong><\/p>\n\n\n\n<p>T\u00eb shumt\u00eb kan\u00eb qen\u00eb qytetar\u00ebt dhe figurat e njohura q\u00eb jan\u00eb organizuar n\u00eb protesta nga Prishtina n\u00eb Tiran\u00eb. Me ket\u00eb rast p\u00ebr t\u00eb sensibilizuar t\u00eb gjith\u00eb ka pasur edhe personazhe publik q\u00eb kan\u00eb rr\u00ebfyer historit\u00eb e tyre kur jan\u00eb p\u00ebrballur me ngacmime seksuale.<\/p>\n\n\n\n<p>Antoneta Ko\u00e7i s\u00eb fundmi me an\u00eb t\u00eb disa videosh n\u00eb rrjetet sociale, ka treguar rastin kur teksa po kthehej p\u00ebr sht\u00ebpi ver\u00ebn e kaluar nj\u00eb djal\u00eb ka tentuar ta puth. Ngjarja sipas blogeres ka ndodhur tek Liqeni Artificial, por q\u00eb ajo ia kishte dal\u00eb mban\u00eb t\u00eb largohej.<\/p>\n\n\n\n<p><strong>\u201cNgjarja e tmerr\u00ebshme q\u00eb ka ndodhur n\u00eb Prishtin\u00eb, m\u00eb rikujtoi nj\u00eb ngjarje q\u00eb m\u00eb ndodhi mua ver\u00ebn e kaluar tek parku i liqenit artificial. Kam qen\u00eb duke u kthyer p\u00ebr sht\u00ebpi, ka qen\u00eb ora 9 e ca e dark\u00ebs dhe n\u00eb nj\u00eb moment m\u00eb \u00ebsht\u00eb afruar nj\u00eb djal\u00eb dhe ka filluar t\u00eb m\u00eb ngacmoj\u00eb. Pjesa ku filloi t\u00eb m\u00eb ngacmonte ishte nj\u00eb rrug\u00eb q\u00eb nuk kishte njeri. Un\u00eb po e largoja, por ai afrohej duke m\u00eb th\u00ebn\u00eb pse b\u00ebn si e v\u00ebshtir\u00eb, sikur s\u2019don. N\u00eb nj\u00eb moment afrohet dhe m\u00eb kap nga krahu dhe tenton t\u2019m\u00eb puth. Filloj t\u00eb vrapoj, ai pas meje dhe pas dy minutash m\u00eb del para nj\u00eb \u00e7ift. Nd\u00ebrkoh\u00eb q\u00eb po i sqaroja \u00e7iftit cfar\u00eb po ndodhte e pash\u00eb q\u00eb ai vazhdonte t\u2019m\u00eb ndiqte. \u00c7ifti m\u00eb shoq\u00ebroi deri n\u00eb sht\u00ebpi. Doja t\u00eb b\u00ebja denoncim n\u00eb polici, por pasi mb\u00ebrrita n\u00eb sht\u00ebpi si shum\u00eb gj\u00ebra nuk m\u00eb kujtoheshin. Dit\u00ebt kaluan, u p\u00ebrpoqa ta harroja si moment, e lash\u00eb pas dore. Por mendoj q\u00eb duhet ta kisha b\u00ebr\u00eb,\u201d<\/strong>-\u00ebsht\u00eb shprehur ish-konkurentja e P\u00ebrputhen.<\/p>\n\n\n\n<figure class=\"wp-block-embed is-type-video is-provider-youtube wp-block-embed-youtube wp-embed-aspect-4-3 wp-has-aspect-ratio\"><div class=\"wp-block-embed__wrapper\">\n<iframe title=\"Antoneta Koci\" width=\"696\" height=\"522\" src=\"https:\/\/www.youtube.com\/embed\/IBwTpFW70j4?feature=oembed\" frameborder=\"0\" allow=\"accelerometer; autoplay; clipboard-write; encrypted-media; gyroscope; picture-in-picture\" allowfullscreen><\/iframe>\n<\/div><\/figure>\n","protected":false},"excerpt":{"rendered":"<p>Rasti makab\u00ebr i 11-vje\u00e7ares nga Kosova q\u00eb u p\u00ebrdhunua nga 5 persona p\u00ebr disa or\u00eb rresht ka tronditur mbar\u00eb opinionin publik. T\u00eb shumt\u00eb kan\u00eb qen\u00eb qytetar\u00ebt dhe figurat e njohura q\u00eb jan\u00eb organizuar n\u00eb protesta nga Prishtina n\u00eb Tiran\u00eb. Me ket\u00eb rast p\u00ebr t\u00eb sensibilizuar t\u00eb gjith\u00eb ka pasur edhe personazhe publik q\u00eb kan\u00eb rr\u00ebfyer [&hellip;]<\/p>\n","protected":false},"author":2,"featured_media":13641,"comment_status":"open","ping_status":"open","sticky":false,"template":"","format":"standard","meta":{"footnotes":""},"categories":[33],"tags":[],"class_list":{"0":"post-13640","1":"post","2":"type-post","3":"status-publish","4":"format-standard","5":"has-post-thumbnail","7":"category-showbiz"},"yoast_head":"<!-- This site is optimized with the Yoast SEO plugin v27.4 - https:\/\/yoast.com\/product\/yoast-seo-wordpress\/ -->\n<title>Pas rastit t\u00eb 11-vje\u00e7ares, ish-konkurentja e P\u00ebr\u2019puthen rr\u00ebfen historin\u00eb e hidhur - blogin.al<\/title>\n<meta name=\"robots\" content=\"index, follow, max-snippet:-1, max-image-preview:large, max-video-preview:-1\" \/>\n<link rel=\"canonical\" href=\"https:\/\/blogin.al\/?p=13640\" \/>\n<meta property=\"og:locale\" content=\"en_US\" \/>\n<meta property=\"og:type\" content=\"article\" \/>\n<meta property=\"og:title\" content=\"Pas rastit t\u00eb 11-vje\u00e7ares, ish-konkurentja e P\u00ebr\u2019puthen rr\u00ebfen historin\u00eb e hidhur - blogin.al\" \/>\n<meta property=\"og:description\" content=\"Rasti makab\u00ebr i 11-vje\u00e7ares nga Kosova q\u00eb u p\u00ebrdhunua nga 5 persona p\u00ebr disa or\u00eb rresht ka tronditur mbar\u00eb opinionin publik. T\u00eb shumt\u00eb kan\u00eb qen\u00eb qytetar\u00ebt dhe figurat e njohura q\u00eb jan\u00eb organizuar n\u00eb protesta nga Prishtina n\u00eb Tiran\u00eb. Me ket\u00eb rast p\u00ebr t\u00eb sensibilizuar t\u00eb gjith\u00eb ka pasur edhe personazhe publik q\u00eb kan\u00eb rr\u00ebfyer [&hellip;]\" \/>\n<meta property=\"og:url\" content=\"https:\/\/blogin.al\/?p=13640\" \/>\n<meta property=\"og:site_name\" content=\"blogin.al\" \/>\n<meta property=\"article:published_time\" content=\"2022-09-01T16:03:58+00:00\" \/>\n<meta property=\"article:modified_time\" content=\"2022-09-01T16:04:00+00:00\" \/>\n<meta property=\"og:image\" content=\"https:\/\/blogin.al\/wp-content\/uploads\/2022\/09\/antoneta-koci-5873489534.jpg\" \/>\n\t<meta property=\"og:image:width\" content=\"1024\" \/>\n\t<meta property=\"og:image:height\" content=\"576\" \/>\n\t<meta property=\"og:image:type\" content=\"image\/jpeg\" \/>\n<meta name=\"author\" content=\"Blogin al\" \/>\n<meta name=\"twitter:card\" content=\"summary_large_image\" \/>\n<meta name=\"twitter:label1\" content=\"Written by\" \/>\n\t<meta name=\"twitter:data1\" content=\"Blogin al\" \/>\n\t<meta name=\"twitter:label2\" content=\"Est. reading time\" \/>\n\t<meta name=\"twitter:data2\" content=\"2 minutes\" \/>\n<script type=\"application\/ld+json\" class=\"yoast-schema-graph\">{\"@context\":\"https:\\\/\\\/schema.org\",\"@graph\":[{\"@type\":\"Article\",\"@id\":\"https:\\\/\\\/blogin.al\\\/?p=13640#article\",\"isPartOf\":{\"@id\":\"https:\\\/\\\/blogin.al\\\/?p=13640\"},\"author\":{\"name\":\"Blogin al\",\"@id\":\"https:\\\/\\\/blogin.al\\\/#\\\/schema\\\/person\\\/abdd56bc912cd511db877b852b115399\"},\"headline\":\"Pas rastit t\u00eb 11-vje\u00e7ares, ish-konkurentja e P\u00ebr\u2019puthen rr\u00ebfen historin\u00eb e hidhur\",\"datePublished\":\"2022-09-01T16:03:58+00:00\",\"dateModified\":\"2022-09-01T16:04:00+00:00\",\"mainEntityOfPage\":{\"@id\":\"https:\\\/\\\/blogin.al\\\/?p=13640\"},\"wordCount\":339,\"commentCount\":0,\"publisher\":{\"@id\":\"https:\\\/\\\/blogin.al\\\/#organization\"},\"image\":{\"@id\":\"https:\\\/\\\/blogin.al\\\/?p=13640#primaryimage\"},\"thumbnailUrl\":\"https:\\\/\\\/blogin.al\\\/wp-content\\\/uploads\\\/2022\\\/09\\\/antoneta-koci-5873489534.jpg\",\"articleSection\":[\"SHOWBIZ\"],\"inLanguage\":\"en-US\",\"potentialAction\":[{\"@type\":\"CommentAction\",\"name\":\"Comment\",\"target\":[\"https:\\\/\\\/blogin.al\\\/?p=13640#respond\"]}]},{\"@type\":\"WebPage\",\"@id\":\"https:\\\/\\\/blogin.al\\\/?p=13640\",\"url\":\"https:\\\/\\\/blogin.al\\\/?p=13640\",\"name\":\"Pas rastit t\u00eb 11-vje\u00e7ares, ish-konkurentja e P\u00ebr\u2019puthen rr\u00ebfen historin\u00eb e hidhur - blogin.al\",\"isPartOf\":{\"@id\":\"https:\\\/\\\/blogin.al\\\/#website\"},\"primaryImageOfPage\":{\"@id\":\"https:\\\/\\\/blogin.al\\\/?p=13640#primaryimage\"},\"image\":{\"@id\":\"https:\\\/\\\/blogin.al\\\/?p=13640#primaryimage\"},\"thumbnailUrl\":\"https:\\\/\\\/blogin.al\\\/wp-content\\\/uploads\\\/2022\\\/09\\\/antoneta-koci-5873489534.jpg\",\"datePublished\":\"2022-09-01T16:03:58+00:00\",\"dateModified\":\"2022-09-01T16:04:00+00:00\",\"breadcrumb\":{\"@id\":\"https:\\\/\\\/blogin.al\\\/?p=13640#breadcrumb\"},\"inLanguage\":\"en-US\",\"potentialAction\":[{\"@type\":\"ReadAction\",\"target\":[\"https:\\\/\\\/blogin.al\\\/?p=13640\"]}]},{\"@type\":\"ImageObject\",\"inLanguage\":\"en-US\",\"@id\":\"https:\\\/\\\/blogin.al\\\/?p=13640#primaryimage\",\"url\":\"https:\\\/\\\/blogin.al\\\/wp-content\\\/uploads\\\/2022\\\/09\\\/antoneta-koci-5873489534.jpg\",\"contentUrl\":\"https:\\\/\\\/blogin.al\\\/wp-content\\\/uploads\\\/2022\\\/09\\\/antoneta-koci-5873489534.jpg\",\"width\":1024,\"height\":576},{\"@type\":\"BreadcrumbList\",\"@id\":\"https:\\\/\\\/blogin.al\\\/?p=13640#breadcrumb\",\"itemListElement\":[{\"@type\":\"ListItem\",\"position\":1,\"name\":\"Home\",\"item\":\"https:\\\/\\\/blogin.al\\\/\"},{\"@type\":\"ListItem\",\"position\":2,\"name\":\"Pas rastit t\u00eb 11-vje\u00e7ares, ish-konkurentja e P\u00ebr\u2019puthen rr\u00ebfen historin\u00eb e hidhur\"}]},{\"@type\":\"WebSite\",\"@id\":\"https:\\\/\\\/blogin.al\\\/#website\",\"url\":\"https:\\\/\\\/blogin.al\\\/\",\"name\":\"blogin.al\",\"description\":\"\",\"publisher\":{\"@id\":\"https:\\\/\\\/blogin.al\\\/#organization\"},\"potentialAction\":[{\"@type\":\"SearchAction\",\"target\":{\"@type\":\"EntryPoint\",\"urlTemplate\":\"https:\\\/\\\/blogin.al\\\/?s={search_term_string}\"},\"query-input\":{\"@type\":\"PropertyValueSpecification\",\"valueRequired\":true,\"valueName\":\"search_term_string\"}}],\"inLanguage\":\"en-US\"},{\"@type\":\"Organization\",\"@id\":\"https:\\\/\\\/blogin.al\\\/#organization\",\"name\":\"BLOGIN.al\",\"url\":\"https:\\\/\\\/blogin.al\\\/\",\"logo\":{\"@type\":\"ImageObject\",\"inLanguage\":\"en-US\",\"@id\":\"https:\\\/\\\/blogin.al\\\/#\\\/schema\\\/logo\\\/image\\\/\",\"url\":\"https:\\\/\\\/blogin.al\\\/wp-content\\\/uploads\\\/2022\\\/05\\\/Untitled-2-01-e1652084456514.png\",\"contentUrl\":\"https:\\\/\\\/blogin.al\\\/wp-content\\\/uploads\\\/2022\\\/05\\\/Untitled-2-01-e1652084456514.png\",\"width\":3723,\"height\":1698,\"caption\":\"BLOGIN.al\"},\"image\":{\"@id\":\"https:\\\/\\\/blogin.al\\\/#\\\/schema\\\/logo\\\/image\\\/\"},\"sameAs\":[\"https:\\\/\\\/instagram.com\\\/blogin.al\\\/\"]},{\"@type\":\"Person\",\"@id\":\"https:\\\/\\\/blogin.al\\\/#\\\/schema\\\/person\\\/abdd56bc912cd511db877b852b115399\",\"name\":\"Blogin al\",\"image\":{\"@type\":\"ImageObject\",\"inLanguage\":\"en-US\",\"@id\":\"https:\\\/\\\/secure.gravatar.com\\\/avatar\\\/60d5661aee6e835fb13dc75d2204cd0c1d61bef2efd137c0083e59ef831e235e?s=96&d=mm&r=g\",\"url\":\"https:\\\/\\\/secure.gravatar.com\\\/avatar\\\/60d5661aee6e835fb13dc75d2204cd0c1d61bef2efd137c0083e59ef831e235e?s=96&d=mm&r=g\",\"contentUrl\":\"https:\\\/\\\/secure.gravatar.com\\\/avatar\\\/60d5661aee6e835fb13dc75d2204cd0c1d61bef2efd137c0083e59ef831e235e?s=96&d=mm&r=g\",\"caption\":\"Blogin al\"},\"sameAs\":[\"https:\\\/\\\/blogin.al\"],\"url\":\"https:\\\/\\\/blogin.al\\\/?author=2\"}]}<\/script>\n<!-- \/ Yoast SEO plugin. -->","yoast_head_json":{"title":"Pas rastit t\u00eb 11-vje\u00e7ares, ish-konkurentja e P\u00ebr\u2019puthen rr\u00ebfen historin\u00eb e hidhur - blogin.al","robots":{"index":"index","follow":"follow","max-snippet":"max-snippet:-1","max-image-preview":"max-image-preview:large","max-video-preview":"max-video-preview:-1"},"canonical":"https:\/\/blogin.al\/?p=13640","og_locale":"en_US","og_type":"article","og_title":"Pas rastit t\u00eb 11-vje\u00e7ares, ish-konkurentja e P\u00ebr\u2019puthen rr\u00ebfen historin\u00eb e hidhur - blogin.al","og_description":"Rasti makab\u00ebr i 11-vje\u00e7ares nga Kosova q\u00eb u p\u00ebrdhunua nga 5 persona p\u00ebr disa or\u00eb rresht ka tronditur mbar\u00eb opinionin publik. T\u00eb shumt\u00eb kan\u00eb qen\u00eb qytetar\u00ebt dhe figurat e njohura q\u00eb jan\u00eb organizuar n\u00eb protesta nga Prishtina n\u00eb Tiran\u00eb. Me ket\u00eb rast p\u00ebr t\u00eb sensibilizuar t\u00eb gjith\u00eb ka pasur edhe personazhe publik q\u00eb kan\u00eb rr\u00ebfyer [&hellip;]","og_url":"https:\/\/blogin.al\/?p=13640","og_site_name":"blogin.al","article_published_time":"2022-09-01T16:03:58+00:00","article_modified_time":"2022-09-01T16:04:00+00:00","og_image":[{"width":1024,"height":576,"url":"https:\/\/blogin.al\/wp-content\/uploads\/2022\/09\/antoneta-koci-5873489534.jpg","type":"image\/jpeg"}],"author":"Blogin al","twitter_card":"summary_large_image","twitter_misc":{"Written by":"Blogin al","Est. reading time":"2 minutes"},"schema":{"@context":"https:\/\/schema.org","@graph":[{"@type":"Article","@id":"https:\/\/blogin.al\/?p=13640#article","isPartOf":{"@id":"https:\/\/blogin.al\/?p=13640"},"author":{"name":"Blogin al","@id":"https:\/\/blogin.al\/#\/schema\/person\/abdd56bc912cd511db877b852b115399"},"headline":"Pas rastit t\u00eb 11-vje\u00e7ares, ish-konkurentja e P\u00ebr\u2019puthen rr\u00ebfen historin\u00eb e hidhur","datePublished":"2022-09-01T16:03:58+00:00","dateModified":"2022-09-01T16:04:00+00:00","mainEntityOfPage":{"@id":"https:\/\/blogin.al\/?p=13640"},"wordCount":339,"commentCount":0,"publisher":{"@id":"https:\/\/blogin.al\/#organization"},"image":{"@id":"https:\/\/blogin.al\/?p=13640#primaryimage"},"thumbnailUrl":"https:\/\/blogin.al\/wp-content\/uploads\/2022\/09\/antoneta-koci-5873489534.jpg","articleSection":["SHOWBIZ"],"inLanguage":"en-US","potentialAction":[{"@type":"CommentAction","name":"Comment","target":["https:\/\/blogin.al\/?p=13640#respond"]}]},{"@type":"WebPage","@id":"https:\/\/blogin.al\/?p=13640","url":"https:\/\/blogin.al\/?p=13640","name":"Pas rastit t\u00eb 11-vje\u00e7ares, ish-konkurentja e P\u00ebr\u2019puthen rr\u00ebfen historin\u00eb e hidhur - blogin.al","isPartOf":{"@id":"https:\/\/blogin.al\/#website"},"primaryImageOfPage":{"@id":"https:\/\/blogin.al\/?p=13640#primaryimage"},"image":{"@id":"https:\/\/blogin.al\/?p=13640#primaryimage"},"thumbnailUrl":"https:\/\/blogin.al\/wp-content\/uploads\/2022\/09\/antoneta-koci-5873489534.jpg","datePublished":"2022-09-01T16:03:58+00:00","dateModified":"2022-09-01T16:04:00+00:00","breadcrumb":{"@id":"https:\/\/blogin.al\/?p=13640#breadcrumb"},"inLanguage":"en-US","potentialAction":[{"@type":"ReadAction","target":["https:\/\/blogin.al\/?p=13640"]}]},{"@type":"ImageObject","inLanguage":"en-US","@id":"https:\/\/blogin.al\/?p=13640#primaryimage","url":"https:\/\/blogin.al\/wp-content\/uploads\/2022\/09\/antoneta-koci-5873489534.jpg","contentUrl":"https:\/\/blogin.al\/wp-content\/uploads\/2022\/09\/antoneta-koci-5873489534.jpg","width":1024,"height":576},{"@type":"BreadcrumbList","@id":"https:\/\/blogin.al\/?p=13640#breadcrumb","itemListElement":[{"@type":"ListItem","position":1,"name":"Home","item":"https:\/\/blogin.al\/"},{"@type":"ListItem","position":2,"name":"Pas rastit t\u00eb 11-vje\u00e7ares, ish-konkurentja e P\u00ebr\u2019puthen rr\u00ebfen historin\u00eb e hidhur"}]},{"@type":"WebSite","@id":"https:\/\/blogin.al\/#website","url":"https:\/\/blogin.al\/","name":"blogin.al","description":"","publisher":{"@id":"https:\/\/blogin.al\/#organization"},"potentialAction":[{"@type":"SearchAction","target":{"@type":"EntryPoint","urlTemplate":"https:\/\/blogin.al\/?s={search_term_string}"},"query-input":{"@type":"PropertyValueSpecification","valueRequired":true,"valueName":"search_term_string"}}],"inLanguage":"en-US"},{"@type":"Organization","@id":"https:\/\/blogin.al\/#organization","name":"BLOGIN.al","url":"https:\/\/blogin.al\/","logo":{"@type":"ImageObject","inLanguage":"en-US","@id":"https:\/\/blogin.al\/#\/schema\/logo\/image\/","url":"https:\/\/blogin.al\/wp-content\/uploads\/2022\/05\/Untitled-2-01-e1652084456514.png","contentUrl":"https:\/\/blogin.al\/wp-content\/uploads\/2022\/05\/Untitled-2-01-e1652084456514.png","width":3723,"height":1698,"caption":"BLOGIN.al"},"image":{"@id":"https:\/\/blogin.al\/#\/schema\/logo\/image\/"},"sameAs":["https:\/\/instagram.com\/blogin.al\/"]},{"@type":"Person","@id":"https:\/\/blogin.al\/#\/schema\/person\/abdd56bc912cd511db877b852b115399","name":"Blogin al","image":{"@type":"ImageObject","inLanguage":"en-US","@id":"https:\/\/secure.gravatar.com\/avatar\/60d5661aee6e835fb13dc75d2204cd0c1d61bef2efd137c0083e59ef831e235e?s=96&d=mm&r=g","url":"https:\/\/secure.gravatar.com\/avatar\/60d5661aee6e835fb13dc75d2204cd0c1d61bef2efd137c0083e59ef831e235e?s=96&d=mm&r=g","contentUrl":"https:\/\/secure.gravatar.com\/avatar\/60d5661aee6e835fb13dc75d2204cd0c1d61bef2efd137c0083e59ef831e235e?s=96&d=mm&r=g","caption":"Blogin al"},"sameAs":["https:\/\/blogin.al"],"url":"https:\/\/blogin.al\/?author=2"}]}},"_links":{"self":[{"href":"https:\/\/blogin.al\/index.php?rest_route=\/wp\/v2\/posts\/13640","targetHints":{"allow":["GET"]}}],"collection":[{"href":"https:\/\/blogin.al\/index.php?rest_route=\/wp\/v2\/posts"}],"about":[{"href":"https:\/\/blogin.al\/index.php?rest_route=\/wp\/v2\/types\/post"}],"author":[{"embeddable":true,"href":"https:\/\/blogin.al\/index.php?rest_route=\/wp\/v2\/users\/2"}],"replies":[{"embeddable":true,"href":"https:\/\/blogin.al\/index.php?rest_route=%2Fwp%2Fv2%2Fcomments&post=13640"}],"version-history":[{"count":1,"href":"https:\/\/blogin.al\/index.php?rest_route=\/wp\/v2\/posts\/13640\/revisions"}],"predecessor-version":[{"id":13642,"href":"https:\/\/blogin.al\/index.php?rest_route=\/wp\/v2\/posts\/13640\/revisions\/13642"}],"wp:featuredmedia":[{"embeddable":true,"href":"https:\/\/blogin.al\/index.php?rest_route=\/wp\/v2\/media\/13641"}],"wp:attachment":[{"href":"https:\/\/blogin.al\/index.php?rest_route=%2Fwp%2Fv2%2Fmedia&parent=13640"}],"wp:term":[{"taxonomy":"category","embeddable":true,"href":"https:\/\/blogin.al\/index.php?rest_route=%2Fwp%2Fv2%2Fcategories&post=13640"},{"taxonomy":"post_tag","embeddable":true,"href":"https:\/\/blogin.al\/index.php?rest_route=%2Fwp%2Fv2%2Ftags&post=13640"}],"curies":[{"name":"wp","href":"https:\/\/api.w.org\/{rel}","templated":true}]}}