{"id":13701,"date":"2022-09-02T10:38:50","date_gmt":"2022-09-02T10:38:50","guid":{"rendered":"https:\/\/blogin.al\/?p=13701"},"modified":"2022-09-02T10:38:53","modified_gmt":"2022-09-02T10:38:53","slug":"e-prekin-ne-piken-e-dobet-ilir-shaqiri-shperthen-ne-rrjet","status":"publish","type":"post","link":"https:\/\/blogin.al\/?p=13701","title":{"rendered":"E prekin n\u00eb pik\u00ebn e dob\u00ebt, Ilir Shaqiri shp\u00ebrthen n\u00eb rrjet"},"content":{"rendered":"\n<p>Ilir Shaqiri ka reaguar ashp\u00ebr n\u00eb rrjete sociale. Shkak jan\u00eb b\u00ebr\u00eb komentet krahasuese.<\/p>\n\n\n\n<p>N\u00ebp\u00ebrmjet nj\u00eb postimi ai ka shp\u00ebrthyer n\u00eb Instagram.<\/p>\n\n\n\n<p>\u2018Nuk e kam zakon t\u2019i p\u00ebrgjigjem \u00e7do halabaku q\u00eb ka nj\u00eb mendim, por kur b\u00ebhet fjal\u00eb p\u00ebr gjenin m\u00eb t\u00eb shtrennjt\u00eb q\u00eb kam n\u00eb jet\u00eb vajza m\u00eb duhet t\u00eb them dy fjal\u00eb.<\/p>\n\n\n\n<p>Ju q\u00eb doni t\u00eb t\u00ebrhiqni v\u00ebmendje me krahasime bastardejeni m\u00eb keq se ata q\u00eb p\u00ebrdhunojn\u00eb dhe vrasin.<\/p>\n\n\n\n<p>Mbeturin\u00eb e shoq\u00ebris\u00eb fatkeqe q\u00eb po rritet. Mjerimin dhe vulgaritetin e keni n\u00eb shpirt, ju jeni vet\u00eb turpi.\u2019<\/p>\n\n\n\n<figure class=\"wp-block-image size-full is-style-default\"><img fetchpriority=\"high\" decoding=\"async\" width=\"508\" height=\"899\" src=\"https:\/\/blogin.al\/wp-content\/uploads\/2022\/09\/ilir.jpg\" alt=\"\" class=\"wp-image-13702\" srcset=\"https:\/\/blogin.al\/wp-content\/uploads\/2022\/09\/ilir.jpg 508w, https:\/\/blogin.al\/wp-content\/uploads\/2022\/09\/ilir-170x300.jpg 170w, https:\/\/blogin.al\/wp-content\/uploads\/2022\/09\/ilir-150x265.jpg 150w, https:\/\/blogin.al\/wp-content\/uploads\/2022\/09\/ilir-300x531.jpg 300w\" sizes=\"(max-width: 508px) 100vw, 508px\" \/><\/figure>\n","protected":false},"excerpt":{"rendered":"<p>Ilir Shaqiri ka reaguar ashp\u00ebr n\u00eb rrjete sociale. Shkak jan\u00eb b\u00ebr\u00eb komentet krahasuese. N\u00ebp\u00ebrmjet nj\u00eb postimi ai ka shp\u00ebrthyer n\u00eb Instagram. \u2018Nuk e kam zakon t\u2019i p\u00ebrgjigjem \u00e7do halabaku q\u00eb ka nj\u00eb mendim, por kur b\u00ebhet fjal\u00eb p\u00ebr gjenin m\u00eb t\u00eb shtrennjt\u00eb q\u00eb kam n\u00eb jet\u00eb vajza m\u00eb duhet t\u00eb them dy fjal\u00eb. Ju q\u00eb [&hellip;]<\/p>\n","protected":false},"author":2,"featured_media":5158,"comment_status":"open","ping_status":"open","sticky":false,"template":"","format":"standard","meta":{"footnotes":""},"categories":[33],"tags":[],"class_list":{"0":"post-13701","1":"post","2":"type-post","3":"status-publish","4":"format-standard","5":"has-post-thumbnail","7":"category-showbiz"},"yoast_head":"<!-- This site is optimized with the Yoast SEO plugin v27.5 - https:\/\/yoast.com\/product\/yoast-seo-wordpress\/ -->\n<title>E prekin n\u00eb pik\u00ebn e dob\u00ebt, Ilir Shaqiri shp\u00ebrthen n\u00eb rrjet - blogin.al<\/title>\n<meta name=\"robots\" content=\"index, follow, max-snippet:-1, max-image-preview:large, max-video-preview:-1\" \/>\n<link rel=\"canonical\" href=\"https:\/\/blogin.al\/?p=13701\" \/>\n<meta property=\"og:locale\" content=\"en_US\" \/>\n<meta property=\"og:type\" content=\"article\" \/>\n<meta property=\"og:title\" content=\"E prekin n\u00eb pik\u00ebn e dob\u00ebt, Ilir Shaqiri shp\u00ebrthen n\u00eb rrjet - blogin.al\" \/>\n<meta property=\"og:description\" content=\"Ilir Shaqiri ka reaguar ashp\u00ebr n\u00eb rrjete sociale. Shkak jan\u00eb b\u00ebr\u00eb komentet krahasuese. N\u00ebp\u00ebrmjet nj\u00eb postimi ai ka shp\u00ebrthyer n\u00eb Instagram. \u2018Nuk e kam zakon t\u2019i p\u00ebrgjigjem \u00e7do halabaku q\u00eb ka nj\u00eb mendim, por kur b\u00ebhet fjal\u00eb p\u00ebr gjenin m\u00eb t\u00eb shtrennjt\u00eb q\u00eb kam n\u00eb jet\u00eb vajza m\u00eb duhet t\u00eb them dy fjal\u00eb. Ju q\u00eb [&hellip;]\" \/>\n<meta property=\"og:url\" content=\"https:\/\/blogin.al\/?p=13701\" \/>\n<meta property=\"og:site_name\" content=\"blogin.al\" \/>\n<meta property=\"article:published_time\" content=\"2022-09-02T10:38:50+00:00\" \/>\n<meta property=\"article:modified_time\" content=\"2022-09-02T10:38:53+00:00\" \/>\n<meta property=\"og:image\" content=\"https:\/\/blogin.al\/wp-content\/uploads\/2022\/05\/ilir-shaqiri-e1641296616927.jpg\" \/>\n\t<meta property=\"og:image:width\" content=\"799\" \/>\n\t<meta property=\"og:image:height\" content=\"594\" \/>\n\t<meta property=\"og:image:type\" content=\"image\/jpeg\" \/>\n<meta name=\"author\" content=\"Blogin al\" \/>\n<meta name=\"twitter:card\" content=\"summary_large_image\" \/>\n<meta name=\"twitter:label1\" content=\"Written by\" \/>\n\t<meta name=\"twitter:data1\" content=\"Blogin al\" \/>\n\t<meta name=\"twitter:label2\" content=\"Est. reading time\" \/>\n\t<meta name=\"twitter:data2\" content=\"1 minute\" \/>\n<script type=\"application\/ld+json\" class=\"yoast-schema-graph\">{\"@context\":\"https:\\\/\\\/schema.org\",\"@graph\":[{\"@type\":\"Article\",\"@id\":\"https:\\\/\\\/blogin.al\\\/?p=13701#article\",\"isPartOf\":{\"@id\":\"https:\\\/\\\/blogin.al\\\/?p=13701\"},\"author\":{\"name\":\"Blogin al\",\"@id\":\"https:\\\/\\\/blogin.al\\\/#\\\/schema\\\/person\\\/abdd56bc912cd511db877b852b115399\"},\"headline\":\"E prekin n\u00eb pik\u00ebn e dob\u00ebt, Ilir Shaqiri shp\u00ebrthen n\u00eb rrjet\",\"datePublished\":\"2022-09-02T10:38:50+00:00\",\"dateModified\":\"2022-09-02T10:38:53+00:00\",\"mainEntityOfPage\":{\"@id\":\"https:\\\/\\\/blogin.al\\\/?p=13701\"},\"wordCount\":115,\"commentCount\":0,\"publisher\":{\"@id\":\"https:\\\/\\\/blogin.al\\\/#organization\"},\"image\":{\"@id\":\"https:\\\/\\\/blogin.al\\\/?p=13701#primaryimage\"},\"thumbnailUrl\":\"https:\\\/\\\/blogin.al\\\/wp-content\\\/uploads\\\/2022\\\/05\\\/ilir-shaqiri-e1641296616927.jpg\",\"articleSection\":[\"SHOWBIZ\"],\"inLanguage\":\"en-US\",\"potentialAction\":[{\"@type\":\"CommentAction\",\"name\":\"Comment\",\"target\":[\"https:\\\/\\\/blogin.al\\\/?p=13701#respond\"]}]},{\"@type\":\"WebPage\",\"@id\":\"https:\\\/\\\/blogin.al\\\/?p=13701\",\"url\":\"https:\\\/\\\/blogin.al\\\/?p=13701\",\"name\":\"E prekin n\u00eb pik\u00ebn e dob\u00ebt, Ilir Shaqiri shp\u00ebrthen n\u00eb rrjet - blogin.al\",\"isPartOf\":{\"@id\":\"https:\\\/\\\/blogin.al\\\/#website\"},\"primaryImageOfPage\":{\"@id\":\"https:\\\/\\\/blogin.al\\\/?p=13701#primaryimage\"},\"image\":{\"@id\":\"https:\\\/\\\/blogin.al\\\/?p=13701#primaryimage\"},\"thumbnailUrl\":\"https:\\\/\\\/blogin.al\\\/wp-content\\\/uploads\\\/2022\\\/05\\\/ilir-shaqiri-e1641296616927.jpg\",\"datePublished\":\"2022-09-02T10:38:50+00:00\",\"dateModified\":\"2022-09-02T10:38:53+00:00\",\"breadcrumb\":{\"@id\":\"https:\\\/\\\/blogin.al\\\/?p=13701#breadcrumb\"},\"inLanguage\":\"en-US\",\"potentialAction\":[{\"@type\":\"ReadAction\",\"target\":[\"https:\\\/\\\/blogin.al\\\/?p=13701\"]}]},{\"@type\":\"ImageObject\",\"inLanguage\":\"en-US\",\"@id\":\"https:\\\/\\\/blogin.al\\\/?p=13701#primaryimage\",\"url\":\"https:\\\/\\\/blogin.al\\\/wp-content\\\/uploads\\\/2022\\\/05\\\/ilir-shaqiri-e1641296616927.jpg\",\"contentUrl\":\"https:\\\/\\\/blogin.al\\\/wp-content\\\/uploads\\\/2022\\\/05\\\/ilir-shaqiri-e1641296616927.jpg\",\"width\":799,\"height\":594},{\"@type\":\"BreadcrumbList\",\"@id\":\"https:\\\/\\\/blogin.al\\\/?p=13701#breadcrumb\",\"itemListElement\":[{\"@type\":\"ListItem\",\"position\":1,\"name\":\"Home\",\"item\":\"https:\\\/\\\/blogin.al\\\/\"},{\"@type\":\"ListItem\",\"position\":2,\"name\":\"E prekin n\u00eb pik\u00ebn e dob\u00ebt, Ilir Shaqiri shp\u00ebrthen n\u00eb rrjet\"}]},{\"@type\":\"WebSite\",\"@id\":\"https:\\\/\\\/blogin.al\\\/#website\",\"url\":\"https:\\\/\\\/blogin.al\\\/\",\"name\":\"blogin.al\",\"description\":\"\",\"publisher\":{\"@id\":\"https:\\\/\\\/blogin.al\\\/#organization\"},\"potentialAction\":[{\"@type\":\"SearchAction\",\"target\":{\"@type\":\"EntryPoint\",\"urlTemplate\":\"https:\\\/\\\/blogin.al\\\/?s={search_term_string}\"},\"query-input\":{\"@type\":\"PropertyValueSpecification\",\"valueRequired\":true,\"valueName\":\"search_term_string\"}}],\"inLanguage\":\"en-US\"},{\"@type\":\"Organization\",\"@id\":\"https:\\\/\\\/blogin.al\\\/#organization\",\"name\":\"BLOGIN.al\",\"url\":\"https:\\\/\\\/blogin.al\\\/\",\"logo\":{\"@type\":\"ImageObject\",\"inLanguage\":\"en-US\",\"@id\":\"https:\\\/\\\/blogin.al\\\/#\\\/schema\\\/logo\\\/image\\\/\",\"url\":\"https:\\\/\\\/blogin.al\\\/wp-content\\\/uploads\\\/2022\\\/05\\\/Untitled-2-01-e1652084456514.png\",\"contentUrl\":\"https:\\\/\\\/blogin.al\\\/wp-content\\\/uploads\\\/2022\\\/05\\\/Untitled-2-01-e1652084456514.png\",\"width\":3723,\"height\":1698,\"caption\":\"BLOGIN.al\"},\"image\":{\"@id\":\"https:\\\/\\\/blogin.al\\\/#\\\/schema\\\/logo\\\/image\\\/\"},\"sameAs\":[\"https:\\\/\\\/instagram.com\\\/blogin.al\\\/\"]},{\"@type\":\"Person\",\"@id\":\"https:\\\/\\\/blogin.al\\\/#\\\/schema\\\/person\\\/abdd56bc912cd511db877b852b115399\",\"name\":\"Blogin al\",\"image\":{\"@type\":\"ImageObject\",\"inLanguage\":\"en-US\",\"@id\":\"https:\\\/\\\/secure.gravatar.com\\\/avatar\\\/60d5661aee6e835fb13dc75d2204cd0c1d61bef2efd137c0083e59ef831e235e?s=96&d=mm&r=g\",\"url\":\"https:\\\/\\\/secure.gravatar.com\\\/avatar\\\/60d5661aee6e835fb13dc75d2204cd0c1d61bef2efd137c0083e59ef831e235e?s=96&d=mm&r=g\",\"contentUrl\":\"https:\\\/\\\/secure.gravatar.com\\\/avatar\\\/60d5661aee6e835fb13dc75d2204cd0c1d61bef2efd137c0083e59ef831e235e?s=96&d=mm&r=g\",\"caption\":\"Blogin al\"},\"sameAs\":[\"https:\\\/\\\/blogin.al\"],\"url\":\"https:\\\/\\\/blogin.al\\\/?author=2\"}]}<\/script>\n<!-- \/ Yoast SEO plugin. -->","yoast_head_json":{"title":"E prekin n\u00eb pik\u00ebn e dob\u00ebt, Ilir Shaqiri shp\u00ebrthen n\u00eb rrjet - blogin.al","robots":{"index":"index","follow":"follow","max-snippet":"max-snippet:-1","max-image-preview":"max-image-preview:large","max-video-preview":"max-video-preview:-1"},"canonical":"https:\/\/blogin.al\/?p=13701","og_locale":"en_US","og_type":"article","og_title":"E prekin n\u00eb pik\u00ebn e dob\u00ebt, Ilir Shaqiri shp\u00ebrthen n\u00eb rrjet - blogin.al","og_description":"Ilir Shaqiri ka reaguar ashp\u00ebr n\u00eb rrjete sociale. Shkak jan\u00eb b\u00ebr\u00eb komentet krahasuese. N\u00ebp\u00ebrmjet nj\u00eb postimi ai ka shp\u00ebrthyer n\u00eb Instagram. \u2018Nuk e kam zakon t\u2019i p\u00ebrgjigjem \u00e7do halabaku q\u00eb ka nj\u00eb mendim, por kur b\u00ebhet fjal\u00eb p\u00ebr gjenin m\u00eb t\u00eb shtrennjt\u00eb q\u00eb kam n\u00eb jet\u00eb vajza m\u00eb duhet t\u00eb them dy fjal\u00eb. Ju q\u00eb [&hellip;]","og_url":"https:\/\/blogin.al\/?p=13701","og_site_name":"blogin.al","article_published_time":"2022-09-02T10:38:50+00:00","article_modified_time":"2022-09-02T10:38:53+00:00","og_image":[{"width":799,"height":594,"url":"https:\/\/blogin.al\/wp-content\/uploads\/2022\/05\/ilir-shaqiri-e1641296616927.jpg","type":"image\/jpeg"}],"author":"Blogin al","twitter_card":"summary_large_image","twitter_misc":{"Written by":"Blogin al","Est. reading time":"1 minute"},"schema":{"@context":"https:\/\/schema.org","@graph":[{"@type":"Article","@id":"https:\/\/blogin.al\/?p=13701#article","isPartOf":{"@id":"https:\/\/blogin.al\/?p=13701"},"author":{"name":"Blogin al","@id":"https:\/\/blogin.al\/#\/schema\/person\/abdd56bc912cd511db877b852b115399"},"headline":"E prekin n\u00eb pik\u00ebn e dob\u00ebt, Ilir Shaqiri shp\u00ebrthen n\u00eb rrjet","datePublished":"2022-09-02T10:38:50+00:00","dateModified":"2022-09-02T10:38:53+00:00","mainEntityOfPage":{"@id":"https:\/\/blogin.al\/?p=13701"},"wordCount":115,"commentCount":0,"publisher":{"@id":"https:\/\/blogin.al\/#organization"},"image":{"@id":"https:\/\/blogin.al\/?p=13701#primaryimage"},"thumbnailUrl":"https:\/\/blogin.al\/wp-content\/uploads\/2022\/05\/ilir-shaqiri-e1641296616927.jpg","articleSection":["SHOWBIZ"],"inLanguage":"en-US","potentialAction":[{"@type":"CommentAction","name":"Comment","target":["https:\/\/blogin.al\/?p=13701#respond"]}]},{"@type":"WebPage","@id":"https:\/\/blogin.al\/?p=13701","url":"https:\/\/blogin.al\/?p=13701","name":"E prekin n\u00eb pik\u00ebn e dob\u00ebt, Ilir Shaqiri shp\u00ebrthen n\u00eb rrjet - blogin.al","isPartOf":{"@id":"https:\/\/blogin.al\/#website"},"primaryImageOfPage":{"@id":"https:\/\/blogin.al\/?p=13701#primaryimage"},"image":{"@id":"https:\/\/blogin.al\/?p=13701#primaryimage"},"thumbnailUrl":"https:\/\/blogin.al\/wp-content\/uploads\/2022\/05\/ilir-shaqiri-e1641296616927.jpg","datePublished":"2022-09-02T10:38:50+00:00","dateModified":"2022-09-02T10:38:53+00:00","breadcrumb":{"@id":"https:\/\/blogin.al\/?p=13701#breadcrumb"},"inLanguage":"en-US","potentialAction":[{"@type":"ReadAction","target":["https:\/\/blogin.al\/?p=13701"]}]},{"@type":"ImageObject","inLanguage":"en-US","@id":"https:\/\/blogin.al\/?p=13701#primaryimage","url":"https:\/\/blogin.al\/wp-content\/uploads\/2022\/05\/ilir-shaqiri-e1641296616927.jpg","contentUrl":"https:\/\/blogin.al\/wp-content\/uploads\/2022\/05\/ilir-shaqiri-e1641296616927.jpg","width":799,"height":594},{"@type":"BreadcrumbList","@id":"https:\/\/blogin.al\/?p=13701#breadcrumb","itemListElement":[{"@type":"ListItem","position":1,"name":"Home","item":"https:\/\/blogin.al\/"},{"@type":"ListItem","position":2,"name":"E prekin n\u00eb pik\u00ebn e dob\u00ebt, Ilir Shaqiri shp\u00ebrthen n\u00eb rrjet"}]},{"@type":"WebSite","@id":"https:\/\/blogin.al\/#website","url":"https:\/\/blogin.al\/","name":"blogin.al","description":"","publisher":{"@id":"https:\/\/blogin.al\/#organization"},"potentialAction":[{"@type":"SearchAction","target":{"@type":"EntryPoint","urlTemplate":"https:\/\/blogin.al\/?s={search_term_string}"},"query-input":{"@type":"PropertyValueSpecification","valueRequired":true,"valueName":"search_term_string"}}],"inLanguage":"en-US"},{"@type":"Organization","@id":"https:\/\/blogin.al\/#organization","name":"BLOGIN.al","url":"https:\/\/blogin.al\/","logo":{"@type":"ImageObject","inLanguage":"en-US","@id":"https:\/\/blogin.al\/#\/schema\/logo\/image\/","url":"https:\/\/blogin.al\/wp-content\/uploads\/2022\/05\/Untitled-2-01-e1652084456514.png","contentUrl":"https:\/\/blogin.al\/wp-content\/uploads\/2022\/05\/Untitled-2-01-e1652084456514.png","width":3723,"height":1698,"caption":"BLOGIN.al"},"image":{"@id":"https:\/\/blogin.al\/#\/schema\/logo\/image\/"},"sameAs":["https:\/\/instagram.com\/blogin.al\/"]},{"@type":"Person","@id":"https:\/\/blogin.al\/#\/schema\/person\/abdd56bc912cd511db877b852b115399","name":"Blogin al","image":{"@type":"ImageObject","inLanguage":"en-US","@id":"https:\/\/secure.gravatar.com\/avatar\/60d5661aee6e835fb13dc75d2204cd0c1d61bef2efd137c0083e59ef831e235e?s=96&d=mm&r=g","url":"https:\/\/secure.gravatar.com\/avatar\/60d5661aee6e835fb13dc75d2204cd0c1d61bef2efd137c0083e59ef831e235e?s=96&d=mm&r=g","contentUrl":"https:\/\/secure.gravatar.com\/avatar\/60d5661aee6e835fb13dc75d2204cd0c1d61bef2efd137c0083e59ef831e235e?s=96&d=mm&r=g","caption":"Blogin al"},"sameAs":["https:\/\/blogin.al"],"url":"https:\/\/blogin.al\/?author=2"}]}},"_links":{"self":[{"href":"https:\/\/blogin.al\/index.php?rest_route=\/wp\/v2\/posts\/13701","targetHints":{"allow":["GET"]}}],"collection":[{"href":"https:\/\/blogin.al\/index.php?rest_route=\/wp\/v2\/posts"}],"about":[{"href":"https:\/\/blogin.al\/index.php?rest_route=\/wp\/v2\/types\/post"}],"author":[{"embeddable":true,"href":"https:\/\/blogin.al\/index.php?rest_route=\/wp\/v2\/users\/2"}],"replies":[{"embeddable":true,"href":"https:\/\/blogin.al\/index.php?rest_route=%2Fwp%2Fv2%2Fcomments&post=13701"}],"version-history":[{"count":1,"href":"https:\/\/blogin.al\/index.php?rest_route=\/wp\/v2\/posts\/13701\/revisions"}],"predecessor-version":[{"id":13703,"href":"https:\/\/blogin.al\/index.php?rest_route=\/wp\/v2\/posts\/13701\/revisions\/13703"}],"wp:featuredmedia":[{"embeddable":true,"href":"https:\/\/blogin.al\/index.php?rest_route=\/wp\/v2\/media\/5158"}],"wp:attachment":[{"href":"https:\/\/blogin.al\/index.php?rest_route=%2Fwp%2Fv2%2Fmedia&parent=13701"}],"wp:term":[{"taxonomy":"category","embeddable":true,"href":"https:\/\/blogin.al\/index.php?rest_route=%2Fwp%2Fv2%2Fcategories&post=13701"},{"taxonomy":"post_tag","embeddable":true,"href":"https:\/\/blogin.al\/index.php?rest_route=%2Fwp%2Fv2%2Ftags&post=13701"}],"curies":[{"name":"wp","href":"https:\/\/api.w.org\/{rel}","templated":true}]}}