{"id":13707,"date":"2022-09-02T10:53:40","date_gmt":"2022-09-02T10:53:40","guid":{"rendered":"https:\/\/blogin.al\/?p=13707"},"modified":"2022-09-02T10:53:43","modified_gmt":"2022-09-02T10:53:43","slug":"miley-cyrus-nuk-flet-me-me-te-atin-pas-ndarjes-nga-nena-e-saj","status":"publish","type":"post","link":"https:\/\/blogin.al\/?p=13707","title":{"rendered":"Miley Cyrus nuk flet m\u00eb me t\u00eb atin pas ndarjes nga n\u00ebna e saj"},"content":{"rendered":"\n<p>Miley Cyrus nuk flet m\u00eb me t\u00eb atin Billy Ray Cyrus pas ndarjes nga n\u00ebna e saj, Tish Cyrus. Mediat e huaja raportojn\u00eb se dyshja pat\u00ebn nj\u00eb grindje dhe se gj\u00ebrat jan\u00eb shp\u00ebrkall\u00ebzuar deri n\u00eb at\u00eb pik\u00eb sa kan\u00eb nd\u00ebrprer\u00eb komunikimin, duke hequr dhe nj\u00ebri-tjetrin nga rrjetet sociale.<\/p>\n\n\n\n<p>P\u00ebrplasja thuhet se ka ardhur pasi ylli i muzik\u00ebs country njoftoi publikisht ndarjen e tij nga n\u00ebna e Miley-t n\u00eb prill pas gati 29 vitesh martes\u00eb. \u201cMiley nuk ishte dakord me disa gj\u00ebra q\u00eb ka b\u00ebr\u00eb babai i saj. \u00cbsht\u00eb p\u00ebrshkall\u00ebzuar v\u00ebrtet dhe ata nuk jan\u00eb n\u00eb marr\u00ebdh\u00ebnie t\u00eb mira\u201d, tha nj\u00eb burim p\u00ebr The Sun.<\/p>\n\n\n\n<figure class=\"wp-block-image size-full is-style-default\"><img fetchpriority=\"high\" decoding=\"async\" width=\"594\" height=\"464\" src=\"https:\/\/blogin.al\/wp-content\/uploads\/2022\/09\/Miley_Cyrus_parents-mom-dad-1.jpg\" alt=\"\" class=\"wp-image-13709\" srcset=\"https:\/\/blogin.al\/wp-content\/uploads\/2022\/09\/Miley_Cyrus_parents-mom-dad-1.jpg 594w, https:\/\/blogin.al\/wp-content\/uploads\/2022\/09\/Miley_Cyrus_parents-mom-dad-1-300x234.jpg 300w, https:\/\/blogin.al\/wp-content\/uploads\/2022\/09\/Miley_Cyrus_parents-mom-dad-1-150x117.jpg 150w\" sizes=\"(max-width: 594px) 100vw, 594px\" \/><\/figure>\n\n\n\n<p>\u201cPjesa tjet\u00ebr e familjes shpreson se do t\u00eb kaloj\u00eb s\u00eb shpejti dhe ata do t\u00eb jen\u00eb n\u00eb gjendje t\u00eb qet\u00ebsohen por Billy dhe Miley jan\u00eb t\u00eb dy t\u00eb m\u00ebrzitur,\u201d shpjegoi burimi. Tish dhe Billy Ray u martuan n\u00eb dhjetor t\u00eb vitit 1993 dhe kan\u00eb 3 f\u00ebmij\u00eb: Miley, 29 vje\u00e7, Noah, 22 dhe Braison, 27 vje\u00e7.<\/p>\n","protected":false},"excerpt":{"rendered":"<p>Miley Cyrus nuk flet m\u00eb me t\u00eb atin Billy Ray Cyrus pas ndarjes nga n\u00ebna e saj, Tish Cyrus. Mediat e huaja raportojn\u00eb se dyshja pat\u00ebn nj\u00eb grindje dhe se gj\u00ebrat jan\u00eb shp\u00ebrkall\u00ebzuar deri n\u00eb at\u00eb pik\u00eb sa kan\u00eb nd\u00ebrprer\u00eb komunikimin, duke hequr dhe nj\u00ebri-tjetrin nga rrjetet sociale. P\u00ebrplasja thuhet se ka ardhur pasi ylli [&hellip;]<\/p>\n","protected":false},"author":2,"featured_media":13708,"comment_status":"open","ping_status":"open","sticky":false,"template":"","format":"standard","meta":{"footnotes":""},"categories":[33],"tags":[],"class_list":{"0":"post-13707","1":"post","2":"type-post","3":"status-publish","4":"format-standard","5":"has-post-thumbnail","7":"category-showbiz"},"yoast_head":"<!-- This site is optimized with the Yoast SEO plugin v27.4 - https:\/\/yoast.com\/product\/yoast-seo-wordpress\/ -->\n<title>Miley Cyrus nuk flet m\u00eb me t\u00eb atin pas ndarjes nga n\u00ebna e saj - blogin.al<\/title>\n<meta name=\"robots\" content=\"index, follow, max-snippet:-1, max-image-preview:large, max-video-preview:-1\" \/>\n<link rel=\"canonical\" href=\"https:\/\/blogin.al\/?p=13707\" \/>\n<meta property=\"og:locale\" content=\"en_US\" \/>\n<meta property=\"og:type\" content=\"article\" \/>\n<meta property=\"og:title\" content=\"Miley Cyrus nuk flet m\u00eb me t\u00eb atin pas ndarjes nga n\u00ebna e saj - blogin.al\" \/>\n<meta property=\"og:description\" content=\"Miley Cyrus nuk flet m\u00eb me t\u00eb atin Billy Ray Cyrus pas ndarjes nga n\u00ebna e saj, Tish Cyrus. Mediat e huaja raportojn\u00eb se dyshja pat\u00ebn nj\u00eb grindje dhe se gj\u00ebrat jan\u00eb shp\u00ebrkall\u00ebzuar deri n\u00eb at\u00eb pik\u00eb sa kan\u00eb nd\u00ebrprer\u00eb komunikimin, duke hequr dhe nj\u00ebri-tjetrin nga rrjetet sociale. P\u00ebrplasja thuhet se ka ardhur pasi ylli [&hellip;]\" \/>\n<meta property=\"og:url\" content=\"https:\/\/blogin.al\/?p=13707\" \/>\n<meta property=\"og:site_name\" content=\"blogin.al\" \/>\n<meta property=\"article:published_time\" content=\"2022-09-02T10:53:40+00:00\" \/>\n<meta property=\"article:modified_time\" content=\"2022-09-02T10:53:43+00:00\" \/>\n<meta property=\"og:image\" content=\"https:\/\/blogin.al\/wp-content\/uploads\/2022\/09\/billy-ray-cyrus-tish-miley.webp\" \/>\n\t<meta property=\"og:image:width\" content=\"2000\" \/>\n\t<meta property=\"og:image:height\" content=\"1334\" \/>\n\t<meta property=\"og:image:type\" content=\"image\/webp\" \/>\n<meta name=\"author\" content=\"Blogin al\" \/>\n<meta name=\"twitter:card\" content=\"summary_large_image\" \/>\n<meta name=\"twitter:label1\" content=\"Written by\" \/>\n\t<meta name=\"twitter:data1\" content=\"Blogin al\" \/>\n\t<meta name=\"twitter:label2\" content=\"Est. reading time\" \/>\n\t<meta name=\"twitter:data2\" content=\"1 minute\" \/>\n<script type=\"application\/ld+json\" class=\"yoast-schema-graph\">{\"@context\":\"https:\\\/\\\/schema.org\",\"@graph\":[{\"@type\":\"Article\",\"@id\":\"https:\\\/\\\/blogin.al\\\/?p=13707#article\",\"isPartOf\":{\"@id\":\"https:\\\/\\\/blogin.al\\\/?p=13707\"},\"author\":{\"name\":\"Blogin al\",\"@id\":\"https:\\\/\\\/blogin.al\\\/#\\\/schema\\\/person\\\/abdd56bc912cd511db877b852b115399\"},\"headline\":\"Miley Cyrus nuk flet m\u00eb me t\u00eb atin pas ndarjes nga n\u00ebna e saj\",\"datePublished\":\"2022-09-02T10:53:40+00:00\",\"dateModified\":\"2022-09-02T10:53:43+00:00\",\"mainEntityOfPage\":{\"@id\":\"https:\\\/\\\/blogin.al\\\/?p=13707\"},\"wordCount\":190,\"commentCount\":0,\"publisher\":{\"@id\":\"https:\\\/\\\/blogin.al\\\/#organization\"},\"image\":{\"@id\":\"https:\\\/\\\/blogin.al\\\/?p=13707#primaryimage\"},\"thumbnailUrl\":\"https:\\\/\\\/blogin.al\\\/wp-content\\\/uploads\\\/2022\\\/09\\\/billy-ray-cyrus-tish-miley.webp\",\"articleSection\":[\"SHOWBIZ\"],\"inLanguage\":\"en-US\",\"potentialAction\":[{\"@type\":\"CommentAction\",\"name\":\"Comment\",\"target\":[\"https:\\\/\\\/blogin.al\\\/?p=13707#respond\"]}]},{\"@type\":\"WebPage\",\"@id\":\"https:\\\/\\\/blogin.al\\\/?p=13707\",\"url\":\"https:\\\/\\\/blogin.al\\\/?p=13707\",\"name\":\"Miley Cyrus nuk flet m\u00eb me t\u00eb atin pas ndarjes nga n\u00ebna e saj - blogin.al\",\"isPartOf\":{\"@id\":\"https:\\\/\\\/blogin.al\\\/#website\"},\"primaryImageOfPage\":{\"@id\":\"https:\\\/\\\/blogin.al\\\/?p=13707#primaryimage\"},\"image\":{\"@id\":\"https:\\\/\\\/blogin.al\\\/?p=13707#primaryimage\"},\"thumbnailUrl\":\"https:\\\/\\\/blogin.al\\\/wp-content\\\/uploads\\\/2022\\\/09\\\/billy-ray-cyrus-tish-miley.webp\",\"datePublished\":\"2022-09-02T10:53:40+00:00\",\"dateModified\":\"2022-09-02T10:53:43+00:00\",\"breadcrumb\":{\"@id\":\"https:\\\/\\\/blogin.al\\\/?p=13707#breadcrumb\"},\"inLanguage\":\"en-US\",\"potentialAction\":[{\"@type\":\"ReadAction\",\"target\":[\"https:\\\/\\\/blogin.al\\\/?p=13707\"]}]},{\"@type\":\"ImageObject\",\"inLanguage\":\"en-US\",\"@id\":\"https:\\\/\\\/blogin.al\\\/?p=13707#primaryimage\",\"url\":\"https:\\\/\\\/blogin.al\\\/wp-content\\\/uploads\\\/2022\\\/09\\\/billy-ray-cyrus-tish-miley.webp\",\"contentUrl\":\"https:\\\/\\\/blogin.al\\\/wp-content\\\/uploads\\\/2022\\\/09\\\/billy-ray-cyrus-tish-miley.webp\",\"width\":2000,\"height\":1334},{\"@type\":\"BreadcrumbList\",\"@id\":\"https:\\\/\\\/blogin.al\\\/?p=13707#breadcrumb\",\"itemListElement\":[{\"@type\":\"ListItem\",\"position\":1,\"name\":\"Home\",\"item\":\"https:\\\/\\\/blogin.al\\\/\"},{\"@type\":\"ListItem\",\"position\":2,\"name\":\"Miley Cyrus nuk flet m\u00eb me t\u00eb atin pas ndarjes nga n\u00ebna e saj\"}]},{\"@type\":\"WebSite\",\"@id\":\"https:\\\/\\\/blogin.al\\\/#website\",\"url\":\"https:\\\/\\\/blogin.al\\\/\",\"name\":\"blogin.al\",\"description\":\"\",\"publisher\":{\"@id\":\"https:\\\/\\\/blogin.al\\\/#organization\"},\"potentialAction\":[{\"@type\":\"SearchAction\",\"target\":{\"@type\":\"EntryPoint\",\"urlTemplate\":\"https:\\\/\\\/blogin.al\\\/?s={search_term_string}\"},\"query-input\":{\"@type\":\"PropertyValueSpecification\",\"valueRequired\":true,\"valueName\":\"search_term_string\"}}],\"inLanguage\":\"en-US\"},{\"@type\":\"Organization\",\"@id\":\"https:\\\/\\\/blogin.al\\\/#organization\",\"name\":\"BLOGIN.al\",\"url\":\"https:\\\/\\\/blogin.al\\\/\",\"logo\":{\"@type\":\"ImageObject\",\"inLanguage\":\"en-US\",\"@id\":\"https:\\\/\\\/blogin.al\\\/#\\\/schema\\\/logo\\\/image\\\/\",\"url\":\"https:\\\/\\\/blogin.al\\\/wp-content\\\/uploads\\\/2022\\\/05\\\/Untitled-2-01-e1652084456514.png\",\"contentUrl\":\"https:\\\/\\\/blogin.al\\\/wp-content\\\/uploads\\\/2022\\\/05\\\/Untitled-2-01-e1652084456514.png\",\"width\":3723,\"height\":1698,\"caption\":\"BLOGIN.al\"},\"image\":{\"@id\":\"https:\\\/\\\/blogin.al\\\/#\\\/schema\\\/logo\\\/image\\\/\"},\"sameAs\":[\"https:\\\/\\\/instagram.com\\\/blogin.al\\\/\"]},{\"@type\":\"Person\",\"@id\":\"https:\\\/\\\/blogin.al\\\/#\\\/schema\\\/person\\\/abdd56bc912cd511db877b852b115399\",\"name\":\"Blogin al\",\"image\":{\"@type\":\"ImageObject\",\"inLanguage\":\"en-US\",\"@id\":\"https:\\\/\\\/secure.gravatar.com\\\/avatar\\\/60d5661aee6e835fb13dc75d2204cd0c1d61bef2efd137c0083e59ef831e235e?s=96&d=mm&r=g\",\"url\":\"https:\\\/\\\/secure.gravatar.com\\\/avatar\\\/60d5661aee6e835fb13dc75d2204cd0c1d61bef2efd137c0083e59ef831e235e?s=96&d=mm&r=g\",\"contentUrl\":\"https:\\\/\\\/secure.gravatar.com\\\/avatar\\\/60d5661aee6e835fb13dc75d2204cd0c1d61bef2efd137c0083e59ef831e235e?s=96&d=mm&r=g\",\"caption\":\"Blogin al\"},\"sameAs\":[\"https:\\\/\\\/blogin.al\"],\"url\":\"https:\\\/\\\/blogin.al\\\/?author=2\"}]}<\/script>\n<!-- \/ Yoast SEO plugin. -->","yoast_head_json":{"title":"Miley Cyrus nuk flet m\u00eb me t\u00eb atin pas ndarjes nga n\u00ebna e saj - blogin.al","robots":{"index":"index","follow":"follow","max-snippet":"max-snippet:-1","max-image-preview":"max-image-preview:large","max-video-preview":"max-video-preview:-1"},"canonical":"https:\/\/blogin.al\/?p=13707","og_locale":"en_US","og_type":"article","og_title":"Miley Cyrus nuk flet m\u00eb me t\u00eb atin pas ndarjes nga n\u00ebna e saj - blogin.al","og_description":"Miley Cyrus nuk flet m\u00eb me t\u00eb atin Billy Ray Cyrus pas ndarjes nga n\u00ebna e saj, Tish Cyrus. Mediat e huaja raportojn\u00eb se dyshja pat\u00ebn nj\u00eb grindje dhe se gj\u00ebrat jan\u00eb shp\u00ebrkall\u00ebzuar deri n\u00eb at\u00eb pik\u00eb sa kan\u00eb nd\u00ebrprer\u00eb komunikimin, duke hequr dhe nj\u00ebri-tjetrin nga rrjetet sociale. P\u00ebrplasja thuhet se ka ardhur pasi ylli [&hellip;]","og_url":"https:\/\/blogin.al\/?p=13707","og_site_name":"blogin.al","article_published_time":"2022-09-02T10:53:40+00:00","article_modified_time":"2022-09-02T10:53:43+00:00","og_image":[{"width":2000,"height":1334,"url":"https:\/\/blogin.al\/wp-content\/uploads\/2022\/09\/billy-ray-cyrus-tish-miley.webp","type":"image\/webp"}],"author":"Blogin al","twitter_card":"summary_large_image","twitter_misc":{"Written by":"Blogin al","Est. reading time":"1 minute"},"schema":{"@context":"https:\/\/schema.org","@graph":[{"@type":"Article","@id":"https:\/\/blogin.al\/?p=13707#article","isPartOf":{"@id":"https:\/\/blogin.al\/?p=13707"},"author":{"name":"Blogin al","@id":"https:\/\/blogin.al\/#\/schema\/person\/abdd56bc912cd511db877b852b115399"},"headline":"Miley Cyrus nuk flet m\u00eb me t\u00eb atin pas ndarjes nga n\u00ebna e saj","datePublished":"2022-09-02T10:53:40+00:00","dateModified":"2022-09-02T10:53:43+00:00","mainEntityOfPage":{"@id":"https:\/\/blogin.al\/?p=13707"},"wordCount":190,"commentCount":0,"publisher":{"@id":"https:\/\/blogin.al\/#organization"},"image":{"@id":"https:\/\/blogin.al\/?p=13707#primaryimage"},"thumbnailUrl":"https:\/\/blogin.al\/wp-content\/uploads\/2022\/09\/billy-ray-cyrus-tish-miley.webp","articleSection":["SHOWBIZ"],"inLanguage":"en-US","potentialAction":[{"@type":"CommentAction","name":"Comment","target":["https:\/\/blogin.al\/?p=13707#respond"]}]},{"@type":"WebPage","@id":"https:\/\/blogin.al\/?p=13707","url":"https:\/\/blogin.al\/?p=13707","name":"Miley Cyrus nuk flet m\u00eb me t\u00eb atin pas ndarjes nga n\u00ebna e saj - blogin.al","isPartOf":{"@id":"https:\/\/blogin.al\/#website"},"primaryImageOfPage":{"@id":"https:\/\/blogin.al\/?p=13707#primaryimage"},"image":{"@id":"https:\/\/blogin.al\/?p=13707#primaryimage"},"thumbnailUrl":"https:\/\/blogin.al\/wp-content\/uploads\/2022\/09\/billy-ray-cyrus-tish-miley.webp","datePublished":"2022-09-02T10:53:40+00:00","dateModified":"2022-09-02T10:53:43+00:00","breadcrumb":{"@id":"https:\/\/blogin.al\/?p=13707#breadcrumb"},"inLanguage":"en-US","potentialAction":[{"@type":"ReadAction","target":["https:\/\/blogin.al\/?p=13707"]}]},{"@type":"ImageObject","inLanguage":"en-US","@id":"https:\/\/blogin.al\/?p=13707#primaryimage","url":"https:\/\/blogin.al\/wp-content\/uploads\/2022\/09\/billy-ray-cyrus-tish-miley.webp","contentUrl":"https:\/\/blogin.al\/wp-content\/uploads\/2022\/09\/billy-ray-cyrus-tish-miley.webp","width":2000,"height":1334},{"@type":"BreadcrumbList","@id":"https:\/\/blogin.al\/?p=13707#breadcrumb","itemListElement":[{"@type":"ListItem","position":1,"name":"Home","item":"https:\/\/blogin.al\/"},{"@type":"ListItem","position":2,"name":"Miley Cyrus nuk flet m\u00eb me t\u00eb atin pas ndarjes nga n\u00ebna e saj"}]},{"@type":"WebSite","@id":"https:\/\/blogin.al\/#website","url":"https:\/\/blogin.al\/","name":"blogin.al","description":"","publisher":{"@id":"https:\/\/blogin.al\/#organization"},"potentialAction":[{"@type":"SearchAction","target":{"@type":"EntryPoint","urlTemplate":"https:\/\/blogin.al\/?s={search_term_string}"},"query-input":{"@type":"PropertyValueSpecification","valueRequired":true,"valueName":"search_term_string"}}],"inLanguage":"en-US"},{"@type":"Organization","@id":"https:\/\/blogin.al\/#organization","name":"BLOGIN.al","url":"https:\/\/blogin.al\/","logo":{"@type":"ImageObject","inLanguage":"en-US","@id":"https:\/\/blogin.al\/#\/schema\/logo\/image\/","url":"https:\/\/blogin.al\/wp-content\/uploads\/2022\/05\/Untitled-2-01-e1652084456514.png","contentUrl":"https:\/\/blogin.al\/wp-content\/uploads\/2022\/05\/Untitled-2-01-e1652084456514.png","width":3723,"height":1698,"caption":"BLOGIN.al"},"image":{"@id":"https:\/\/blogin.al\/#\/schema\/logo\/image\/"},"sameAs":["https:\/\/instagram.com\/blogin.al\/"]},{"@type":"Person","@id":"https:\/\/blogin.al\/#\/schema\/person\/abdd56bc912cd511db877b852b115399","name":"Blogin al","image":{"@type":"ImageObject","inLanguage":"en-US","@id":"https:\/\/secure.gravatar.com\/avatar\/60d5661aee6e835fb13dc75d2204cd0c1d61bef2efd137c0083e59ef831e235e?s=96&d=mm&r=g","url":"https:\/\/secure.gravatar.com\/avatar\/60d5661aee6e835fb13dc75d2204cd0c1d61bef2efd137c0083e59ef831e235e?s=96&d=mm&r=g","contentUrl":"https:\/\/secure.gravatar.com\/avatar\/60d5661aee6e835fb13dc75d2204cd0c1d61bef2efd137c0083e59ef831e235e?s=96&d=mm&r=g","caption":"Blogin al"},"sameAs":["https:\/\/blogin.al"],"url":"https:\/\/blogin.al\/?author=2"}]}},"_links":{"self":[{"href":"https:\/\/blogin.al\/index.php?rest_route=\/wp\/v2\/posts\/13707","targetHints":{"allow":["GET"]}}],"collection":[{"href":"https:\/\/blogin.al\/index.php?rest_route=\/wp\/v2\/posts"}],"about":[{"href":"https:\/\/blogin.al\/index.php?rest_route=\/wp\/v2\/types\/post"}],"author":[{"embeddable":true,"href":"https:\/\/blogin.al\/index.php?rest_route=\/wp\/v2\/users\/2"}],"replies":[{"embeddable":true,"href":"https:\/\/blogin.al\/index.php?rest_route=%2Fwp%2Fv2%2Fcomments&post=13707"}],"version-history":[{"count":1,"href":"https:\/\/blogin.al\/index.php?rest_route=\/wp\/v2\/posts\/13707\/revisions"}],"predecessor-version":[{"id":13710,"href":"https:\/\/blogin.al\/index.php?rest_route=\/wp\/v2\/posts\/13707\/revisions\/13710"}],"wp:featuredmedia":[{"embeddable":true,"href":"https:\/\/blogin.al\/index.php?rest_route=\/wp\/v2\/media\/13708"}],"wp:attachment":[{"href":"https:\/\/blogin.al\/index.php?rest_route=%2Fwp%2Fv2%2Fmedia&parent=13707"}],"wp:term":[{"taxonomy":"category","embeddable":true,"href":"https:\/\/blogin.al\/index.php?rest_route=%2Fwp%2Fv2%2Fcategories&post=13707"},{"taxonomy":"post_tag","embeddable":true,"href":"https:\/\/blogin.al\/index.php?rest_route=%2Fwp%2Fv2%2Ftags&post=13707"}],"curies":[{"name":"wp","href":"https:\/\/api.w.org\/{rel}","templated":true}]}}