{"id":13802,"date":"2022-09-04T13:34:14","date_gmt":"2022-09-04T13:34:14","guid":{"rendered":"https:\/\/blogin.al\/?p=13802"},"modified":"2022-09-04T13:34:15","modified_gmt":"2022-09-04T13:34:15","slug":"marina-vjollca-dhe-getoar-selimi-ndajne-momentet-magjike-nga-pushimet-tropikale","status":"publish","type":"post","link":"https:\/\/blogin.al\/?p=13802","title":{"rendered":"Marina Vjollca dhe Getoar Selimi ndajn\u00eb momentet magjike nga pushimet tropikale"},"content":{"rendered":"\n<p>Marina Vjollca dhe Getoar Selimi jan\u00eb nj\u00eb nga \u00e7iftet m\u00eb t\u00eb dashur p\u00ebr publikun.<\/p>\n\n\n\n<p>Ata jan\u00eb prind\u00ebr prej gati nj\u00eb viti t\u00eb nj\u00eb vajze t\u00eb quajtur Margaret.<\/p>\n\n\n\n<p>\u00c7ifti po shijon pushimet e tyre n\u00eb viset tropikale dhe nuk kan\u00eb hezituar t\u00eb ndajn\u00eb me ndjek\u00ebsit disa foto e video nga k\u00ebto momente relaksi p\u00ebr ta.<\/p>\n\n\n\n<figure class=\"wp-block-image size-full is-style-default\"><img fetchpriority=\"high\" decoding=\"async\" width=\"612\" height=\"696\" src=\"https:\/\/blogin.al\/wp-content\/uploads\/2022\/09\/marina1.png\" alt=\"\" class=\"wp-image-13803\" srcset=\"https:\/\/blogin.al\/wp-content\/uploads\/2022\/09\/marina1.png 612w, https:\/\/blogin.al\/wp-content\/uploads\/2022\/09\/marina1-264x300.png 264w, https:\/\/blogin.al\/wp-content\/uploads\/2022\/09\/marina1-150x171.png 150w, https:\/\/blogin.al\/wp-content\/uploads\/2022\/09\/marina1-300x341.png 300w\" sizes=\"(max-width: 612px) 100vw, 612px\" \/><\/figure>\n\n\n\n<p>Pak dit\u00eb m\u00eb par\u00eb Marina ndau dhe nj\u00eb poz\u00eb t\u00eb \u00ebmb\u00ebl me t\u00eb bij\u00ebn, e cila po kalon pushimet e para s\u00eb bashku me prind\u00ebrit e saj.<\/p>\n\n\n\n<figure class=\"wp-block-image size-full is-style-default\"><img decoding=\"async\" width=\"644\" height=\"567\" src=\"https:\/\/blogin.al\/wp-content\/uploads\/2022\/09\/marina.png\" alt=\"\" class=\"wp-image-13804\" srcset=\"https:\/\/blogin.al\/wp-content\/uploads\/2022\/09\/marina.png 644w, https:\/\/blogin.al\/wp-content\/uploads\/2022\/09\/marina-300x264.png 300w, https:\/\/blogin.al\/wp-content\/uploads\/2022\/09\/marina-150x132.png 150w\" sizes=\"(max-width: 644px) 100vw, 644px\" \/><\/figure>\n\n\n\n<figure class=\"wp-block-image size-full is-style-default\"><img decoding=\"async\" width=\"643\" height=\"719\" src=\"https:\/\/blogin.al\/wp-content\/uploads\/2022\/09\/getoar-selimi-post.png\" alt=\"\" class=\"wp-image-13805\" srcset=\"https:\/\/blogin.al\/wp-content\/uploads\/2022\/09\/getoar-selimi-post.png 643w, https:\/\/blogin.al\/wp-content\/uploads\/2022\/09\/getoar-selimi-post-268x300.png 268w, https:\/\/blogin.al\/wp-content\/uploads\/2022\/09\/getoar-selimi-post-150x168.png 150w, https:\/\/blogin.al\/wp-content\/uploads\/2022\/09\/getoar-selimi-post-300x335.png 300w\" sizes=\"(max-width: 643px) 100vw, 643px\" \/><\/figure>\n","protected":false},"excerpt":{"rendered":"<p>Marina Vjollca dhe Getoar Selimi jan\u00eb nj\u00eb nga \u00e7iftet m\u00eb t\u00eb dashur p\u00ebr publikun. Ata jan\u00eb prind\u00ebr prej gati nj\u00eb viti t\u00eb nj\u00eb vajze t\u00eb quajtur Margaret. \u00c7ifti po shijon pushimet e tyre n\u00eb viset tropikale dhe nuk kan\u00eb hezituar t\u00eb ndajn\u00eb me ndjek\u00ebsit disa foto e video nga k\u00ebto momente relaksi p\u00ebr ta. Pak [&hellip;]<\/p>\n","protected":false},"author":2,"featured_media":13806,"comment_status":"open","ping_status":"open","sticky":false,"template":"","format":"standard","meta":{"footnotes":""},"categories":[33],"tags":[],"class_list":{"0":"post-13802","1":"post","2":"type-post","3":"status-publish","4":"format-standard","5":"has-post-thumbnail","7":"category-showbiz"},"yoast_head":"<!-- This site is optimized with the Yoast SEO plugin v27.5 - https:\/\/yoast.com\/product\/yoast-seo-wordpress\/ -->\n<title>Marina Vjollca dhe Getoar Selimi ndajn\u00eb momentet magjike nga pushimet tropikale - blogin.al<\/title>\n<meta name=\"robots\" content=\"index, follow, max-snippet:-1, max-image-preview:large, max-video-preview:-1\" \/>\n<link rel=\"canonical\" href=\"https:\/\/blogin.al\/?p=13802\" \/>\n<meta property=\"og:locale\" content=\"en_US\" \/>\n<meta property=\"og:type\" content=\"article\" \/>\n<meta property=\"og:title\" content=\"Marina Vjollca dhe Getoar Selimi ndajn\u00eb momentet magjike nga pushimet tropikale - blogin.al\" \/>\n<meta property=\"og:description\" content=\"Marina Vjollca dhe Getoar Selimi jan\u00eb nj\u00eb nga \u00e7iftet m\u00eb t\u00eb dashur p\u00ebr publikun. Ata jan\u00eb prind\u00ebr prej gati nj\u00eb viti t\u00eb nj\u00eb vajze t\u00eb quajtur Margaret. \u00c7ifti po shijon pushimet e tyre n\u00eb viset tropikale dhe nuk kan\u00eb hezituar t\u00eb ndajn\u00eb me ndjek\u00ebsit disa foto e video nga k\u00ebto momente relaksi p\u00ebr ta. Pak [&hellip;]\" \/>\n<meta property=\"og:url\" content=\"https:\/\/blogin.al\/?p=13802\" \/>\n<meta property=\"og:site_name\" content=\"blogin.al\" \/>\n<meta property=\"article:published_time\" content=\"2022-09-04T13:34:14+00:00\" \/>\n<meta property=\"article:modified_time\" content=\"2022-09-04T13:34:15+00:00\" \/>\n<meta property=\"og:image\" content=\"https:\/\/blogin.al\/wp-content\/uploads\/2022\/09\/marina-vjollca-getoar-selimi1614542485.jpg\" \/>\n\t<meta property=\"og:image:width\" content=\"850\" \/>\n\t<meta property=\"og:image:height\" content=\"1065\" \/>\n\t<meta property=\"og:image:type\" content=\"image\/jpeg\" \/>\n<meta name=\"author\" content=\"Blogin al\" \/>\n<meta name=\"twitter:card\" content=\"summary_large_image\" \/>\n<meta name=\"twitter:label1\" content=\"Written by\" \/>\n\t<meta name=\"twitter:data1\" content=\"Blogin al\" \/>\n\t<meta name=\"twitter:label2\" content=\"Est. reading time\" \/>\n\t<meta name=\"twitter:data2\" content=\"2 minutes\" \/>\n<script type=\"application\/ld+json\" class=\"yoast-schema-graph\">{\"@context\":\"https:\\\/\\\/schema.org\",\"@graph\":[{\"@type\":\"Article\",\"@id\":\"https:\\\/\\\/blogin.al\\\/?p=13802#article\",\"isPartOf\":{\"@id\":\"https:\\\/\\\/blogin.al\\\/?p=13802\"},\"author\":{\"name\":\"Blogin al\",\"@id\":\"https:\\\/\\\/blogin.al\\\/#\\\/schema\\\/person\\\/abdd56bc912cd511db877b852b115399\"},\"headline\":\"Marina Vjollca dhe Getoar Selimi ndajn\u00eb momentet magjike nga pushimet tropikale\",\"datePublished\":\"2022-09-04T13:34:14+00:00\",\"dateModified\":\"2022-09-04T13:34:15+00:00\",\"mainEntityOfPage\":{\"@id\":\"https:\\\/\\\/blogin.al\\\/?p=13802\"},\"wordCount\":100,\"commentCount\":0,\"publisher\":{\"@id\":\"https:\\\/\\\/blogin.al\\\/#organization\"},\"image\":{\"@id\":\"https:\\\/\\\/blogin.al\\\/?p=13802#primaryimage\"},\"thumbnailUrl\":\"https:\\\/\\\/blogin.al\\\/wp-content\\\/uploads\\\/2022\\\/09\\\/marina-vjollca-getoar-selimi1614542485.jpg\",\"articleSection\":[\"SHOWBIZ\"],\"inLanguage\":\"en-US\",\"potentialAction\":[{\"@type\":\"CommentAction\",\"name\":\"Comment\",\"target\":[\"https:\\\/\\\/blogin.al\\\/?p=13802#respond\"]}]},{\"@type\":\"WebPage\",\"@id\":\"https:\\\/\\\/blogin.al\\\/?p=13802\",\"url\":\"https:\\\/\\\/blogin.al\\\/?p=13802\",\"name\":\"Marina Vjollca dhe Getoar Selimi ndajn\u00eb momentet magjike nga pushimet tropikale - blogin.al\",\"isPartOf\":{\"@id\":\"https:\\\/\\\/blogin.al\\\/#website\"},\"primaryImageOfPage\":{\"@id\":\"https:\\\/\\\/blogin.al\\\/?p=13802#primaryimage\"},\"image\":{\"@id\":\"https:\\\/\\\/blogin.al\\\/?p=13802#primaryimage\"},\"thumbnailUrl\":\"https:\\\/\\\/blogin.al\\\/wp-content\\\/uploads\\\/2022\\\/09\\\/marina-vjollca-getoar-selimi1614542485.jpg\",\"datePublished\":\"2022-09-04T13:34:14+00:00\",\"dateModified\":\"2022-09-04T13:34:15+00:00\",\"breadcrumb\":{\"@id\":\"https:\\\/\\\/blogin.al\\\/?p=13802#breadcrumb\"},\"inLanguage\":\"en-US\",\"potentialAction\":[{\"@type\":\"ReadAction\",\"target\":[\"https:\\\/\\\/blogin.al\\\/?p=13802\"]}]},{\"@type\":\"ImageObject\",\"inLanguage\":\"en-US\",\"@id\":\"https:\\\/\\\/blogin.al\\\/?p=13802#primaryimage\",\"url\":\"https:\\\/\\\/blogin.al\\\/wp-content\\\/uploads\\\/2022\\\/09\\\/marina-vjollca-getoar-selimi1614542485.jpg\",\"contentUrl\":\"https:\\\/\\\/blogin.al\\\/wp-content\\\/uploads\\\/2022\\\/09\\\/marina-vjollca-getoar-selimi1614542485.jpg\",\"width\":850,\"height\":1065},{\"@type\":\"BreadcrumbList\",\"@id\":\"https:\\\/\\\/blogin.al\\\/?p=13802#breadcrumb\",\"itemListElement\":[{\"@type\":\"ListItem\",\"position\":1,\"name\":\"Home\",\"item\":\"https:\\\/\\\/blogin.al\\\/\"},{\"@type\":\"ListItem\",\"position\":2,\"name\":\"Marina Vjollca dhe Getoar Selimi ndajn\u00eb momentet magjike nga pushimet tropikale\"}]},{\"@type\":\"WebSite\",\"@id\":\"https:\\\/\\\/blogin.al\\\/#website\",\"url\":\"https:\\\/\\\/blogin.al\\\/\",\"name\":\"blogin.al\",\"description\":\"\",\"publisher\":{\"@id\":\"https:\\\/\\\/blogin.al\\\/#organization\"},\"potentialAction\":[{\"@type\":\"SearchAction\",\"target\":{\"@type\":\"EntryPoint\",\"urlTemplate\":\"https:\\\/\\\/blogin.al\\\/?s={search_term_string}\"},\"query-input\":{\"@type\":\"PropertyValueSpecification\",\"valueRequired\":true,\"valueName\":\"search_term_string\"}}],\"inLanguage\":\"en-US\"},{\"@type\":\"Organization\",\"@id\":\"https:\\\/\\\/blogin.al\\\/#organization\",\"name\":\"BLOGIN.al\",\"url\":\"https:\\\/\\\/blogin.al\\\/\",\"logo\":{\"@type\":\"ImageObject\",\"inLanguage\":\"en-US\",\"@id\":\"https:\\\/\\\/blogin.al\\\/#\\\/schema\\\/logo\\\/image\\\/\",\"url\":\"https:\\\/\\\/blogin.al\\\/wp-content\\\/uploads\\\/2022\\\/05\\\/Untitled-2-01-e1652084456514.png\",\"contentUrl\":\"https:\\\/\\\/blogin.al\\\/wp-content\\\/uploads\\\/2022\\\/05\\\/Untitled-2-01-e1652084456514.png\",\"width\":3723,\"height\":1698,\"caption\":\"BLOGIN.al\"},\"image\":{\"@id\":\"https:\\\/\\\/blogin.al\\\/#\\\/schema\\\/logo\\\/image\\\/\"},\"sameAs\":[\"https:\\\/\\\/instagram.com\\\/blogin.al\\\/\"]},{\"@type\":\"Person\",\"@id\":\"https:\\\/\\\/blogin.al\\\/#\\\/schema\\\/person\\\/abdd56bc912cd511db877b852b115399\",\"name\":\"Blogin al\",\"image\":{\"@type\":\"ImageObject\",\"inLanguage\":\"en-US\",\"@id\":\"https:\\\/\\\/secure.gravatar.com\\\/avatar\\\/60d5661aee6e835fb13dc75d2204cd0c1d61bef2efd137c0083e59ef831e235e?s=96&d=mm&r=g\",\"url\":\"https:\\\/\\\/secure.gravatar.com\\\/avatar\\\/60d5661aee6e835fb13dc75d2204cd0c1d61bef2efd137c0083e59ef831e235e?s=96&d=mm&r=g\",\"contentUrl\":\"https:\\\/\\\/secure.gravatar.com\\\/avatar\\\/60d5661aee6e835fb13dc75d2204cd0c1d61bef2efd137c0083e59ef831e235e?s=96&d=mm&r=g\",\"caption\":\"Blogin al\"},\"sameAs\":[\"https:\\\/\\\/blogin.al\"],\"url\":\"https:\\\/\\\/blogin.al\\\/?author=2\"}]}<\/script>\n<!-- \/ Yoast SEO plugin. -->","yoast_head_json":{"title":"Marina Vjollca dhe Getoar Selimi ndajn\u00eb momentet magjike nga pushimet tropikale - blogin.al","robots":{"index":"index","follow":"follow","max-snippet":"max-snippet:-1","max-image-preview":"max-image-preview:large","max-video-preview":"max-video-preview:-1"},"canonical":"https:\/\/blogin.al\/?p=13802","og_locale":"en_US","og_type":"article","og_title":"Marina Vjollca dhe Getoar Selimi ndajn\u00eb momentet magjike nga pushimet tropikale - blogin.al","og_description":"Marina Vjollca dhe Getoar Selimi jan\u00eb nj\u00eb nga \u00e7iftet m\u00eb t\u00eb dashur p\u00ebr publikun. Ata jan\u00eb prind\u00ebr prej gati nj\u00eb viti t\u00eb nj\u00eb vajze t\u00eb quajtur Margaret. \u00c7ifti po shijon pushimet e tyre n\u00eb viset tropikale dhe nuk kan\u00eb hezituar t\u00eb ndajn\u00eb me ndjek\u00ebsit disa foto e video nga k\u00ebto momente relaksi p\u00ebr ta. Pak [&hellip;]","og_url":"https:\/\/blogin.al\/?p=13802","og_site_name":"blogin.al","article_published_time":"2022-09-04T13:34:14+00:00","article_modified_time":"2022-09-04T13:34:15+00:00","og_image":[{"width":850,"height":1065,"url":"https:\/\/blogin.al\/wp-content\/uploads\/2022\/09\/marina-vjollca-getoar-selimi1614542485.jpg","type":"image\/jpeg"}],"author":"Blogin al","twitter_card":"summary_large_image","twitter_misc":{"Written by":"Blogin al","Est. reading time":"2 minutes"},"schema":{"@context":"https:\/\/schema.org","@graph":[{"@type":"Article","@id":"https:\/\/blogin.al\/?p=13802#article","isPartOf":{"@id":"https:\/\/blogin.al\/?p=13802"},"author":{"name":"Blogin al","@id":"https:\/\/blogin.al\/#\/schema\/person\/abdd56bc912cd511db877b852b115399"},"headline":"Marina Vjollca dhe Getoar Selimi ndajn\u00eb momentet magjike nga pushimet tropikale","datePublished":"2022-09-04T13:34:14+00:00","dateModified":"2022-09-04T13:34:15+00:00","mainEntityOfPage":{"@id":"https:\/\/blogin.al\/?p=13802"},"wordCount":100,"commentCount":0,"publisher":{"@id":"https:\/\/blogin.al\/#organization"},"image":{"@id":"https:\/\/blogin.al\/?p=13802#primaryimage"},"thumbnailUrl":"https:\/\/blogin.al\/wp-content\/uploads\/2022\/09\/marina-vjollca-getoar-selimi1614542485.jpg","articleSection":["SHOWBIZ"],"inLanguage":"en-US","potentialAction":[{"@type":"CommentAction","name":"Comment","target":["https:\/\/blogin.al\/?p=13802#respond"]}]},{"@type":"WebPage","@id":"https:\/\/blogin.al\/?p=13802","url":"https:\/\/blogin.al\/?p=13802","name":"Marina Vjollca dhe Getoar Selimi ndajn\u00eb momentet magjike nga pushimet tropikale - blogin.al","isPartOf":{"@id":"https:\/\/blogin.al\/#website"},"primaryImageOfPage":{"@id":"https:\/\/blogin.al\/?p=13802#primaryimage"},"image":{"@id":"https:\/\/blogin.al\/?p=13802#primaryimage"},"thumbnailUrl":"https:\/\/blogin.al\/wp-content\/uploads\/2022\/09\/marina-vjollca-getoar-selimi1614542485.jpg","datePublished":"2022-09-04T13:34:14+00:00","dateModified":"2022-09-04T13:34:15+00:00","breadcrumb":{"@id":"https:\/\/blogin.al\/?p=13802#breadcrumb"},"inLanguage":"en-US","potentialAction":[{"@type":"ReadAction","target":["https:\/\/blogin.al\/?p=13802"]}]},{"@type":"ImageObject","inLanguage":"en-US","@id":"https:\/\/blogin.al\/?p=13802#primaryimage","url":"https:\/\/blogin.al\/wp-content\/uploads\/2022\/09\/marina-vjollca-getoar-selimi1614542485.jpg","contentUrl":"https:\/\/blogin.al\/wp-content\/uploads\/2022\/09\/marina-vjollca-getoar-selimi1614542485.jpg","width":850,"height":1065},{"@type":"BreadcrumbList","@id":"https:\/\/blogin.al\/?p=13802#breadcrumb","itemListElement":[{"@type":"ListItem","position":1,"name":"Home","item":"https:\/\/blogin.al\/"},{"@type":"ListItem","position":2,"name":"Marina Vjollca dhe Getoar Selimi ndajn\u00eb momentet magjike nga pushimet tropikale"}]},{"@type":"WebSite","@id":"https:\/\/blogin.al\/#website","url":"https:\/\/blogin.al\/","name":"blogin.al","description":"","publisher":{"@id":"https:\/\/blogin.al\/#organization"},"potentialAction":[{"@type":"SearchAction","target":{"@type":"EntryPoint","urlTemplate":"https:\/\/blogin.al\/?s={search_term_string}"},"query-input":{"@type":"PropertyValueSpecification","valueRequired":true,"valueName":"search_term_string"}}],"inLanguage":"en-US"},{"@type":"Organization","@id":"https:\/\/blogin.al\/#organization","name":"BLOGIN.al","url":"https:\/\/blogin.al\/","logo":{"@type":"ImageObject","inLanguage":"en-US","@id":"https:\/\/blogin.al\/#\/schema\/logo\/image\/","url":"https:\/\/blogin.al\/wp-content\/uploads\/2022\/05\/Untitled-2-01-e1652084456514.png","contentUrl":"https:\/\/blogin.al\/wp-content\/uploads\/2022\/05\/Untitled-2-01-e1652084456514.png","width":3723,"height":1698,"caption":"BLOGIN.al"},"image":{"@id":"https:\/\/blogin.al\/#\/schema\/logo\/image\/"},"sameAs":["https:\/\/instagram.com\/blogin.al\/"]},{"@type":"Person","@id":"https:\/\/blogin.al\/#\/schema\/person\/abdd56bc912cd511db877b852b115399","name":"Blogin al","image":{"@type":"ImageObject","inLanguage":"en-US","@id":"https:\/\/secure.gravatar.com\/avatar\/60d5661aee6e835fb13dc75d2204cd0c1d61bef2efd137c0083e59ef831e235e?s=96&d=mm&r=g","url":"https:\/\/secure.gravatar.com\/avatar\/60d5661aee6e835fb13dc75d2204cd0c1d61bef2efd137c0083e59ef831e235e?s=96&d=mm&r=g","contentUrl":"https:\/\/secure.gravatar.com\/avatar\/60d5661aee6e835fb13dc75d2204cd0c1d61bef2efd137c0083e59ef831e235e?s=96&d=mm&r=g","caption":"Blogin al"},"sameAs":["https:\/\/blogin.al"],"url":"https:\/\/blogin.al\/?author=2"}]}},"_links":{"self":[{"href":"https:\/\/blogin.al\/index.php?rest_route=\/wp\/v2\/posts\/13802","targetHints":{"allow":["GET"]}}],"collection":[{"href":"https:\/\/blogin.al\/index.php?rest_route=\/wp\/v2\/posts"}],"about":[{"href":"https:\/\/blogin.al\/index.php?rest_route=\/wp\/v2\/types\/post"}],"author":[{"embeddable":true,"href":"https:\/\/blogin.al\/index.php?rest_route=\/wp\/v2\/users\/2"}],"replies":[{"embeddable":true,"href":"https:\/\/blogin.al\/index.php?rest_route=%2Fwp%2Fv2%2Fcomments&post=13802"}],"version-history":[{"count":1,"href":"https:\/\/blogin.al\/index.php?rest_route=\/wp\/v2\/posts\/13802\/revisions"}],"predecessor-version":[{"id":13807,"href":"https:\/\/blogin.al\/index.php?rest_route=\/wp\/v2\/posts\/13802\/revisions\/13807"}],"wp:featuredmedia":[{"embeddable":true,"href":"https:\/\/blogin.al\/index.php?rest_route=\/wp\/v2\/media\/13806"}],"wp:attachment":[{"href":"https:\/\/blogin.al\/index.php?rest_route=%2Fwp%2Fv2%2Fmedia&parent=13802"}],"wp:term":[{"taxonomy":"category","embeddable":true,"href":"https:\/\/blogin.al\/index.php?rest_route=%2Fwp%2Fv2%2Fcategories&post=13802"},{"taxonomy":"post_tag","embeddable":true,"href":"https:\/\/blogin.al\/index.php?rest_route=%2Fwp%2Fv2%2Ftags&post=13802"}],"curies":[{"name":"wp","href":"https:\/\/api.w.org\/{rel}","templated":true}]}}