{"id":13828,"date":"2022-09-04T17:54:06","date_gmt":"2022-09-04T17:54:06","guid":{"rendered":"https:\/\/blogin.al\/?p=13828"},"modified":"2022-09-04T17:59:32","modified_gmt":"2022-09-04T17:59:32","slug":"me-ne-fund-mesohet-gjinia-e-bebit-qe-po-presin-einxhel-dhe-dagz-zbulohet-momenti-emocionues-i-konfirmimit-nga-festa-perrallore","status":"publish","type":"post","link":"https:\/\/blogin.al\/?p=13828","title":{"rendered":"M\u00eb n\u00eb fund m\u00ebsohet gjinia e bebit q\u00eb po presin Einxhel dhe Dagz, zbulohet momenti emocionues i konfirmimit nga festa p\u00ebrrallore"},"content":{"rendered":"\n<p>Einxhel Shkira dhe Dj Dagz kan\u00eb mbledhur familjar\u00ebt dhe miqt\u00eb n\u00eb nj\u00eb fest\u00eb p\u00ebrrallore zbuluan gjinin\u00eb e bebit q\u00eb po presin.<\/p>\n\n\n\n<p>Megjith\u00ebse festa \u00ebsht\u00eb shum\u00eb private disa pamje nga vendi n\u00eb Tiran\u00eb ku po mbahet baby shower na zbulojn\u00eb se \u00e7ifti po presin nj\u00eb djal\u00eb.<\/p>\n\n\n\n<figure class=\"wp-block-image size-large is-style-default\"><img fetchpriority=\"high\" decoding=\"async\" width=\"1024\" height=\"1024\" src=\"https:\/\/blogin.al\/wp-content\/uploads\/2022\/09\/EINXHELL-1024x1024.jpeg\" alt=\"\" class=\"wp-image-13829\" srcset=\"https:\/\/blogin.al\/wp-content\/uploads\/2022\/09\/EINXHELL-1024x1024.jpeg 1024w, https:\/\/blogin.al\/wp-content\/uploads\/2022\/09\/EINXHELL-300x300.jpeg 300w, https:\/\/blogin.al\/wp-content\/uploads\/2022\/09\/EINXHELL-150x150.jpeg 150w, https:\/\/blogin.al\/wp-content\/uploads\/2022\/09\/EINXHELL-768x768.jpeg 768w, https:\/\/blogin.al\/wp-content\/uploads\/2022\/09\/EINXHELL-1536x1536.jpeg 1536w, https:\/\/blogin.al\/wp-content\/uploads\/2022\/09\/EINXHELL-696x696.jpeg 696w, https:\/\/blogin.al\/wp-content\/uploads\/2022\/09\/EINXHELL-1068x1068.jpeg 1068w, https:\/\/blogin.al\/wp-content\/uploads\/2022\/09\/EINXHELL.jpeg 1920w\" sizes=\"(max-width: 1024px) 100vw, 1024px\" \/><\/figure>\n\n\n\n<p>Nj\u00eb nga t\u00eb pranishmit e ka zbuluar momentin e konfirmimit t\u00eb gjinis\u00eb.<\/p>\n\n\n\n<p>M\u00eb pas ka q\u00ebn\u00eb vet Einxhell qe ka postuar n\u00eb instastory lajmin.<\/p>\n\n\n\n<figure class=\"wp-block-image size-large\"><img decoding=\"async\" width=\"498\" height=\"1024\" src=\"https:\/\/blogin.al\/wp-content\/uploads\/2022\/09\/Screenshot_20220904-195725_Instagram-498x1024.jpg\" alt=\"\" class=\"wp-image-13832\" srcset=\"https:\/\/blogin.al\/wp-content\/uploads\/2022\/09\/Screenshot_20220904-195725_Instagram-498x1024.jpg 498w, https:\/\/blogin.al\/wp-content\/uploads\/2022\/09\/Screenshot_20220904-195725_Instagram-146x300.jpg 146w, https:\/\/blogin.al\/wp-content\/uploads\/2022\/09\/Screenshot_20220904-195725_Instagram-768x1579.jpg 768w, https:\/\/blogin.al\/wp-content\/uploads\/2022\/09\/Screenshot_20220904-195725_Instagram-747x1536.jpg 747w, https:\/\/blogin.al\/wp-content\/uploads\/2022\/09\/Screenshot_20220904-195725_Instagram-996x2048.jpg 996w, https:\/\/blogin.al\/wp-content\/uploads\/2022\/09\/Screenshot_20220904-195725_Instagram-150x308.jpg 150w, https:\/\/blogin.al\/wp-content\/uploads\/2022\/09\/Screenshot_20220904-195725_Instagram-300x617.jpg 300w, https:\/\/blogin.al\/wp-content\/uploads\/2022\/09\/Screenshot_20220904-195725_Instagram-696x1431.jpg 696w, https:\/\/blogin.al\/wp-content\/uploads\/2022\/09\/Screenshot_20220904-195725_Instagram-1068x2195.jpg 1068w, https:\/\/blogin.al\/wp-content\/uploads\/2022\/09\/Screenshot_20220904-195725_Instagram-scaled.jpg 1245w\" sizes=\"(max-width: 498px) 100vw, 498px\" \/><\/figure>\n","protected":false},"excerpt":{"rendered":"<p>Einxhel Shkira dhe Dj Dagz kan\u00eb mbledhur familjar\u00ebt dhe miqt\u00eb n\u00eb nj\u00eb fest\u00eb p\u00ebrrallore zbuluan gjinin\u00eb e bebit q\u00eb po presin. Megjith\u00ebse festa \u00ebsht\u00eb shum\u00eb private disa pamje nga vendi n\u00eb Tiran\u00eb ku po mbahet baby shower na zbulojn\u00eb se \u00e7ifti po presin nj\u00eb djal\u00eb. Nj\u00eb nga t\u00eb pranishmit e ka zbuluar momentin e konfirmimit [&hellip;]<\/p>\n","protected":false},"author":2,"featured_media":13831,"comment_status":"open","ping_status":"open","sticky":false,"template":"","format":"standard","meta":{"footnotes":""},"categories":[33],"tags":[],"class_list":{"0":"post-13828","1":"post","2":"type-post","3":"status-publish","4":"format-standard","5":"has-post-thumbnail","7":"category-showbiz"},"yoast_head":"<!-- This site is optimized with the Yoast SEO plugin v27.5 - https:\/\/yoast.com\/product\/yoast-seo-wordpress\/ -->\n<title>M\u00eb n\u00eb fund m\u00ebsohet gjinia e bebit q\u00eb po presin Einxhel dhe Dagz, zbulohet momenti emocionues i konfirmimit nga festa p\u00ebrrallore - blogin.al<\/title>\n<meta name=\"robots\" content=\"index, follow, max-snippet:-1, max-image-preview:large, max-video-preview:-1\" \/>\n<link rel=\"canonical\" href=\"https:\/\/blogin.al\/?p=13828\" \/>\n<meta property=\"og:locale\" content=\"en_US\" \/>\n<meta property=\"og:type\" content=\"article\" \/>\n<meta property=\"og:title\" content=\"M\u00eb n\u00eb fund m\u00ebsohet gjinia e bebit q\u00eb po presin Einxhel dhe Dagz, zbulohet momenti emocionues i konfirmimit nga festa p\u00ebrrallore - blogin.al\" \/>\n<meta property=\"og:description\" content=\"Einxhel Shkira dhe Dj Dagz kan\u00eb mbledhur familjar\u00ebt dhe miqt\u00eb n\u00eb nj\u00eb fest\u00eb p\u00ebrrallore zbuluan gjinin\u00eb e bebit q\u00eb po presin. Megjith\u00ebse festa \u00ebsht\u00eb shum\u00eb private disa pamje nga vendi n\u00eb Tiran\u00eb ku po mbahet baby shower na zbulojn\u00eb se \u00e7ifti po presin nj\u00eb djal\u00eb. Nj\u00eb nga t\u00eb pranishmit e ka zbuluar momentin e konfirmimit [&hellip;]\" \/>\n<meta property=\"og:url\" content=\"https:\/\/blogin.al\/?p=13828\" \/>\n<meta property=\"og:site_name\" content=\"blogin.al\" \/>\n<meta property=\"article:published_time\" content=\"2022-09-04T17:54:06+00:00\" \/>\n<meta property=\"article:modified_time\" content=\"2022-09-04T17:59:32+00:00\" \/>\n<meta property=\"og:image\" content=\"https:\/\/blogin.al\/wp-content\/uploads\/2022\/09\/IMG_20220904_190217_940.jpg\" \/>\n\t<meta property=\"og:image:width\" content=\"1080\" \/>\n\t<meta property=\"og:image:height\" content=\"1080\" \/>\n\t<meta property=\"og:image:type\" content=\"image\/jpeg\" \/>\n<meta name=\"author\" content=\"Blogin al\" \/>\n<meta name=\"twitter:card\" content=\"summary_large_image\" \/>\n<meta name=\"twitter:label1\" content=\"Written by\" \/>\n\t<meta name=\"twitter:data1\" content=\"Blogin al\" \/>\n\t<meta name=\"twitter:label2\" content=\"Est. reading time\" \/>\n\t<meta name=\"twitter:data2\" content=\"1 minute\" \/>\n<script type=\"application\/ld+json\" class=\"yoast-schema-graph\">{\"@context\":\"https:\\\/\\\/schema.org\",\"@graph\":[{\"@type\":\"Article\",\"@id\":\"https:\\\/\\\/blogin.al\\\/?p=13828#article\",\"isPartOf\":{\"@id\":\"https:\\\/\\\/blogin.al\\\/?p=13828\"},\"author\":{\"name\":\"Blogin al\",\"@id\":\"https:\\\/\\\/blogin.al\\\/#\\\/schema\\\/person\\\/abdd56bc912cd511db877b852b115399\"},\"headline\":\"M\u00eb n\u00eb fund m\u00ebsohet gjinia e bebit q\u00eb po presin Einxhel dhe Dagz, zbulohet momenti emocionues i konfirmimit nga festa p\u00ebrrallore\",\"datePublished\":\"2022-09-04T17:54:06+00:00\",\"dateModified\":\"2022-09-04T17:59:32+00:00\",\"mainEntityOfPage\":{\"@id\":\"https:\\\/\\\/blogin.al\\\/?p=13828\"},\"wordCount\":96,\"commentCount\":0,\"publisher\":{\"@id\":\"https:\\\/\\\/blogin.al\\\/#organization\"},\"image\":{\"@id\":\"https:\\\/\\\/blogin.al\\\/?p=13828#primaryimage\"},\"thumbnailUrl\":\"https:\\\/\\\/blogin.al\\\/wp-content\\\/uploads\\\/2022\\\/09\\\/IMG_20220904_190217_940.jpg\",\"articleSection\":[\"SHOWBIZ\"],\"inLanguage\":\"en-US\",\"potentialAction\":[{\"@type\":\"CommentAction\",\"name\":\"Comment\",\"target\":[\"https:\\\/\\\/blogin.al\\\/?p=13828#respond\"]}]},{\"@type\":\"WebPage\",\"@id\":\"https:\\\/\\\/blogin.al\\\/?p=13828\",\"url\":\"https:\\\/\\\/blogin.al\\\/?p=13828\",\"name\":\"M\u00eb n\u00eb fund m\u00ebsohet gjinia e bebit q\u00eb po presin Einxhel dhe Dagz, zbulohet momenti emocionues i konfirmimit nga festa p\u00ebrrallore - blogin.al\",\"isPartOf\":{\"@id\":\"https:\\\/\\\/blogin.al\\\/#website\"},\"primaryImageOfPage\":{\"@id\":\"https:\\\/\\\/blogin.al\\\/?p=13828#primaryimage\"},\"image\":{\"@id\":\"https:\\\/\\\/blogin.al\\\/?p=13828#primaryimage\"},\"thumbnailUrl\":\"https:\\\/\\\/blogin.al\\\/wp-content\\\/uploads\\\/2022\\\/09\\\/IMG_20220904_190217_940.jpg\",\"datePublished\":\"2022-09-04T17:54:06+00:00\",\"dateModified\":\"2022-09-04T17:59:32+00:00\",\"breadcrumb\":{\"@id\":\"https:\\\/\\\/blogin.al\\\/?p=13828#breadcrumb\"},\"inLanguage\":\"en-US\",\"potentialAction\":[{\"@type\":\"ReadAction\",\"target\":[\"https:\\\/\\\/blogin.al\\\/?p=13828\"]}]},{\"@type\":\"ImageObject\",\"inLanguage\":\"en-US\",\"@id\":\"https:\\\/\\\/blogin.al\\\/?p=13828#primaryimage\",\"url\":\"https:\\\/\\\/blogin.al\\\/wp-content\\\/uploads\\\/2022\\\/09\\\/IMG_20220904_190217_940.jpg\",\"contentUrl\":\"https:\\\/\\\/blogin.al\\\/wp-content\\\/uploads\\\/2022\\\/09\\\/IMG_20220904_190217_940.jpg\",\"width\":1080,\"height\":1080},{\"@type\":\"BreadcrumbList\",\"@id\":\"https:\\\/\\\/blogin.al\\\/?p=13828#breadcrumb\",\"itemListElement\":[{\"@type\":\"ListItem\",\"position\":1,\"name\":\"Home\",\"item\":\"https:\\\/\\\/blogin.al\\\/\"},{\"@type\":\"ListItem\",\"position\":2,\"name\":\"M\u00eb n\u00eb fund m\u00ebsohet gjinia e bebit q\u00eb po presin Einxhel dhe Dagz, zbulohet momenti emocionues i konfirmimit nga festa p\u00ebrrallore\"}]},{\"@type\":\"WebSite\",\"@id\":\"https:\\\/\\\/blogin.al\\\/#website\",\"url\":\"https:\\\/\\\/blogin.al\\\/\",\"name\":\"blogin.al\",\"description\":\"\",\"publisher\":{\"@id\":\"https:\\\/\\\/blogin.al\\\/#organization\"},\"potentialAction\":[{\"@type\":\"SearchAction\",\"target\":{\"@type\":\"EntryPoint\",\"urlTemplate\":\"https:\\\/\\\/blogin.al\\\/?s={search_term_string}\"},\"query-input\":{\"@type\":\"PropertyValueSpecification\",\"valueRequired\":true,\"valueName\":\"search_term_string\"}}],\"inLanguage\":\"en-US\"},{\"@type\":\"Organization\",\"@id\":\"https:\\\/\\\/blogin.al\\\/#organization\",\"name\":\"BLOGIN.al\",\"url\":\"https:\\\/\\\/blogin.al\\\/\",\"logo\":{\"@type\":\"ImageObject\",\"inLanguage\":\"en-US\",\"@id\":\"https:\\\/\\\/blogin.al\\\/#\\\/schema\\\/logo\\\/image\\\/\",\"url\":\"https:\\\/\\\/blogin.al\\\/wp-content\\\/uploads\\\/2022\\\/05\\\/Untitled-2-01-e1652084456514.png\",\"contentUrl\":\"https:\\\/\\\/blogin.al\\\/wp-content\\\/uploads\\\/2022\\\/05\\\/Untitled-2-01-e1652084456514.png\",\"width\":3723,\"height\":1698,\"caption\":\"BLOGIN.al\"},\"image\":{\"@id\":\"https:\\\/\\\/blogin.al\\\/#\\\/schema\\\/logo\\\/image\\\/\"},\"sameAs\":[\"https:\\\/\\\/instagram.com\\\/blogin.al\\\/\"]},{\"@type\":\"Person\",\"@id\":\"https:\\\/\\\/blogin.al\\\/#\\\/schema\\\/person\\\/abdd56bc912cd511db877b852b115399\",\"name\":\"Blogin al\",\"image\":{\"@type\":\"ImageObject\",\"inLanguage\":\"en-US\",\"@id\":\"https:\\\/\\\/secure.gravatar.com\\\/avatar\\\/60d5661aee6e835fb13dc75d2204cd0c1d61bef2efd137c0083e59ef831e235e?s=96&d=mm&r=g\",\"url\":\"https:\\\/\\\/secure.gravatar.com\\\/avatar\\\/60d5661aee6e835fb13dc75d2204cd0c1d61bef2efd137c0083e59ef831e235e?s=96&d=mm&r=g\",\"contentUrl\":\"https:\\\/\\\/secure.gravatar.com\\\/avatar\\\/60d5661aee6e835fb13dc75d2204cd0c1d61bef2efd137c0083e59ef831e235e?s=96&d=mm&r=g\",\"caption\":\"Blogin al\"},\"sameAs\":[\"https:\\\/\\\/blogin.al\"],\"url\":\"https:\\\/\\\/blogin.al\\\/?author=2\"}]}<\/script>\n<!-- \/ Yoast SEO plugin. -->","yoast_head_json":{"title":"M\u00eb n\u00eb fund m\u00ebsohet gjinia e bebit q\u00eb po presin Einxhel dhe Dagz, zbulohet momenti emocionues i konfirmimit nga festa p\u00ebrrallore - blogin.al","robots":{"index":"index","follow":"follow","max-snippet":"max-snippet:-1","max-image-preview":"max-image-preview:large","max-video-preview":"max-video-preview:-1"},"canonical":"https:\/\/blogin.al\/?p=13828","og_locale":"en_US","og_type":"article","og_title":"M\u00eb n\u00eb fund m\u00ebsohet gjinia e bebit q\u00eb po presin Einxhel dhe Dagz, zbulohet momenti emocionues i konfirmimit nga festa p\u00ebrrallore - blogin.al","og_description":"Einxhel Shkira dhe Dj Dagz kan\u00eb mbledhur familjar\u00ebt dhe miqt\u00eb n\u00eb nj\u00eb fest\u00eb p\u00ebrrallore zbuluan gjinin\u00eb e bebit q\u00eb po presin. Megjith\u00ebse festa \u00ebsht\u00eb shum\u00eb private disa pamje nga vendi n\u00eb Tiran\u00eb ku po mbahet baby shower na zbulojn\u00eb se \u00e7ifti po presin nj\u00eb djal\u00eb. Nj\u00eb nga t\u00eb pranishmit e ka zbuluar momentin e konfirmimit [&hellip;]","og_url":"https:\/\/blogin.al\/?p=13828","og_site_name":"blogin.al","article_published_time":"2022-09-04T17:54:06+00:00","article_modified_time":"2022-09-04T17:59:32+00:00","og_image":[{"width":1080,"height":1080,"url":"https:\/\/blogin.al\/wp-content\/uploads\/2022\/09\/IMG_20220904_190217_940.jpg","type":"image\/jpeg"}],"author":"Blogin al","twitter_card":"summary_large_image","twitter_misc":{"Written by":"Blogin al","Est. reading time":"1 minute"},"schema":{"@context":"https:\/\/schema.org","@graph":[{"@type":"Article","@id":"https:\/\/blogin.al\/?p=13828#article","isPartOf":{"@id":"https:\/\/blogin.al\/?p=13828"},"author":{"name":"Blogin al","@id":"https:\/\/blogin.al\/#\/schema\/person\/abdd56bc912cd511db877b852b115399"},"headline":"M\u00eb n\u00eb fund m\u00ebsohet gjinia e bebit q\u00eb po presin Einxhel dhe Dagz, zbulohet momenti emocionues i konfirmimit nga festa p\u00ebrrallore","datePublished":"2022-09-04T17:54:06+00:00","dateModified":"2022-09-04T17:59:32+00:00","mainEntityOfPage":{"@id":"https:\/\/blogin.al\/?p=13828"},"wordCount":96,"commentCount":0,"publisher":{"@id":"https:\/\/blogin.al\/#organization"},"image":{"@id":"https:\/\/blogin.al\/?p=13828#primaryimage"},"thumbnailUrl":"https:\/\/blogin.al\/wp-content\/uploads\/2022\/09\/IMG_20220904_190217_940.jpg","articleSection":["SHOWBIZ"],"inLanguage":"en-US","potentialAction":[{"@type":"CommentAction","name":"Comment","target":["https:\/\/blogin.al\/?p=13828#respond"]}]},{"@type":"WebPage","@id":"https:\/\/blogin.al\/?p=13828","url":"https:\/\/blogin.al\/?p=13828","name":"M\u00eb n\u00eb fund m\u00ebsohet gjinia e bebit q\u00eb po presin Einxhel dhe Dagz, zbulohet momenti emocionues i konfirmimit nga festa p\u00ebrrallore - blogin.al","isPartOf":{"@id":"https:\/\/blogin.al\/#website"},"primaryImageOfPage":{"@id":"https:\/\/blogin.al\/?p=13828#primaryimage"},"image":{"@id":"https:\/\/blogin.al\/?p=13828#primaryimage"},"thumbnailUrl":"https:\/\/blogin.al\/wp-content\/uploads\/2022\/09\/IMG_20220904_190217_940.jpg","datePublished":"2022-09-04T17:54:06+00:00","dateModified":"2022-09-04T17:59:32+00:00","breadcrumb":{"@id":"https:\/\/blogin.al\/?p=13828#breadcrumb"},"inLanguage":"en-US","potentialAction":[{"@type":"ReadAction","target":["https:\/\/blogin.al\/?p=13828"]}]},{"@type":"ImageObject","inLanguage":"en-US","@id":"https:\/\/blogin.al\/?p=13828#primaryimage","url":"https:\/\/blogin.al\/wp-content\/uploads\/2022\/09\/IMG_20220904_190217_940.jpg","contentUrl":"https:\/\/blogin.al\/wp-content\/uploads\/2022\/09\/IMG_20220904_190217_940.jpg","width":1080,"height":1080},{"@type":"BreadcrumbList","@id":"https:\/\/blogin.al\/?p=13828#breadcrumb","itemListElement":[{"@type":"ListItem","position":1,"name":"Home","item":"https:\/\/blogin.al\/"},{"@type":"ListItem","position":2,"name":"M\u00eb n\u00eb fund m\u00ebsohet gjinia e bebit q\u00eb po presin Einxhel dhe Dagz, zbulohet momenti emocionues i konfirmimit nga festa p\u00ebrrallore"}]},{"@type":"WebSite","@id":"https:\/\/blogin.al\/#website","url":"https:\/\/blogin.al\/","name":"blogin.al","description":"","publisher":{"@id":"https:\/\/blogin.al\/#organization"},"potentialAction":[{"@type":"SearchAction","target":{"@type":"EntryPoint","urlTemplate":"https:\/\/blogin.al\/?s={search_term_string}"},"query-input":{"@type":"PropertyValueSpecification","valueRequired":true,"valueName":"search_term_string"}}],"inLanguage":"en-US"},{"@type":"Organization","@id":"https:\/\/blogin.al\/#organization","name":"BLOGIN.al","url":"https:\/\/blogin.al\/","logo":{"@type":"ImageObject","inLanguage":"en-US","@id":"https:\/\/blogin.al\/#\/schema\/logo\/image\/","url":"https:\/\/blogin.al\/wp-content\/uploads\/2022\/05\/Untitled-2-01-e1652084456514.png","contentUrl":"https:\/\/blogin.al\/wp-content\/uploads\/2022\/05\/Untitled-2-01-e1652084456514.png","width":3723,"height":1698,"caption":"BLOGIN.al"},"image":{"@id":"https:\/\/blogin.al\/#\/schema\/logo\/image\/"},"sameAs":["https:\/\/instagram.com\/blogin.al\/"]},{"@type":"Person","@id":"https:\/\/blogin.al\/#\/schema\/person\/abdd56bc912cd511db877b852b115399","name":"Blogin al","image":{"@type":"ImageObject","inLanguage":"en-US","@id":"https:\/\/secure.gravatar.com\/avatar\/60d5661aee6e835fb13dc75d2204cd0c1d61bef2efd137c0083e59ef831e235e?s=96&d=mm&r=g","url":"https:\/\/secure.gravatar.com\/avatar\/60d5661aee6e835fb13dc75d2204cd0c1d61bef2efd137c0083e59ef831e235e?s=96&d=mm&r=g","contentUrl":"https:\/\/secure.gravatar.com\/avatar\/60d5661aee6e835fb13dc75d2204cd0c1d61bef2efd137c0083e59ef831e235e?s=96&d=mm&r=g","caption":"Blogin al"},"sameAs":["https:\/\/blogin.al"],"url":"https:\/\/blogin.al\/?author=2"}]}},"_links":{"self":[{"href":"https:\/\/blogin.al\/index.php?rest_route=\/wp\/v2\/posts\/13828","targetHints":{"allow":["GET"]}}],"collection":[{"href":"https:\/\/blogin.al\/index.php?rest_route=\/wp\/v2\/posts"}],"about":[{"href":"https:\/\/blogin.al\/index.php?rest_route=\/wp\/v2\/types\/post"}],"author":[{"embeddable":true,"href":"https:\/\/blogin.al\/index.php?rest_route=\/wp\/v2\/users\/2"}],"replies":[{"embeddable":true,"href":"https:\/\/blogin.al\/index.php?rest_route=%2Fwp%2Fv2%2Fcomments&post=13828"}],"version-history":[{"count":2,"href":"https:\/\/blogin.al\/index.php?rest_route=\/wp\/v2\/posts\/13828\/revisions"}],"predecessor-version":[{"id":13833,"href":"https:\/\/blogin.al\/index.php?rest_route=\/wp\/v2\/posts\/13828\/revisions\/13833"}],"wp:featuredmedia":[{"embeddable":true,"href":"https:\/\/blogin.al\/index.php?rest_route=\/wp\/v2\/media\/13831"}],"wp:attachment":[{"href":"https:\/\/blogin.al\/index.php?rest_route=%2Fwp%2Fv2%2Fmedia&parent=13828"}],"wp:term":[{"taxonomy":"category","embeddable":true,"href":"https:\/\/blogin.al\/index.php?rest_route=%2Fwp%2Fv2%2Fcategories&post=13828"},{"taxonomy":"post_tag","embeddable":true,"href":"https:\/\/blogin.al\/index.php?rest_route=%2Fwp%2Fv2%2Ftags&post=13828"}],"curies":[{"name":"wp","href":"https:\/\/api.w.org\/{rel}","templated":true}]}}