{"id":13854,"date":"2022-09-05T17:26:51","date_gmt":"2022-09-05T17:26:51","guid":{"rendered":"https:\/\/blogin.al\/?p=13854"},"modified":"2022-09-05T17:26:52","modified_gmt":"2022-09-05T17:26:52","slug":"edhe-pak-na-ndajne-nga-dancing-with-the-stars-kledi-kadiu-rrefen-emocionet-e-para","status":"publish","type":"post","link":"https:\/\/blogin.al\/?p=13854","title":{"rendered":"Edhe pak na ndajn\u00eb nga \u201cDancing With The Stars\u201d, Kledi Kadiu rr\u00ebfen emocionet e para"},"content":{"rendered":"\n<p>Kledi Kadiu tashm\u00eb nuk mund t\u2019I fsheh emoconet se do t\u00eb jet\u00eb kryetar jurie i spektaklit \u201cDancing With The Stars Albania\u201d.<\/p>\n\n\n\n<p>Ai ishte i ftuar n\u00eb &nbsp;\u201cWake Up\u201d, ku ka zbuluar emocionet e tij t\u00eb para nag projekti.<\/p>\n\n\n\n<p>Kledi u shpreh tep\u00ebr i emocionuar pasi \u00ebsht\u00eb rikthyer tashm\u00eb n\u00eb Tiran\u00eb.<\/p>\n\n\n\n<p><em>&nbsp;\u201cRikthimi n\u00eb Tiran\u00eb m\u00eb ka emocionuar shume, sepse kthehem n\u00eb sht\u00ebpin\u00eb time. Ky moment ka qen\u00eb tundimi m\u00eb i v\u00ebshtir\u00eb p\u00ebr mua. Un\u00eb kam 2 f\u00ebmij\u00eb, Gabriel q\u00eb sapo mbushin 2 vje\u00e7 dhe Lea q\u00eb fillon klas\u00ebn e par\u00eb. Un\u00eb kam dhe impenjimet e mia n\u00eb shkollat e baletit k\u00ebtu. Mezi po pres t\u00eb filloj pun\u00eb dhe t\u00eb njoh pjes\u00ebtar\u00ebt e tjere t\u00eb juris\u00eb. Ende nuk i njoh\u2026 \u00cbsht\u00eb interesante q\u00eb sa her\u00eb q\u00eb kthehem n\u00eb vendin tim kam nj\u00eb emocion t\u00eb ndrysh\u00ebm, aty kam rr\u00ebnj\u00ebt e mia, ish-shok\u00ebt e mi\u2026 Nuk mund ta krahasoj me eksperienc\u00ebn q\u00eb kam n\u00eb Itali sepse kam 32 vjet k\u00ebtu. Por jam i emocionuar. \u00cbsht\u00eb edhe shum\u00eb p\u00ebrgjegj\u00ebsi, sepse publiku shqiptar ka shum\u00eb njohuri n\u00eb k\u00ebrcim, n\u00eb valle. K\u00ebshtu q\u00eb do jet\u00eb pak e v\u00ebshtir\u00eb\u201d\u2013<\/em>tha nd\u00ebr t\u00eb tjerash balerini.<\/p>\n\n\n\n<p>Ai shtoi se \u201cDancing With The Stars\u201d \u00ebsht\u00eb tashm\u00eb projekti i tij m\u00eb i r\u00ebnd\u00ebsish\u00ebm i momentit dhe kjokjo e lumturon shum\u00eb.<\/p>\n\n\n\n<p><em>\u201cProjekti m\u00eb i r\u00ebnd\u00ebsish\u00ebm q\u00eb e kam shum\u00eb p\u00ebrzem\u00ebr \u00ebsht\u00eb \u201cDancing with the stars\u201d. Do dhe pak impenjim sepse \u00ebsht\u00eb \u00e7\u00ebshtje delikate me udh\u00ebtimet, por ky \u00ebsht\u00eb projekti m\u00eb i r\u00ebnd\u00ebsish\u00ebm\u201d\u2013<\/em>p\u00ebrfundoi Kledi.<\/p>\n","protected":false},"excerpt":{"rendered":"<p>Kledi Kadiu tashm\u00eb nuk mund t\u2019I fsheh emoconet se do t\u00eb jet\u00eb kryetar jurie i spektaklit \u201cDancing With The Stars Albania\u201d. Ai ishte i ftuar n\u00eb &nbsp;\u201cWake Up\u201d, ku ka zbuluar emocionet e tij t\u00eb para nag projekti. Kledi u shpreh tep\u00ebr i emocionuar pasi \u00ebsht\u00eb rikthyer tashm\u00eb n\u00eb Tiran\u00eb. &nbsp;\u201cRikthimi n\u00eb Tiran\u00eb m\u00eb ka [&hellip;]<\/p>\n","protected":false},"author":2,"featured_media":13855,"comment_status":"open","ping_status":"open","sticky":false,"template":"","format":"standard","meta":{"footnotes":""},"categories":[33],"tags":[],"class_list":{"0":"post-13854","1":"post","2":"type-post","3":"status-publish","4":"format-standard","5":"has-post-thumbnail","7":"category-showbiz"},"yoast_head":"<!-- This site is optimized with the Yoast SEO plugin v27.5 - https:\/\/yoast.com\/product\/yoast-seo-wordpress\/ -->\n<title>Edhe pak na ndajn\u00eb nga \u201cDancing With The Stars\u201d, Kledi Kadiu rr\u00ebfen emocionet e para - blogin.al<\/title>\n<meta name=\"robots\" content=\"index, follow, max-snippet:-1, max-image-preview:large, max-video-preview:-1\" \/>\n<link rel=\"canonical\" href=\"https:\/\/blogin.al\/?p=13854\" \/>\n<meta property=\"og:locale\" content=\"en_US\" \/>\n<meta property=\"og:type\" content=\"article\" \/>\n<meta property=\"og:title\" content=\"Edhe pak na ndajn\u00eb nga \u201cDancing With The Stars\u201d, Kledi Kadiu rr\u00ebfen emocionet e para - blogin.al\" \/>\n<meta property=\"og:description\" content=\"Kledi Kadiu tashm\u00eb nuk mund t\u2019I fsheh emoconet se do t\u00eb jet\u00eb kryetar jurie i spektaklit \u201cDancing With The Stars Albania\u201d. Ai ishte i ftuar n\u00eb &nbsp;\u201cWake Up\u201d, ku ka zbuluar emocionet e tij t\u00eb para nag projekti. Kledi u shpreh tep\u00ebr i emocionuar pasi \u00ebsht\u00eb rikthyer tashm\u00eb n\u00eb Tiran\u00eb. &nbsp;\u201cRikthimi n\u00eb Tiran\u00eb m\u00eb ka [&hellip;]\" \/>\n<meta property=\"og:url\" content=\"https:\/\/blogin.al\/?p=13854\" \/>\n<meta property=\"og:site_name\" content=\"blogin.al\" \/>\n<meta property=\"article:published_time\" content=\"2022-09-05T17:26:51+00:00\" \/>\n<meta property=\"article:modified_time\" content=\"2022-09-05T17:26:52+00:00\" \/>\n<meta property=\"og:image\" content=\"https:\/\/blogin.al\/wp-content\/uploads\/2022\/09\/Kledi-Kadiu.jpg\" \/>\n\t<meta property=\"og:image:width\" content=\"1200\" \/>\n\t<meta property=\"og:image:height\" content=\"764\" \/>\n\t<meta property=\"og:image:type\" content=\"image\/jpeg\" \/>\n<meta name=\"author\" content=\"Blogin al\" \/>\n<meta name=\"twitter:card\" content=\"summary_large_image\" \/>\n<meta name=\"twitter:label1\" content=\"Written by\" \/>\n\t<meta name=\"twitter:data1\" content=\"Blogin al\" \/>\n\t<meta name=\"twitter:label2\" content=\"Est. reading time\" \/>\n\t<meta name=\"twitter:data2\" content=\"2 minutes\" \/>\n<script type=\"application\/ld+json\" class=\"yoast-schema-graph\">{\"@context\":\"https:\\\/\\\/schema.org\",\"@graph\":[{\"@type\":\"Article\",\"@id\":\"https:\\\/\\\/blogin.al\\\/?p=13854#article\",\"isPartOf\":{\"@id\":\"https:\\\/\\\/blogin.al\\\/?p=13854\"},\"author\":{\"name\":\"Blogin al\",\"@id\":\"https:\\\/\\\/blogin.al\\\/#\\\/schema\\\/person\\\/abdd56bc912cd511db877b852b115399\"},\"headline\":\"Edhe pak na ndajn\u00eb nga \u201cDancing With The Stars\u201d, Kledi Kadiu rr\u00ebfen emocionet e para\",\"datePublished\":\"2022-09-05T17:26:51+00:00\",\"dateModified\":\"2022-09-05T17:26:52+00:00\",\"mainEntityOfPage\":{\"@id\":\"https:\\\/\\\/blogin.al\\\/?p=13854\"},\"wordCount\":291,\"commentCount\":0,\"publisher\":{\"@id\":\"https:\\\/\\\/blogin.al\\\/#organization\"},\"image\":{\"@id\":\"https:\\\/\\\/blogin.al\\\/?p=13854#primaryimage\"},\"thumbnailUrl\":\"https:\\\/\\\/blogin.al\\\/wp-content\\\/uploads\\\/2022\\\/09\\\/Kledi-Kadiu.jpg\",\"articleSection\":[\"SHOWBIZ\"],\"inLanguage\":\"en-US\",\"potentialAction\":[{\"@type\":\"CommentAction\",\"name\":\"Comment\",\"target\":[\"https:\\\/\\\/blogin.al\\\/?p=13854#respond\"]}]},{\"@type\":\"WebPage\",\"@id\":\"https:\\\/\\\/blogin.al\\\/?p=13854\",\"url\":\"https:\\\/\\\/blogin.al\\\/?p=13854\",\"name\":\"Edhe pak na ndajn\u00eb nga \u201cDancing With The Stars\u201d, Kledi Kadiu rr\u00ebfen emocionet e para - blogin.al\",\"isPartOf\":{\"@id\":\"https:\\\/\\\/blogin.al\\\/#website\"},\"primaryImageOfPage\":{\"@id\":\"https:\\\/\\\/blogin.al\\\/?p=13854#primaryimage\"},\"image\":{\"@id\":\"https:\\\/\\\/blogin.al\\\/?p=13854#primaryimage\"},\"thumbnailUrl\":\"https:\\\/\\\/blogin.al\\\/wp-content\\\/uploads\\\/2022\\\/09\\\/Kledi-Kadiu.jpg\",\"datePublished\":\"2022-09-05T17:26:51+00:00\",\"dateModified\":\"2022-09-05T17:26:52+00:00\",\"breadcrumb\":{\"@id\":\"https:\\\/\\\/blogin.al\\\/?p=13854#breadcrumb\"},\"inLanguage\":\"en-US\",\"potentialAction\":[{\"@type\":\"ReadAction\",\"target\":[\"https:\\\/\\\/blogin.al\\\/?p=13854\"]}]},{\"@type\":\"ImageObject\",\"inLanguage\":\"en-US\",\"@id\":\"https:\\\/\\\/blogin.al\\\/?p=13854#primaryimage\",\"url\":\"https:\\\/\\\/blogin.al\\\/wp-content\\\/uploads\\\/2022\\\/09\\\/Kledi-Kadiu.jpg\",\"contentUrl\":\"https:\\\/\\\/blogin.al\\\/wp-content\\\/uploads\\\/2022\\\/09\\\/Kledi-Kadiu.jpg\",\"width\":1200,\"height\":764},{\"@type\":\"BreadcrumbList\",\"@id\":\"https:\\\/\\\/blogin.al\\\/?p=13854#breadcrumb\",\"itemListElement\":[{\"@type\":\"ListItem\",\"position\":1,\"name\":\"Home\",\"item\":\"https:\\\/\\\/blogin.al\\\/\"},{\"@type\":\"ListItem\",\"position\":2,\"name\":\"Edhe pak na ndajn\u00eb nga \u201cDancing With The Stars\u201d, Kledi Kadiu rr\u00ebfen emocionet e para\"}]},{\"@type\":\"WebSite\",\"@id\":\"https:\\\/\\\/blogin.al\\\/#website\",\"url\":\"https:\\\/\\\/blogin.al\\\/\",\"name\":\"blogin.al\",\"description\":\"\",\"publisher\":{\"@id\":\"https:\\\/\\\/blogin.al\\\/#organization\"},\"potentialAction\":[{\"@type\":\"SearchAction\",\"target\":{\"@type\":\"EntryPoint\",\"urlTemplate\":\"https:\\\/\\\/blogin.al\\\/?s={search_term_string}\"},\"query-input\":{\"@type\":\"PropertyValueSpecification\",\"valueRequired\":true,\"valueName\":\"search_term_string\"}}],\"inLanguage\":\"en-US\"},{\"@type\":\"Organization\",\"@id\":\"https:\\\/\\\/blogin.al\\\/#organization\",\"name\":\"BLOGIN.al\",\"url\":\"https:\\\/\\\/blogin.al\\\/\",\"logo\":{\"@type\":\"ImageObject\",\"inLanguage\":\"en-US\",\"@id\":\"https:\\\/\\\/blogin.al\\\/#\\\/schema\\\/logo\\\/image\\\/\",\"url\":\"https:\\\/\\\/blogin.al\\\/wp-content\\\/uploads\\\/2022\\\/05\\\/Untitled-2-01-e1652084456514.png\",\"contentUrl\":\"https:\\\/\\\/blogin.al\\\/wp-content\\\/uploads\\\/2022\\\/05\\\/Untitled-2-01-e1652084456514.png\",\"width\":3723,\"height\":1698,\"caption\":\"BLOGIN.al\"},\"image\":{\"@id\":\"https:\\\/\\\/blogin.al\\\/#\\\/schema\\\/logo\\\/image\\\/\"},\"sameAs\":[\"https:\\\/\\\/instagram.com\\\/blogin.al\\\/\"]},{\"@type\":\"Person\",\"@id\":\"https:\\\/\\\/blogin.al\\\/#\\\/schema\\\/person\\\/abdd56bc912cd511db877b852b115399\",\"name\":\"Blogin al\",\"image\":{\"@type\":\"ImageObject\",\"inLanguage\":\"en-US\",\"@id\":\"https:\\\/\\\/secure.gravatar.com\\\/avatar\\\/60d5661aee6e835fb13dc75d2204cd0c1d61bef2efd137c0083e59ef831e235e?s=96&d=mm&r=g\",\"url\":\"https:\\\/\\\/secure.gravatar.com\\\/avatar\\\/60d5661aee6e835fb13dc75d2204cd0c1d61bef2efd137c0083e59ef831e235e?s=96&d=mm&r=g\",\"contentUrl\":\"https:\\\/\\\/secure.gravatar.com\\\/avatar\\\/60d5661aee6e835fb13dc75d2204cd0c1d61bef2efd137c0083e59ef831e235e?s=96&d=mm&r=g\",\"caption\":\"Blogin al\"},\"sameAs\":[\"https:\\\/\\\/blogin.al\"],\"url\":\"https:\\\/\\\/blogin.al\\\/?author=2\"}]}<\/script>\n<!-- \/ Yoast SEO plugin. -->","yoast_head_json":{"title":"Edhe pak na ndajn\u00eb nga \u201cDancing With The Stars\u201d, Kledi Kadiu rr\u00ebfen emocionet e para - blogin.al","robots":{"index":"index","follow":"follow","max-snippet":"max-snippet:-1","max-image-preview":"max-image-preview:large","max-video-preview":"max-video-preview:-1"},"canonical":"https:\/\/blogin.al\/?p=13854","og_locale":"en_US","og_type":"article","og_title":"Edhe pak na ndajn\u00eb nga \u201cDancing With The Stars\u201d, Kledi Kadiu rr\u00ebfen emocionet e para - blogin.al","og_description":"Kledi Kadiu tashm\u00eb nuk mund t\u2019I fsheh emoconet se do t\u00eb jet\u00eb kryetar jurie i spektaklit \u201cDancing With The Stars Albania\u201d. Ai ishte i ftuar n\u00eb &nbsp;\u201cWake Up\u201d, ku ka zbuluar emocionet e tij t\u00eb para nag projekti. Kledi u shpreh tep\u00ebr i emocionuar pasi \u00ebsht\u00eb rikthyer tashm\u00eb n\u00eb Tiran\u00eb. &nbsp;\u201cRikthimi n\u00eb Tiran\u00eb m\u00eb ka [&hellip;]","og_url":"https:\/\/blogin.al\/?p=13854","og_site_name":"blogin.al","article_published_time":"2022-09-05T17:26:51+00:00","article_modified_time":"2022-09-05T17:26:52+00:00","og_image":[{"width":1200,"height":764,"url":"https:\/\/blogin.al\/wp-content\/uploads\/2022\/09\/Kledi-Kadiu.jpg","type":"image\/jpeg"}],"author":"Blogin al","twitter_card":"summary_large_image","twitter_misc":{"Written by":"Blogin al","Est. reading time":"2 minutes"},"schema":{"@context":"https:\/\/schema.org","@graph":[{"@type":"Article","@id":"https:\/\/blogin.al\/?p=13854#article","isPartOf":{"@id":"https:\/\/blogin.al\/?p=13854"},"author":{"name":"Blogin al","@id":"https:\/\/blogin.al\/#\/schema\/person\/abdd56bc912cd511db877b852b115399"},"headline":"Edhe pak na ndajn\u00eb nga \u201cDancing With The Stars\u201d, Kledi Kadiu rr\u00ebfen emocionet e para","datePublished":"2022-09-05T17:26:51+00:00","dateModified":"2022-09-05T17:26:52+00:00","mainEntityOfPage":{"@id":"https:\/\/blogin.al\/?p=13854"},"wordCount":291,"commentCount":0,"publisher":{"@id":"https:\/\/blogin.al\/#organization"},"image":{"@id":"https:\/\/blogin.al\/?p=13854#primaryimage"},"thumbnailUrl":"https:\/\/blogin.al\/wp-content\/uploads\/2022\/09\/Kledi-Kadiu.jpg","articleSection":["SHOWBIZ"],"inLanguage":"en-US","potentialAction":[{"@type":"CommentAction","name":"Comment","target":["https:\/\/blogin.al\/?p=13854#respond"]}]},{"@type":"WebPage","@id":"https:\/\/blogin.al\/?p=13854","url":"https:\/\/blogin.al\/?p=13854","name":"Edhe pak na ndajn\u00eb nga \u201cDancing With The Stars\u201d, Kledi Kadiu rr\u00ebfen emocionet e para - blogin.al","isPartOf":{"@id":"https:\/\/blogin.al\/#website"},"primaryImageOfPage":{"@id":"https:\/\/blogin.al\/?p=13854#primaryimage"},"image":{"@id":"https:\/\/blogin.al\/?p=13854#primaryimage"},"thumbnailUrl":"https:\/\/blogin.al\/wp-content\/uploads\/2022\/09\/Kledi-Kadiu.jpg","datePublished":"2022-09-05T17:26:51+00:00","dateModified":"2022-09-05T17:26:52+00:00","breadcrumb":{"@id":"https:\/\/blogin.al\/?p=13854#breadcrumb"},"inLanguage":"en-US","potentialAction":[{"@type":"ReadAction","target":["https:\/\/blogin.al\/?p=13854"]}]},{"@type":"ImageObject","inLanguage":"en-US","@id":"https:\/\/blogin.al\/?p=13854#primaryimage","url":"https:\/\/blogin.al\/wp-content\/uploads\/2022\/09\/Kledi-Kadiu.jpg","contentUrl":"https:\/\/blogin.al\/wp-content\/uploads\/2022\/09\/Kledi-Kadiu.jpg","width":1200,"height":764},{"@type":"BreadcrumbList","@id":"https:\/\/blogin.al\/?p=13854#breadcrumb","itemListElement":[{"@type":"ListItem","position":1,"name":"Home","item":"https:\/\/blogin.al\/"},{"@type":"ListItem","position":2,"name":"Edhe pak na ndajn\u00eb nga \u201cDancing With The Stars\u201d, Kledi Kadiu rr\u00ebfen emocionet e para"}]},{"@type":"WebSite","@id":"https:\/\/blogin.al\/#website","url":"https:\/\/blogin.al\/","name":"blogin.al","description":"","publisher":{"@id":"https:\/\/blogin.al\/#organization"},"potentialAction":[{"@type":"SearchAction","target":{"@type":"EntryPoint","urlTemplate":"https:\/\/blogin.al\/?s={search_term_string}"},"query-input":{"@type":"PropertyValueSpecification","valueRequired":true,"valueName":"search_term_string"}}],"inLanguage":"en-US"},{"@type":"Organization","@id":"https:\/\/blogin.al\/#organization","name":"BLOGIN.al","url":"https:\/\/blogin.al\/","logo":{"@type":"ImageObject","inLanguage":"en-US","@id":"https:\/\/blogin.al\/#\/schema\/logo\/image\/","url":"https:\/\/blogin.al\/wp-content\/uploads\/2022\/05\/Untitled-2-01-e1652084456514.png","contentUrl":"https:\/\/blogin.al\/wp-content\/uploads\/2022\/05\/Untitled-2-01-e1652084456514.png","width":3723,"height":1698,"caption":"BLOGIN.al"},"image":{"@id":"https:\/\/blogin.al\/#\/schema\/logo\/image\/"},"sameAs":["https:\/\/instagram.com\/blogin.al\/"]},{"@type":"Person","@id":"https:\/\/blogin.al\/#\/schema\/person\/abdd56bc912cd511db877b852b115399","name":"Blogin al","image":{"@type":"ImageObject","inLanguage":"en-US","@id":"https:\/\/secure.gravatar.com\/avatar\/60d5661aee6e835fb13dc75d2204cd0c1d61bef2efd137c0083e59ef831e235e?s=96&d=mm&r=g","url":"https:\/\/secure.gravatar.com\/avatar\/60d5661aee6e835fb13dc75d2204cd0c1d61bef2efd137c0083e59ef831e235e?s=96&d=mm&r=g","contentUrl":"https:\/\/secure.gravatar.com\/avatar\/60d5661aee6e835fb13dc75d2204cd0c1d61bef2efd137c0083e59ef831e235e?s=96&d=mm&r=g","caption":"Blogin al"},"sameAs":["https:\/\/blogin.al"],"url":"https:\/\/blogin.al\/?author=2"}]}},"_links":{"self":[{"href":"https:\/\/blogin.al\/index.php?rest_route=\/wp\/v2\/posts\/13854","targetHints":{"allow":["GET"]}}],"collection":[{"href":"https:\/\/blogin.al\/index.php?rest_route=\/wp\/v2\/posts"}],"about":[{"href":"https:\/\/blogin.al\/index.php?rest_route=\/wp\/v2\/types\/post"}],"author":[{"embeddable":true,"href":"https:\/\/blogin.al\/index.php?rest_route=\/wp\/v2\/users\/2"}],"replies":[{"embeddable":true,"href":"https:\/\/blogin.al\/index.php?rest_route=%2Fwp%2Fv2%2Fcomments&post=13854"}],"version-history":[{"count":1,"href":"https:\/\/blogin.al\/index.php?rest_route=\/wp\/v2\/posts\/13854\/revisions"}],"predecessor-version":[{"id":13856,"href":"https:\/\/blogin.al\/index.php?rest_route=\/wp\/v2\/posts\/13854\/revisions\/13856"}],"wp:featuredmedia":[{"embeddable":true,"href":"https:\/\/blogin.al\/index.php?rest_route=\/wp\/v2\/media\/13855"}],"wp:attachment":[{"href":"https:\/\/blogin.al\/index.php?rest_route=%2Fwp%2Fv2%2Fmedia&parent=13854"}],"wp:term":[{"taxonomy":"category","embeddable":true,"href":"https:\/\/blogin.al\/index.php?rest_route=%2Fwp%2Fv2%2Fcategories&post=13854"},{"taxonomy":"post_tag","embeddable":true,"href":"https:\/\/blogin.al\/index.php?rest_route=%2Fwp%2Fv2%2Ftags&post=13854"}],"curies":[{"name":"wp","href":"https:\/\/api.w.org\/{rel}","templated":true}]}}