{"id":13887,"date":"2022-09-06T10:33:20","date_gmt":"2022-09-06T10:33:20","guid":{"rendered":"https:\/\/blogin.al\/?p=13887"},"modified":"2022-09-06T10:33:20","modified_gmt":"2022-09-06T10:33:20","slug":"rita-ora-flet-per-here-te-pare-ne-lidhje-me-dua-lipen","status":"publish","type":"post","link":"https:\/\/blogin.al\/?p=13887","title":{"rendered":"Rita Ora flet p\u00ebr her\u00eb t\u00eb par\u00eb n\u00eb lidhje me Dua Lip\u00ebn"},"content":{"rendered":"\n<p><strong>Dua Lipa dhe Rita Ora jan\u00eb padyshim dy k\u00ebng\u00ebtaret shqiptare m\u00eb t\u00eb famshme nd\u00ebrkomb\u00ebtarisht, t\u00eb cilat po njohin \u00e7do dit\u00eb e m\u00eb shum\u00eb suksese. Raporti i tyre \u00ebsht\u00eb p\u00ebrfolur shpesh n\u00eb media, ku shpesh \u00ebsht\u00eb folur edhe p\u00ebr nj\u00eb z\u00ebnk\u00eb mes tyre.<\/strong><\/p>\n\n\n\n<p>Pak or\u00eb para koncertit q\u00eb do t\u00eb mbaj\u00eb n\u00eb sheshin \u201cSk\u00ebnderbej\u201d, k\u00ebng\u00ebtarja me fam\u00eb bot\u00ebrore Rita Ora ka dal\u00eb n\u00eb nj\u00eb konferenc\u00eb p\u00ebr shtyp ku ka folur p\u00ebr koncertin dhe raportet e saj me k\u00ebng\u00ebtaret e tjera shqiptare.<\/p>\n\n\n\n<p>Gjithashtu, pak koh\u00eb m\u00eb par\u00eb u mbajt edhe \u201cSunny Hill Festival\u201d i organizuar nga k\u00ebng\u00ebtarja Dua Lipa ku k\u00ebng\u00ebtaret e tjera me origjin\u00eb shqiptare nuk kishin pjes\u00eb. Gjat\u00eb konferenc\u00ebs s\u00eb dit\u00ebs s\u00eb sotme Rita Ora foli p\u00ebr her\u00eb t\u00eb par\u00eb n\u00eb lidhje me mund\u00ebsin\u00eb e nj\u00eb bashk\u00ebpunimi mes saj dhe Dua Lip\u00ebs. Konkretisht k\u00ebng\u00ebtarja u pyet n\u00ebse do t\u00eb ket\u00eb n\u00eb t\u00eb ardhmen nj\u00eb bashk\u00ebpunim mes saj dhe artisteve t\u00eb tjera q\u00eb kan\u00eb korrur sukses nd\u00ebrkomb\u00ebtar, Dua Lipa, Bebe Rexha dhe Ava Max.<\/p>\n\n\n\n<p>N\u00eb p\u00ebrgjigjen e saj Rita Ora e buz\u00ebqeshur p\u00ebrmendi fillimisht hapat e par\u00eb t\u00eb karrier\u00ebs s\u00eb sa, e cila nisi rreth nj\u00eb dekad\u00eb m\u00eb par\u00eb. K\u00ebng\u00ebtarja tha se ndihet shum\u00eb me fat dhe e lumtur q\u00eb vendi jon\u00eb po njihet m\u00eb shum\u00eb fal\u00eb artist\u00ebve shqiptar\u00eb. Sa i p\u00ebrket bashk\u00ebpunimit, Rita tha se \u201cgj\u00ebrat b\u00ebhen n\u00eb koh\u00ebn\u201d e duhu, duke shtuar se kur t\u00eb vij\u00eb kjo koh\u00eb ajo \u00ebsht\u00eb \u201cgati.\u201d<\/p>\n\n\n\n<p><strong>\u201cE kuptova k\u00ebt\u00eb. Kur un\u00eb fillova n\u00eb 2011 n\u00eb 2012 u ndjeva se kisha shum\u00eb m\u00eb shum\u00eb presion p\u00ebr ta futur vendin tim n\u00eb hart\u00ebn globale dhe mendova q\u00eb jam e vetmja n\u00eb at\u00eb koh\u00eb. Tani jam e \u00e7liruar q\u00eb kam shum\u00eb m\u00eb shum\u00eb nga vendi im n\u00eb fush\u00ebn time por edhe n\u00eb fushat e tjera. Ne kemi shum\u00eb talent si ato q\u00eb p\u00ebrmende, dhe do t\u00eb ishte nj\u00eb \u00ebnd\u00ebrr p\u00ebr mua q\u00eb nj\u00eb dit\u00eb q\u00eb t\u00eb b\u00ebhemi t\u00eb gjitha bashk\u00eb, n\u00eb koh\u00ebn e duhur. T\u00eb gjitha ka axhend\u00ebn e ngjeshur, po n\u00eb koh\u00ebn e duhur, por mua mund t\u00eb m\u00eb llogarisni (po)\u201d-<\/strong>\u00a0tha Rita Ora.<\/p>\n\n\n\n<p><\/p>\n","protected":false},"excerpt":{"rendered":"<p>Dua Lipa dhe Rita Ora jan\u00eb padyshim dy k\u00ebng\u00ebtaret shqiptare m\u00eb t\u00eb famshme nd\u00ebrkomb\u00ebtarisht, t\u00eb cilat po njohin \u00e7do dit\u00eb e m\u00eb shum\u00eb suksese. Raporti i tyre \u00ebsht\u00eb p\u00ebrfolur shpesh n\u00eb media, ku shpesh \u00ebsht\u00eb folur edhe p\u00ebr nj\u00eb z\u00ebnk\u00eb mes tyre. Pak or\u00eb para koncertit q\u00eb do t\u00eb mbaj\u00eb n\u00eb sheshin \u201cSk\u00ebnderbej\u201d, k\u00ebng\u00ebtarja me [&hellip;]<\/p>\n","protected":false},"author":2,"featured_media":13888,"comment_status":"open","ping_status":"open","sticky":false,"template":"","format":"standard","meta":{"footnotes":""},"categories":[33],"tags":[],"class_list":{"0":"post-13887","1":"post","2":"type-post","3":"status-publish","4":"format-standard","5":"has-post-thumbnail","7":"category-showbiz"},"yoast_head":"<!-- This site is optimized with the Yoast SEO plugin v27.5 - https:\/\/yoast.com\/product\/yoast-seo-wordpress\/ -->\n<title>Rita Ora flet p\u00ebr her\u00eb t\u00eb par\u00eb n\u00eb lidhje me Dua Lip\u00ebn - blogin.al<\/title>\n<meta name=\"robots\" content=\"index, follow, max-snippet:-1, max-image-preview:large, max-video-preview:-1\" \/>\n<link rel=\"canonical\" href=\"https:\/\/blogin.al\/?p=13887\" \/>\n<meta property=\"og:locale\" content=\"en_US\" \/>\n<meta property=\"og:type\" content=\"article\" \/>\n<meta property=\"og:title\" content=\"Rita Ora flet p\u00ebr her\u00eb t\u00eb par\u00eb n\u00eb lidhje me Dua Lip\u00ebn - blogin.al\" \/>\n<meta property=\"og:description\" content=\"Dua Lipa dhe Rita Ora jan\u00eb padyshim dy k\u00ebng\u00ebtaret shqiptare m\u00eb t\u00eb famshme nd\u00ebrkomb\u00ebtarisht, t\u00eb cilat po njohin \u00e7do dit\u00eb e m\u00eb shum\u00eb suksese. Raporti i tyre \u00ebsht\u00eb p\u00ebrfolur shpesh n\u00eb media, ku shpesh \u00ebsht\u00eb folur edhe p\u00ebr nj\u00eb z\u00ebnk\u00eb mes tyre. Pak or\u00eb para koncertit q\u00eb do t\u00eb mbaj\u00eb n\u00eb sheshin \u201cSk\u00ebnderbej\u201d, k\u00ebng\u00ebtarja me [&hellip;]\" \/>\n<meta property=\"og:url\" content=\"https:\/\/blogin.al\/?p=13887\" \/>\n<meta property=\"og:site_name\" content=\"blogin.al\" \/>\n<meta property=\"article:published_time\" content=\"2022-09-06T10:33:20+00:00\" \/>\n<meta property=\"og:image\" content=\"https:\/\/blogin.al\/wp-content\/uploads\/2022\/09\/RITA-DUA.jpg\" \/>\n\t<meta property=\"og:image:width\" content=\"640\" \/>\n\t<meta property=\"og:image:height\" content=\"333\" \/>\n\t<meta property=\"og:image:type\" content=\"image\/jpeg\" \/>\n<meta name=\"author\" content=\"Blogin al\" \/>\n<meta name=\"twitter:card\" content=\"summary_large_image\" \/>\n<meta name=\"twitter:label1\" content=\"Written by\" \/>\n\t<meta name=\"twitter:data1\" content=\"Blogin al\" \/>\n\t<meta name=\"twitter:label2\" content=\"Est. reading time\" \/>\n\t<meta name=\"twitter:data2\" content=\"2 minutes\" \/>\n<script type=\"application\/ld+json\" class=\"yoast-schema-graph\">{\"@context\":\"https:\\\/\\\/schema.org\",\"@graph\":[{\"@type\":\"Article\",\"@id\":\"https:\\\/\\\/blogin.al\\\/?p=13887#article\",\"isPartOf\":{\"@id\":\"https:\\\/\\\/blogin.al\\\/?p=13887\"},\"author\":{\"name\":\"Blogin al\",\"@id\":\"https:\\\/\\\/blogin.al\\\/#\\\/schema\\\/person\\\/abdd56bc912cd511db877b852b115399\"},\"headline\":\"Rita Ora flet p\u00ebr her\u00eb t\u00eb par\u00eb n\u00eb lidhje me Dua Lip\u00ebn\",\"datePublished\":\"2022-09-06T10:33:20+00:00\",\"mainEntityOfPage\":{\"@id\":\"https:\\\/\\\/blogin.al\\\/?p=13887\"},\"wordCount\":405,\"commentCount\":0,\"publisher\":{\"@id\":\"https:\\\/\\\/blogin.al\\\/#organization\"},\"image\":{\"@id\":\"https:\\\/\\\/blogin.al\\\/?p=13887#primaryimage\"},\"thumbnailUrl\":\"https:\\\/\\\/blogin.al\\\/wp-content\\\/uploads\\\/2022\\\/09\\\/RITA-DUA.jpg\",\"articleSection\":[\"SHOWBIZ\"],\"inLanguage\":\"en-US\",\"potentialAction\":[{\"@type\":\"CommentAction\",\"name\":\"Comment\",\"target\":[\"https:\\\/\\\/blogin.al\\\/?p=13887#respond\"]}]},{\"@type\":\"WebPage\",\"@id\":\"https:\\\/\\\/blogin.al\\\/?p=13887\",\"url\":\"https:\\\/\\\/blogin.al\\\/?p=13887\",\"name\":\"Rita Ora flet p\u00ebr her\u00eb t\u00eb par\u00eb n\u00eb lidhje me Dua Lip\u00ebn - blogin.al\",\"isPartOf\":{\"@id\":\"https:\\\/\\\/blogin.al\\\/#website\"},\"primaryImageOfPage\":{\"@id\":\"https:\\\/\\\/blogin.al\\\/?p=13887#primaryimage\"},\"image\":{\"@id\":\"https:\\\/\\\/blogin.al\\\/?p=13887#primaryimage\"},\"thumbnailUrl\":\"https:\\\/\\\/blogin.al\\\/wp-content\\\/uploads\\\/2022\\\/09\\\/RITA-DUA.jpg\",\"datePublished\":\"2022-09-06T10:33:20+00:00\",\"breadcrumb\":{\"@id\":\"https:\\\/\\\/blogin.al\\\/?p=13887#breadcrumb\"},\"inLanguage\":\"en-US\",\"potentialAction\":[{\"@type\":\"ReadAction\",\"target\":[\"https:\\\/\\\/blogin.al\\\/?p=13887\"]}]},{\"@type\":\"ImageObject\",\"inLanguage\":\"en-US\",\"@id\":\"https:\\\/\\\/blogin.al\\\/?p=13887#primaryimage\",\"url\":\"https:\\\/\\\/blogin.al\\\/wp-content\\\/uploads\\\/2022\\\/09\\\/RITA-DUA.jpg\",\"contentUrl\":\"https:\\\/\\\/blogin.al\\\/wp-content\\\/uploads\\\/2022\\\/09\\\/RITA-DUA.jpg\",\"width\":640,\"height\":333},{\"@type\":\"BreadcrumbList\",\"@id\":\"https:\\\/\\\/blogin.al\\\/?p=13887#breadcrumb\",\"itemListElement\":[{\"@type\":\"ListItem\",\"position\":1,\"name\":\"Home\",\"item\":\"https:\\\/\\\/blogin.al\\\/\"},{\"@type\":\"ListItem\",\"position\":2,\"name\":\"Rita Ora flet p\u00ebr her\u00eb t\u00eb par\u00eb n\u00eb lidhje me Dua Lip\u00ebn\"}]},{\"@type\":\"WebSite\",\"@id\":\"https:\\\/\\\/blogin.al\\\/#website\",\"url\":\"https:\\\/\\\/blogin.al\\\/\",\"name\":\"blogin.al\",\"description\":\"\",\"publisher\":{\"@id\":\"https:\\\/\\\/blogin.al\\\/#organization\"},\"potentialAction\":[{\"@type\":\"SearchAction\",\"target\":{\"@type\":\"EntryPoint\",\"urlTemplate\":\"https:\\\/\\\/blogin.al\\\/?s={search_term_string}\"},\"query-input\":{\"@type\":\"PropertyValueSpecification\",\"valueRequired\":true,\"valueName\":\"search_term_string\"}}],\"inLanguage\":\"en-US\"},{\"@type\":\"Organization\",\"@id\":\"https:\\\/\\\/blogin.al\\\/#organization\",\"name\":\"BLOGIN.al\",\"url\":\"https:\\\/\\\/blogin.al\\\/\",\"logo\":{\"@type\":\"ImageObject\",\"inLanguage\":\"en-US\",\"@id\":\"https:\\\/\\\/blogin.al\\\/#\\\/schema\\\/logo\\\/image\\\/\",\"url\":\"https:\\\/\\\/blogin.al\\\/wp-content\\\/uploads\\\/2022\\\/05\\\/Untitled-2-01-e1652084456514.png\",\"contentUrl\":\"https:\\\/\\\/blogin.al\\\/wp-content\\\/uploads\\\/2022\\\/05\\\/Untitled-2-01-e1652084456514.png\",\"width\":3723,\"height\":1698,\"caption\":\"BLOGIN.al\"},\"image\":{\"@id\":\"https:\\\/\\\/blogin.al\\\/#\\\/schema\\\/logo\\\/image\\\/\"},\"sameAs\":[\"https:\\\/\\\/instagram.com\\\/blogin.al\\\/\"]},{\"@type\":\"Person\",\"@id\":\"https:\\\/\\\/blogin.al\\\/#\\\/schema\\\/person\\\/abdd56bc912cd511db877b852b115399\",\"name\":\"Blogin al\",\"image\":{\"@type\":\"ImageObject\",\"inLanguage\":\"en-US\",\"@id\":\"https:\\\/\\\/secure.gravatar.com\\\/avatar\\\/60d5661aee6e835fb13dc75d2204cd0c1d61bef2efd137c0083e59ef831e235e?s=96&d=mm&r=g\",\"url\":\"https:\\\/\\\/secure.gravatar.com\\\/avatar\\\/60d5661aee6e835fb13dc75d2204cd0c1d61bef2efd137c0083e59ef831e235e?s=96&d=mm&r=g\",\"contentUrl\":\"https:\\\/\\\/secure.gravatar.com\\\/avatar\\\/60d5661aee6e835fb13dc75d2204cd0c1d61bef2efd137c0083e59ef831e235e?s=96&d=mm&r=g\",\"caption\":\"Blogin al\"},\"sameAs\":[\"https:\\\/\\\/blogin.al\"],\"url\":\"https:\\\/\\\/blogin.al\\\/?author=2\"}]}<\/script>\n<!-- \/ Yoast SEO plugin. -->","yoast_head_json":{"title":"Rita Ora flet p\u00ebr her\u00eb t\u00eb par\u00eb n\u00eb lidhje me Dua Lip\u00ebn - blogin.al","robots":{"index":"index","follow":"follow","max-snippet":"max-snippet:-1","max-image-preview":"max-image-preview:large","max-video-preview":"max-video-preview:-1"},"canonical":"https:\/\/blogin.al\/?p=13887","og_locale":"en_US","og_type":"article","og_title":"Rita Ora flet p\u00ebr her\u00eb t\u00eb par\u00eb n\u00eb lidhje me Dua Lip\u00ebn - blogin.al","og_description":"Dua Lipa dhe Rita Ora jan\u00eb padyshim dy k\u00ebng\u00ebtaret shqiptare m\u00eb t\u00eb famshme nd\u00ebrkomb\u00ebtarisht, t\u00eb cilat po njohin \u00e7do dit\u00eb e m\u00eb shum\u00eb suksese. Raporti i tyre \u00ebsht\u00eb p\u00ebrfolur shpesh n\u00eb media, ku shpesh \u00ebsht\u00eb folur edhe p\u00ebr nj\u00eb z\u00ebnk\u00eb mes tyre. Pak or\u00eb para koncertit q\u00eb do t\u00eb mbaj\u00eb n\u00eb sheshin \u201cSk\u00ebnderbej\u201d, k\u00ebng\u00ebtarja me [&hellip;]","og_url":"https:\/\/blogin.al\/?p=13887","og_site_name":"blogin.al","article_published_time":"2022-09-06T10:33:20+00:00","og_image":[{"width":640,"height":333,"url":"https:\/\/blogin.al\/wp-content\/uploads\/2022\/09\/RITA-DUA.jpg","type":"image\/jpeg"}],"author":"Blogin al","twitter_card":"summary_large_image","twitter_misc":{"Written by":"Blogin al","Est. reading time":"2 minutes"},"schema":{"@context":"https:\/\/schema.org","@graph":[{"@type":"Article","@id":"https:\/\/blogin.al\/?p=13887#article","isPartOf":{"@id":"https:\/\/blogin.al\/?p=13887"},"author":{"name":"Blogin al","@id":"https:\/\/blogin.al\/#\/schema\/person\/abdd56bc912cd511db877b852b115399"},"headline":"Rita Ora flet p\u00ebr her\u00eb t\u00eb par\u00eb n\u00eb lidhje me Dua Lip\u00ebn","datePublished":"2022-09-06T10:33:20+00:00","mainEntityOfPage":{"@id":"https:\/\/blogin.al\/?p=13887"},"wordCount":405,"commentCount":0,"publisher":{"@id":"https:\/\/blogin.al\/#organization"},"image":{"@id":"https:\/\/blogin.al\/?p=13887#primaryimage"},"thumbnailUrl":"https:\/\/blogin.al\/wp-content\/uploads\/2022\/09\/RITA-DUA.jpg","articleSection":["SHOWBIZ"],"inLanguage":"en-US","potentialAction":[{"@type":"CommentAction","name":"Comment","target":["https:\/\/blogin.al\/?p=13887#respond"]}]},{"@type":"WebPage","@id":"https:\/\/blogin.al\/?p=13887","url":"https:\/\/blogin.al\/?p=13887","name":"Rita Ora flet p\u00ebr her\u00eb t\u00eb par\u00eb n\u00eb lidhje me Dua Lip\u00ebn - blogin.al","isPartOf":{"@id":"https:\/\/blogin.al\/#website"},"primaryImageOfPage":{"@id":"https:\/\/blogin.al\/?p=13887#primaryimage"},"image":{"@id":"https:\/\/blogin.al\/?p=13887#primaryimage"},"thumbnailUrl":"https:\/\/blogin.al\/wp-content\/uploads\/2022\/09\/RITA-DUA.jpg","datePublished":"2022-09-06T10:33:20+00:00","breadcrumb":{"@id":"https:\/\/blogin.al\/?p=13887#breadcrumb"},"inLanguage":"en-US","potentialAction":[{"@type":"ReadAction","target":["https:\/\/blogin.al\/?p=13887"]}]},{"@type":"ImageObject","inLanguage":"en-US","@id":"https:\/\/blogin.al\/?p=13887#primaryimage","url":"https:\/\/blogin.al\/wp-content\/uploads\/2022\/09\/RITA-DUA.jpg","contentUrl":"https:\/\/blogin.al\/wp-content\/uploads\/2022\/09\/RITA-DUA.jpg","width":640,"height":333},{"@type":"BreadcrumbList","@id":"https:\/\/blogin.al\/?p=13887#breadcrumb","itemListElement":[{"@type":"ListItem","position":1,"name":"Home","item":"https:\/\/blogin.al\/"},{"@type":"ListItem","position":2,"name":"Rita Ora flet p\u00ebr her\u00eb t\u00eb par\u00eb n\u00eb lidhje me Dua Lip\u00ebn"}]},{"@type":"WebSite","@id":"https:\/\/blogin.al\/#website","url":"https:\/\/blogin.al\/","name":"blogin.al","description":"","publisher":{"@id":"https:\/\/blogin.al\/#organization"},"potentialAction":[{"@type":"SearchAction","target":{"@type":"EntryPoint","urlTemplate":"https:\/\/blogin.al\/?s={search_term_string}"},"query-input":{"@type":"PropertyValueSpecification","valueRequired":true,"valueName":"search_term_string"}}],"inLanguage":"en-US"},{"@type":"Organization","@id":"https:\/\/blogin.al\/#organization","name":"BLOGIN.al","url":"https:\/\/blogin.al\/","logo":{"@type":"ImageObject","inLanguage":"en-US","@id":"https:\/\/blogin.al\/#\/schema\/logo\/image\/","url":"https:\/\/blogin.al\/wp-content\/uploads\/2022\/05\/Untitled-2-01-e1652084456514.png","contentUrl":"https:\/\/blogin.al\/wp-content\/uploads\/2022\/05\/Untitled-2-01-e1652084456514.png","width":3723,"height":1698,"caption":"BLOGIN.al"},"image":{"@id":"https:\/\/blogin.al\/#\/schema\/logo\/image\/"},"sameAs":["https:\/\/instagram.com\/blogin.al\/"]},{"@type":"Person","@id":"https:\/\/blogin.al\/#\/schema\/person\/abdd56bc912cd511db877b852b115399","name":"Blogin al","image":{"@type":"ImageObject","inLanguage":"en-US","@id":"https:\/\/secure.gravatar.com\/avatar\/60d5661aee6e835fb13dc75d2204cd0c1d61bef2efd137c0083e59ef831e235e?s=96&d=mm&r=g","url":"https:\/\/secure.gravatar.com\/avatar\/60d5661aee6e835fb13dc75d2204cd0c1d61bef2efd137c0083e59ef831e235e?s=96&d=mm&r=g","contentUrl":"https:\/\/secure.gravatar.com\/avatar\/60d5661aee6e835fb13dc75d2204cd0c1d61bef2efd137c0083e59ef831e235e?s=96&d=mm&r=g","caption":"Blogin al"},"sameAs":["https:\/\/blogin.al"],"url":"https:\/\/blogin.al\/?author=2"}]}},"_links":{"self":[{"href":"https:\/\/blogin.al\/index.php?rest_route=\/wp\/v2\/posts\/13887","targetHints":{"allow":["GET"]}}],"collection":[{"href":"https:\/\/blogin.al\/index.php?rest_route=\/wp\/v2\/posts"}],"about":[{"href":"https:\/\/blogin.al\/index.php?rest_route=\/wp\/v2\/types\/post"}],"author":[{"embeddable":true,"href":"https:\/\/blogin.al\/index.php?rest_route=\/wp\/v2\/users\/2"}],"replies":[{"embeddable":true,"href":"https:\/\/blogin.al\/index.php?rest_route=%2Fwp%2Fv2%2Fcomments&post=13887"}],"version-history":[{"count":1,"href":"https:\/\/blogin.al\/index.php?rest_route=\/wp\/v2\/posts\/13887\/revisions"}],"predecessor-version":[{"id":13889,"href":"https:\/\/blogin.al\/index.php?rest_route=\/wp\/v2\/posts\/13887\/revisions\/13889"}],"wp:featuredmedia":[{"embeddable":true,"href":"https:\/\/blogin.al\/index.php?rest_route=\/wp\/v2\/media\/13888"}],"wp:attachment":[{"href":"https:\/\/blogin.al\/index.php?rest_route=%2Fwp%2Fv2%2Fmedia&parent=13887"}],"wp:term":[{"taxonomy":"category","embeddable":true,"href":"https:\/\/blogin.al\/index.php?rest_route=%2Fwp%2Fv2%2Fcategories&post=13887"},{"taxonomy":"post_tag","embeddable":true,"href":"https:\/\/blogin.al\/index.php?rest_route=%2Fwp%2Fv2%2Ftags&post=13887"}],"curies":[{"name":"wp","href":"https:\/\/api.w.org\/{rel}","templated":true}]}}