{"id":13993,"date":"2022-09-08T10:39:22","date_gmt":"2022-09-08T10:39:22","guid":{"rendered":"https:\/\/blogin.al\/?p=13993"},"modified":"2022-09-08T10:39:25","modified_gmt":"2022-09-08T10:39:25","slug":"krize-ne-marredhenien-e-tom-brady-dhe-gisele-bundchen","status":"publish","type":"post","link":"https:\/\/blogin.al\/?p=13993","title":{"rendered":"Kriz\u00eb n\u00eb marr\u00ebdh\u00ebnien e Tom Brady dhe Gisele B\u00fcndchen!"},"content":{"rendered":"\n<p><strong>Tom Brady dhe Gisele B\u00fcndchen po p\u00ebrballen me nj\u00eb kriz\u00eb n\u00eb marr\u00ebdh\u00ebnien e tyre. Modelja \u00ebsht\u00eb larguar nga kompleksi i tyre familjar n\u00eb Tampa p\u00ebr n\u00eb Kosta Rika pas nj\u00eb debati t\u00eb ashp\u00ebr mes tyre mbi vendimin e Brady p\u00ebr t\u2019u t\u00ebrhequr nga NFL.<\/strong><\/p>\n\n\n\n<p><em>\u201cTom dhe Gisele jan\u00eb n\u00eb nj\u00eb debat tani\u201d,<\/em>&nbsp;thot\u00eb nj\u00eb burim p\u00ebr Page Six, duke shtuar se kjo ka ndodhur edhe m\u00eb par\u00eb me \u00e7iftin, por ata jan\u00eb ribashkuar gjithmon\u00eb.<\/p>\n\n\n\n<p>Lajmi vjen pasi qend\u00ebrmbrojt\u00ebsi i Buccaneers humbi 11 dit\u00eb nga st\u00ebrvitja n\u00eb muajin gusht. Kur u pyet p\u00ebr arsyen e \u201czhdukjes\u201d s\u00eb tij, ylli i sportit tha:<em>\u00a0\u201c\u00cbsht\u00eb gjith\u00e7ka personale\u2026 t\u00eb gjith\u00eb kan\u00eb situata t\u00eb ndryshme me t\u00eb cilat p\u00ebrballen. Ne t\u00eb gjith\u00eb kemi sfida v\u00ebrtet unike n\u00eb jet\u00ebn ton\u00eb. Un\u00eb jam burr\u00eb 45 vje\u00e7. Ka shum\u00eb gj\u00ebra q\u00eb po ndodhin.\u201d<\/em><\/p>\n\n\n\n<p>P\u00ebrfaq\u00ebsuesit e Brady dhe B\u00fcndchen, t\u00eb cil\u00ebt jan\u00eb prind\u00ebr t\u00eb f\u00ebmij\u00ebve Benjamin, 14, dhe Vivian, 9, , refuzuan t\u00eb komentojn\u00eb. Sportisi ka edhe nj\u00eb djal\u00eb 15-vje\u00e7ar, Jack me ish-in Bridget Moynahan.<\/p>\n\n\n\n<figure class=\"wp-block-image size-full is-style-default\"><img fetchpriority=\"high\" decoding=\"async\" width=\"500\" height=\"623\" src=\"https:\/\/blogin.al\/wp-content\/uploads\/2022\/09\/gisele2-500x623-1.jpg\" alt=\"\" class=\"wp-image-13994\" srcset=\"https:\/\/blogin.al\/wp-content\/uploads\/2022\/09\/gisele2-500x623-1.jpg 500w, https:\/\/blogin.al\/wp-content\/uploads\/2022\/09\/gisele2-500x623-1-241x300.jpg 241w, https:\/\/blogin.al\/wp-content\/uploads\/2022\/09\/gisele2-500x623-1-150x187.jpg 150w, https:\/\/blogin.al\/wp-content\/uploads\/2022\/09\/gisele2-500x623-1-300x374.jpg 300w\" sizes=\"(max-width: 500px) 100vw, 500px\" \/><\/figure>\n\n\n\n<p><em>\u201cKa pasur probleme n\u00eb martes\u00eb p\u00ebr vendimin e tij p\u00ebr t\u00eb hequr dor\u00eb nga pensioni. Gisele ka qen\u00eb gjithmon\u00eb me f\u00ebmij\u00ebt. Ata kishin r\u00ebnd\u00eb dakord q\u00eb ai do t\u00eb t\u00ebrhiqej p\u00ebr tu fokusuar tek familja, m\u00eb pas ndryshoi mendje\u201d,<\/em>\u00a0tha nj\u00eb burim.\u00a0<em>\u201cKan\u00eb marr\u00ebdh\u00ebnie t\u00eb zjarrt\u00eb. Gisele \u00ebsht\u00eb pak kok\u00ebfort\u00eb.\u201d<\/em><\/p>\n","protected":false},"excerpt":{"rendered":"<p>Tom Brady dhe Gisele B\u00fcndchen po p\u00ebrballen me nj\u00eb kriz\u00eb n\u00eb marr\u00ebdh\u00ebnien e tyre. Modelja \u00ebsht\u00eb larguar nga kompleksi i tyre familjar n\u00eb Tampa p\u00ebr n\u00eb Kosta Rika pas nj\u00eb debati t\u00eb ashp\u00ebr mes tyre mbi vendimin e Brady p\u00ebr t\u2019u t\u00ebrhequr nga NFL. \u201cTom dhe Gisele jan\u00eb n\u00eb nj\u00eb debat tani\u201d,&nbsp;thot\u00eb nj\u00eb burim p\u00ebr [&hellip;]<\/p>\n","protected":false},"author":2,"featured_media":13995,"comment_status":"open","ping_status":"open","sticky":false,"template":"","format":"standard","meta":{"footnotes":""},"categories":[33],"tags":[],"class_list":{"0":"post-13993","1":"post","2":"type-post","3":"status-publish","4":"format-standard","5":"has-post-thumbnail","7":"category-showbiz"},"yoast_head":"<!-- This site is optimized with the Yoast SEO plugin v27.5 - https:\/\/yoast.com\/product\/yoast-seo-wordpress\/ -->\n<title>Kriz\u00eb n\u00eb marr\u00ebdh\u00ebnien e Tom Brady dhe Gisele B\u00fcndchen! - blogin.al<\/title>\n<meta name=\"robots\" content=\"index, follow, max-snippet:-1, max-image-preview:large, max-video-preview:-1\" \/>\n<link rel=\"canonical\" href=\"https:\/\/blogin.al\/?p=13993\" \/>\n<meta property=\"og:locale\" content=\"en_US\" \/>\n<meta property=\"og:type\" content=\"article\" \/>\n<meta property=\"og:title\" content=\"Kriz\u00eb n\u00eb marr\u00ebdh\u00ebnien e Tom Brady dhe Gisele B\u00fcndchen! - blogin.al\" \/>\n<meta property=\"og:description\" content=\"Tom Brady dhe Gisele B\u00fcndchen po p\u00ebrballen me nj\u00eb kriz\u00eb n\u00eb marr\u00ebdh\u00ebnien e tyre. Modelja \u00ebsht\u00eb larguar nga kompleksi i tyre familjar n\u00eb Tampa p\u00ebr n\u00eb Kosta Rika pas nj\u00eb debati t\u00eb ashp\u00ebr mes tyre mbi vendimin e Brady p\u00ebr t\u2019u t\u00ebrhequr nga NFL. \u201cTom dhe Gisele jan\u00eb n\u00eb nj\u00eb debat tani\u201d,&nbsp;thot\u00eb nj\u00eb burim p\u00ebr [&hellip;]\" \/>\n<meta property=\"og:url\" content=\"https:\/\/blogin.al\/?p=13993\" \/>\n<meta property=\"og:site_name\" content=\"blogin.al\" \/>\n<meta property=\"article:published_time\" content=\"2022-09-08T10:39:22+00:00\" \/>\n<meta property=\"article:modified_time\" content=\"2022-09-08T10:39:25+00:00\" \/>\n<meta property=\"og:image\" content=\"https:\/\/blogin.al\/wp-content\/uploads\/2022\/09\/tom-gisel.webp\" \/>\n\t<meta property=\"og:image:width\" content=\"700\" \/>\n\t<meta property=\"og:image:height\" content=\"400\" \/>\n\t<meta property=\"og:image:type\" content=\"image\/webp\" \/>\n<meta name=\"author\" content=\"Blogin al\" \/>\n<meta name=\"twitter:card\" content=\"summary_large_image\" \/>\n<meta name=\"twitter:label1\" content=\"Written by\" \/>\n\t<meta name=\"twitter:data1\" content=\"Blogin al\" \/>\n\t<meta name=\"twitter:label2\" content=\"Est. reading time\" \/>\n\t<meta name=\"twitter:data2\" content=\"2 minutes\" \/>\n<script type=\"application\/ld+json\" class=\"yoast-schema-graph\">{\"@context\":\"https:\\\/\\\/schema.org\",\"@graph\":[{\"@type\":\"Article\",\"@id\":\"https:\\\/\\\/blogin.al\\\/?p=13993#article\",\"isPartOf\":{\"@id\":\"https:\\\/\\\/blogin.al\\\/?p=13993\"},\"author\":{\"name\":\"Blogin al\",\"@id\":\"https:\\\/\\\/blogin.al\\\/#\\\/schema\\\/person\\\/abdd56bc912cd511db877b852b115399\"},\"headline\":\"Kriz\u00eb n\u00eb marr\u00ebdh\u00ebnien e Tom Brady dhe Gisele B\u00fcndchen!\",\"datePublished\":\"2022-09-08T10:39:22+00:00\",\"dateModified\":\"2022-09-08T10:39:25+00:00\",\"mainEntityOfPage\":{\"@id\":\"https:\\\/\\\/blogin.al\\\/?p=13993\"},\"wordCount\":261,\"commentCount\":0,\"publisher\":{\"@id\":\"https:\\\/\\\/blogin.al\\\/#organization\"},\"image\":{\"@id\":\"https:\\\/\\\/blogin.al\\\/?p=13993#primaryimage\"},\"thumbnailUrl\":\"https:\\\/\\\/blogin.al\\\/wp-content\\\/uploads\\\/2022\\\/09\\\/tom-gisel.webp\",\"articleSection\":[\"SHOWBIZ\"],\"inLanguage\":\"en-US\",\"potentialAction\":[{\"@type\":\"CommentAction\",\"name\":\"Comment\",\"target\":[\"https:\\\/\\\/blogin.al\\\/?p=13993#respond\"]}]},{\"@type\":\"WebPage\",\"@id\":\"https:\\\/\\\/blogin.al\\\/?p=13993\",\"url\":\"https:\\\/\\\/blogin.al\\\/?p=13993\",\"name\":\"Kriz\u00eb n\u00eb marr\u00ebdh\u00ebnien e Tom Brady dhe Gisele B\u00fcndchen! - blogin.al\",\"isPartOf\":{\"@id\":\"https:\\\/\\\/blogin.al\\\/#website\"},\"primaryImageOfPage\":{\"@id\":\"https:\\\/\\\/blogin.al\\\/?p=13993#primaryimage\"},\"image\":{\"@id\":\"https:\\\/\\\/blogin.al\\\/?p=13993#primaryimage\"},\"thumbnailUrl\":\"https:\\\/\\\/blogin.al\\\/wp-content\\\/uploads\\\/2022\\\/09\\\/tom-gisel.webp\",\"datePublished\":\"2022-09-08T10:39:22+00:00\",\"dateModified\":\"2022-09-08T10:39:25+00:00\",\"breadcrumb\":{\"@id\":\"https:\\\/\\\/blogin.al\\\/?p=13993#breadcrumb\"},\"inLanguage\":\"en-US\",\"potentialAction\":[{\"@type\":\"ReadAction\",\"target\":[\"https:\\\/\\\/blogin.al\\\/?p=13993\"]}]},{\"@type\":\"ImageObject\",\"inLanguage\":\"en-US\",\"@id\":\"https:\\\/\\\/blogin.al\\\/?p=13993#primaryimage\",\"url\":\"https:\\\/\\\/blogin.al\\\/wp-content\\\/uploads\\\/2022\\\/09\\\/tom-gisel.webp\",\"contentUrl\":\"https:\\\/\\\/blogin.al\\\/wp-content\\\/uploads\\\/2022\\\/09\\\/tom-gisel.webp\",\"width\":700,\"height\":400},{\"@type\":\"BreadcrumbList\",\"@id\":\"https:\\\/\\\/blogin.al\\\/?p=13993#breadcrumb\",\"itemListElement\":[{\"@type\":\"ListItem\",\"position\":1,\"name\":\"Home\",\"item\":\"https:\\\/\\\/blogin.al\\\/\"},{\"@type\":\"ListItem\",\"position\":2,\"name\":\"Kriz\u00eb n\u00eb marr\u00ebdh\u00ebnien e Tom Brady dhe Gisele B\u00fcndchen!\"}]},{\"@type\":\"WebSite\",\"@id\":\"https:\\\/\\\/blogin.al\\\/#website\",\"url\":\"https:\\\/\\\/blogin.al\\\/\",\"name\":\"blogin.al\",\"description\":\"\",\"publisher\":{\"@id\":\"https:\\\/\\\/blogin.al\\\/#organization\"},\"potentialAction\":[{\"@type\":\"SearchAction\",\"target\":{\"@type\":\"EntryPoint\",\"urlTemplate\":\"https:\\\/\\\/blogin.al\\\/?s={search_term_string}\"},\"query-input\":{\"@type\":\"PropertyValueSpecification\",\"valueRequired\":true,\"valueName\":\"search_term_string\"}}],\"inLanguage\":\"en-US\"},{\"@type\":\"Organization\",\"@id\":\"https:\\\/\\\/blogin.al\\\/#organization\",\"name\":\"BLOGIN.al\",\"url\":\"https:\\\/\\\/blogin.al\\\/\",\"logo\":{\"@type\":\"ImageObject\",\"inLanguage\":\"en-US\",\"@id\":\"https:\\\/\\\/blogin.al\\\/#\\\/schema\\\/logo\\\/image\\\/\",\"url\":\"https:\\\/\\\/blogin.al\\\/wp-content\\\/uploads\\\/2022\\\/05\\\/Untitled-2-01-e1652084456514.png\",\"contentUrl\":\"https:\\\/\\\/blogin.al\\\/wp-content\\\/uploads\\\/2022\\\/05\\\/Untitled-2-01-e1652084456514.png\",\"width\":3723,\"height\":1698,\"caption\":\"BLOGIN.al\"},\"image\":{\"@id\":\"https:\\\/\\\/blogin.al\\\/#\\\/schema\\\/logo\\\/image\\\/\"},\"sameAs\":[\"https:\\\/\\\/instagram.com\\\/blogin.al\\\/\"]},{\"@type\":\"Person\",\"@id\":\"https:\\\/\\\/blogin.al\\\/#\\\/schema\\\/person\\\/abdd56bc912cd511db877b852b115399\",\"name\":\"Blogin al\",\"image\":{\"@type\":\"ImageObject\",\"inLanguage\":\"en-US\",\"@id\":\"https:\\\/\\\/secure.gravatar.com\\\/avatar\\\/60d5661aee6e835fb13dc75d2204cd0c1d61bef2efd137c0083e59ef831e235e?s=96&d=mm&r=g\",\"url\":\"https:\\\/\\\/secure.gravatar.com\\\/avatar\\\/60d5661aee6e835fb13dc75d2204cd0c1d61bef2efd137c0083e59ef831e235e?s=96&d=mm&r=g\",\"contentUrl\":\"https:\\\/\\\/secure.gravatar.com\\\/avatar\\\/60d5661aee6e835fb13dc75d2204cd0c1d61bef2efd137c0083e59ef831e235e?s=96&d=mm&r=g\",\"caption\":\"Blogin al\"},\"sameAs\":[\"https:\\\/\\\/blogin.al\"],\"url\":\"https:\\\/\\\/blogin.al\\\/?author=2\"}]}<\/script>\n<!-- \/ Yoast SEO plugin. -->","yoast_head_json":{"title":"Kriz\u00eb n\u00eb marr\u00ebdh\u00ebnien e Tom Brady dhe Gisele B\u00fcndchen! - blogin.al","robots":{"index":"index","follow":"follow","max-snippet":"max-snippet:-1","max-image-preview":"max-image-preview:large","max-video-preview":"max-video-preview:-1"},"canonical":"https:\/\/blogin.al\/?p=13993","og_locale":"en_US","og_type":"article","og_title":"Kriz\u00eb n\u00eb marr\u00ebdh\u00ebnien e Tom Brady dhe Gisele B\u00fcndchen! - blogin.al","og_description":"Tom Brady dhe Gisele B\u00fcndchen po p\u00ebrballen me nj\u00eb kriz\u00eb n\u00eb marr\u00ebdh\u00ebnien e tyre. Modelja \u00ebsht\u00eb larguar nga kompleksi i tyre familjar n\u00eb Tampa p\u00ebr n\u00eb Kosta Rika pas nj\u00eb debati t\u00eb ashp\u00ebr mes tyre mbi vendimin e Brady p\u00ebr t\u2019u t\u00ebrhequr nga NFL. \u201cTom dhe Gisele jan\u00eb n\u00eb nj\u00eb debat tani\u201d,&nbsp;thot\u00eb nj\u00eb burim p\u00ebr [&hellip;]","og_url":"https:\/\/blogin.al\/?p=13993","og_site_name":"blogin.al","article_published_time":"2022-09-08T10:39:22+00:00","article_modified_time":"2022-09-08T10:39:25+00:00","og_image":[{"width":700,"height":400,"url":"https:\/\/blogin.al\/wp-content\/uploads\/2022\/09\/tom-gisel.webp","type":"image\/webp"}],"author":"Blogin al","twitter_card":"summary_large_image","twitter_misc":{"Written by":"Blogin al","Est. reading time":"2 minutes"},"schema":{"@context":"https:\/\/schema.org","@graph":[{"@type":"Article","@id":"https:\/\/blogin.al\/?p=13993#article","isPartOf":{"@id":"https:\/\/blogin.al\/?p=13993"},"author":{"name":"Blogin al","@id":"https:\/\/blogin.al\/#\/schema\/person\/abdd56bc912cd511db877b852b115399"},"headline":"Kriz\u00eb n\u00eb marr\u00ebdh\u00ebnien e Tom Brady dhe Gisele B\u00fcndchen!","datePublished":"2022-09-08T10:39:22+00:00","dateModified":"2022-09-08T10:39:25+00:00","mainEntityOfPage":{"@id":"https:\/\/blogin.al\/?p=13993"},"wordCount":261,"commentCount":0,"publisher":{"@id":"https:\/\/blogin.al\/#organization"},"image":{"@id":"https:\/\/blogin.al\/?p=13993#primaryimage"},"thumbnailUrl":"https:\/\/blogin.al\/wp-content\/uploads\/2022\/09\/tom-gisel.webp","articleSection":["SHOWBIZ"],"inLanguage":"en-US","potentialAction":[{"@type":"CommentAction","name":"Comment","target":["https:\/\/blogin.al\/?p=13993#respond"]}]},{"@type":"WebPage","@id":"https:\/\/blogin.al\/?p=13993","url":"https:\/\/blogin.al\/?p=13993","name":"Kriz\u00eb n\u00eb marr\u00ebdh\u00ebnien e Tom Brady dhe Gisele B\u00fcndchen! - blogin.al","isPartOf":{"@id":"https:\/\/blogin.al\/#website"},"primaryImageOfPage":{"@id":"https:\/\/blogin.al\/?p=13993#primaryimage"},"image":{"@id":"https:\/\/blogin.al\/?p=13993#primaryimage"},"thumbnailUrl":"https:\/\/blogin.al\/wp-content\/uploads\/2022\/09\/tom-gisel.webp","datePublished":"2022-09-08T10:39:22+00:00","dateModified":"2022-09-08T10:39:25+00:00","breadcrumb":{"@id":"https:\/\/blogin.al\/?p=13993#breadcrumb"},"inLanguage":"en-US","potentialAction":[{"@type":"ReadAction","target":["https:\/\/blogin.al\/?p=13993"]}]},{"@type":"ImageObject","inLanguage":"en-US","@id":"https:\/\/blogin.al\/?p=13993#primaryimage","url":"https:\/\/blogin.al\/wp-content\/uploads\/2022\/09\/tom-gisel.webp","contentUrl":"https:\/\/blogin.al\/wp-content\/uploads\/2022\/09\/tom-gisel.webp","width":700,"height":400},{"@type":"BreadcrumbList","@id":"https:\/\/blogin.al\/?p=13993#breadcrumb","itemListElement":[{"@type":"ListItem","position":1,"name":"Home","item":"https:\/\/blogin.al\/"},{"@type":"ListItem","position":2,"name":"Kriz\u00eb n\u00eb marr\u00ebdh\u00ebnien e Tom Brady dhe Gisele B\u00fcndchen!"}]},{"@type":"WebSite","@id":"https:\/\/blogin.al\/#website","url":"https:\/\/blogin.al\/","name":"blogin.al","description":"","publisher":{"@id":"https:\/\/blogin.al\/#organization"},"potentialAction":[{"@type":"SearchAction","target":{"@type":"EntryPoint","urlTemplate":"https:\/\/blogin.al\/?s={search_term_string}"},"query-input":{"@type":"PropertyValueSpecification","valueRequired":true,"valueName":"search_term_string"}}],"inLanguage":"en-US"},{"@type":"Organization","@id":"https:\/\/blogin.al\/#organization","name":"BLOGIN.al","url":"https:\/\/blogin.al\/","logo":{"@type":"ImageObject","inLanguage":"en-US","@id":"https:\/\/blogin.al\/#\/schema\/logo\/image\/","url":"https:\/\/blogin.al\/wp-content\/uploads\/2022\/05\/Untitled-2-01-e1652084456514.png","contentUrl":"https:\/\/blogin.al\/wp-content\/uploads\/2022\/05\/Untitled-2-01-e1652084456514.png","width":3723,"height":1698,"caption":"BLOGIN.al"},"image":{"@id":"https:\/\/blogin.al\/#\/schema\/logo\/image\/"},"sameAs":["https:\/\/instagram.com\/blogin.al\/"]},{"@type":"Person","@id":"https:\/\/blogin.al\/#\/schema\/person\/abdd56bc912cd511db877b852b115399","name":"Blogin al","image":{"@type":"ImageObject","inLanguage":"en-US","@id":"https:\/\/secure.gravatar.com\/avatar\/60d5661aee6e835fb13dc75d2204cd0c1d61bef2efd137c0083e59ef831e235e?s=96&d=mm&r=g","url":"https:\/\/secure.gravatar.com\/avatar\/60d5661aee6e835fb13dc75d2204cd0c1d61bef2efd137c0083e59ef831e235e?s=96&d=mm&r=g","contentUrl":"https:\/\/secure.gravatar.com\/avatar\/60d5661aee6e835fb13dc75d2204cd0c1d61bef2efd137c0083e59ef831e235e?s=96&d=mm&r=g","caption":"Blogin al"},"sameAs":["https:\/\/blogin.al"],"url":"https:\/\/blogin.al\/?author=2"}]}},"_links":{"self":[{"href":"https:\/\/blogin.al\/index.php?rest_route=\/wp\/v2\/posts\/13993","targetHints":{"allow":["GET"]}}],"collection":[{"href":"https:\/\/blogin.al\/index.php?rest_route=\/wp\/v2\/posts"}],"about":[{"href":"https:\/\/blogin.al\/index.php?rest_route=\/wp\/v2\/types\/post"}],"author":[{"embeddable":true,"href":"https:\/\/blogin.al\/index.php?rest_route=\/wp\/v2\/users\/2"}],"replies":[{"embeddable":true,"href":"https:\/\/blogin.al\/index.php?rest_route=%2Fwp%2Fv2%2Fcomments&post=13993"}],"version-history":[{"count":1,"href":"https:\/\/blogin.al\/index.php?rest_route=\/wp\/v2\/posts\/13993\/revisions"}],"predecessor-version":[{"id":13996,"href":"https:\/\/blogin.al\/index.php?rest_route=\/wp\/v2\/posts\/13993\/revisions\/13996"}],"wp:featuredmedia":[{"embeddable":true,"href":"https:\/\/blogin.al\/index.php?rest_route=\/wp\/v2\/media\/13995"}],"wp:attachment":[{"href":"https:\/\/blogin.al\/index.php?rest_route=%2Fwp%2Fv2%2Fmedia&parent=13993"}],"wp:term":[{"taxonomy":"category","embeddable":true,"href":"https:\/\/blogin.al\/index.php?rest_route=%2Fwp%2Fv2%2Fcategories&post=13993"},{"taxonomy":"post_tag","embeddable":true,"href":"https:\/\/blogin.al\/index.php?rest_route=%2Fwp%2Fv2%2Ftags&post=13993"}],"curies":[{"name":"wp","href":"https:\/\/api.w.org\/{rel}","templated":true}]}}