{"id":14012,"date":"2022-09-08T11:28:30","date_gmt":"2022-09-08T11:28:30","guid":{"rendered":"https:\/\/blogin.al\/?p=14012"},"modified":"2022-09-08T11:28:32","modified_gmt":"2022-09-08T11:28:32","slug":"ne-shtepi-fama-e-saj-mbyllet-rrefimi-i-vecante-i-vera-ores-per-rita-oren","status":"publish","type":"post","link":"https:\/\/blogin.al\/?p=14012","title":{"rendered":"\u201cN\u00eb sht\u00ebpi fama e saj mbyllet\u201d\/ Rr\u00ebfimi i ve\u00e7ant\u00eb i Vera Or\u00ebs per Rita Oren"},"content":{"rendered":"\n<p>Vera Ora, mamaja e Rit\u00ebs n\u00eb nj\u00eb intervist\u00eb p\u00ebr \u201cEuronews Albania\u201d ka rr\u00ebfyer emocionet e saj teksa ndiqte koncertin e s\u00eb bij\u00ebs n\u00eb Tiran\u00eb, fillimet e karrier\u00ebs s\u00eb saj, madje edhe si \u00ebsht\u00eb Rita brenda mureve t\u00eb sht\u00ebpis\u00eb.<\/p>\n\n\n\n<p><strong>\u201cRita b\u00ebn shum\u00eb performanca dhe secila \u00ebsht\u00eb shum\u00eb interesante, por n\u00eb Shqip\u00ebri \u00ebsht\u00eb speciale p\u00ebr ne si familje edhe p\u00ebr Rit\u00ebn sepse ajo e din q\u00eb \u00ebsht\u00eb n\u00eb nj\u00eb vend q\u00eb njer\u00ebzit e duan dhe e ka at\u00eb sinqeritetin q\u00eb t\u00eb shprehet shum\u00eb m\u00eb leht\u00eb dhe e ndjen af\u00ebrsin\u00eb, kjo performanc\u00eb ka qen\u00eb shum\u00eb eksplozive dhe me energjin\u00eb e saj\u201d,<\/strong>\u2013 u shpreh fillimisht Vera.<\/p>\n\n\n\n<p>Fillimet e karrier\u00ebs n\u00eb muzik\u00eb t\u00eb autores s\u00eb hitit \u201cYour Song\u201d, nuk jan\u00eb shum\u00eb t\u00eb ndryshme nga nj\u00eb pjes\u00eb e madhe e artistave t\u00eb tjer\u00eb.<\/p>\n\n\n\n<p>Mamaja e Rit\u00ebs u shpreh se shkak i angazhimeve t\u00eb saj, ajo nuk e kishte dalluar talentin e vajz\u00ebs. Rita u pikas n\u00eb nj\u00eb shfaqje t\u00eb shkoll\u00eb.<\/p>\n\n\n\n<p><strong>\u201cE mor\u00ebn n\u00eb nj\u00eb prezantim t\u00eb shkoll\u00ebs p\u00ebr fest\u00ebn e Krishtlindjeve dhe kishte marr nj\u00eb rol kryesor n\u00eb k\u00ebndimin n\u00eb shfaqje. Un\u00eb e kam pasur djalin shum\u00eb t\u00eb vog\u00ebl, 6 muajsh dhe kur ik\u00ebm atje i them bashk\u00ebshortit \u2018Besnik kjo k\u00ebndon shum\u00eb mir\u00eb\u2019. Un\u00eb u befasova\u201d, shtoi n\u00ebna e artistes.<\/strong><\/p>\n\n\n\n<p>Ky ishte hapi i par\u00eb i Or\u00ebs n\u00eb muzik\u00eb, p\u00ebr t\u00eb mos ndaluar m\u00eb pas duke u angazhuar n\u00eb korin e shkoll\u00ebs dhe fill pas k\u00ebsaj duke marr\u00eb pjes\u00eb n\u00eb nj\u00eb audicion p\u00ebr nj\u00eb shkoll\u00eb muzike, t\u00eb cilin e fitoi.<\/p>\n\n\n\n<p>Megjith\u00ebse at\u00eb e njeh e gjith\u00eb bota dhe g\u00ebzon nj\u00eb num\u00ebr t\u00eb madh adhuruesish, Rita \u00ebsht\u00eb nj\u00eb vajz\u00eb e thjesht\u00eb dhe sillet e barabart\u00eb n\u00eb familje duke ndar\u00eb edhe pun\u00ebt. Vera Ora n\u00eb profesion psikologe, tregoi se ylli shqiptar p\u00ebrpiqet t\u2019i ndihmoj\u00eb t\u00eb gjith\u00eb.<\/p>\n\n\n\n<p><strong>\u201cRita tani kujdeset p\u00ebr neve, p\u00ebr motr\u00ebn, v\u00ebllain dhe rrethin e saj. Kur Rita vjen n\u00eb sht\u00ebpi fama e saj mbyllet, nuk ka dallim mes f\u00ebmij\u00ebve t\u00eb tjer\u00eb, duhet t\u2019i laj\u00eb en\u00ebt, banj\u00ebn ta pastroj, \u00ebsht\u00eb e kuptueshme, ajo e g\u00ebzon thjesht\u00ebsie q\u00eb familja i sjell, i duket m\u00eb normale se at\u00eb q\u00eb ka pun\u00eb. Un\u00eb i them Rit\u00ebs q\u00eb t\u00eb gjith\u00eb jemi yje n\u00eb profesionin ton\u00eb, ti e b\u00ebn n\u00eb publike por t\u00eb gjith\u00eb jemi t\u00eb nj\u00ebjt\u00eb\u201d<\/strong>,-p\u00ebrfundoi n\u00ebna e Rita Or\u00ebs<\/p>\n","protected":false},"excerpt":{"rendered":"<p>Vera Ora, mamaja e Rit\u00ebs n\u00eb nj\u00eb intervist\u00eb p\u00ebr \u201cEuronews Albania\u201d ka rr\u00ebfyer emocionet e saj teksa ndiqte koncertin e s\u00eb bij\u00ebs n\u00eb Tiran\u00eb, fillimet e karrier\u00ebs s\u00eb saj, madje edhe si \u00ebsht\u00eb Rita brenda mureve t\u00eb sht\u00ebpis\u00eb. \u201cRita b\u00ebn shum\u00eb performanca dhe secila \u00ebsht\u00eb shum\u00eb interesante, por n\u00eb Shqip\u00ebri \u00ebsht\u00eb speciale p\u00ebr ne si [&hellip;]<\/p>\n","protected":false},"author":2,"featured_media":14013,"comment_status":"open","ping_status":"open","sticky":false,"template":"","format":"standard","meta":{"footnotes":""},"categories":[33],"tags":[],"class_list":{"0":"post-14012","1":"post","2":"type-post","3":"status-publish","4":"format-standard","5":"has-post-thumbnail","7":"category-showbiz"},"yoast_head":"<!-- This site is optimized with the Yoast SEO plugin v27.5 - https:\/\/yoast.com\/product\/yoast-seo-wordpress\/ -->\n<title>\u201cN\u00eb sht\u00ebpi fama e saj mbyllet\u201d\/ Rr\u00ebfimi i ve\u00e7ant\u00eb i Vera Or\u00ebs per Rita Oren - blogin.al<\/title>\n<meta name=\"robots\" content=\"index, follow, max-snippet:-1, max-image-preview:large, max-video-preview:-1\" \/>\n<link rel=\"canonical\" href=\"https:\/\/blogin.al\/?p=14012\" \/>\n<meta property=\"og:locale\" content=\"en_US\" \/>\n<meta property=\"og:type\" content=\"article\" \/>\n<meta property=\"og:title\" content=\"\u201cN\u00eb sht\u00ebpi fama e saj mbyllet\u201d\/ Rr\u00ebfimi i ve\u00e7ant\u00eb i Vera Or\u00ebs per Rita Oren - blogin.al\" \/>\n<meta property=\"og:description\" content=\"Vera Ora, mamaja e Rit\u00ebs n\u00eb nj\u00eb intervist\u00eb p\u00ebr \u201cEuronews Albania\u201d ka rr\u00ebfyer emocionet e saj teksa ndiqte koncertin e s\u00eb bij\u00ebs n\u00eb Tiran\u00eb, fillimet e karrier\u00ebs s\u00eb saj, madje edhe si \u00ebsht\u00eb Rita brenda mureve t\u00eb sht\u00ebpis\u00eb. \u201cRita b\u00ebn shum\u00eb performanca dhe secila \u00ebsht\u00eb shum\u00eb interesante, por n\u00eb Shqip\u00ebri \u00ebsht\u00eb speciale p\u00ebr ne si [&hellip;]\" \/>\n<meta property=\"og:url\" content=\"https:\/\/blogin.al\/?p=14012\" \/>\n<meta property=\"og:site_name\" content=\"blogin.al\" \/>\n<meta property=\"article:published_time\" content=\"2022-09-08T11:28:30+00:00\" \/>\n<meta property=\"article:modified_time\" content=\"2022-09-08T11:28:32+00:00\" \/>\n<meta property=\"og:image\" content=\"https:\/\/blogin.al\/wp-content\/uploads\/2022\/09\/rita-vera-scaled.jpg\" \/>\n\t<meta property=\"og:image:width\" content=\"1919\" \/>\n\t<meta property=\"og:image:height\" content=\"2560\" \/>\n\t<meta property=\"og:image:type\" content=\"image\/jpeg\" \/>\n<meta name=\"author\" content=\"Blogin al\" \/>\n<meta name=\"twitter:card\" content=\"summary_large_image\" \/>\n<meta name=\"twitter:label1\" content=\"Written by\" \/>\n\t<meta name=\"twitter:data1\" content=\"Blogin al\" \/>\n\t<meta name=\"twitter:label2\" content=\"Est. reading time\" \/>\n\t<meta name=\"twitter:data2\" content=\"2 minutes\" \/>\n<script type=\"application\/ld+json\" class=\"yoast-schema-graph\">{\"@context\":\"https:\\\/\\\/schema.org\",\"@graph\":[{\"@type\":\"Article\",\"@id\":\"https:\\\/\\\/blogin.al\\\/?p=14012#article\",\"isPartOf\":{\"@id\":\"https:\\\/\\\/blogin.al\\\/?p=14012\"},\"author\":{\"name\":\"Blogin al\",\"@id\":\"https:\\\/\\\/blogin.al\\\/#\\\/schema\\\/person\\\/abdd56bc912cd511db877b852b115399\"},\"headline\":\"\u201cN\u00eb sht\u00ebpi fama e saj mbyllet\u201d\\\/ Rr\u00ebfimi i ve\u00e7ant\u00eb i Vera Or\u00ebs per Rita Oren\",\"datePublished\":\"2022-09-08T11:28:30+00:00\",\"dateModified\":\"2022-09-08T11:28:32+00:00\",\"mainEntityOfPage\":{\"@id\":\"https:\\\/\\\/blogin.al\\\/?p=14012\"},\"wordCount\":444,\"commentCount\":0,\"publisher\":{\"@id\":\"https:\\\/\\\/blogin.al\\\/#organization\"},\"image\":{\"@id\":\"https:\\\/\\\/blogin.al\\\/?p=14012#primaryimage\"},\"thumbnailUrl\":\"https:\\\/\\\/blogin.al\\\/wp-content\\\/uploads\\\/2022\\\/09\\\/rita-vera-scaled.jpg\",\"articleSection\":[\"SHOWBIZ\"],\"inLanguage\":\"en-US\",\"potentialAction\":[{\"@type\":\"CommentAction\",\"name\":\"Comment\",\"target\":[\"https:\\\/\\\/blogin.al\\\/?p=14012#respond\"]}]},{\"@type\":\"WebPage\",\"@id\":\"https:\\\/\\\/blogin.al\\\/?p=14012\",\"url\":\"https:\\\/\\\/blogin.al\\\/?p=14012\",\"name\":\"\u201cN\u00eb sht\u00ebpi fama e saj mbyllet\u201d\\\/ Rr\u00ebfimi i ve\u00e7ant\u00eb i Vera Or\u00ebs per Rita Oren - blogin.al\",\"isPartOf\":{\"@id\":\"https:\\\/\\\/blogin.al\\\/#website\"},\"primaryImageOfPage\":{\"@id\":\"https:\\\/\\\/blogin.al\\\/?p=14012#primaryimage\"},\"image\":{\"@id\":\"https:\\\/\\\/blogin.al\\\/?p=14012#primaryimage\"},\"thumbnailUrl\":\"https:\\\/\\\/blogin.al\\\/wp-content\\\/uploads\\\/2022\\\/09\\\/rita-vera-scaled.jpg\",\"datePublished\":\"2022-09-08T11:28:30+00:00\",\"dateModified\":\"2022-09-08T11:28:32+00:00\",\"breadcrumb\":{\"@id\":\"https:\\\/\\\/blogin.al\\\/?p=14012#breadcrumb\"},\"inLanguage\":\"en-US\",\"potentialAction\":[{\"@type\":\"ReadAction\",\"target\":[\"https:\\\/\\\/blogin.al\\\/?p=14012\"]}]},{\"@type\":\"ImageObject\",\"inLanguage\":\"en-US\",\"@id\":\"https:\\\/\\\/blogin.al\\\/?p=14012#primaryimage\",\"url\":\"https:\\\/\\\/blogin.al\\\/wp-content\\\/uploads\\\/2022\\\/09\\\/rita-vera-scaled.jpg\",\"contentUrl\":\"https:\\\/\\\/blogin.al\\\/wp-content\\\/uploads\\\/2022\\\/09\\\/rita-vera-scaled.jpg\",\"width\":1919,\"height\":2560},{\"@type\":\"BreadcrumbList\",\"@id\":\"https:\\\/\\\/blogin.al\\\/?p=14012#breadcrumb\",\"itemListElement\":[{\"@type\":\"ListItem\",\"position\":1,\"name\":\"Home\",\"item\":\"https:\\\/\\\/blogin.al\\\/\"},{\"@type\":\"ListItem\",\"position\":2,\"name\":\"\u201cN\u00eb sht\u00ebpi fama e saj mbyllet\u201d\\\/ Rr\u00ebfimi i ve\u00e7ant\u00eb i Vera Or\u00ebs per Rita Oren\"}]},{\"@type\":\"WebSite\",\"@id\":\"https:\\\/\\\/blogin.al\\\/#website\",\"url\":\"https:\\\/\\\/blogin.al\\\/\",\"name\":\"blogin.al\",\"description\":\"\",\"publisher\":{\"@id\":\"https:\\\/\\\/blogin.al\\\/#organization\"},\"potentialAction\":[{\"@type\":\"SearchAction\",\"target\":{\"@type\":\"EntryPoint\",\"urlTemplate\":\"https:\\\/\\\/blogin.al\\\/?s={search_term_string}\"},\"query-input\":{\"@type\":\"PropertyValueSpecification\",\"valueRequired\":true,\"valueName\":\"search_term_string\"}}],\"inLanguage\":\"en-US\"},{\"@type\":\"Organization\",\"@id\":\"https:\\\/\\\/blogin.al\\\/#organization\",\"name\":\"BLOGIN.al\",\"url\":\"https:\\\/\\\/blogin.al\\\/\",\"logo\":{\"@type\":\"ImageObject\",\"inLanguage\":\"en-US\",\"@id\":\"https:\\\/\\\/blogin.al\\\/#\\\/schema\\\/logo\\\/image\\\/\",\"url\":\"https:\\\/\\\/blogin.al\\\/wp-content\\\/uploads\\\/2022\\\/05\\\/Untitled-2-01-e1652084456514.png\",\"contentUrl\":\"https:\\\/\\\/blogin.al\\\/wp-content\\\/uploads\\\/2022\\\/05\\\/Untitled-2-01-e1652084456514.png\",\"width\":3723,\"height\":1698,\"caption\":\"BLOGIN.al\"},\"image\":{\"@id\":\"https:\\\/\\\/blogin.al\\\/#\\\/schema\\\/logo\\\/image\\\/\"},\"sameAs\":[\"https:\\\/\\\/instagram.com\\\/blogin.al\\\/\"]},{\"@type\":\"Person\",\"@id\":\"https:\\\/\\\/blogin.al\\\/#\\\/schema\\\/person\\\/abdd56bc912cd511db877b852b115399\",\"name\":\"Blogin al\",\"image\":{\"@type\":\"ImageObject\",\"inLanguage\":\"en-US\",\"@id\":\"https:\\\/\\\/secure.gravatar.com\\\/avatar\\\/60d5661aee6e835fb13dc75d2204cd0c1d61bef2efd137c0083e59ef831e235e?s=96&d=mm&r=g\",\"url\":\"https:\\\/\\\/secure.gravatar.com\\\/avatar\\\/60d5661aee6e835fb13dc75d2204cd0c1d61bef2efd137c0083e59ef831e235e?s=96&d=mm&r=g\",\"contentUrl\":\"https:\\\/\\\/secure.gravatar.com\\\/avatar\\\/60d5661aee6e835fb13dc75d2204cd0c1d61bef2efd137c0083e59ef831e235e?s=96&d=mm&r=g\",\"caption\":\"Blogin al\"},\"sameAs\":[\"https:\\\/\\\/blogin.al\"],\"url\":\"https:\\\/\\\/blogin.al\\\/?author=2\"}]}<\/script>\n<!-- \/ Yoast SEO plugin. -->","yoast_head_json":{"title":"\u201cN\u00eb sht\u00ebpi fama e saj mbyllet\u201d\/ Rr\u00ebfimi i ve\u00e7ant\u00eb i Vera Or\u00ebs per Rita Oren - blogin.al","robots":{"index":"index","follow":"follow","max-snippet":"max-snippet:-1","max-image-preview":"max-image-preview:large","max-video-preview":"max-video-preview:-1"},"canonical":"https:\/\/blogin.al\/?p=14012","og_locale":"en_US","og_type":"article","og_title":"\u201cN\u00eb sht\u00ebpi fama e saj mbyllet\u201d\/ Rr\u00ebfimi i ve\u00e7ant\u00eb i Vera Or\u00ebs per Rita Oren - blogin.al","og_description":"Vera Ora, mamaja e Rit\u00ebs n\u00eb nj\u00eb intervist\u00eb p\u00ebr \u201cEuronews Albania\u201d ka rr\u00ebfyer emocionet e saj teksa ndiqte koncertin e s\u00eb bij\u00ebs n\u00eb Tiran\u00eb, fillimet e karrier\u00ebs s\u00eb saj, madje edhe si \u00ebsht\u00eb Rita brenda mureve t\u00eb sht\u00ebpis\u00eb. \u201cRita b\u00ebn shum\u00eb performanca dhe secila \u00ebsht\u00eb shum\u00eb interesante, por n\u00eb Shqip\u00ebri \u00ebsht\u00eb speciale p\u00ebr ne si [&hellip;]","og_url":"https:\/\/blogin.al\/?p=14012","og_site_name":"blogin.al","article_published_time":"2022-09-08T11:28:30+00:00","article_modified_time":"2022-09-08T11:28:32+00:00","og_image":[{"width":1919,"height":2560,"url":"https:\/\/blogin.al\/wp-content\/uploads\/2022\/09\/rita-vera-scaled.jpg","type":"image\/jpeg"}],"author":"Blogin al","twitter_card":"summary_large_image","twitter_misc":{"Written by":"Blogin al","Est. reading time":"2 minutes"},"schema":{"@context":"https:\/\/schema.org","@graph":[{"@type":"Article","@id":"https:\/\/blogin.al\/?p=14012#article","isPartOf":{"@id":"https:\/\/blogin.al\/?p=14012"},"author":{"name":"Blogin al","@id":"https:\/\/blogin.al\/#\/schema\/person\/abdd56bc912cd511db877b852b115399"},"headline":"\u201cN\u00eb sht\u00ebpi fama e saj mbyllet\u201d\/ Rr\u00ebfimi i ve\u00e7ant\u00eb i Vera Or\u00ebs per Rita Oren","datePublished":"2022-09-08T11:28:30+00:00","dateModified":"2022-09-08T11:28:32+00:00","mainEntityOfPage":{"@id":"https:\/\/blogin.al\/?p=14012"},"wordCount":444,"commentCount":0,"publisher":{"@id":"https:\/\/blogin.al\/#organization"},"image":{"@id":"https:\/\/blogin.al\/?p=14012#primaryimage"},"thumbnailUrl":"https:\/\/blogin.al\/wp-content\/uploads\/2022\/09\/rita-vera-scaled.jpg","articleSection":["SHOWBIZ"],"inLanguage":"en-US","potentialAction":[{"@type":"CommentAction","name":"Comment","target":["https:\/\/blogin.al\/?p=14012#respond"]}]},{"@type":"WebPage","@id":"https:\/\/blogin.al\/?p=14012","url":"https:\/\/blogin.al\/?p=14012","name":"\u201cN\u00eb sht\u00ebpi fama e saj mbyllet\u201d\/ Rr\u00ebfimi i ve\u00e7ant\u00eb i Vera Or\u00ebs per Rita Oren - blogin.al","isPartOf":{"@id":"https:\/\/blogin.al\/#website"},"primaryImageOfPage":{"@id":"https:\/\/blogin.al\/?p=14012#primaryimage"},"image":{"@id":"https:\/\/blogin.al\/?p=14012#primaryimage"},"thumbnailUrl":"https:\/\/blogin.al\/wp-content\/uploads\/2022\/09\/rita-vera-scaled.jpg","datePublished":"2022-09-08T11:28:30+00:00","dateModified":"2022-09-08T11:28:32+00:00","breadcrumb":{"@id":"https:\/\/blogin.al\/?p=14012#breadcrumb"},"inLanguage":"en-US","potentialAction":[{"@type":"ReadAction","target":["https:\/\/blogin.al\/?p=14012"]}]},{"@type":"ImageObject","inLanguage":"en-US","@id":"https:\/\/blogin.al\/?p=14012#primaryimage","url":"https:\/\/blogin.al\/wp-content\/uploads\/2022\/09\/rita-vera-scaled.jpg","contentUrl":"https:\/\/blogin.al\/wp-content\/uploads\/2022\/09\/rita-vera-scaled.jpg","width":1919,"height":2560},{"@type":"BreadcrumbList","@id":"https:\/\/blogin.al\/?p=14012#breadcrumb","itemListElement":[{"@type":"ListItem","position":1,"name":"Home","item":"https:\/\/blogin.al\/"},{"@type":"ListItem","position":2,"name":"\u201cN\u00eb sht\u00ebpi fama e saj mbyllet\u201d\/ Rr\u00ebfimi i ve\u00e7ant\u00eb i Vera Or\u00ebs per Rita Oren"}]},{"@type":"WebSite","@id":"https:\/\/blogin.al\/#website","url":"https:\/\/blogin.al\/","name":"blogin.al","description":"","publisher":{"@id":"https:\/\/blogin.al\/#organization"},"potentialAction":[{"@type":"SearchAction","target":{"@type":"EntryPoint","urlTemplate":"https:\/\/blogin.al\/?s={search_term_string}"},"query-input":{"@type":"PropertyValueSpecification","valueRequired":true,"valueName":"search_term_string"}}],"inLanguage":"en-US"},{"@type":"Organization","@id":"https:\/\/blogin.al\/#organization","name":"BLOGIN.al","url":"https:\/\/blogin.al\/","logo":{"@type":"ImageObject","inLanguage":"en-US","@id":"https:\/\/blogin.al\/#\/schema\/logo\/image\/","url":"https:\/\/blogin.al\/wp-content\/uploads\/2022\/05\/Untitled-2-01-e1652084456514.png","contentUrl":"https:\/\/blogin.al\/wp-content\/uploads\/2022\/05\/Untitled-2-01-e1652084456514.png","width":3723,"height":1698,"caption":"BLOGIN.al"},"image":{"@id":"https:\/\/blogin.al\/#\/schema\/logo\/image\/"},"sameAs":["https:\/\/instagram.com\/blogin.al\/"]},{"@type":"Person","@id":"https:\/\/blogin.al\/#\/schema\/person\/abdd56bc912cd511db877b852b115399","name":"Blogin al","image":{"@type":"ImageObject","inLanguage":"en-US","@id":"https:\/\/secure.gravatar.com\/avatar\/60d5661aee6e835fb13dc75d2204cd0c1d61bef2efd137c0083e59ef831e235e?s=96&d=mm&r=g","url":"https:\/\/secure.gravatar.com\/avatar\/60d5661aee6e835fb13dc75d2204cd0c1d61bef2efd137c0083e59ef831e235e?s=96&d=mm&r=g","contentUrl":"https:\/\/secure.gravatar.com\/avatar\/60d5661aee6e835fb13dc75d2204cd0c1d61bef2efd137c0083e59ef831e235e?s=96&d=mm&r=g","caption":"Blogin al"},"sameAs":["https:\/\/blogin.al"],"url":"https:\/\/blogin.al\/?author=2"}]}},"_links":{"self":[{"href":"https:\/\/blogin.al\/index.php?rest_route=\/wp\/v2\/posts\/14012","targetHints":{"allow":["GET"]}}],"collection":[{"href":"https:\/\/blogin.al\/index.php?rest_route=\/wp\/v2\/posts"}],"about":[{"href":"https:\/\/blogin.al\/index.php?rest_route=\/wp\/v2\/types\/post"}],"author":[{"embeddable":true,"href":"https:\/\/blogin.al\/index.php?rest_route=\/wp\/v2\/users\/2"}],"replies":[{"embeddable":true,"href":"https:\/\/blogin.al\/index.php?rest_route=%2Fwp%2Fv2%2Fcomments&post=14012"}],"version-history":[{"count":1,"href":"https:\/\/blogin.al\/index.php?rest_route=\/wp\/v2\/posts\/14012\/revisions"}],"predecessor-version":[{"id":14014,"href":"https:\/\/blogin.al\/index.php?rest_route=\/wp\/v2\/posts\/14012\/revisions\/14014"}],"wp:featuredmedia":[{"embeddable":true,"href":"https:\/\/blogin.al\/index.php?rest_route=\/wp\/v2\/media\/14013"}],"wp:attachment":[{"href":"https:\/\/blogin.al\/index.php?rest_route=%2Fwp%2Fv2%2Fmedia&parent=14012"}],"wp:term":[{"taxonomy":"category","embeddable":true,"href":"https:\/\/blogin.al\/index.php?rest_route=%2Fwp%2Fv2%2Fcategories&post=14012"},{"taxonomy":"post_tag","embeddable":true,"href":"https:\/\/blogin.al\/index.php?rest_route=%2Fwp%2Fv2%2Ftags&post=14012"}],"curies":[{"name":"wp","href":"https:\/\/api.w.org\/{rel}","templated":true}]}}