{"id":14095,"date":"2022-09-10T10:21:18","date_gmt":"2022-09-10T10:21:18","guid":{"rendered":"https:\/\/blogin.al\/?p=14095"},"modified":"2022-09-10T11:29:26","modified_gmt":"2022-09-10T11:29:26","slug":"eminem-flet-per-mbidozen-gati-fatale-dhe-kohet-e-erreta-ne-jeten-e-tij","status":"publish","type":"post","link":"https:\/\/blogin.al\/?p=14095","title":{"rendered":"Eminem flet p\u00ebr mbidoz\u00ebn gati fatale dhe koh\u00ebt e err\u00ebta n\u00eb jet\u00ebn e tij!"},"content":{"rendered":"\n<figure class=\"wp-block-image\"><a href=\"https:\/\/static.wikia.nocookie.net\/e__\/images\/a\/a3\/CurrentEminem.png\/revision\/latest?cb=20210612213503&amp;path-prefix=eminem\"><img decoding=\"async\" src=\"https:\/\/static.wikia.nocookie.net\/e__\/images\/a\/a3\/CurrentEminem.png\/revision\/latest\/scale-to-width-down\/235?cb=20210612213503&amp;path-prefix=eminem\" alt=\"CurrentEminem.png\"\/><\/a><\/figure>\n\n\n\n<p>Mbidoza thuajse fatale e Eminemit n\u00eb vitin 2007 ishte nj\u00eb k\u00ebmban\u00eb alarmi p\u00ebr t\u00eb marr\u00eb n\u00eb dor\u00eb frer\u00ebt jet\u00ebs dhe e frym\u00ebzoi at\u00eb t\u00eb sh\u00ebrohej e ti rikthehej muzik\u00ebs.<\/p>\n\n\n\n<p>Gjat\u00eb intervist\u00ebs, reperi tha se teksa i rikthehej muzik\u00ebs, ndjeu se gj\u00ebrat ishin \u201cp\u00ebrs\u00ebri t\u00eb reja p\u00ebr mua\u201d.<\/p>\n\n\n\n<p>\u201cM\u00eb kujtohet kur u b\u00ebra es\u00ebll p\u00ebr her\u00eb t\u00eb par\u00eb dhe t\u00eb gjitha gj\u00ebrat ishin jasht\u00eb sistemit tim, mbaj mend q\u00eb isha v\u00ebrtet i lumtur dhe gjith\u00e7ka ishte e re p\u00ebr mua p\u00ebrs\u00ebri\u201d, tha ai p\u00ebr krijimin e albumit.<\/p>\n\n\n\n<p>\u201cIshte albumi i par\u00eb dhe hera e par\u00eb q\u00eb u arg\u00ebtova duke incizuar p\u00ebr nj\u00eb koh\u00eb t\u00eb gjat\u00eb. Ishte si hera e par\u00eb q\u00eb fillova t\u00eb arg\u00ebtohesha p\u00ebrs\u00ebri me muzik\u00eb dhe duke rim\u00ebsuar se si t\u00eb b\u00ebja rap, ju e mbani mend t\u00eb gjith\u00eb at\u00eb proces. U desh shum\u00eb koh\u00eb q\u00eb truri im t\u00eb fillonte t\u00eb punonte p\u00ebrs\u00ebri\u201d, shtoi Eminem.<\/p>\n","protected":false},"excerpt":{"rendered":"<p>Mbidoza thuajse fatale e Eminemit n\u00eb vitin 2007 ishte nj\u00eb k\u00ebmban\u00eb alarmi p\u00ebr t\u00eb marr\u00eb n\u00eb dor\u00eb frer\u00ebt jet\u00ebs dhe e frym\u00ebzoi at\u00eb t\u00eb sh\u00ebrohej e ti rikthehej muzik\u00ebs. Gjat\u00eb intervist\u00ebs, reperi tha se teksa i rikthehej muzik\u00ebs, ndjeu se gj\u00ebrat ishin \u201cp\u00ebrs\u00ebri t\u00eb reja p\u00ebr mua\u201d. \u201cM\u00eb kujtohet kur u b\u00ebra es\u00ebll p\u00ebr her\u00eb [&hellip;]<\/p>\n","protected":false},"author":2,"featured_media":0,"comment_status":"open","ping_status":"open","sticky":false,"template":"","format":"standard","meta":{"footnotes":""},"categories":[35],"tags":[],"class_list":{"0":"post-14095","1":"post","2":"type-post","3":"status-publish","4":"format-standard","6":"category-artiste"},"yoast_head":"<!-- This site is optimized with the Yoast SEO plugin v27.4 - https:\/\/yoast.com\/product\/yoast-seo-wordpress\/ -->\n<title>Eminem flet p\u00ebr mbidoz\u00ebn gati fatale dhe koh\u00ebt e err\u00ebta n\u00eb jet\u00ebn e tij! - blogin.al<\/title>\n<meta name=\"robots\" content=\"index, follow, max-snippet:-1, max-image-preview:large, max-video-preview:-1\" \/>\n<link rel=\"canonical\" href=\"https:\/\/blogin.al\/?p=14095\" \/>\n<meta property=\"og:locale\" content=\"en_US\" \/>\n<meta property=\"og:type\" content=\"article\" \/>\n<meta property=\"og:title\" content=\"Eminem flet p\u00ebr mbidoz\u00ebn gati fatale dhe koh\u00ebt e err\u00ebta n\u00eb jet\u00ebn e tij! - blogin.al\" \/>\n<meta property=\"og:description\" content=\"Mbidoza thuajse fatale e Eminemit n\u00eb vitin 2007 ishte nj\u00eb k\u00ebmban\u00eb alarmi p\u00ebr t\u00eb marr\u00eb n\u00eb dor\u00eb frer\u00ebt jet\u00ebs dhe e frym\u00ebzoi at\u00eb t\u00eb sh\u00ebrohej e ti rikthehej muzik\u00ebs. Gjat\u00eb intervist\u00ebs, reperi tha se teksa i rikthehej muzik\u00ebs, ndjeu se gj\u00ebrat ishin \u201cp\u00ebrs\u00ebri t\u00eb reja p\u00ebr mua\u201d. \u201cM\u00eb kujtohet kur u b\u00ebra es\u00ebll p\u00ebr her\u00eb [&hellip;]\" \/>\n<meta property=\"og:url\" content=\"https:\/\/blogin.al\/?p=14095\" \/>\n<meta property=\"og:site_name\" content=\"blogin.al\" \/>\n<meta property=\"article:published_time\" content=\"2022-09-10T10:21:18+00:00\" \/>\n<meta property=\"article:modified_time\" content=\"2022-09-10T11:29:26+00:00\" \/>\n<meta property=\"og:image\" content=\"https:\/\/static.wikia.nocookie.net\/e__\/images\/a\/a3\/CurrentEminem.png\/revision\/latest\/scale-to-width-down\/235?cb=20210612213503&amp;path-prefix=eminem\" \/>\n<meta name=\"author\" content=\"Blogin al\" \/>\n<meta name=\"twitter:card\" content=\"summary_large_image\" \/>\n<meta name=\"twitter:label1\" content=\"Written by\" \/>\n\t<meta name=\"twitter:data1\" content=\"Blogin al\" \/>\n\t<meta name=\"twitter:label2\" content=\"Est. reading time\" \/>\n\t<meta name=\"twitter:data2\" content=\"1 minute\" \/>\n<script type=\"application\/ld+json\" class=\"yoast-schema-graph\">{\"@context\":\"https:\\\/\\\/schema.org\",\"@graph\":[{\"@type\":\"Article\",\"@id\":\"https:\\\/\\\/blogin.al\\\/?p=14095#article\",\"isPartOf\":{\"@id\":\"https:\\\/\\\/blogin.al\\\/?p=14095\"},\"author\":{\"name\":\"Blogin al\",\"@id\":\"https:\\\/\\\/blogin.al\\\/#\\\/schema\\\/person\\\/abdd56bc912cd511db877b852b115399\"},\"headline\":\"Eminem flet p\u00ebr mbidoz\u00ebn gati fatale dhe koh\u00ebt e err\u00ebta n\u00eb jet\u00ebn e tij!\",\"datePublished\":\"2022-09-10T10:21:18+00:00\",\"dateModified\":\"2022-09-10T11:29:26+00:00\",\"mainEntityOfPage\":{\"@id\":\"https:\\\/\\\/blogin.al\\\/?p=14095\"},\"wordCount\":196,\"commentCount\":0,\"publisher\":{\"@id\":\"https:\\\/\\\/blogin.al\\\/#organization\"},\"image\":{\"@id\":\"https:\\\/\\\/blogin.al\\\/?p=14095#primaryimage\"},\"thumbnailUrl\":\"https:\\\/\\\/static.wikia.nocookie.net\\\/e__\\\/images\\\/a\\\/a3\\\/CurrentEminem.png\\\/revision\\\/latest\\\/scale-to-width-down\\\/235?cb=20210612213503&amp;path-prefix=eminem\",\"articleSection\":[\"ARTISTE\"],\"inLanguage\":\"en-US\",\"potentialAction\":[{\"@type\":\"CommentAction\",\"name\":\"Comment\",\"target\":[\"https:\\\/\\\/blogin.al\\\/?p=14095#respond\"]}]},{\"@type\":\"WebPage\",\"@id\":\"https:\\\/\\\/blogin.al\\\/?p=14095\",\"url\":\"https:\\\/\\\/blogin.al\\\/?p=14095\",\"name\":\"Eminem flet p\u00ebr mbidoz\u00ebn gati fatale dhe koh\u00ebt e err\u00ebta n\u00eb jet\u00ebn e tij! - blogin.al\",\"isPartOf\":{\"@id\":\"https:\\\/\\\/blogin.al\\\/#website\"},\"primaryImageOfPage\":{\"@id\":\"https:\\\/\\\/blogin.al\\\/?p=14095#primaryimage\"},\"image\":{\"@id\":\"https:\\\/\\\/blogin.al\\\/?p=14095#primaryimage\"},\"thumbnailUrl\":\"https:\\\/\\\/static.wikia.nocookie.net\\\/e__\\\/images\\\/a\\\/a3\\\/CurrentEminem.png\\\/revision\\\/latest\\\/scale-to-width-down\\\/235?cb=20210612213503&amp;path-prefix=eminem\",\"datePublished\":\"2022-09-10T10:21:18+00:00\",\"dateModified\":\"2022-09-10T11:29:26+00:00\",\"breadcrumb\":{\"@id\":\"https:\\\/\\\/blogin.al\\\/?p=14095#breadcrumb\"},\"inLanguage\":\"en-US\",\"potentialAction\":[{\"@type\":\"ReadAction\",\"target\":[\"https:\\\/\\\/blogin.al\\\/?p=14095\"]}]},{\"@type\":\"ImageObject\",\"inLanguage\":\"en-US\",\"@id\":\"https:\\\/\\\/blogin.al\\\/?p=14095#primaryimage\",\"url\":\"https:\\\/\\\/static.wikia.nocookie.net\\\/e__\\\/images\\\/a\\\/a3\\\/CurrentEminem.png\\\/revision\\\/latest\\\/scale-to-width-down\\\/235?cb=20210612213503&amp;path-prefix=eminem\",\"contentUrl\":\"https:\\\/\\\/static.wikia.nocookie.net\\\/e__\\\/images\\\/a\\\/a3\\\/CurrentEminem.png\\\/revision\\\/latest\\\/scale-to-width-down\\\/235?cb=20210612213503&amp;path-prefix=eminem\"},{\"@type\":\"BreadcrumbList\",\"@id\":\"https:\\\/\\\/blogin.al\\\/?p=14095#breadcrumb\",\"itemListElement\":[{\"@type\":\"ListItem\",\"position\":1,\"name\":\"Home\",\"item\":\"https:\\\/\\\/blogin.al\\\/\"},{\"@type\":\"ListItem\",\"position\":2,\"name\":\"Eminem flet p\u00ebr mbidoz\u00ebn gati fatale dhe koh\u00ebt e err\u00ebta n\u00eb jet\u00ebn e tij!\"}]},{\"@type\":\"WebSite\",\"@id\":\"https:\\\/\\\/blogin.al\\\/#website\",\"url\":\"https:\\\/\\\/blogin.al\\\/\",\"name\":\"blogin.al\",\"description\":\"\",\"publisher\":{\"@id\":\"https:\\\/\\\/blogin.al\\\/#organization\"},\"potentialAction\":[{\"@type\":\"SearchAction\",\"target\":{\"@type\":\"EntryPoint\",\"urlTemplate\":\"https:\\\/\\\/blogin.al\\\/?s={search_term_string}\"},\"query-input\":{\"@type\":\"PropertyValueSpecification\",\"valueRequired\":true,\"valueName\":\"search_term_string\"}}],\"inLanguage\":\"en-US\"},{\"@type\":\"Organization\",\"@id\":\"https:\\\/\\\/blogin.al\\\/#organization\",\"name\":\"BLOGIN.al\",\"url\":\"https:\\\/\\\/blogin.al\\\/\",\"logo\":{\"@type\":\"ImageObject\",\"inLanguage\":\"en-US\",\"@id\":\"https:\\\/\\\/blogin.al\\\/#\\\/schema\\\/logo\\\/image\\\/\",\"url\":\"https:\\\/\\\/blogin.al\\\/wp-content\\\/uploads\\\/2022\\\/05\\\/Untitled-2-01-e1652084456514.png\",\"contentUrl\":\"https:\\\/\\\/blogin.al\\\/wp-content\\\/uploads\\\/2022\\\/05\\\/Untitled-2-01-e1652084456514.png\",\"width\":3723,\"height\":1698,\"caption\":\"BLOGIN.al\"},\"image\":{\"@id\":\"https:\\\/\\\/blogin.al\\\/#\\\/schema\\\/logo\\\/image\\\/\"},\"sameAs\":[\"https:\\\/\\\/instagram.com\\\/blogin.al\\\/\"]},{\"@type\":\"Person\",\"@id\":\"https:\\\/\\\/blogin.al\\\/#\\\/schema\\\/person\\\/abdd56bc912cd511db877b852b115399\",\"name\":\"Blogin al\",\"image\":{\"@type\":\"ImageObject\",\"inLanguage\":\"en-US\",\"@id\":\"https:\\\/\\\/secure.gravatar.com\\\/avatar\\\/60d5661aee6e835fb13dc75d2204cd0c1d61bef2efd137c0083e59ef831e235e?s=96&d=mm&r=g\",\"url\":\"https:\\\/\\\/secure.gravatar.com\\\/avatar\\\/60d5661aee6e835fb13dc75d2204cd0c1d61bef2efd137c0083e59ef831e235e?s=96&d=mm&r=g\",\"contentUrl\":\"https:\\\/\\\/secure.gravatar.com\\\/avatar\\\/60d5661aee6e835fb13dc75d2204cd0c1d61bef2efd137c0083e59ef831e235e?s=96&d=mm&r=g\",\"caption\":\"Blogin al\"},\"sameAs\":[\"https:\\\/\\\/blogin.al\"],\"url\":\"https:\\\/\\\/blogin.al\\\/?author=2\"}]}<\/script>\n<!-- \/ Yoast SEO plugin. -->","yoast_head_json":{"title":"Eminem flet p\u00ebr mbidoz\u00ebn gati fatale dhe koh\u00ebt e err\u00ebta n\u00eb jet\u00ebn e tij! - blogin.al","robots":{"index":"index","follow":"follow","max-snippet":"max-snippet:-1","max-image-preview":"max-image-preview:large","max-video-preview":"max-video-preview:-1"},"canonical":"https:\/\/blogin.al\/?p=14095","og_locale":"en_US","og_type":"article","og_title":"Eminem flet p\u00ebr mbidoz\u00ebn gati fatale dhe koh\u00ebt e err\u00ebta n\u00eb jet\u00ebn e tij! - blogin.al","og_description":"Mbidoza thuajse fatale e Eminemit n\u00eb vitin 2007 ishte nj\u00eb k\u00ebmban\u00eb alarmi p\u00ebr t\u00eb marr\u00eb n\u00eb dor\u00eb frer\u00ebt jet\u00ebs dhe e frym\u00ebzoi at\u00eb t\u00eb sh\u00ebrohej e ti rikthehej muzik\u00ebs. Gjat\u00eb intervist\u00ebs, reperi tha se teksa i rikthehej muzik\u00ebs, ndjeu se gj\u00ebrat ishin \u201cp\u00ebrs\u00ebri t\u00eb reja p\u00ebr mua\u201d. \u201cM\u00eb kujtohet kur u b\u00ebra es\u00ebll p\u00ebr her\u00eb [&hellip;]","og_url":"https:\/\/blogin.al\/?p=14095","og_site_name":"blogin.al","article_published_time":"2022-09-10T10:21:18+00:00","article_modified_time":"2022-09-10T11:29:26+00:00","og_image":[{"url":"https:\/\/static.wikia.nocookie.net\/e__\/images\/a\/a3\/CurrentEminem.png\/revision\/latest\/scale-to-width-down\/235?cb=20210612213503&amp;path-prefix=eminem","type":"","width":"","height":""}],"author":"Blogin al","twitter_card":"summary_large_image","twitter_misc":{"Written by":"Blogin al","Est. reading time":"1 minute"},"schema":{"@context":"https:\/\/schema.org","@graph":[{"@type":"Article","@id":"https:\/\/blogin.al\/?p=14095#article","isPartOf":{"@id":"https:\/\/blogin.al\/?p=14095"},"author":{"name":"Blogin al","@id":"https:\/\/blogin.al\/#\/schema\/person\/abdd56bc912cd511db877b852b115399"},"headline":"Eminem flet p\u00ebr mbidoz\u00ebn gati fatale dhe koh\u00ebt e err\u00ebta n\u00eb jet\u00ebn e tij!","datePublished":"2022-09-10T10:21:18+00:00","dateModified":"2022-09-10T11:29:26+00:00","mainEntityOfPage":{"@id":"https:\/\/blogin.al\/?p=14095"},"wordCount":196,"commentCount":0,"publisher":{"@id":"https:\/\/blogin.al\/#organization"},"image":{"@id":"https:\/\/blogin.al\/?p=14095#primaryimage"},"thumbnailUrl":"https:\/\/static.wikia.nocookie.net\/e__\/images\/a\/a3\/CurrentEminem.png\/revision\/latest\/scale-to-width-down\/235?cb=20210612213503&amp;path-prefix=eminem","articleSection":["ARTISTE"],"inLanguage":"en-US","potentialAction":[{"@type":"CommentAction","name":"Comment","target":["https:\/\/blogin.al\/?p=14095#respond"]}]},{"@type":"WebPage","@id":"https:\/\/blogin.al\/?p=14095","url":"https:\/\/blogin.al\/?p=14095","name":"Eminem flet p\u00ebr mbidoz\u00ebn gati fatale dhe koh\u00ebt e err\u00ebta n\u00eb jet\u00ebn e tij! - blogin.al","isPartOf":{"@id":"https:\/\/blogin.al\/#website"},"primaryImageOfPage":{"@id":"https:\/\/blogin.al\/?p=14095#primaryimage"},"image":{"@id":"https:\/\/blogin.al\/?p=14095#primaryimage"},"thumbnailUrl":"https:\/\/static.wikia.nocookie.net\/e__\/images\/a\/a3\/CurrentEminem.png\/revision\/latest\/scale-to-width-down\/235?cb=20210612213503&amp;path-prefix=eminem","datePublished":"2022-09-10T10:21:18+00:00","dateModified":"2022-09-10T11:29:26+00:00","breadcrumb":{"@id":"https:\/\/blogin.al\/?p=14095#breadcrumb"},"inLanguage":"en-US","potentialAction":[{"@type":"ReadAction","target":["https:\/\/blogin.al\/?p=14095"]}]},{"@type":"ImageObject","inLanguage":"en-US","@id":"https:\/\/blogin.al\/?p=14095#primaryimage","url":"https:\/\/static.wikia.nocookie.net\/e__\/images\/a\/a3\/CurrentEminem.png\/revision\/latest\/scale-to-width-down\/235?cb=20210612213503&amp;path-prefix=eminem","contentUrl":"https:\/\/static.wikia.nocookie.net\/e__\/images\/a\/a3\/CurrentEminem.png\/revision\/latest\/scale-to-width-down\/235?cb=20210612213503&amp;path-prefix=eminem"},{"@type":"BreadcrumbList","@id":"https:\/\/blogin.al\/?p=14095#breadcrumb","itemListElement":[{"@type":"ListItem","position":1,"name":"Home","item":"https:\/\/blogin.al\/"},{"@type":"ListItem","position":2,"name":"Eminem flet p\u00ebr mbidoz\u00ebn gati fatale dhe koh\u00ebt e err\u00ebta n\u00eb jet\u00ebn e tij!"}]},{"@type":"WebSite","@id":"https:\/\/blogin.al\/#website","url":"https:\/\/blogin.al\/","name":"blogin.al","description":"","publisher":{"@id":"https:\/\/blogin.al\/#organization"},"potentialAction":[{"@type":"SearchAction","target":{"@type":"EntryPoint","urlTemplate":"https:\/\/blogin.al\/?s={search_term_string}"},"query-input":{"@type":"PropertyValueSpecification","valueRequired":true,"valueName":"search_term_string"}}],"inLanguage":"en-US"},{"@type":"Organization","@id":"https:\/\/blogin.al\/#organization","name":"BLOGIN.al","url":"https:\/\/blogin.al\/","logo":{"@type":"ImageObject","inLanguage":"en-US","@id":"https:\/\/blogin.al\/#\/schema\/logo\/image\/","url":"https:\/\/blogin.al\/wp-content\/uploads\/2022\/05\/Untitled-2-01-e1652084456514.png","contentUrl":"https:\/\/blogin.al\/wp-content\/uploads\/2022\/05\/Untitled-2-01-e1652084456514.png","width":3723,"height":1698,"caption":"BLOGIN.al"},"image":{"@id":"https:\/\/blogin.al\/#\/schema\/logo\/image\/"},"sameAs":["https:\/\/instagram.com\/blogin.al\/"]},{"@type":"Person","@id":"https:\/\/blogin.al\/#\/schema\/person\/abdd56bc912cd511db877b852b115399","name":"Blogin al","image":{"@type":"ImageObject","inLanguage":"en-US","@id":"https:\/\/secure.gravatar.com\/avatar\/60d5661aee6e835fb13dc75d2204cd0c1d61bef2efd137c0083e59ef831e235e?s=96&d=mm&r=g","url":"https:\/\/secure.gravatar.com\/avatar\/60d5661aee6e835fb13dc75d2204cd0c1d61bef2efd137c0083e59ef831e235e?s=96&d=mm&r=g","contentUrl":"https:\/\/secure.gravatar.com\/avatar\/60d5661aee6e835fb13dc75d2204cd0c1d61bef2efd137c0083e59ef831e235e?s=96&d=mm&r=g","caption":"Blogin al"},"sameAs":["https:\/\/blogin.al"],"url":"https:\/\/blogin.al\/?author=2"}]}},"_links":{"self":[{"href":"https:\/\/blogin.al\/index.php?rest_route=\/wp\/v2\/posts\/14095","targetHints":{"allow":["GET"]}}],"collection":[{"href":"https:\/\/blogin.al\/index.php?rest_route=\/wp\/v2\/posts"}],"about":[{"href":"https:\/\/blogin.al\/index.php?rest_route=\/wp\/v2\/types\/post"}],"author":[{"embeddable":true,"href":"https:\/\/blogin.al\/index.php?rest_route=\/wp\/v2\/users\/2"}],"replies":[{"embeddable":true,"href":"https:\/\/blogin.al\/index.php?rest_route=%2Fwp%2Fv2%2Fcomments&post=14095"}],"version-history":[{"count":1,"href":"https:\/\/blogin.al\/index.php?rest_route=\/wp\/v2\/posts\/14095\/revisions"}],"predecessor-version":[{"id":14096,"href":"https:\/\/blogin.al\/index.php?rest_route=\/wp\/v2\/posts\/14095\/revisions\/14096"}],"wp:attachment":[{"href":"https:\/\/blogin.al\/index.php?rest_route=%2Fwp%2Fv2%2Fmedia&parent=14095"}],"wp:term":[{"taxonomy":"category","embeddable":true,"href":"https:\/\/blogin.al\/index.php?rest_route=%2Fwp%2Fv2%2Fcategories&post=14095"},{"taxonomy":"post_tag","embeddable":true,"href":"https:\/\/blogin.al\/index.php?rest_route=%2Fwp%2Fv2%2Ftags&post=14095"}],"curies":[{"name":"wp","href":"https:\/\/api.w.org\/{rel}","templated":true}]}}