{"id":14119,"date":"2022-09-10T16:27:14","date_gmt":"2022-09-10T16:27:14","guid":{"rendered":"https:\/\/blogin.al\/?p=14119"},"modified":"2022-09-10T16:28:31","modified_gmt":"2022-09-10T16:28:31","slug":"i-mbijetoi-mbidozes-reperi-flet-per-procesin-e-sherimit-dhe-vendimin-e-rendesishem-qe-ka-marre","status":"publish","type":"post","link":"https:\/\/blogin.al\/?p=14119","title":{"rendered":"I mbijetoi mbidoz\u00ebs, reperi flet p\u00ebr procesin e sh\u00ebrimit dhe vendimin e r\u00ebnd\u00ebsish\u00ebm q\u00eb ka marr\u00eb"},"content":{"rendered":"\n<p>Reperi i njohur me fam\u00eb bot\u00ebrore, Eminem, ka folur p\u00ebr mbidoz\u00ebn q\u00eb gati i mori jet\u00ebn dhe periudh\u00ebn e sh\u00ebrimit. 49-vje\u00e7ari u shtrua n\u00eb spital n\u00eb dhjetor 2007 pasi mori nj\u00eb mbidoz\u00eb ila\u00e7esh metadon.<\/p>\n\n\n\n<p>&#8220;U desh shum\u00eb koh\u00eb q\u00eb truri im t\u00eb fillonte t\u00eb funksiononte s\u00ebrish\u201d,&nbsp;tha ai n\u00eb podkastin e Paul Pod.<\/p>\n\n\n\n<p>Pas mbidoz\u00ebs, artisti iu rikthye s\u00ebrish p\u00ebrdorimit, por ai u frik\u00ebsua nga p\u00ebrvoja q\u00eb kaloi ku ishte af\u00ebr vdekjes dhe hyri n\u00eb rehabilitim n\u00eb prill 2008.&nbsp;Sipas reperit dhe menaxherit t\u00eb tij, mjek\u00ebt testuan medikamente p\u00ebr t\u00eb ndihmuar n\u00eb stabilizimin e gjendjes s\u00eb tij.<\/p>\n\n\n\n<p>Eminem tha se merrte \u201c75 deri n\u00eb 80 valium n\u00eb nat\u00eb\u201d nd\u00ebrsa ai detoksikohej dhe punonte n\u00eb albumin e tij Relapse.<\/p>\n\n\n\n<p>Reperi ka qen\u00eb es\u00ebll nga 20 prilli i 2008-\u00ebs, sipas nj\u00eb postimi n\u00eb Twitter t\u00eb vitit 2020, dhe b\u00ebri albumin e tij Relapse t\u00eb vitit 2009 gjat\u00eb dit\u00ebve t\u00eb para t\u00eb rim\u00ebk\u00ebmbjes.<\/p>\n\n\n\n<figure class=\"wp-block-image size-large\"><img fetchpriority=\"high\" decoding=\"async\" width=\"385\" height=\"358\" src=\"https:\/\/blogin.al\/wp-content\/uploads\/2022\/09\/CurrentEminem.png\" alt=\"\" class=\"wp-image-14122\" srcset=\"https:\/\/blogin.al\/wp-content\/uploads\/2022\/09\/CurrentEminem.png 385w, https:\/\/blogin.al\/wp-content\/uploads\/2022\/09\/CurrentEminem-300x279.png 300w, https:\/\/blogin.al\/wp-content\/uploads\/2022\/09\/CurrentEminem-150x139.png 150w\" sizes=\"(max-width: 385px) 100vw, 385px\" \/><\/figure>\n\n\n\n<p>Gjat\u00eb intervist\u00ebs, ylli tha se teksa i rikthehej muzik\u00ebs, ndjeu se gj\u00ebrat ishin \u201cp\u00ebrs\u00ebri t\u00eb reja p\u00ebr t\u00eb\u201d.<\/p>\n\n\n\n<p>\u201c\u00c7\u2019do gj\u00eb ishte jasht\u00eb trurit tim, mbaj mend q\u00eb isha v\u00ebrtet i lumtur dhe gjith\u00e7ka ishte e re p\u00ebr mua s\u00ebrish\u201d,&nbsp;tha ai.&nbsp;\u201cIshte albumi i par\u00eb dhe hera e par\u00eb q\u00eb u arg\u00ebtova duke incizuar pas nj\u00eb koh\u00eb t\u00eb gjat\u00eb.\u201d<\/p>\n\n\n\n<p>Kantautori pranoi n\u00eb nj\u00eb intervist\u00eb p\u00ebr Vulture n\u00eb vitin 2017, se muzika q\u00eb ai krijoi nd\u00ebrsa ishte i varur dhe n\u00eb proces sh\u00ebrimi nuk ishte m\u00eb e mira e tij.<\/p>\n\n\n\n<p>\u201cIsha aq i zhg\u00ebnjyer sa njer\u00ebzit rreth meje menduan se mund t\u2019i kisha shkaktuar vetes d\u00ebmtim t\u00eb trurit. Un\u00eb isha n\u00eb k\u00ebt\u00eb mjegull t\u00eb \u00e7uditshme p\u00ebr muaj t\u00eb t\u00ebr\u00eb. Thuajse mu desh t\u00eb rim\u00ebsoja t\u00eb b\u00ebja rep\u201d,&nbsp;tha ai.<\/p>\n","protected":false},"excerpt":{"rendered":"<p>Reperi i njohur me fam\u00eb bot\u00ebrore, Eminem, ka folur p\u00ebr mbidoz\u00ebn q\u00eb gati i mori jet\u00ebn dhe periudh\u00ebn e sh\u00ebrimit. 49-vje\u00e7ari u shtrua n\u00eb spital n\u00eb dhjetor 2007 pasi mori nj\u00eb mbidoz\u00eb ila\u00e7esh metadon. &#8220;U desh shum\u00eb koh\u00eb q\u00eb truri im t\u00eb fillonte t\u00eb funksiononte s\u00ebrish\u201d,&nbsp;tha ai n\u00eb podkastin e Paul Pod. Pas mbidoz\u00ebs, artisti [&hellip;]<\/p>\n","protected":false},"author":2,"featured_media":14121,"comment_status":"open","ping_status":"open","sticky":false,"template":"","format":"standard","meta":{"footnotes":""},"categories":[33],"tags":[],"class_list":{"0":"post-14119","1":"post","2":"type-post","3":"status-publish","4":"format-standard","5":"has-post-thumbnail","7":"category-showbiz"},"yoast_head":"<!-- This site is optimized with the Yoast SEO plugin v27.5 - https:\/\/yoast.com\/product\/yoast-seo-wordpress\/ -->\n<title>I mbijetoi mbidoz\u00ebs, reperi flet p\u00ebr procesin e sh\u00ebrimit dhe vendimin e r\u00ebnd\u00ebsish\u00ebm q\u00eb ka marr\u00eb - blogin.al<\/title>\n<meta name=\"robots\" content=\"index, follow, max-snippet:-1, max-image-preview:large, max-video-preview:-1\" \/>\n<link rel=\"canonical\" href=\"https:\/\/blogin.al\/?p=14119\" \/>\n<meta property=\"og:locale\" content=\"en_US\" \/>\n<meta property=\"og:type\" content=\"article\" \/>\n<meta property=\"og:title\" content=\"I mbijetoi mbidoz\u00ebs, reperi flet p\u00ebr procesin e sh\u00ebrimit dhe vendimin e r\u00ebnd\u00ebsish\u00ebm q\u00eb ka marr\u00eb - blogin.al\" \/>\n<meta property=\"og:description\" content=\"Reperi i njohur me fam\u00eb bot\u00ebrore, Eminem, ka folur p\u00ebr mbidoz\u00ebn q\u00eb gati i mori jet\u00ebn dhe periudh\u00ebn e sh\u00ebrimit. 49-vje\u00e7ari u shtrua n\u00eb spital n\u00eb dhjetor 2007 pasi mori nj\u00eb mbidoz\u00eb ila\u00e7esh metadon. &#8220;U desh shum\u00eb koh\u00eb q\u00eb truri im t\u00eb fillonte t\u00eb funksiononte s\u00ebrish\u201d,&nbsp;tha ai n\u00eb podkastin e Paul Pod. Pas mbidoz\u00ebs, artisti [&hellip;]\" \/>\n<meta property=\"og:url\" content=\"https:\/\/blogin.al\/?p=14119\" \/>\n<meta property=\"og:site_name\" content=\"blogin.al\" \/>\n<meta property=\"article:published_time\" content=\"2022-09-10T16:27:14+00:00\" \/>\n<meta property=\"article:modified_time\" content=\"2022-09-10T16:28:31+00:00\" \/>\n<meta property=\"og:image\" content=\"https:\/\/blogin.al\/wp-content\/uploads\/2022\/09\/eminem-press-photo-2019-aqu-billboard-1548-1587659998.jpg\" \/>\n\t<meta property=\"og:image:width\" content=\"942\" \/>\n\t<meta property=\"og:image:height\" content=\"623\" \/>\n\t<meta property=\"og:image:type\" content=\"image\/jpeg\" \/>\n<meta name=\"author\" content=\"Blogin al\" \/>\n<meta name=\"twitter:card\" content=\"summary_large_image\" \/>\n<meta name=\"twitter:label1\" content=\"Written by\" \/>\n\t<meta name=\"twitter:data1\" content=\"Blogin al\" \/>\n\t<meta name=\"twitter:label2\" content=\"Est. reading time\" \/>\n\t<meta name=\"twitter:data2\" content=\"2 minutes\" \/>\n<script type=\"application\/ld+json\" class=\"yoast-schema-graph\">{\"@context\":\"https:\\\/\\\/schema.org\",\"@graph\":[{\"@type\":\"Article\",\"@id\":\"https:\\\/\\\/blogin.al\\\/?p=14119#article\",\"isPartOf\":{\"@id\":\"https:\\\/\\\/blogin.al\\\/?p=14119\"},\"author\":{\"name\":\"Blogin al\",\"@id\":\"https:\\\/\\\/blogin.al\\\/#\\\/schema\\\/person\\\/abdd56bc912cd511db877b852b115399\"},\"headline\":\"I mbijetoi mbidoz\u00ebs, reperi flet p\u00ebr procesin e sh\u00ebrimit dhe vendimin e r\u00ebnd\u00ebsish\u00ebm q\u00eb ka marr\u00eb\",\"datePublished\":\"2022-09-10T16:27:14+00:00\",\"dateModified\":\"2022-09-10T16:28:31+00:00\",\"mainEntityOfPage\":{\"@id\":\"https:\\\/\\\/blogin.al\\\/?p=14119\"},\"wordCount\":344,\"commentCount\":0,\"publisher\":{\"@id\":\"https:\\\/\\\/blogin.al\\\/#organization\"},\"image\":{\"@id\":\"https:\\\/\\\/blogin.al\\\/?p=14119#primaryimage\"},\"thumbnailUrl\":\"https:\\\/\\\/blogin.al\\\/wp-content\\\/uploads\\\/2022\\\/09\\\/eminem-press-photo-2019-aqu-billboard-1548-1587659998.jpg\",\"articleSection\":[\"SHOWBIZ\"],\"inLanguage\":\"en-US\",\"potentialAction\":[{\"@type\":\"CommentAction\",\"name\":\"Comment\",\"target\":[\"https:\\\/\\\/blogin.al\\\/?p=14119#respond\"]}]},{\"@type\":\"WebPage\",\"@id\":\"https:\\\/\\\/blogin.al\\\/?p=14119\",\"url\":\"https:\\\/\\\/blogin.al\\\/?p=14119\",\"name\":\"I mbijetoi mbidoz\u00ebs, reperi flet p\u00ebr procesin e sh\u00ebrimit dhe vendimin e r\u00ebnd\u00ebsish\u00ebm q\u00eb ka marr\u00eb - blogin.al\",\"isPartOf\":{\"@id\":\"https:\\\/\\\/blogin.al\\\/#website\"},\"primaryImageOfPage\":{\"@id\":\"https:\\\/\\\/blogin.al\\\/?p=14119#primaryimage\"},\"image\":{\"@id\":\"https:\\\/\\\/blogin.al\\\/?p=14119#primaryimage\"},\"thumbnailUrl\":\"https:\\\/\\\/blogin.al\\\/wp-content\\\/uploads\\\/2022\\\/09\\\/eminem-press-photo-2019-aqu-billboard-1548-1587659998.jpg\",\"datePublished\":\"2022-09-10T16:27:14+00:00\",\"dateModified\":\"2022-09-10T16:28:31+00:00\",\"breadcrumb\":{\"@id\":\"https:\\\/\\\/blogin.al\\\/?p=14119#breadcrumb\"},\"inLanguage\":\"en-US\",\"potentialAction\":[{\"@type\":\"ReadAction\",\"target\":[\"https:\\\/\\\/blogin.al\\\/?p=14119\"]}]},{\"@type\":\"ImageObject\",\"inLanguage\":\"en-US\",\"@id\":\"https:\\\/\\\/blogin.al\\\/?p=14119#primaryimage\",\"url\":\"https:\\\/\\\/blogin.al\\\/wp-content\\\/uploads\\\/2022\\\/09\\\/eminem-press-photo-2019-aqu-billboard-1548-1587659998.jpg\",\"contentUrl\":\"https:\\\/\\\/blogin.al\\\/wp-content\\\/uploads\\\/2022\\\/09\\\/eminem-press-photo-2019-aqu-billboard-1548-1587659998.jpg\",\"width\":942,\"height\":623},{\"@type\":\"BreadcrumbList\",\"@id\":\"https:\\\/\\\/blogin.al\\\/?p=14119#breadcrumb\",\"itemListElement\":[{\"@type\":\"ListItem\",\"position\":1,\"name\":\"Home\",\"item\":\"https:\\\/\\\/blogin.al\\\/\"},{\"@type\":\"ListItem\",\"position\":2,\"name\":\"I mbijetoi mbidoz\u00ebs, reperi flet p\u00ebr procesin e sh\u00ebrimit dhe vendimin e r\u00ebnd\u00ebsish\u00ebm q\u00eb ka marr\u00eb\"}]},{\"@type\":\"WebSite\",\"@id\":\"https:\\\/\\\/blogin.al\\\/#website\",\"url\":\"https:\\\/\\\/blogin.al\\\/\",\"name\":\"blogin.al\",\"description\":\"\",\"publisher\":{\"@id\":\"https:\\\/\\\/blogin.al\\\/#organization\"},\"potentialAction\":[{\"@type\":\"SearchAction\",\"target\":{\"@type\":\"EntryPoint\",\"urlTemplate\":\"https:\\\/\\\/blogin.al\\\/?s={search_term_string}\"},\"query-input\":{\"@type\":\"PropertyValueSpecification\",\"valueRequired\":true,\"valueName\":\"search_term_string\"}}],\"inLanguage\":\"en-US\"},{\"@type\":\"Organization\",\"@id\":\"https:\\\/\\\/blogin.al\\\/#organization\",\"name\":\"BLOGIN.al\",\"url\":\"https:\\\/\\\/blogin.al\\\/\",\"logo\":{\"@type\":\"ImageObject\",\"inLanguage\":\"en-US\",\"@id\":\"https:\\\/\\\/blogin.al\\\/#\\\/schema\\\/logo\\\/image\\\/\",\"url\":\"https:\\\/\\\/blogin.al\\\/wp-content\\\/uploads\\\/2022\\\/05\\\/Untitled-2-01-e1652084456514.png\",\"contentUrl\":\"https:\\\/\\\/blogin.al\\\/wp-content\\\/uploads\\\/2022\\\/05\\\/Untitled-2-01-e1652084456514.png\",\"width\":3723,\"height\":1698,\"caption\":\"BLOGIN.al\"},\"image\":{\"@id\":\"https:\\\/\\\/blogin.al\\\/#\\\/schema\\\/logo\\\/image\\\/\"},\"sameAs\":[\"https:\\\/\\\/instagram.com\\\/blogin.al\\\/\"]},{\"@type\":\"Person\",\"@id\":\"https:\\\/\\\/blogin.al\\\/#\\\/schema\\\/person\\\/abdd56bc912cd511db877b852b115399\",\"name\":\"Blogin al\",\"image\":{\"@type\":\"ImageObject\",\"inLanguage\":\"en-US\",\"@id\":\"https:\\\/\\\/secure.gravatar.com\\\/avatar\\\/60d5661aee6e835fb13dc75d2204cd0c1d61bef2efd137c0083e59ef831e235e?s=96&d=mm&r=g\",\"url\":\"https:\\\/\\\/secure.gravatar.com\\\/avatar\\\/60d5661aee6e835fb13dc75d2204cd0c1d61bef2efd137c0083e59ef831e235e?s=96&d=mm&r=g\",\"contentUrl\":\"https:\\\/\\\/secure.gravatar.com\\\/avatar\\\/60d5661aee6e835fb13dc75d2204cd0c1d61bef2efd137c0083e59ef831e235e?s=96&d=mm&r=g\",\"caption\":\"Blogin al\"},\"sameAs\":[\"https:\\\/\\\/blogin.al\"],\"url\":\"https:\\\/\\\/blogin.al\\\/?author=2\"}]}<\/script>\n<!-- \/ Yoast SEO plugin. -->","yoast_head_json":{"title":"I mbijetoi mbidoz\u00ebs, reperi flet p\u00ebr procesin e sh\u00ebrimit dhe vendimin e r\u00ebnd\u00ebsish\u00ebm q\u00eb ka marr\u00eb - blogin.al","robots":{"index":"index","follow":"follow","max-snippet":"max-snippet:-1","max-image-preview":"max-image-preview:large","max-video-preview":"max-video-preview:-1"},"canonical":"https:\/\/blogin.al\/?p=14119","og_locale":"en_US","og_type":"article","og_title":"I mbijetoi mbidoz\u00ebs, reperi flet p\u00ebr procesin e sh\u00ebrimit dhe vendimin e r\u00ebnd\u00ebsish\u00ebm q\u00eb ka marr\u00eb - blogin.al","og_description":"Reperi i njohur me fam\u00eb bot\u00ebrore, Eminem, ka folur p\u00ebr mbidoz\u00ebn q\u00eb gati i mori jet\u00ebn dhe periudh\u00ebn e sh\u00ebrimit. 49-vje\u00e7ari u shtrua n\u00eb spital n\u00eb dhjetor 2007 pasi mori nj\u00eb mbidoz\u00eb ila\u00e7esh metadon. &#8220;U desh shum\u00eb koh\u00eb q\u00eb truri im t\u00eb fillonte t\u00eb funksiononte s\u00ebrish\u201d,&nbsp;tha ai n\u00eb podkastin e Paul Pod. Pas mbidoz\u00ebs, artisti [&hellip;]","og_url":"https:\/\/blogin.al\/?p=14119","og_site_name":"blogin.al","article_published_time":"2022-09-10T16:27:14+00:00","article_modified_time":"2022-09-10T16:28:31+00:00","og_image":[{"width":942,"height":623,"url":"https:\/\/blogin.al\/wp-content\/uploads\/2022\/09\/eminem-press-photo-2019-aqu-billboard-1548-1587659998.jpg","type":"image\/jpeg"}],"author":"Blogin al","twitter_card":"summary_large_image","twitter_misc":{"Written by":"Blogin al","Est. reading time":"2 minutes"},"schema":{"@context":"https:\/\/schema.org","@graph":[{"@type":"Article","@id":"https:\/\/blogin.al\/?p=14119#article","isPartOf":{"@id":"https:\/\/blogin.al\/?p=14119"},"author":{"name":"Blogin al","@id":"https:\/\/blogin.al\/#\/schema\/person\/abdd56bc912cd511db877b852b115399"},"headline":"I mbijetoi mbidoz\u00ebs, reperi flet p\u00ebr procesin e sh\u00ebrimit dhe vendimin e r\u00ebnd\u00ebsish\u00ebm q\u00eb ka marr\u00eb","datePublished":"2022-09-10T16:27:14+00:00","dateModified":"2022-09-10T16:28:31+00:00","mainEntityOfPage":{"@id":"https:\/\/blogin.al\/?p=14119"},"wordCount":344,"commentCount":0,"publisher":{"@id":"https:\/\/blogin.al\/#organization"},"image":{"@id":"https:\/\/blogin.al\/?p=14119#primaryimage"},"thumbnailUrl":"https:\/\/blogin.al\/wp-content\/uploads\/2022\/09\/eminem-press-photo-2019-aqu-billboard-1548-1587659998.jpg","articleSection":["SHOWBIZ"],"inLanguage":"en-US","potentialAction":[{"@type":"CommentAction","name":"Comment","target":["https:\/\/blogin.al\/?p=14119#respond"]}]},{"@type":"WebPage","@id":"https:\/\/blogin.al\/?p=14119","url":"https:\/\/blogin.al\/?p=14119","name":"I mbijetoi mbidoz\u00ebs, reperi flet p\u00ebr procesin e sh\u00ebrimit dhe vendimin e r\u00ebnd\u00ebsish\u00ebm q\u00eb ka marr\u00eb - blogin.al","isPartOf":{"@id":"https:\/\/blogin.al\/#website"},"primaryImageOfPage":{"@id":"https:\/\/blogin.al\/?p=14119#primaryimage"},"image":{"@id":"https:\/\/blogin.al\/?p=14119#primaryimage"},"thumbnailUrl":"https:\/\/blogin.al\/wp-content\/uploads\/2022\/09\/eminem-press-photo-2019-aqu-billboard-1548-1587659998.jpg","datePublished":"2022-09-10T16:27:14+00:00","dateModified":"2022-09-10T16:28:31+00:00","breadcrumb":{"@id":"https:\/\/blogin.al\/?p=14119#breadcrumb"},"inLanguage":"en-US","potentialAction":[{"@type":"ReadAction","target":["https:\/\/blogin.al\/?p=14119"]}]},{"@type":"ImageObject","inLanguage":"en-US","@id":"https:\/\/blogin.al\/?p=14119#primaryimage","url":"https:\/\/blogin.al\/wp-content\/uploads\/2022\/09\/eminem-press-photo-2019-aqu-billboard-1548-1587659998.jpg","contentUrl":"https:\/\/blogin.al\/wp-content\/uploads\/2022\/09\/eminem-press-photo-2019-aqu-billboard-1548-1587659998.jpg","width":942,"height":623},{"@type":"BreadcrumbList","@id":"https:\/\/blogin.al\/?p=14119#breadcrumb","itemListElement":[{"@type":"ListItem","position":1,"name":"Home","item":"https:\/\/blogin.al\/"},{"@type":"ListItem","position":2,"name":"I mbijetoi mbidoz\u00ebs, reperi flet p\u00ebr procesin e sh\u00ebrimit dhe vendimin e r\u00ebnd\u00ebsish\u00ebm q\u00eb ka marr\u00eb"}]},{"@type":"WebSite","@id":"https:\/\/blogin.al\/#website","url":"https:\/\/blogin.al\/","name":"blogin.al","description":"","publisher":{"@id":"https:\/\/blogin.al\/#organization"},"potentialAction":[{"@type":"SearchAction","target":{"@type":"EntryPoint","urlTemplate":"https:\/\/blogin.al\/?s={search_term_string}"},"query-input":{"@type":"PropertyValueSpecification","valueRequired":true,"valueName":"search_term_string"}}],"inLanguage":"en-US"},{"@type":"Organization","@id":"https:\/\/blogin.al\/#organization","name":"BLOGIN.al","url":"https:\/\/blogin.al\/","logo":{"@type":"ImageObject","inLanguage":"en-US","@id":"https:\/\/blogin.al\/#\/schema\/logo\/image\/","url":"https:\/\/blogin.al\/wp-content\/uploads\/2022\/05\/Untitled-2-01-e1652084456514.png","contentUrl":"https:\/\/blogin.al\/wp-content\/uploads\/2022\/05\/Untitled-2-01-e1652084456514.png","width":3723,"height":1698,"caption":"BLOGIN.al"},"image":{"@id":"https:\/\/blogin.al\/#\/schema\/logo\/image\/"},"sameAs":["https:\/\/instagram.com\/blogin.al\/"]},{"@type":"Person","@id":"https:\/\/blogin.al\/#\/schema\/person\/abdd56bc912cd511db877b852b115399","name":"Blogin al","image":{"@type":"ImageObject","inLanguage":"en-US","@id":"https:\/\/secure.gravatar.com\/avatar\/60d5661aee6e835fb13dc75d2204cd0c1d61bef2efd137c0083e59ef831e235e?s=96&d=mm&r=g","url":"https:\/\/secure.gravatar.com\/avatar\/60d5661aee6e835fb13dc75d2204cd0c1d61bef2efd137c0083e59ef831e235e?s=96&d=mm&r=g","contentUrl":"https:\/\/secure.gravatar.com\/avatar\/60d5661aee6e835fb13dc75d2204cd0c1d61bef2efd137c0083e59ef831e235e?s=96&d=mm&r=g","caption":"Blogin al"},"sameAs":["https:\/\/blogin.al"],"url":"https:\/\/blogin.al\/?author=2"}]}},"_links":{"self":[{"href":"https:\/\/blogin.al\/index.php?rest_route=\/wp\/v2\/posts\/14119","targetHints":{"allow":["GET"]}}],"collection":[{"href":"https:\/\/blogin.al\/index.php?rest_route=\/wp\/v2\/posts"}],"about":[{"href":"https:\/\/blogin.al\/index.php?rest_route=\/wp\/v2\/types\/post"}],"author":[{"embeddable":true,"href":"https:\/\/blogin.al\/index.php?rest_route=\/wp\/v2\/users\/2"}],"replies":[{"embeddable":true,"href":"https:\/\/blogin.al\/index.php?rest_route=%2Fwp%2Fv2%2Fcomments&post=14119"}],"version-history":[{"count":2,"href":"https:\/\/blogin.al\/index.php?rest_route=\/wp\/v2\/posts\/14119\/revisions"}],"predecessor-version":[{"id":14123,"href":"https:\/\/blogin.al\/index.php?rest_route=\/wp\/v2\/posts\/14119\/revisions\/14123"}],"wp:featuredmedia":[{"embeddable":true,"href":"https:\/\/blogin.al\/index.php?rest_route=\/wp\/v2\/media\/14121"}],"wp:attachment":[{"href":"https:\/\/blogin.al\/index.php?rest_route=%2Fwp%2Fv2%2Fmedia&parent=14119"}],"wp:term":[{"taxonomy":"category","embeddable":true,"href":"https:\/\/blogin.al\/index.php?rest_route=%2Fwp%2Fv2%2Fcategories&post=14119"},{"taxonomy":"post_tag","embeddable":true,"href":"https:\/\/blogin.al\/index.php?rest_route=%2Fwp%2Fv2%2Ftags&post=14119"}],"curies":[{"name":"wp","href":"https:\/\/api.w.org\/{rel}","templated":true}]}}