{"id":14124,"date":"2022-09-10T18:29:20","date_gmt":"2022-09-10T18:29:20","guid":{"rendered":"https:\/\/blogin.al\/?p=14124"},"modified":"2022-09-10T18:29:21","modified_gmt":"2022-09-10T18:29:21","slug":"veprimi-i-fundit-i-loredanes-ne-instagram-ngre-dyshime-se-eshte-ribashkuar-me-mozzik","status":"publish","type":"post","link":"https:\/\/blogin.al\/?p=14124","title":{"rendered":"Veprimi i fundit i Loredan\u00ebs n\u00eb Instagram ngre dyshime se \u00ebsht\u00eb ribashkuar me Mozzik"},"content":{"rendered":"\n<p>Loredana dhe Mozzik p\u00ebrs\u00ebri bashk\u00eb? Kjo \u00ebsht\u00eb pyetja q\u00eb \u00ebsht\u00eb ngritur nga t\u00eb gjith\u00eb pasi reperja ka rikthyer t\u00eb gjitha postimet e p\u00ebrbashk\u00ebta me Mozzik, n\u00eb Instagram.<\/p>\n\n\n\n<p>Reperja ka rikthyer n\u00eb profilin e saj t\u00eb gjitha fotot q\u00eb ka pasur me Mozzik, dhe kjo gj\u00eb nuk ka kaluar pa u v\u00ebn\u00eb re nga ndjek\u00ebsit e saj.<\/p>\n\n\n\n<p>Loredana ka rikthyer postimin ku b\u00ebnte me dije se \u00ebsht\u00eb ndar\u00eb nga Mozzik. Gjithashtu ajo ka risjell\u00eb edhe foto t\u00eb tjera ku dyshja shihen t\u00eb p\u00ebrqafuar, lajm\u00ebrojn\u00eb projekte muzikore apo albumin e ri.<\/p>\n\n\n\n<figure class=\"wp-block-image size-large is-resized is-style-default\"><img fetchpriority=\"high\" decoding=\"async\" src=\"https:\/\/blogin.al\/wp-content\/uploads\/2022\/09\/loredana-1-1024x611.jpg\" alt=\"\" class=\"wp-image-14125\" width=\"779\" height=\"464\" srcset=\"https:\/\/blogin.al\/wp-content\/uploads\/2022\/09\/loredana-1-1024x611.jpg 1024w, https:\/\/blogin.al\/wp-content\/uploads\/2022\/09\/loredana-1-300x179.jpg 300w, https:\/\/blogin.al\/wp-content\/uploads\/2022\/09\/loredana-1-768x458.jpg 768w, https:\/\/blogin.al\/wp-content\/uploads\/2022\/09\/loredana-1-150x90.jpg 150w, https:\/\/blogin.al\/wp-content\/uploads\/2022\/09\/loredana-1-696x415.jpg 696w, https:\/\/blogin.al\/wp-content\/uploads\/2022\/09\/loredana-1-1068x638.jpg 1068w, https:\/\/blogin.al\/wp-content\/uploads\/2022\/09\/loredana-1.jpg 1114w\" sizes=\"(max-width: 779px) 100vw, 779px\" \/><\/figure>\n\n\n\n<figure class=\"wp-block-image size-large is-style-default\"><img decoding=\"async\" width=\"1024\" height=\"565\" src=\"https:\/\/blogin.al\/wp-content\/uploads\/2022\/09\/loredana2-1024x565.jpg\" alt=\"\" class=\"wp-image-14126\" srcset=\"https:\/\/blogin.al\/wp-content\/uploads\/2022\/09\/loredana2-1024x565.jpg 1024w, https:\/\/blogin.al\/wp-content\/uploads\/2022\/09\/loredana2-300x166.jpg 300w, https:\/\/blogin.al\/wp-content\/uploads\/2022\/09\/loredana2-768x424.jpg 768w, https:\/\/blogin.al\/wp-content\/uploads\/2022\/09\/loredana2-150x83.jpg 150w, https:\/\/blogin.al\/wp-content\/uploads\/2022\/09\/loredana2-696x384.jpg 696w, https:\/\/blogin.al\/wp-content\/uploads\/2022\/09\/loredana2-1068x589.jpg 1068w, https:\/\/blogin.al\/wp-content\/uploads\/2022\/09\/loredana2.jpg 1274w\" sizes=\"(max-width: 1024px) 100vw, 1024px\" \/><\/figure>\n\n\n\n<figure class=\"wp-block-image size-large is-style-default\"><img decoding=\"async\" width=\"1024\" height=\"641\" src=\"https:\/\/blogin.al\/wp-content\/uploads\/2022\/09\/loredana3-1024x641.jpg\" alt=\"\" class=\"wp-image-14127\" srcset=\"https:\/\/blogin.al\/wp-content\/uploads\/2022\/09\/loredana3-1024x641.jpg 1024w, https:\/\/blogin.al\/wp-content\/uploads\/2022\/09\/loredana3-300x188.jpg 300w, https:\/\/blogin.al\/wp-content\/uploads\/2022\/09\/loredana3-768x481.jpg 768w, https:\/\/blogin.al\/wp-content\/uploads\/2022\/09\/loredana3-150x94.jpg 150w, https:\/\/blogin.al\/wp-content\/uploads\/2022\/09\/loredana3-696x436.jpg 696w, https:\/\/blogin.al\/wp-content\/uploads\/2022\/09\/loredana3-1068x669.jpg 1068w, https:\/\/blogin.al\/wp-content\/uploads\/2022\/09\/loredana3.jpg 1260w\" sizes=\"(max-width: 1024px) 100vw, 1024px\" \/><\/figure>\n\n\n\n<figure class=\"wp-block-image size-large is-style-default\"><img loading=\"lazy\" decoding=\"async\" width=\"1024\" height=\"585\" src=\"https:\/\/blogin.al\/wp-content\/uploads\/2022\/09\/loredana4-1024x585.jpg\" alt=\"\" class=\"wp-image-14128\" srcset=\"https:\/\/blogin.al\/wp-content\/uploads\/2022\/09\/loredana4-1024x585.jpg 1024w, https:\/\/blogin.al\/wp-content\/uploads\/2022\/09\/loredana4-300x171.jpg 300w, https:\/\/blogin.al\/wp-content\/uploads\/2022\/09\/loredana4-768x439.jpg 768w, https:\/\/blogin.al\/wp-content\/uploads\/2022\/09\/loredana4-150x86.jpg 150w, https:\/\/blogin.al\/wp-content\/uploads\/2022\/09\/loredana4-696x398.jpg 696w, https:\/\/blogin.al\/wp-content\/uploads\/2022\/09\/loredana4-1068x610.jpg 1068w, https:\/\/blogin.al\/wp-content\/uploads\/2022\/09\/loredana4.jpg 1269w\" sizes=\"(max-width: 1024px) 100vw, 1024px\" \/><\/figure>\n\n\n\n<p>Nuk dihet arsyeja se pse Loredana vendosi t\u00eb rikthej\u00eb postimet me Mozzik, megjithat\u00eb fansat kan\u00eb v\u00ebrshuar me komente n\u00eb postimet e vjetra kur k\u00ebrkojn\u00eb nj\u00eb ribashkim.<\/p>\n\n\n\n<p>Nga ana tjet\u00ebr n\u00eb Instagramin e Mozzik postimet e tij jan\u00eb ku ai shfaqet vet\u00ebm ose n\u00eb koncerte.<\/p>\n","protected":false},"excerpt":{"rendered":"<p>Loredana dhe Mozzik p\u00ebrs\u00ebri bashk\u00eb? Kjo \u00ebsht\u00eb pyetja q\u00eb \u00ebsht\u00eb ngritur nga t\u00eb gjith\u00eb pasi reperja ka rikthyer t\u00eb gjitha postimet e p\u00ebrbashk\u00ebta me Mozzik, n\u00eb Instagram. Reperja ka rikthyer n\u00eb profilin e saj t\u00eb gjitha fotot q\u00eb ka pasur me Mozzik, dhe kjo gj\u00eb nuk ka kaluar pa u v\u00ebn\u00eb re nga ndjek\u00ebsit e [&hellip;]<\/p>\n","protected":false},"author":2,"featured_media":13238,"comment_status":"open","ping_status":"open","sticky":false,"template":"","format":"standard","meta":{"footnotes":""},"categories":[33],"tags":[],"class_list":{"0":"post-14124","1":"post","2":"type-post","3":"status-publish","4":"format-standard","5":"has-post-thumbnail","7":"category-showbiz"},"yoast_head":"<!-- This site is optimized with the Yoast SEO plugin v27.5 - https:\/\/yoast.com\/product\/yoast-seo-wordpress\/ -->\n<title>Veprimi i fundit i Loredan\u00ebs n\u00eb Instagram ngre dyshime se \u00ebsht\u00eb ribashkuar me Mozzik - blogin.al<\/title>\n<meta name=\"robots\" content=\"index, follow, max-snippet:-1, max-image-preview:large, max-video-preview:-1\" \/>\n<link rel=\"canonical\" href=\"https:\/\/blogin.al\/?p=14124\" \/>\n<meta property=\"og:locale\" content=\"en_US\" \/>\n<meta property=\"og:type\" content=\"article\" \/>\n<meta property=\"og:title\" content=\"Veprimi i fundit i Loredan\u00ebs n\u00eb Instagram ngre dyshime se \u00ebsht\u00eb ribashkuar me Mozzik - blogin.al\" \/>\n<meta property=\"og:description\" content=\"Loredana dhe Mozzik p\u00ebrs\u00ebri bashk\u00eb? Kjo \u00ebsht\u00eb pyetja q\u00eb \u00ebsht\u00eb ngritur nga t\u00eb gjith\u00eb pasi reperja ka rikthyer t\u00eb gjitha postimet e p\u00ebrbashk\u00ebta me Mozzik, n\u00eb Instagram. Reperja ka rikthyer n\u00eb profilin e saj t\u00eb gjitha fotot q\u00eb ka pasur me Mozzik, dhe kjo gj\u00eb nuk ka kaluar pa u v\u00ebn\u00eb re nga ndjek\u00ebsit e [&hellip;]\" \/>\n<meta property=\"og:url\" content=\"https:\/\/blogin.al\/?p=14124\" \/>\n<meta property=\"og:site_name\" content=\"blogin.al\" \/>\n<meta property=\"article:published_time\" content=\"2022-09-10T18:29:20+00:00\" \/>\n<meta property=\"article:modified_time\" content=\"2022-09-10T18:29:21+00:00\" \/>\n<meta property=\"og:image\" content=\"https:\/\/blogin.al\/wp-content\/uploads\/2022\/08\/loredana-mozzik.webp\" \/>\n\t<meta property=\"og:image:width\" content=\"798\" \/>\n\t<meta property=\"og:image:height\" content=\"604\" \/>\n\t<meta property=\"og:image:type\" content=\"image\/webp\" \/>\n<meta name=\"author\" content=\"Blogin al\" \/>\n<meta name=\"twitter:card\" content=\"summary_large_image\" \/>\n<meta name=\"twitter:label1\" content=\"Written by\" \/>\n\t<meta name=\"twitter:data1\" content=\"Blogin al\" \/>\n\t<meta name=\"twitter:label2\" content=\"Est. reading time\" \/>\n\t<meta name=\"twitter:data2\" content=\"2 minutes\" \/>\n<script type=\"application\/ld+json\" class=\"yoast-schema-graph\">{\"@context\":\"https:\\\/\\\/schema.org\",\"@graph\":[{\"@type\":\"Article\",\"@id\":\"https:\\\/\\\/blogin.al\\\/?p=14124#article\",\"isPartOf\":{\"@id\":\"https:\\\/\\\/blogin.al\\\/?p=14124\"},\"author\":{\"name\":\"Blogin al\",\"@id\":\"https:\\\/\\\/blogin.al\\\/#\\\/schema\\\/person\\\/abdd56bc912cd511db877b852b115399\"},\"headline\":\"Veprimi i fundit i Loredan\u00ebs n\u00eb Instagram ngre dyshime se \u00ebsht\u00eb ribashkuar me Mozzik\",\"datePublished\":\"2022-09-10T18:29:20+00:00\",\"dateModified\":\"2022-09-10T18:29:21+00:00\",\"mainEntityOfPage\":{\"@id\":\"https:\\\/\\\/blogin.al\\\/?p=14124\"},\"wordCount\":161,\"commentCount\":0,\"publisher\":{\"@id\":\"https:\\\/\\\/blogin.al\\\/#organization\"},\"image\":{\"@id\":\"https:\\\/\\\/blogin.al\\\/?p=14124#primaryimage\"},\"thumbnailUrl\":\"https:\\\/\\\/blogin.al\\\/wp-content\\\/uploads\\\/2022\\\/08\\\/loredana-mozzik.webp\",\"articleSection\":[\"SHOWBIZ\"],\"inLanguage\":\"en-US\",\"potentialAction\":[{\"@type\":\"CommentAction\",\"name\":\"Comment\",\"target\":[\"https:\\\/\\\/blogin.al\\\/?p=14124#respond\"]}]},{\"@type\":\"WebPage\",\"@id\":\"https:\\\/\\\/blogin.al\\\/?p=14124\",\"url\":\"https:\\\/\\\/blogin.al\\\/?p=14124\",\"name\":\"Veprimi i fundit i Loredan\u00ebs n\u00eb Instagram ngre dyshime se \u00ebsht\u00eb ribashkuar me Mozzik - blogin.al\",\"isPartOf\":{\"@id\":\"https:\\\/\\\/blogin.al\\\/#website\"},\"primaryImageOfPage\":{\"@id\":\"https:\\\/\\\/blogin.al\\\/?p=14124#primaryimage\"},\"image\":{\"@id\":\"https:\\\/\\\/blogin.al\\\/?p=14124#primaryimage\"},\"thumbnailUrl\":\"https:\\\/\\\/blogin.al\\\/wp-content\\\/uploads\\\/2022\\\/08\\\/loredana-mozzik.webp\",\"datePublished\":\"2022-09-10T18:29:20+00:00\",\"dateModified\":\"2022-09-10T18:29:21+00:00\",\"breadcrumb\":{\"@id\":\"https:\\\/\\\/blogin.al\\\/?p=14124#breadcrumb\"},\"inLanguage\":\"en-US\",\"potentialAction\":[{\"@type\":\"ReadAction\",\"target\":[\"https:\\\/\\\/blogin.al\\\/?p=14124\"]}]},{\"@type\":\"ImageObject\",\"inLanguage\":\"en-US\",\"@id\":\"https:\\\/\\\/blogin.al\\\/?p=14124#primaryimage\",\"url\":\"https:\\\/\\\/blogin.al\\\/wp-content\\\/uploads\\\/2022\\\/08\\\/loredana-mozzik.webp\",\"contentUrl\":\"https:\\\/\\\/blogin.al\\\/wp-content\\\/uploads\\\/2022\\\/08\\\/loredana-mozzik.webp\",\"width\":798,\"height\":604},{\"@type\":\"BreadcrumbList\",\"@id\":\"https:\\\/\\\/blogin.al\\\/?p=14124#breadcrumb\",\"itemListElement\":[{\"@type\":\"ListItem\",\"position\":1,\"name\":\"Home\",\"item\":\"https:\\\/\\\/blogin.al\\\/\"},{\"@type\":\"ListItem\",\"position\":2,\"name\":\"Veprimi i fundit i Loredan\u00ebs n\u00eb Instagram ngre dyshime se \u00ebsht\u00eb ribashkuar me Mozzik\"}]},{\"@type\":\"WebSite\",\"@id\":\"https:\\\/\\\/blogin.al\\\/#website\",\"url\":\"https:\\\/\\\/blogin.al\\\/\",\"name\":\"blogin.al\",\"description\":\"\",\"publisher\":{\"@id\":\"https:\\\/\\\/blogin.al\\\/#organization\"},\"potentialAction\":[{\"@type\":\"SearchAction\",\"target\":{\"@type\":\"EntryPoint\",\"urlTemplate\":\"https:\\\/\\\/blogin.al\\\/?s={search_term_string}\"},\"query-input\":{\"@type\":\"PropertyValueSpecification\",\"valueRequired\":true,\"valueName\":\"search_term_string\"}}],\"inLanguage\":\"en-US\"},{\"@type\":\"Organization\",\"@id\":\"https:\\\/\\\/blogin.al\\\/#organization\",\"name\":\"BLOGIN.al\",\"url\":\"https:\\\/\\\/blogin.al\\\/\",\"logo\":{\"@type\":\"ImageObject\",\"inLanguage\":\"en-US\",\"@id\":\"https:\\\/\\\/blogin.al\\\/#\\\/schema\\\/logo\\\/image\\\/\",\"url\":\"https:\\\/\\\/blogin.al\\\/wp-content\\\/uploads\\\/2022\\\/05\\\/Untitled-2-01-e1652084456514.png\",\"contentUrl\":\"https:\\\/\\\/blogin.al\\\/wp-content\\\/uploads\\\/2022\\\/05\\\/Untitled-2-01-e1652084456514.png\",\"width\":3723,\"height\":1698,\"caption\":\"BLOGIN.al\"},\"image\":{\"@id\":\"https:\\\/\\\/blogin.al\\\/#\\\/schema\\\/logo\\\/image\\\/\"},\"sameAs\":[\"https:\\\/\\\/instagram.com\\\/blogin.al\\\/\"]},{\"@type\":\"Person\",\"@id\":\"https:\\\/\\\/blogin.al\\\/#\\\/schema\\\/person\\\/abdd56bc912cd511db877b852b115399\",\"name\":\"Blogin al\",\"image\":{\"@type\":\"ImageObject\",\"inLanguage\":\"en-US\",\"@id\":\"https:\\\/\\\/secure.gravatar.com\\\/avatar\\\/60d5661aee6e835fb13dc75d2204cd0c1d61bef2efd137c0083e59ef831e235e?s=96&d=mm&r=g\",\"url\":\"https:\\\/\\\/secure.gravatar.com\\\/avatar\\\/60d5661aee6e835fb13dc75d2204cd0c1d61bef2efd137c0083e59ef831e235e?s=96&d=mm&r=g\",\"contentUrl\":\"https:\\\/\\\/secure.gravatar.com\\\/avatar\\\/60d5661aee6e835fb13dc75d2204cd0c1d61bef2efd137c0083e59ef831e235e?s=96&d=mm&r=g\",\"caption\":\"Blogin al\"},\"sameAs\":[\"https:\\\/\\\/blogin.al\"],\"url\":\"https:\\\/\\\/blogin.al\\\/?author=2\"}]}<\/script>\n<!-- \/ Yoast SEO plugin. -->","yoast_head_json":{"title":"Veprimi i fundit i Loredan\u00ebs n\u00eb Instagram ngre dyshime se \u00ebsht\u00eb ribashkuar me Mozzik - blogin.al","robots":{"index":"index","follow":"follow","max-snippet":"max-snippet:-1","max-image-preview":"max-image-preview:large","max-video-preview":"max-video-preview:-1"},"canonical":"https:\/\/blogin.al\/?p=14124","og_locale":"en_US","og_type":"article","og_title":"Veprimi i fundit i Loredan\u00ebs n\u00eb Instagram ngre dyshime se \u00ebsht\u00eb ribashkuar me Mozzik - blogin.al","og_description":"Loredana dhe Mozzik p\u00ebrs\u00ebri bashk\u00eb? Kjo \u00ebsht\u00eb pyetja q\u00eb \u00ebsht\u00eb ngritur nga t\u00eb gjith\u00eb pasi reperja ka rikthyer t\u00eb gjitha postimet e p\u00ebrbashk\u00ebta me Mozzik, n\u00eb Instagram. Reperja ka rikthyer n\u00eb profilin e saj t\u00eb gjitha fotot q\u00eb ka pasur me Mozzik, dhe kjo gj\u00eb nuk ka kaluar pa u v\u00ebn\u00eb re nga ndjek\u00ebsit e [&hellip;]","og_url":"https:\/\/blogin.al\/?p=14124","og_site_name":"blogin.al","article_published_time":"2022-09-10T18:29:20+00:00","article_modified_time":"2022-09-10T18:29:21+00:00","og_image":[{"width":798,"height":604,"url":"https:\/\/blogin.al\/wp-content\/uploads\/2022\/08\/loredana-mozzik.webp","type":"image\/webp"}],"author":"Blogin al","twitter_card":"summary_large_image","twitter_misc":{"Written by":"Blogin al","Est. reading time":"2 minutes"},"schema":{"@context":"https:\/\/schema.org","@graph":[{"@type":"Article","@id":"https:\/\/blogin.al\/?p=14124#article","isPartOf":{"@id":"https:\/\/blogin.al\/?p=14124"},"author":{"name":"Blogin al","@id":"https:\/\/blogin.al\/#\/schema\/person\/abdd56bc912cd511db877b852b115399"},"headline":"Veprimi i fundit i Loredan\u00ebs n\u00eb Instagram ngre dyshime se \u00ebsht\u00eb ribashkuar me Mozzik","datePublished":"2022-09-10T18:29:20+00:00","dateModified":"2022-09-10T18:29:21+00:00","mainEntityOfPage":{"@id":"https:\/\/blogin.al\/?p=14124"},"wordCount":161,"commentCount":0,"publisher":{"@id":"https:\/\/blogin.al\/#organization"},"image":{"@id":"https:\/\/blogin.al\/?p=14124#primaryimage"},"thumbnailUrl":"https:\/\/blogin.al\/wp-content\/uploads\/2022\/08\/loredana-mozzik.webp","articleSection":["SHOWBIZ"],"inLanguage":"en-US","potentialAction":[{"@type":"CommentAction","name":"Comment","target":["https:\/\/blogin.al\/?p=14124#respond"]}]},{"@type":"WebPage","@id":"https:\/\/blogin.al\/?p=14124","url":"https:\/\/blogin.al\/?p=14124","name":"Veprimi i fundit i Loredan\u00ebs n\u00eb Instagram ngre dyshime se \u00ebsht\u00eb ribashkuar me Mozzik - blogin.al","isPartOf":{"@id":"https:\/\/blogin.al\/#website"},"primaryImageOfPage":{"@id":"https:\/\/blogin.al\/?p=14124#primaryimage"},"image":{"@id":"https:\/\/blogin.al\/?p=14124#primaryimage"},"thumbnailUrl":"https:\/\/blogin.al\/wp-content\/uploads\/2022\/08\/loredana-mozzik.webp","datePublished":"2022-09-10T18:29:20+00:00","dateModified":"2022-09-10T18:29:21+00:00","breadcrumb":{"@id":"https:\/\/blogin.al\/?p=14124#breadcrumb"},"inLanguage":"en-US","potentialAction":[{"@type":"ReadAction","target":["https:\/\/blogin.al\/?p=14124"]}]},{"@type":"ImageObject","inLanguage":"en-US","@id":"https:\/\/blogin.al\/?p=14124#primaryimage","url":"https:\/\/blogin.al\/wp-content\/uploads\/2022\/08\/loredana-mozzik.webp","contentUrl":"https:\/\/blogin.al\/wp-content\/uploads\/2022\/08\/loredana-mozzik.webp","width":798,"height":604},{"@type":"BreadcrumbList","@id":"https:\/\/blogin.al\/?p=14124#breadcrumb","itemListElement":[{"@type":"ListItem","position":1,"name":"Home","item":"https:\/\/blogin.al\/"},{"@type":"ListItem","position":2,"name":"Veprimi i fundit i Loredan\u00ebs n\u00eb Instagram ngre dyshime se \u00ebsht\u00eb ribashkuar me Mozzik"}]},{"@type":"WebSite","@id":"https:\/\/blogin.al\/#website","url":"https:\/\/blogin.al\/","name":"blogin.al","description":"","publisher":{"@id":"https:\/\/blogin.al\/#organization"},"potentialAction":[{"@type":"SearchAction","target":{"@type":"EntryPoint","urlTemplate":"https:\/\/blogin.al\/?s={search_term_string}"},"query-input":{"@type":"PropertyValueSpecification","valueRequired":true,"valueName":"search_term_string"}}],"inLanguage":"en-US"},{"@type":"Organization","@id":"https:\/\/blogin.al\/#organization","name":"BLOGIN.al","url":"https:\/\/blogin.al\/","logo":{"@type":"ImageObject","inLanguage":"en-US","@id":"https:\/\/blogin.al\/#\/schema\/logo\/image\/","url":"https:\/\/blogin.al\/wp-content\/uploads\/2022\/05\/Untitled-2-01-e1652084456514.png","contentUrl":"https:\/\/blogin.al\/wp-content\/uploads\/2022\/05\/Untitled-2-01-e1652084456514.png","width":3723,"height":1698,"caption":"BLOGIN.al"},"image":{"@id":"https:\/\/blogin.al\/#\/schema\/logo\/image\/"},"sameAs":["https:\/\/instagram.com\/blogin.al\/"]},{"@type":"Person","@id":"https:\/\/blogin.al\/#\/schema\/person\/abdd56bc912cd511db877b852b115399","name":"Blogin al","image":{"@type":"ImageObject","inLanguage":"en-US","@id":"https:\/\/secure.gravatar.com\/avatar\/60d5661aee6e835fb13dc75d2204cd0c1d61bef2efd137c0083e59ef831e235e?s=96&d=mm&r=g","url":"https:\/\/secure.gravatar.com\/avatar\/60d5661aee6e835fb13dc75d2204cd0c1d61bef2efd137c0083e59ef831e235e?s=96&d=mm&r=g","contentUrl":"https:\/\/secure.gravatar.com\/avatar\/60d5661aee6e835fb13dc75d2204cd0c1d61bef2efd137c0083e59ef831e235e?s=96&d=mm&r=g","caption":"Blogin al"},"sameAs":["https:\/\/blogin.al"],"url":"https:\/\/blogin.al\/?author=2"}]}},"_links":{"self":[{"href":"https:\/\/blogin.al\/index.php?rest_route=\/wp\/v2\/posts\/14124","targetHints":{"allow":["GET"]}}],"collection":[{"href":"https:\/\/blogin.al\/index.php?rest_route=\/wp\/v2\/posts"}],"about":[{"href":"https:\/\/blogin.al\/index.php?rest_route=\/wp\/v2\/types\/post"}],"author":[{"embeddable":true,"href":"https:\/\/blogin.al\/index.php?rest_route=\/wp\/v2\/users\/2"}],"replies":[{"embeddable":true,"href":"https:\/\/blogin.al\/index.php?rest_route=%2Fwp%2Fv2%2Fcomments&post=14124"}],"version-history":[{"count":1,"href":"https:\/\/blogin.al\/index.php?rest_route=\/wp\/v2\/posts\/14124\/revisions"}],"predecessor-version":[{"id":14129,"href":"https:\/\/blogin.al\/index.php?rest_route=\/wp\/v2\/posts\/14124\/revisions\/14129"}],"wp:featuredmedia":[{"embeddable":true,"href":"https:\/\/blogin.al\/index.php?rest_route=\/wp\/v2\/media\/13238"}],"wp:attachment":[{"href":"https:\/\/blogin.al\/index.php?rest_route=%2Fwp%2Fv2%2Fmedia&parent=14124"}],"wp:term":[{"taxonomy":"category","embeddable":true,"href":"https:\/\/blogin.al\/index.php?rest_route=%2Fwp%2Fv2%2Fcategories&post=14124"},{"taxonomy":"post_tag","embeddable":true,"href":"https:\/\/blogin.al\/index.php?rest_route=%2Fwp%2Fv2%2Ftags&post=14124"}],"curies":[{"name":"wp","href":"https:\/\/api.w.org\/{rel}","templated":true}]}}