{"id":14130,"date":"2022-09-10T18:42:14","date_gmt":"2022-09-10T18:42:14","guid":{"rendered":"https:\/\/blogin.al\/?p=14130"},"modified":"2022-09-10T18:42:15","modified_gmt":"2022-09-10T18:42:15","slug":"princi-william-ben-deklaraten-e-pare-publike-per-vdekjen-e-mbretereshes-elizabeth-ii","status":"publish","type":"post","link":"https:\/\/blogin.al\/?p=14130","title":{"rendered":"Princi William b\u00ebn deklarat\u00ebn e par\u00eb publike p\u00ebr vdekjen e Mbret\u00ebresh\u00ebs Elizabeth II"},"content":{"rendered":"\n<p><strong><br>Princi William dhe Kate Middleton kan\u00eb b\u00ebr\u00eb deklarat\u00ebn e tyre t\u00eb par\u00eb publike pas ndarjes nga jet\u00eb t\u00eb Mbret\u00ebresh\u00ebs Elizabeth II. Monarkja nd\u00ebrroi jet\u00eb t\u00eb enjten (8 shtator) n\u00eb mosh\u00ebn 96-vje\u00e7are.<\/strong><\/p>\n\n\n\n<p><strong>\u201cT\u00eb enjten, bota humbi nj\u00eb udh\u00ebheq\u00ebse t\u00eb jasht\u00ebzakonsh\u00ebme, p\u00ebrkushtimi i s\u00eb cil\u00ebs, ndaj vendit, Mbret\u00ebrive dhe Komonuelthit, ishte absolut.\u00a0Aq shum\u00eb do t\u00eb thuhet n\u00eb dit\u00ebt n\u00eb vijim p\u00ebr kuptimin e mbret\u00ebrimit t\u00eb saj historik. Megjithat\u00eb, kam humbur nj\u00eb gjyshe.\u00a0Dhe nd\u00ebrsa un\u00eb do t\u00eb pik\u00eblloj humbjen e saj, ndihem gjithashtu tep\u00ebr mir\u00ebnjoh\u00ebs.\u00a0Un\u00eb kam p\u00ebrfituar nga men\u00e7uria dhe siguria e Mbret\u00ebresh\u00ebs n\u00eb dekad\u00ebn time t\u00eb pest\u00eb\u201d-<\/strong>tha William n\u00eb nj\u00eb\u00a0deklarat\u00eb t\u00eb l\u00ebshuar p\u00ebrmes Twitter, tanim\u00eb si Princi i Uellsit.<\/p>\n\n\n\n<figure class=\"wp-block-embed is-type-rich is-provider-twitter wp-block-embed-twitter\"><div class=\"wp-block-embed__wrapper\">\n<blockquote class=\"twitter-tweet\" data-width=\"550\" data-dnt=\"true\"><p lang=\"zxx\" dir=\"ltr\"><a href=\"https:\/\/t.co\/BDm2ZR34Uz\">pic.twitter.com\/BDm2ZR34Uz<\/a><\/p>&mdash; The Prince and Princess of Wales (@KensingtonRoyal) <a href=\"https:\/\/twitter.com\/KensingtonRoyal\/status\/1568623203404201984?ref_src=twsrc%5Etfw\">September 10, 2022<\/a><\/blockquote><script async src=\"https:\/\/platform.twitter.com\/widgets.js\" charset=\"utf-8\"><\/script>\n<\/div><\/figure>\n\n\n\n<p>William vazhdoi duke th\u00ebn\u00eb se gruaja e tij kishte gjithashtu 20 vjet nga udh\u00ebheqja dhe mb\u00ebshtetja e monarkes s\u00eb ndjer\u00eb, nd\u00ebrsa f\u00ebmij\u00ebt e tyre pat\u00ebn mund\u00ebsin\u00eb dhe fatin t\u00eb \u201ckalojn\u00eb pushimet\u201d dhe \u201ct\u00eb krijojn\u00eb kujtime\u201d me t\u00eb q\u00eb do t\u00eb zgjasin nj\u00eb jet\u00eb.<\/p>\n\n\n\n<p><strong>\u201cAjo ishte pran\u00eb meje n\u00eb momentet e mia m\u00eb t\u00eb lumtura.&nbsp;Dhe ajo ishte pran\u00eb meje gjat\u00eb dit\u00ebve m\u00eb t\u00eb trishta t\u00eb jet\u00ebs sime.&nbsp;E dija se kjo dit\u00eb do t\u00eb vinte, por do t\u00eb kaloj\u00eb ca koh\u00eb para se realiteti i jet\u00ebs pa gjyshen t\u00eb ndihet v\u00ebrtet i v\u00ebrtet\u00eb. E fal\u00ebnderoj p\u00ebr dashamir\u00ebsin\u00eb q\u00eb ka treguar mua dhe familjes sime.&nbsp;Dhe un\u00eb e fal\u00ebnderoj at\u00eb n\u00eb em\u00ebr t\u00eb brezit tim p\u00ebr ofrimin e nj\u00eb shembulli sh\u00ebrbimi dhe dinjiteti n\u00eb jet\u00ebn publike q\u00eb ishte nga nj\u00eb epok\u00eb tjet\u00ebr, por gjithmon\u00eb e r\u00ebnd\u00ebsishme p\u00ebr t\u00eb gjith\u00eb ne\u201d,<\/strong>&nbsp;vazhdoi deklarata e William.<\/p>\n\n\n\n<p>Princi i Uellsit p\u00ebrfundoi:&nbsp;<strong>\u201cGjyshja ime tha n\u00eb m\u00ebnyr\u00eb t\u00eb famshme se pik\u00ebllimi ishte \u00e7mimi q\u00eb ne paguajm\u00eb p\u00ebr dashurin\u00eb.&nbsp;I gjith\u00eb trishtimi q\u00eb do t\u00eb ndiejm\u00eb n\u00eb jav\u00ebt e ardhshme do t\u00eb jet\u00eb d\u00ebshmi e dashuris\u00eb q\u00eb ndjem\u00eb p\u00ebr Mbret\u00ebresh\u00ebn ton\u00eb t\u00eb jasht\u00ebzakonshme.&nbsp;Un\u00eb do ta nderoj kujtimin e saj duke mb\u00ebshtetur babain tim, Mbretin, n\u00eb \u00e7do m\u00ebnyr\u00eb q\u00eb mundem.\u201d<\/strong><\/p>\n","protected":false},"excerpt":{"rendered":"<p>Princi William dhe Kate Middleton kan\u00eb b\u00ebr\u00eb deklarat\u00ebn e tyre t\u00eb par\u00eb publike pas ndarjes nga jet\u00eb t\u00eb Mbret\u00ebresh\u00ebs Elizabeth II. Monarkja nd\u00ebrroi jet\u00eb t\u00eb enjten (8 shtator) n\u00eb mosh\u00ebn 96-vje\u00e7are. \u201cT\u00eb enjten, bota humbi nj\u00eb udh\u00ebheq\u00ebse t\u00eb jasht\u00ebzakonsh\u00ebme, p\u00ebrkushtimi i s\u00eb cil\u00ebs, ndaj vendit, Mbret\u00ebrive dhe Komonuelthit, ishte absolut.\u00a0Aq shum\u00eb do t\u00eb thuhet n\u00eb [&hellip;]<\/p>\n","protected":false},"author":2,"featured_media":14131,"comment_status":"open","ping_status":"open","sticky":false,"template":"","format":"standard","meta":{"footnotes":""},"categories":[33],"tags":[],"class_list":{"0":"post-14130","1":"post","2":"type-post","3":"status-publish","4":"format-standard","5":"has-post-thumbnail","7":"category-showbiz"},"yoast_head":"<!-- This site is optimized with the Yoast SEO plugin v27.5 - https:\/\/yoast.com\/product\/yoast-seo-wordpress\/ -->\n<title>Princi William b\u00ebn deklarat\u00ebn e par\u00eb publike p\u00ebr vdekjen e Mbret\u00ebresh\u00ebs Elizabeth II - blogin.al<\/title>\n<meta name=\"robots\" content=\"index, follow, max-snippet:-1, max-image-preview:large, max-video-preview:-1\" \/>\n<link rel=\"canonical\" href=\"https:\/\/blogin.al\/?p=14130\" \/>\n<meta property=\"og:locale\" content=\"en_US\" \/>\n<meta property=\"og:type\" content=\"article\" \/>\n<meta property=\"og:title\" content=\"Princi William b\u00ebn deklarat\u00ebn e par\u00eb publike p\u00ebr vdekjen e Mbret\u00ebresh\u00ebs Elizabeth II - blogin.al\" \/>\n<meta property=\"og:description\" content=\"Princi William dhe Kate Middleton kan\u00eb b\u00ebr\u00eb deklarat\u00ebn e tyre t\u00eb par\u00eb publike pas ndarjes nga jet\u00eb t\u00eb Mbret\u00ebresh\u00ebs Elizabeth II. Monarkja nd\u00ebrroi jet\u00eb t\u00eb enjten (8 shtator) n\u00eb mosh\u00ebn 96-vje\u00e7are. \u201cT\u00eb enjten, bota humbi nj\u00eb udh\u00ebheq\u00ebse t\u00eb jasht\u00ebzakonsh\u00ebme, p\u00ebrkushtimi i s\u00eb cil\u00ebs, ndaj vendit, Mbret\u00ebrive dhe Komonuelthit, ishte absolut.\u00a0Aq shum\u00eb do t\u00eb thuhet n\u00eb [&hellip;]\" \/>\n<meta property=\"og:url\" content=\"https:\/\/blogin.al\/?p=14130\" \/>\n<meta property=\"og:site_name\" content=\"blogin.al\" \/>\n<meta property=\"article:published_time\" content=\"2022-09-10T18:42:14+00:00\" \/>\n<meta property=\"article:modified_time\" content=\"2022-09-10T18:42:15+00:00\" \/>\n<meta property=\"og:image\" content=\"https:\/\/blogin.al\/wp-content\/uploads\/2022\/09\/prince-william-duke-of-cambridge-and-queen-elizabeth-ii-news-photo-1662825234-scaled.jpg\" \/>\n\t<meta property=\"og:image:width\" content=\"2560\" \/>\n\t<meta property=\"og:image:height\" content=\"1965\" \/>\n\t<meta property=\"og:image:type\" content=\"image\/jpeg\" \/>\n<meta name=\"author\" content=\"Blogin al\" \/>\n<meta name=\"twitter:card\" content=\"summary_large_image\" \/>\n<meta name=\"twitter:label1\" content=\"Written by\" \/>\n\t<meta name=\"twitter:data1\" content=\"Blogin al\" \/>\n\t<meta name=\"twitter:label2\" content=\"Est. reading time\" \/>\n\t<meta name=\"twitter:data2\" content=\"2 minutes\" \/>\n<script type=\"application\/ld+json\" class=\"yoast-schema-graph\">{\"@context\":\"https:\\\/\\\/schema.org\",\"@graph\":[{\"@type\":\"Article\",\"@id\":\"https:\\\/\\\/blogin.al\\\/?p=14130#article\",\"isPartOf\":{\"@id\":\"https:\\\/\\\/blogin.al\\\/?p=14130\"},\"author\":{\"name\":\"Blogin al\",\"@id\":\"https:\\\/\\\/blogin.al\\\/#\\\/schema\\\/person\\\/abdd56bc912cd511db877b852b115399\"},\"headline\":\"Princi William b\u00ebn deklarat\u00ebn e par\u00eb publike p\u00ebr vdekjen e Mbret\u00ebresh\u00ebs Elizabeth II\",\"datePublished\":\"2022-09-10T18:42:14+00:00\",\"dateModified\":\"2022-09-10T18:42:15+00:00\",\"mainEntityOfPage\":{\"@id\":\"https:\\\/\\\/blogin.al\\\/?p=14130\"},\"wordCount\":448,\"commentCount\":0,\"publisher\":{\"@id\":\"https:\\\/\\\/blogin.al\\\/#organization\"},\"image\":{\"@id\":\"https:\\\/\\\/blogin.al\\\/?p=14130#primaryimage\"},\"thumbnailUrl\":\"https:\\\/\\\/blogin.al\\\/wp-content\\\/uploads\\\/2022\\\/09\\\/prince-william-duke-of-cambridge-and-queen-elizabeth-ii-news-photo-1662825234-scaled.jpg\",\"articleSection\":[\"SHOWBIZ\"],\"inLanguage\":\"en-US\",\"potentialAction\":[{\"@type\":\"CommentAction\",\"name\":\"Comment\",\"target\":[\"https:\\\/\\\/blogin.al\\\/?p=14130#respond\"]}]},{\"@type\":\"WebPage\",\"@id\":\"https:\\\/\\\/blogin.al\\\/?p=14130\",\"url\":\"https:\\\/\\\/blogin.al\\\/?p=14130\",\"name\":\"Princi William b\u00ebn deklarat\u00ebn e par\u00eb publike p\u00ebr vdekjen e Mbret\u00ebresh\u00ebs Elizabeth II - blogin.al\",\"isPartOf\":{\"@id\":\"https:\\\/\\\/blogin.al\\\/#website\"},\"primaryImageOfPage\":{\"@id\":\"https:\\\/\\\/blogin.al\\\/?p=14130#primaryimage\"},\"image\":{\"@id\":\"https:\\\/\\\/blogin.al\\\/?p=14130#primaryimage\"},\"thumbnailUrl\":\"https:\\\/\\\/blogin.al\\\/wp-content\\\/uploads\\\/2022\\\/09\\\/prince-william-duke-of-cambridge-and-queen-elizabeth-ii-news-photo-1662825234-scaled.jpg\",\"datePublished\":\"2022-09-10T18:42:14+00:00\",\"dateModified\":\"2022-09-10T18:42:15+00:00\",\"breadcrumb\":{\"@id\":\"https:\\\/\\\/blogin.al\\\/?p=14130#breadcrumb\"},\"inLanguage\":\"en-US\",\"potentialAction\":[{\"@type\":\"ReadAction\",\"target\":[\"https:\\\/\\\/blogin.al\\\/?p=14130\"]}]},{\"@type\":\"ImageObject\",\"inLanguage\":\"en-US\",\"@id\":\"https:\\\/\\\/blogin.al\\\/?p=14130#primaryimage\",\"url\":\"https:\\\/\\\/blogin.al\\\/wp-content\\\/uploads\\\/2022\\\/09\\\/prince-william-duke-of-cambridge-and-queen-elizabeth-ii-news-photo-1662825234-scaled.jpg\",\"contentUrl\":\"https:\\\/\\\/blogin.al\\\/wp-content\\\/uploads\\\/2022\\\/09\\\/prince-william-duke-of-cambridge-and-queen-elizabeth-ii-news-photo-1662825234-scaled.jpg\",\"width\":2560,\"height\":1965},{\"@type\":\"BreadcrumbList\",\"@id\":\"https:\\\/\\\/blogin.al\\\/?p=14130#breadcrumb\",\"itemListElement\":[{\"@type\":\"ListItem\",\"position\":1,\"name\":\"Home\",\"item\":\"https:\\\/\\\/blogin.al\\\/\"},{\"@type\":\"ListItem\",\"position\":2,\"name\":\"Princi William b\u00ebn deklarat\u00ebn e par\u00eb publike p\u00ebr vdekjen e Mbret\u00ebresh\u00ebs Elizabeth II\"}]},{\"@type\":\"WebSite\",\"@id\":\"https:\\\/\\\/blogin.al\\\/#website\",\"url\":\"https:\\\/\\\/blogin.al\\\/\",\"name\":\"blogin.al\",\"description\":\"\",\"publisher\":{\"@id\":\"https:\\\/\\\/blogin.al\\\/#organization\"},\"potentialAction\":[{\"@type\":\"SearchAction\",\"target\":{\"@type\":\"EntryPoint\",\"urlTemplate\":\"https:\\\/\\\/blogin.al\\\/?s={search_term_string}\"},\"query-input\":{\"@type\":\"PropertyValueSpecification\",\"valueRequired\":true,\"valueName\":\"search_term_string\"}}],\"inLanguage\":\"en-US\"},{\"@type\":\"Organization\",\"@id\":\"https:\\\/\\\/blogin.al\\\/#organization\",\"name\":\"BLOGIN.al\",\"url\":\"https:\\\/\\\/blogin.al\\\/\",\"logo\":{\"@type\":\"ImageObject\",\"inLanguage\":\"en-US\",\"@id\":\"https:\\\/\\\/blogin.al\\\/#\\\/schema\\\/logo\\\/image\\\/\",\"url\":\"https:\\\/\\\/blogin.al\\\/wp-content\\\/uploads\\\/2022\\\/05\\\/Untitled-2-01-e1652084456514.png\",\"contentUrl\":\"https:\\\/\\\/blogin.al\\\/wp-content\\\/uploads\\\/2022\\\/05\\\/Untitled-2-01-e1652084456514.png\",\"width\":3723,\"height\":1698,\"caption\":\"BLOGIN.al\"},\"image\":{\"@id\":\"https:\\\/\\\/blogin.al\\\/#\\\/schema\\\/logo\\\/image\\\/\"},\"sameAs\":[\"https:\\\/\\\/instagram.com\\\/blogin.al\\\/\"]},{\"@type\":\"Person\",\"@id\":\"https:\\\/\\\/blogin.al\\\/#\\\/schema\\\/person\\\/abdd56bc912cd511db877b852b115399\",\"name\":\"Blogin al\",\"image\":{\"@type\":\"ImageObject\",\"inLanguage\":\"en-US\",\"@id\":\"https:\\\/\\\/secure.gravatar.com\\\/avatar\\\/60d5661aee6e835fb13dc75d2204cd0c1d61bef2efd137c0083e59ef831e235e?s=96&d=mm&r=g\",\"url\":\"https:\\\/\\\/secure.gravatar.com\\\/avatar\\\/60d5661aee6e835fb13dc75d2204cd0c1d61bef2efd137c0083e59ef831e235e?s=96&d=mm&r=g\",\"contentUrl\":\"https:\\\/\\\/secure.gravatar.com\\\/avatar\\\/60d5661aee6e835fb13dc75d2204cd0c1d61bef2efd137c0083e59ef831e235e?s=96&d=mm&r=g\",\"caption\":\"Blogin al\"},\"sameAs\":[\"https:\\\/\\\/blogin.al\"],\"url\":\"https:\\\/\\\/blogin.al\\\/?author=2\"}]}<\/script>\n<!-- \/ Yoast SEO plugin. -->","yoast_head_json":{"title":"Princi William b\u00ebn deklarat\u00ebn e par\u00eb publike p\u00ebr vdekjen e Mbret\u00ebresh\u00ebs Elizabeth II - blogin.al","robots":{"index":"index","follow":"follow","max-snippet":"max-snippet:-1","max-image-preview":"max-image-preview:large","max-video-preview":"max-video-preview:-1"},"canonical":"https:\/\/blogin.al\/?p=14130","og_locale":"en_US","og_type":"article","og_title":"Princi William b\u00ebn deklarat\u00ebn e par\u00eb publike p\u00ebr vdekjen e Mbret\u00ebresh\u00ebs Elizabeth II - blogin.al","og_description":"Princi William dhe Kate Middleton kan\u00eb b\u00ebr\u00eb deklarat\u00ebn e tyre t\u00eb par\u00eb publike pas ndarjes nga jet\u00eb t\u00eb Mbret\u00ebresh\u00ebs Elizabeth II. Monarkja nd\u00ebrroi jet\u00eb t\u00eb enjten (8 shtator) n\u00eb mosh\u00ebn 96-vje\u00e7are. \u201cT\u00eb enjten, bota humbi nj\u00eb udh\u00ebheq\u00ebse t\u00eb jasht\u00ebzakonsh\u00ebme, p\u00ebrkushtimi i s\u00eb cil\u00ebs, ndaj vendit, Mbret\u00ebrive dhe Komonuelthit, ishte absolut.\u00a0Aq shum\u00eb do t\u00eb thuhet n\u00eb [&hellip;]","og_url":"https:\/\/blogin.al\/?p=14130","og_site_name":"blogin.al","article_published_time":"2022-09-10T18:42:14+00:00","article_modified_time":"2022-09-10T18:42:15+00:00","og_image":[{"width":2560,"height":1965,"url":"https:\/\/blogin.al\/wp-content\/uploads\/2022\/09\/prince-william-duke-of-cambridge-and-queen-elizabeth-ii-news-photo-1662825234-scaled.jpg","type":"image\/jpeg"}],"author":"Blogin al","twitter_card":"summary_large_image","twitter_misc":{"Written by":"Blogin al","Est. reading time":"2 minutes"},"schema":{"@context":"https:\/\/schema.org","@graph":[{"@type":"Article","@id":"https:\/\/blogin.al\/?p=14130#article","isPartOf":{"@id":"https:\/\/blogin.al\/?p=14130"},"author":{"name":"Blogin al","@id":"https:\/\/blogin.al\/#\/schema\/person\/abdd56bc912cd511db877b852b115399"},"headline":"Princi William b\u00ebn deklarat\u00ebn e par\u00eb publike p\u00ebr vdekjen e Mbret\u00ebresh\u00ebs Elizabeth II","datePublished":"2022-09-10T18:42:14+00:00","dateModified":"2022-09-10T18:42:15+00:00","mainEntityOfPage":{"@id":"https:\/\/blogin.al\/?p=14130"},"wordCount":448,"commentCount":0,"publisher":{"@id":"https:\/\/blogin.al\/#organization"},"image":{"@id":"https:\/\/blogin.al\/?p=14130#primaryimage"},"thumbnailUrl":"https:\/\/blogin.al\/wp-content\/uploads\/2022\/09\/prince-william-duke-of-cambridge-and-queen-elizabeth-ii-news-photo-1662825234-scaled.jpg","articleSection":["SHOWBIZ"],"inLanguage":"en-US","potentialAction":[{"@type":"CommentAction","name":"Comment","target":["https:\/\/blogin.al\/?p=14130#respond"]}]},{"@type":"WebPage","@id":"https:\/\/blogin.al\/?p=14130","url":"https:\/\/blogin.al\/?p=14130","name":"Princi William b\u00ebn deklarat\u00ebn e par\u00eb publike p\u00ebr vdekjen e Mbret\u00ebresh\u00ebs Elizabeth II - blogin.al","isPartOf":{"@id":"https:\/\/blogin.al\/#website"},"primaryImageOfPage":{"@id":"https:\/\/blogin.al\/?p=14130#primaryimage"},"image":{"@id":"https:\/\/blogin.al\/?p=14130#primaryimage"},"thumbnailUrl":"https:\/\/blogin.al\/wp-content\/uploads\/2022\/09\/prince-william-duke-of-cambridge-and-queen-elizabeth-ii-news-photo-1662825234-scaled.jpg","datePublished":"2022-09-10T18:42:14+00:00","dateModified":"2022-09-10T18:42:15+00:00","breadcrumb":{"@id":"https:\/\/blogin.al\/?p=14130#breadcrumb"},"inLanguage":"en-US","potentialAction":[{"@type":"ReadAction","target":["https:\/\/blogin.al\/?p=14130"]}]},{"@type":"ImageObject","inLanguage":"en-US","@id":"https:\/\/blogin.al\/?p=14130#primaryimage","url":"https:\/\/blogin.al\/wp-content\/uploads\/2022\/09\/prince-william-duke-of-cambridge-and-queen-elizabeth-ii-news-photo-1662825234-scaled.jpg","contentUrl":"https:\/\/blogin.al\/wp-content\/uploads\/2022\/09\/prince-william-duke-of-cambridge-and-queen-elizabeth-ii-news-photo-1662825234-scaled.jpg","width":2560,"height":1965},{"@type":"BreadcrumbList","@id":"https:\/\/blogin.al\/?p=14130#breadcrumb","itemListElement":[{"@type":"ListItem","position":1,"name":"Home","item":"https:\/\/blogin.al\/"},{"@type":"ListItem","position":2,"name":"Princi William b\u00ebn deklarat\u00ebn e par\u00eb publike p\u00ebr vdekjen e Mbret\u00ebresh\u00ebs Elizabeth II"}]},{"@type":"WebSite","@id":"https:\/\/blogin.al\/#website","url":"https:\/\/blogin.al\/","name":"blogin.al","description":"","publisher":{"@id":"https:\/\/blogin.al\/#organization"},"potentialAction":[{"@type":"SearchAction","target":{"@type":"EntryPoint","urlTemplate":"https:\/\/blogin.al\/?s={search_term_string}"},"query-input":{"@type":"PropertyValueSpecification","valueRequired":true,"valueName":"search_term_string"}}],"inLanguage":"en-US"},{"@type":"Organization","@id":"https:\/\/blogin.al\/#organization","name":"BLOGIN.al","url":"https:\/\/blogin.al\/","logo":{"@type":"ImageObject","inLanguage":"en-US","@id":"https:\/\/blogin.al\/#\/schema\/logo\/image\/","url":"https:\/\/blogin.al\/wp-content\/uploads\/2022\/05\/Untitled-2-01-e1652084456514.png","contentUrl":"https:\/\/blogin.al\/wp-content\/uploads\/2022\/05\/Untitled-2-01-e1652084456514.png","width":3723,"height":1698,"caption":"BLOGIN.al"},"image":{"@id":"https:\/\/blogin.al\/#\/schema\/logo\/image\/"},"sameAs":["https:\/\/instagram.com\/blogin.al\/"]},{"@type":"Person","@id":"https:\/\/blogin.al\/#\/schema\/person\/abdd56bc912cd511db877b852b115399","name":"Blogin al","image":{"@type":"ImageObject","inLanguage":"en-US","@id":"https:\/\/secure.gravatar.com\/avatar\/60d5661aee6e835fb13dc75d2204cd0c1d61bef2efd137c0083e59ef831e235e?s=96&d=mm&r=g","url":"https:\/\/secure.gravatar.com\/avatar\/60d5661aee6e835fb13dc75d2204cd0c1d61bef2efd137c0083e59ef831e235e?s=96&d=mm&r=g","contentUrl":"https:\/\/secure.gravatar.com\/avatar\/60d5661aee6e835fb13dc75d2204cd0c1d61bef2efd137c0083e59ef831e235e?s=96&d=mm&r=g","caption":"Blogin al"},"sameAs":["https:\/\/blogin.al"],"url":"https:\/\/blogin.al\/?author=2"}]}},"_links":{"self":[{"href":"https:\/\/blogin.al\/index.php?rest_route=\/wp\/v2\/posts\/14130","targetHints":{"allow":["GET"]}}],"collection":[{"href":"https:\/\/blogin.al\/index.php?rest_route=\/wp\/v2\/posts"}],"about":[{"href":"https:\/\/blogin.al\/index.php?rest_route=\/wp\/v2\/types\/post"}],"author":[{"embeddable":true,"href":"https:\/\/blogin.al\/index.php?rest_route=\/wp\/v2\/users\/2"}],"replies":[{"embeddable":true,"href":"https:\/\/blogin.al\/index.php?rest_route=%2Fwp%2Fv2%2Fcomments&post=14130"}],"version-history":[{"count":1,"href":"https:\/\/blogin.al\/index.php?rest_route=\/wp\/v2\/posts\/14130\/revisions"}],"predecessor-version":[{"id":14132,"href":"https:\/\/blogin.al\/index.php?rest_route=\/wp\/v2\/posts\/14130\/revisions\/14132"}],"wp:featuredmedia":[{"embeddable":true,"href":"https:\/\/blogin.al\/index.php?rest_route=\/wp\/v2\/media\/14131"}],"wp:attachment":[{"href":"https:\/\/blogin.al\/index.php?rest_route=%2Fwp%2Fv2%2Fmedia&parent=14130"}],"wp:term":[{"taxonomy":"category","embeddable":true,"href":"https:\/\/blogin.al\/index.php?rest_route=%2Fwp%2Fv2%2Fcategories&post=14130"},{"taxonomy":"post_tag","embeddable":true,"href":"https:\/\/blogin.al\/index.php?rest_route=%2Fwp%2Fv2%2Ftags&post=14130"}],"curies":[{"name":"wp","href":"https:\/\/api.w.org\/{rel}","templated":true}]}}