{"id":14142,"date":"2022-09-11T08:48:26","date_gmt":"2022-09-11T08:48:26","guid":{"rendered":"https:\/\/blogin.al\/?p=14142"},"modified":"2022-09-11T08:48:27","modified_gmt":"2022-09-11T08:48:27","slug":"nuk-ka-kohe-per-te-humbur-aktorja-gati-per-romance-e-re-me-producentin-e-njohur","status":"publish","type":"post","link":"https:\/\/blogin.al\/?p=14142","title":{"rendered":"Nuk ka koh\u00eb p\u00ebr t\u00eb humbur, aktorja gati p\u00ebr romanc\u00eb e re me producentin e njohur"},"content":{"rendered":"\n<p>Bella Thorne ka nj\u00eb flak\u00eb t\u00eb re n\u00eb jet\u00ebn e saj!<\/p>\n\n\n\n<p>Tre muaj pasi anuloi fejes\u00ebn e saj nj\u00ebvje\u00e7are me Benjamin Mascolo, aktorja dhe k\u00ebng\u00ebtarja 24-vje\u00e7are \u00ebsht\u00eb duke u takuar me Mike Emms, producentin e filmit dhe televizionit q\u00eb q\u00ebndron pas dokumentar\u00ebve t\u00eb njohur t\u00eb Netflix Bad Vegan.<\/p>\n\n\n\n<p>\u201c\u00cbsht\u00eb e re dhe ata po arg\u00ebtohen\u201d, thot\u00eb nj\u00eb burim pran\u00eb \u00e7iftit. \u201cAta jan\u00eb n\u00eb lidhje p\u00ebr rreth nj\u00eb muaj.\u201d<\/p>\n\n\n\n<figure class=\"wp-block-image size-full is-style-default\"><img fetchpriority=\"high\" decoding=\"async\" width=\"634\" height=\"435\" src=\"https:\/\/blogin.al\/wp-content\/uploads\/2022\/09\/bella-thorne-packs-on-the-pda-with-producer-mark-emmes-after-split-from-fiance-benjamin-mascolo.jpg\" alt=\"\" class=\"wp-image-14145\" srcset=\"https:\/\/blogin.al\/wp-content\/uploads\/2022\/09\/bella-thorne-packs-on-the-pda-with-producer-mark-emmes-after-split-from-fiance-benjamin-mascolo.jpg 634w, https:\/\/blogin.al\/wp-content\/uploads\/2022\/09\/bella-thorne-packs-on-the-pda-with-producer-mark-emmes-after-split-from-fiance-benjamin-mascolo-300x206.jpg 300w, https:\/\/blogin.al\/wp-content\/uploads\/2022\/09\/bella-thorne-packs-on-the-pda-with-producer-mark-emmes-after-split-from-fiance-benjamin-mascolo-150x103.jpg 150w, https:\/\/blogin.al\/wp-content\/uploads\/2022\/09\/bella-thorne-packs-on-the-pda-with-producer-mark-emmes-after-split-from-fiance-benjamin-mascolo-218x150.jpg 218w\" sizes=\"(max-width: 634px) 100vw, 634px\" \/><\/figure>\n\n\n\n<p>N\u00eb fillim t\u00eb k\u00ebsaj jave, Thorne dhe Emms u pan\u00eb n\u00eb \u201cUniversal Studios Halloween Horror Nights\u201d me nj\u00eb grup miqsh. Nj\u00eb shikues i thot\u00eb Poeple se Thorne u pa \u201cduke k\u00ebrcyer n\u00ebn muzik\u00ebn e The Weeknd\u201d teksa ajo lundronte n\u00eb nj\u00eb vark\u00eb.<\/p>\n\n\n\n<p>N\u00eb qershor, nj\u00eb burim konfirmoi p\u00ebr \u2018Poeple\u2019 se ajo dhe Mascolo ishin ndar\u00eb m\u00eb shum\u00eb se nj\u00eb vit pasi shpall\u00ebn fejes\u00ebn e tyre.<\/p>\n\n\n\n<p>\u201cBella Thorne dhe Benjamin Mascolo kan\u00eb ndar\u00eb rrug\u00ebt, duke e anuluar fejes\u00ebn e tyre prej m\u00eb shum\u00eb se nj\u00eb viti\u201d, tha burimi p\u00ebr PEOPLE n\u00eb at\u00eb koh\u00eb. \u201cOraret e tyre kontradiktore \u00e7uan n\u00eb nj\u00eb ndarje t\u00eb madhe kohe q\u00eb p\u00ebrfundimisht rezultoi n\u00eb ndarje, por t\u00eb dy u ndan\u00eb miq\u00ebsisht\u201d.<\/p>\n\n\n\n<figure class=\"wp-block-image size-full is-style-default\"><img decoding=\"async\" width=\"1024\" height=\"759\" src=\"https:\/\/blogin.al\/wp-content\/uploads\/2022\/09\/Benjamin-Mascolo-bella-thorne.jpg\" alt=\"\" class=\"wp-image-14144\" srcset=\"https:\/\/blogin.al\/wp-content\/uploads\/2022\/09\/Benjamin-Mascolo-bella-thorne.jpg 1024w, https:\/\/blogin.al\/wp-content\/uploads\/2022\/09\/Benjamin-Mascolo-bella-thorne-300x222.jpg 300w, https:\/\/blogin.al\/wp-content\/uploads\/2022\/09\/Benjamin-Mascolo-bella-thorne-768x569.jpg 768w, https:\/\/blogin.al\/wp-content\/uploads\/2022\/09\/Benjamin-Mascolo-bella-thorne-150x111.jpg 150w, https:\/\/blogin.al\/wp-content\/uploads\/2022\/09\/Benjamin-Mascolo-bella-thorne-485x360.jpg 485w, https:\/\/blogin.al\/wp-content\/uploads\/2022\/09\/Benjamin-Mascolo-bella-thorne-696x516.jpg 696w\" sizes=\"(max-width: 1024px) 100vw, 1024px\" \/><\/figure>\n\n\n\n<p>Thorne dhe Mascolo u lidh\u00ebn p\u00ebr her\u00eb t\u00eb par\u00eb n\u00eb prill 2019, vet\u00ebm disa dit\u00eb pasi ajo njoftoi ndarjen e saj nga Mod Sun, me t\u00eb cilin ajo dhe YouTuber Tana Mongeau kishin qen\u00eb n\u00eb nj\u00eb lidhje t\u00eb hapur.<\/p>\n\n\n\n<p>Muaj m\u00eb von\u00eb, ish-ylli i Shake It Up dhe Mascolo, 28 vje\u00e7, u zyrtarizuan n\u00eb Instagram n\u00eb qershor 2019. Tre muaj m\u00eb von\u00eb, dyshja treguan disa PDA n\u00eb tapetin e kuq p\u00ebr premier\u00ebn bot\u00ebrore t\u00eb debutimit regjisorial t\u00eb Thorne, Her and Him, n\u00eb Oldenburg\u2019s Film Festivali n\u00eb Gjermani.<\/p>\n\n\n\n<p>M\u00eb pas, ajo dhe k\u00ebng\u00ebtarja italiane shpall\u00ebn fejes\u00ebn e tyre pas afro dy vitesh lidhje, tre muaj m\u00eb von\u00eb. \u201cAjo tha PO @bellathorne,\u201d ndau Mascolo n\u00eb Instagram nd\u00ebrsa Thorne ndau nj\u00eb video t\u00eb saj duke treguar unaz\u00ebn e saj t\u00eb fejes\u00ebs n\u00eb form\u00eb dardhe n\u00eb Instagram Story.<\/p>\n\n\n\n<p>\u201cFaleminderit q\u00eb je f\u00ebmij\u00eb i mrekulluesh\u00ebm. T\u00eb dua shum\u00eb. Po, po martohemi. Fest\u00eb n\u00eb Itali dhe Amerik\u00eb t\u00eb dyja\u201d, tha Mascolo n\u00eb nj\u00eb video t\u00eb shp\u00ebrndar\u00eb n\u00eb Instagram Story.<\/p>\n","protected":false},"excerpt":{"rendered":"<p>Bella Thorne ka nj\u00eb flak\u00eb t\u00eb re n\u00eb jet\u00ebn e saj! Tre muaj pasi anuloi fejes\u00ebn e saj nj\u00ebvje\u00e7are me Benjamin Mascolo, aktorja dhe k\u00ebng\u00ebtarja 24-vje\u00e7are \u00ebsht\u00eb duke u takuar me Mike Emms, producentin e filmit dhe televizionit q\u00eb q\u00ebndron pas dokumentar\u00ebve t\u00eb njohur t\u00eb Netflix Bad Vegan. \u201c\u00cbsht\u00eb e re dhe ata po arg\u00ebtohen\u201d, [&hellip;]<\/p>\n","protected":false},"author":2,"featured_media":14143,"comment_status":"open","ping_status":"open","sticky":false,"template":"","format":"standard","meta":{"footnotes":""},"categories":[33],"tags":[],"class_list":{"0":"post-14142","1":"post","2":"type-post","3":"status-publish","4":"format-standard","5":"has-post-thumbnail","7":"category-showbiz"},"yoast_head":"<!-- This site is optimized with the Yoast SEO plugin v27.5 - https:\/\/yoast.com\/product\/yoast-seo-wordpress\/ -->\n<title>Nuk ka koh\u00eb p\u00ebr t\u00eb humbur, aktorja gati p\u00ebr romanc\u00eb e re me producentin e njohur - blogin.al<\/title>\n<meta name=\"robots\" content=\"index, follow, max-snippet:-1, max-image-preview:large, max-video-preview:-1\" \/>\n<link rel=\"canonical\" href=\"https:\/\/blogin.al\/?p=14142\" \/>\n<meta property=\"og:locale\" content=\"en_US\" \/>\n<meta property=\"og:type\" content=\"article\" \/>\n<meta property=\"og:title\" content=\"Nuk ka koh\u00eb p\u00ebr t\u00eb humbur, aktorja gati p\u00ebr romanc\u00eb e re me producentin e njohur - blogin.al\" \/>\n<meta property=\"og:description\" content=\"Bella Thorne ka nj\u00eb flak\u00eb t\u00eb re n\u00eb jet\u00ebn e saj! Tre muaj pasi anuloi fejes\u00ebn e saj nj\u00ebvje\u00e7are me Benjamin Mascolo, aktorja dhe k\u00ebng\u00ebtarja 24-vje\u00e7are \u00ebsht\u00eb duke u takuar me Mike Emms, producentin e filmit dhe televizionit q\u00eb q\u00ebndron pas dokumentar\u00ebve t\u00eb njohur t\u00eb Netflix Bad Vegan. \u201c\u00cbsht\u00eb e re dhe ata po arg\u00ebtohen\u201d, [&hellip;]\" \/>\n<meta property=\"og:url\" content=\"https:\/\/blogin.al\/?p=14142\" \/>\n<meta property=\"og:site_name\" content=\"blogin.al\" \/>\n<meta property=\"article:published_time\" content=\"2022-09-11T08:48:26+00:00\" \/>\n<meta property=\"article:modified_time\" content=\"2022-09-11T08:48:27+00:00\" \/>\n<meta property=\"og:image\" content=\"https:\/\/blogin.al\/wp-content\/uploads\/2022\/09\/Chi-e-Bella-Thorne.jpg\" \/>\n\t<meta property=\"og:image:width\" content=\"1200\" \/>\n\t<meta property=\"og:image:height\" content=\"675\" \/>\n\t<meta property=\"og:image:type\" content=\"image\/jpeg\" \/>\n<meta name=\"author\" content=\"Blogin al\" \/>\n<meta name=\"twitter:card\" content=\"summary_large_image\" \/>\n<meta name=\"twitter:label1\" content=\"Written by\" \/>\n\t<meta name=\"twitter:data1\" content=\"Blogin al\" \/>\n\t<meta name=\"twitter:label2\" content=\"Est. reading time\" \/>\n\t<meta name=\"twitter:data2\" content=\"2 minutes\" \/>\n<script type=\"application\/ld+json\" class=\"yoast-schema-graph\">{\"@context\":\"https:\\\/\\\/schema.org\",\"@graph\":[{\"@type\":\"Article\",\"@id\":\"https:\\\/\\\/blogin.al\\\/?p=14142#article\",\"isPartOf\":{\"@id\":\"https:\\\/\\\/blogin.al\\\/?p=14142\"},\"author\":{\"name\":\"Blogin al\",\"@id\":\"https:\\\/\\\/blogin.al\\\/#\\\/schema\\\/person\\\/abdd56bc912cd511db877b852b115399\"},\"headline\":\"Nuk ka koh\u00eb p\u00ebr t\u00eb humbur, aktorja gati p\u00ebr romanc\u00eb e re me producentin e njohur\",\"datePublished\":\"2022-09-11T08:48:26+00:00\",\"dateModified\":\"2022-09-11T08:48:27+00:00\",\"mainEntityOfPage\":{\"@id\":\"https:\\\/\\\/blogin.al\\\/?p=14142\"},\"wordCount\":400,\"commentCount\":0,\"publisher\":{\"@id\":\"https:\\\/\\\/blogin.al\\\/#organization\"},\"image\":{\"@id\":\"https:\\\/\\\/blogin.al\\\/?p=14142#primaryimage\"},\"thumbnailUrl\":\"https:\\\/\\\/blogin.al\\\/wp-content\\\/uploads\\\/2022\\\/09\\\/Chi-e-Bella-Thorne.jpg\",\"articleSection\":[\"SHOWBIZ\"],\"inLanguage\":\"en-US\",\"potentialAction\":[{\"@type\":\"CommentAction\",\"name\":\"Comment\",\"target\":[\"https:\\\/\\\/blogin.al\\\/?p=14142#respond\"]}]},{\"@type\":\"WebPage\",\"@id\":\"https:\\\/\\\/blogin.al\\\/?p=14142\",\"url\":\"https:\\\/\\\/blogin.al\\\/?p=14142\",\"name\":\"Nuk ka koh\u00eb p\u00ebr t\u00eb humbur, aktorja gati p\u00ebr romanc\u00eb e re me producentin e njohur - blogin.al\",\"isPartOf\":{\"@id\":\"https:\\\/\\\/blogin.al\\\/#website\"},\"primaryImageOfPage\":{\"@id\":\"https:\\\/\\\/blogin.al\\\/?p=14142#primaryimage\"},\"image\":{\"@id\":\"https:\\\/\\\/blogin.al\\\/?p=14142#primaryimage\"},\"thumbnailUrl\":\"https:\\\/\\\/blogin.al\\\/wp-content\\\/uploads\\\/2022\\\/09\\\/Chi-e-Bella-Thorne.jpg\",\"datePublished\":\"2022-09-11T08:48:26+00:00\",\"dateModified\":\"2022-09-11T08:48:27+00:00\",\"breadcrumb\":{\"@id\":\"https:\\\/\\\/blogin.al\\\/?p=14142#breadcrumb\"},\"inLanguage\":\"en-US\",\"potentialAction\":[{\"@type\":\"ReadAction\",\"target\":[\"https:\\\/\\\/blogin.al\\\/?p=14142\"]}]},{\"@type\":\"ImageObject\",\"inLanguage\":\"en-US\",\"@id\":\"https:\\\/\\\/blogin.al\\\/?p=14142#primaryimage\",\"url\":\"https:\\\/\\\/blogin.al\\\/wp-content\\\/uploads\\\/2022\\\/09\\\/Chi-e-Bella-Thorne.jpg\",\"contentUrl\":\"https:\\\/\\\/blogin.al\\\/wp-content\\\/uploads\\\/2022\\\/09\\\/Chi-e-Bella-Thorne.jpg\",\"width\":1200,\"height\":675},{\"@type\":\"BreadcrumbList\",\"@id\":\"https:\\\/\\\/blogin.al\\\/?p=14142#breadcrumb\",\"itemListElement\":[{\"@type\":\"ListItem\",\"position\":1,\"name\":\"Home\",\"item\":\"https:\\\/\\\/blogin.al\\\/\"},{\"@type\":\"ListItem\",\"position\":2,\"name\":\"Nuk ka koh\u00eb p\u00ebr t\u00eb humbur, aktorja gati p\u00ebr romanc\u00eb e re me producentin e njohur\"}]},{\"@type\":\"WebSite\",\"@id\":\"https:\\\/\\\/blogin.al\\\/#website\",\"url\":\"https:\\\/\\\/blogin.al\\\/\",\"name\":\"blogin.al\",\"description\":\"\",\"publisher\":{\"@id\":\"https:\\\/\\\/blogin.al\\\/#organization\"},\"potentialAction\":[{\"@type\":\"SearchAction\",\"target\":{\"@type\":\"EntryPoint\",\"urlTemplate\":\"https:\\\/\\\/blogin.al\\\/?s={search_term_string}\"},\"query-input\":{\"@type\":\"PropertyValueSpecification\",\"valueRequired\":true,\"valueName\":\"search_term_string\"}}],\"inLanguage\":\"en-US\"},{\"@type\":\"Organization\",\"@id\":\"https:\\\/\\\/blogin.al\\\/#organization\",\"name\":\"BLOGIN.al\",\"url\":\"https:\\\/\\\/blogin.al\\\/\",\"logo\":{\"@type\":\"ImageObject\",\"inLanguage\":\"en-US\",\"@id\":\"https:\\\/\\\/blogin.al\\\/#\\\/schema\\\/logo\\\/image\\\/\",\"url\":\"https:\\\/\\\/blogin.al\\\/wp-content\\\/uploads\\\/2022\\\/05\\\/Untitled-2-01-e1652084456514.png\",\"contentUrl\":\"https:\\\/\\\/blogin.al\\\/wp-content\\\/uploads\\\/2022\\\/05\\\/Untitled-2-01-e1652084456514.png\",\"width\":3723,\"height\":1698,\"caption\":\"BLOGIN.al\"},\"image\":{\"@id\":\"https:\\\/\\\/blogin.al\\\/#\\\/schema\\\/logo\\\/image\\\/\"},\"sameAs\":[\"https:\\\/\\\/instagram.com\\\/blogin.al\\\/\"]},{\"@type\":\"Person\",\"@id\":\"https:\\\/\\\/blogin.al\\\/#\\\/schema\\\/person\\\/abdd56bc912cd511db877b852b115399\",\"name\":\"Blogin al\",\"image\":{\"@type\":\"ImageObject\",\"inLanguage\":\"en-US\",\"@id\":\"https:\\\/\\\/secure.gravatar.com\\\/avatar\\\/60d5661aee6e835fb13dc75d2204cd0c1d61bef2efd137c0083e59ef831e235e?s=96&d=mm&r=g\",\"url\":\"https:\\\/\\\/secure.gravatar.com\\\/avatar\\\/60d5661aee6e835fb13dc75d2204cd0c1d61bef2efd137c0083e59ef831e235e?s=96&d=mm&r=g\",\"contentUrl\":\"https:\\\/\\\/secure.gravatar.com\\\/avatar\\\/60d5661aee6e835fb13dc75d2204cd0c1d61bef2efd137c0083e59ef831e235e?s=96&d=mm&r=g\",\"caption\":\"Blogin al\"},\"sameAs\":[\"https:\\\/\\\/blogin.al\"],\"url\":\"https:\\\/\\\/blogin.al\\\/?author=2\"}]}<\/script>\n<!-- \/ Yoast SEO plugin. -->","yoast_head_json":{"title":"Nuk ka koh\u00eb p\u00ebr t\u00eb humbur, aktorja gati p\u00ebr romanc\u00eb e re me producentin e njohur - blogin.al","robots":{"index":"index","follow":"follow","max-snippet":"max-snippet:-1","max-image-preview":"max-image-preview:large","max-video-preview":"max-video-preview:-1"},"canonical":"https:\/\/blogin.al\/?p=14142","og_locale":"en_US","og_type":"article","og_title":"Nuk ka koh\u00eb p\u00ebr t\u00eb humbur, aktorja gati p\u00ebr romanc\u00eb e re me producentin e njohur - blogin.al","og_description":"Bella Thorne ka nj\u00eb flak\u00eb t\u00eb re n\u00eb jet\u00ebn e saj! Tre muaj pasi anuloi fejes\u00ebn e saj nj\u00ebvje\u00e7are me Benjamin Mascolo, aktorja dhe k\u00ebng\u00ebtarja 24-vje\u00e7are \u00ebsht\u00eb duke u takuar me Mike Emms, producentin e filmit dhe televizionit q\u00eb q\u00ebndron pas dokumentar\u00ebve t\u00eb njohur t\u00eb Netflix Bad Vegan. \u201c\u00cbsht\u00eb e re dhe ata po arg\u00ebtohen\u201d, [&hellip;]","og_url":"https:\/\/blogin.al\/?p=14142","og_site_name":"blogin.al","article_published_time":"2022-09-11T08:48:26+00:00","article_modified_time":"2022-09-11T08:48:27+00:00","og_image":[{"width":1200,"height":675,"url":"https:\/\/blogin.al\/wp-content\/uploads\/2022\/09\/Chi-e-Bella-Thorne.jpg","type":"image\/jpeg"}],"author":"Blogin al","twitter_card":"summary_large_image","twitter_misc":{"Written by":"Blogin al","Est. reading time":"2 minutes"},"schema":{"@context":"https:\/\/schema.org","@graph":[{"@type":"Article","@id":"https:\/\/blogin.al\/?p=14142#article","isPartOf":{"@id":"https:\/\/blogin.al\/?p=14142"},"author":{"name":"Blogin al","@id":"https:\/\/blogin.al\/#\/schema\/person\/abdd56bc912cd511db877b852b115399"},"headline":"Nuk ka koh\u00eb p\u00ebr t\u00eb humbur, aktorja gati p\u00ebr romanc\u00eb e re me producentin e njohur","datePublished":"2022-09-11T08:48:26+00:00","dateModified":"2022-09-11T08:48:27+00:00","mainEntityOfPage":{"@id":"https:\/\/blogin.al\/?p=14142"},"wordCount":400,"commentCount":0,"publisher":{"@id":"https:\/\/blogin.al\/#organization"},"image":{"@id":"https:\/\/blogin.al\/?p=14142#primaryimage"},"thumbnailUrl":"https:\/\/blogin.al\/wp-content\/uploads\/2022\/09\/Chi-e-Bella-Thorne.jpg","articleSection":["SHOWBIZ"],"inLanguage":"en-US","potentialAction":[{"@type":"CommentAction","name":"Comment","target":["https:\/\/blogin.al\/?p=14142#respond"]}]},{"@type":"WebPage","@id":"https:\/\/blogin.al\/?p=14142","url":"https:\/\/blogin.al\/?p=14142","name":"Nuk ka koh\u00eb p\u00ebr t\u00eb humbur, aktorja gati p\u00ebr romanc\u00eb e re me producentin e njohur - blogin.al","isPartOf":{"@id":"https:\/\/blogin.al\/#website"},"primaryImageOfPage":{"@id":"https:\/\/blogin.al\/?p=14142#primaryimage"},"image":{"@id":"https:\/\/blogin.al\/?p=14142#primaryimage"},"thumbnailUrl":"https:\/\/blogin.al\/wp-content\/uploads\/2022\/09\/Chi-e-Bella-Thorne.jpg","datePublished":"2022-09-11T08:48:26+00:00","dateModified":"2022-09-11T08:48:27+00:00","breadcrumb":{"@id":"https:\/\/blogin.al\/?p=14142#breadcrumb"},"inLanguage":"en-US","potentialAction":[{"@type":"ReadAction","target":["https:\/\/blogin.al\/?p=14142"]}]},{"@type":"ImageObject","inLanguage":"en-US","@id":"https:\/\/blogin.al\/?p=14142#primaryimage","url":"https:\/\/blogin.al\/wp-content\/uploads\/2022\/09\/Chi-e-Bella-Thorne.jpg","contentUrl":"https:\/\/blogin.al\/wp-content\/uploads\/2022\/09\/Chi-e-Bella-Thorne.jpg","width":1200,"height":675},{"@type":"BreadcrumbList","@id":"https:\/\/blogin.al\/?p=14142#breadcrumb","itemListElement":[{"@type":"ListItem","position":1,"name":"Home","item":"https:\/\/blogin.al\/"},{"@type":"ListItem","position":2,"name":"Nuk ka koh\u00eb p\u00ebr t\u00eb humbur, aktorja gati p\u00ebr romanc\u00eb e re me producentin e njohur"}]},{"@type":"WebSite","@id":"https:\/\/blogin.al\/#website","url":"https:\/\/blogin.al\/","name":"blogin.al","description":"","publisher":{"@id":"https:\/\/blogin.al\/#organization"},"potentialAction":[{"@type":"SearchAction","target":{"@type":"EntryPoint","urlTemplate":"https:\/\/blogin.al\/?s={search_term_string}"},"query-input":{"@type":"PropertyValueSpecification","valueRequired":true,"valueName":"search_term_string"}}],"inLanguage":"en-US"},{"@type":"Organization","@id":"https:\/\/blogin.al\/#organization","name":"BLOGIN.al","url":"https:\/\/blogin.al\/","logo":{"@type":"ImageObject","inLanguage":"en-US","@id":"https:\/\/blogin.al\/#\/schema\/logo\/image\/","url":"https:\/\/blogin.al\/wp-content\/uploads\/2022\/05\/Untitled-2-01-e1652084456514.png","contentUrl":"https:\/\/blogin.al\/wp-content\/uploads\/2022\/05\/Untitled-2-01-e1652084456514.png","width":3723,"height":1698,"caption":"BLOGIN.al"},"image":{"@id":"https:\/\/blogin.al\/#\/schema\/logo\/image\/"},"sameAs":["https:\/\/instagram.com\/blogin.al\/"]},{"@type":"Person","@id":"https:\/\/blogin.al\/#\/schema\/person\/abdd56bc912cd511db877b852b115399","name":"Blogin al","image":{"@type":"ImageObject","inLanguage":"en-US","@id":"https:\/\/secure.gravatar.com\/avatar\/60d5661aee6e835fb13dc75d2204cd0c1d61bef2efd137c0083e59ef831e235e?s=96&d=mm&r=g","url":"https:\/\/secure.gravatar.com\/avatar\/60d5661aee6e835fb13dc75d2204cd0c1d61bef2efd137c0083e59ef831e235e?s=96&d=mm&r=g","contentUrl":"https:\/\/secure.gravatar.com\/avatar\/60d5661aee6e835fb13dc75d2204cd0c1d61bef2efd137c0083e59ef831e235e?s=96&d=mm&r=g","caption":"Blogin al"},"sameAs":["https:\/\/blogin.al"],"url":"https:\/\/blogin.al\/?author=2"}]}},"_links":{"self":[{"href":"https:\/\/blogin.al\/index.php?rest_route=\/wp\/v2\/posts\/14142","targetHints":{"allow":["GET"]}}],"collection":[{"href":"https:\/\/blogin.al\/index.php?rest_route=\/wp\/v2\/posts"}],"about":[{"href":"https:\/\/blogin.al\/index.php?rest_route=\/wp\/v2\/types\/post"}],"author":[{"embeddable":true,"href":"https:\/\/blogin.al\/index.php?rest_route=\/wp\/v2\/users\/2"}],"replies":[{"embeddable":true,"href":"https:\/\/blogin.al\/index.php?rest_route=%2Fwp%2Fv2%2Fcomments&post=14142"}],"version-history":[{"count":1,"href":"https:\/\/blogin.al\/index.php?rest_route=\/wp\/v2\/posts\/14142\/revisions"}],"predecessor-version":[{"id":14146,"href":"https:\/\/blogin.al\/index.php?rest_route=\/wp\/v2\/posts\/14142\/revisions\/14146"}],"wp:featuredmedia":[{"embeddable":true,"href":"https:\/\/blogin.al\/index.php?rest_route=\/wp\/v2\/media\/14143"}],"wp:attachment":[{"href":"https:\/\/blogin.al\/index.php?rest_route=%2Fwp%2Fv2%2Fmedia&parent=14142"}],"wp:term":[{"taxonomy":"category","embeddable":true,"href":"https:\/\/blogin.al\/index.php?rest_route=%2Fwp%2Fv2%2Fcategories&post=14142"},{"taxonomy":"post_tag","embeddable":true,"href":"https:\/\/blogin.al\/index.php?rest_route=%2Fwp%2Fv2%2Ftags&post=14142"}],"curies":[{"name":"wp","href":"https:\/\/api.w.org\/{rel}","templated":true}]}}