{"id":14148,"date":"2022-09-11T08:53:44","date_gmt":"2022-09-11T08:53:44","guid":{"rendered":"https:\/\/blogin.al\/?p=14148"},"modified":"2022-09-11T08:53:45","modified_gmt":"2022-09-11T08:53:45","slug":"cfare-ndodhi-elvana-gjata-anulon-koncertin-ne-zvicer-shkak-problemet","status":"publish","type":"post","link":"https:\/\/blogin.al\/?p=14148","title":{"rendered":"\u00c7far\u00eb ndodhi? Elvana Gjata anulon koncertin n\u00eb Zvic\u00ebr, shkak problemet\u2026"},"content":{"rendered":"\n<p>K\u00ebng\u00ebtarja ka dh\u00ebn\u00eb nj\u00eb lajm t\u00eb trisht\u00eb p\u00ebr fansat e saj. Elvana ka postuar s\u00eb fundmi nj\u00eb njoftim n\u00eb InstaSory ku thuhet se p\u00ebr shkak t\u00eb disa problemeve sh\u00ebndet\u00ebsore, ajo nuk mundet t\u00eb performoj\u00eb n\u00eb koncertin q\u00eb do t\u00eb zhvillohej n\u00eb Zvic\u00ebr.<\/p>\n\n\n\n<p>Duke mos dh\u00ebn\u00eb m\u00eb shum\u00eb detaje, k\u00ebng\u00ebtarja i ka k\u00ebrkuar ndjes\u00eb t\u00eb gjith\u00eb fansave t\u00eb saj dhe i ka premtuar se shum\u00eb shpejt do t\u00eb caktojn\u00eb nj\u00eb dat\u00eb tjet\u00ebr p\u00ebr t\u00eb mbajtur koncertin.<\/p>\n\n\n\n<p><em>\u201cNa vjen shum\u00eb keq t\u2019ju njoftojm\u00eb se koncerti n\u00eb Avalon Luzern nuk do t\u00eb zhvillohet. Shkaqe sh\u00ebndet\u00ebsore e b\u00ebjn\u00eb t\u00eb pamundur mbr\u00ebmjen e sotme, por do t\u00eb p\u00ebrpiqemi p\u00ebr t\u00eb caktuar nj\u00eb dat\u00eb t\u00eb ardhshme sa m\u00eb t\u00eb af\u00ebrt\u201d-<\/em>\u00a0thuhej n\u00eb postim.<\/p>\n\n\n\n<figure class=\"wp-block-image size-full is-style-default\"><img fetchpriority=\"high\" decoding=\"async\" width=\"488\" height=\"885\" src=\"https:\/\/blogin.al\/wp-content\/uploads\/2022\/09\/elvana-1.jpg\" alt=\"\" class=\"wp-image-14149\" srcset=\"https:\/\/blogin.al\/wp-content\/uploads\/2022\/09\/elvana-1.jpg 488w, https:\/\/blogin.al\/wp-content\/uploads\/2022\/09\/elvana-1-165x300.jpg 165w, https:\/\/blogin.al\/wp-content\/uploads\/2022\/09\/elvana-1-150x272.jpg 150w, https:\/\/blogin.al\/wp-content\/uploads\/2022\/09\/elvana-1-300x544.jpg 300w\" sizes=\"(max-width: 488px) 100vw, 488px\" \/><\/figure>\n","protected":false},"excerpt":{"rendered":"<p>K\u00ebng\u00ebtarja ka dh\u00ebn\u00eb nj\u00eb lajm t\u00eb trisht\u00eb p\u00ebr fansat e saj. Elvana ka postuar s\u00eb fundmi nj\u00eb njoftim n\u00eb InstaSory ku thuhet se p\u00ebr shkak t\u00eb disa problemeve sh\u00ebndet\u00ebsore, ajo nuk mundet t\u00eb performoj\u00eb n\u00eb koncertin q\u00eb do t\u00eb zhvillohej n\u00eb Zvic\u00ebr. Duke mos dh\u00ebn\u00eb m\u00eb shum\u00eb detaje, k\u00ebng\u00ebtarja i ka k\u00ebrkuar ndjes\u00eb t\u00eb gjith\u00eb [&hellip;]<\/p>\n","protected":false},"author":2,"featured_media":11504,"comment_status":"open","ping_status":"open","sticky":false,"template":"","format":"standard","meta":{"footnotes":""},"categories":[33],"tags":[],"class_list":{"0":"post-14148","1":"post","2":"type-post","3":"status-publish","4":"format-standard","5":"has-post-thumbnail","7":"category-showbiz"},"yoast_head":"<!-- This site is optimized with the Yoast SEO plugin v27.5 - https:\/\/yoast.com\/product\/yoast-seo-wordpress\/ -->\n<title>\u00c7far\u00eb ndodhi? Elvana Gjata anulon koncertin n\u00eb Zvic\u00ebr, shkak problemet\u2026 - blogin.al<\/title>\n<meta name=\"robots\" content=\"index, follow, max-snippet:-1, max-image-preview:large, max-video-preview:-1\" \/>\n<link rel=\"canonical\" href=\"https:\/\/blogin.al\/?p=14148\" \/>\n<meta property=\"og:locale\" content=\"en_US\" \/>\n<meta property=\"og:type\" content=\"article\" \/>\n<meta property=\"og:title\" content=\"\u00c7far\u00eb ndodhi? Elvana Gjata anulon koncertin n\u00eb Zvic\u00ebr, shkak problemet\u2026 - blogin.al\" \/>\n<meta property=\"og:description\" content=\"K\u00ebng\u00ebtarja ka dh\u00ebn\u00eb nj\u00eb lajm t\u00eb trisht\u00eb p\u00ebr fansat e saj. Elvana ka postuar s\u00eb fundmi nj\u00eb njoftim n\u00eb InstaSory ku thuhet se p\u00ebr shkak t\u00eb disa problemeve sh\u00ebndet\u00ebsore, ajo nuk mundet t\u00eb performoj\u00eb n\u00eb koncertin q\u00eb do t\u00eb zhvillohej n\u00eb Zvic\u00ebr. Duke mos dh\u00ebn\u00eb m\u00eb shum\u00eb detaje, k\u00ebng\u00ebtarja i ka k\u00ebrkuar ndjes\u00eb t\u00eb gjith\u00eb [&hellip;]\" \/>\n<meta property=\"og:url\" content=\"https:\/\/blogin.al\/?p=14148\" \/>\n<meta property=\"og:site_name\" content=\"blogin.al\" \/>\n<meta property=\"article:published_time\" content=\"2022-09-11T08:53:44+00:00\" \/>\n<meta property=\"article:modified_time\" content=\"2022-09-11T08:53:45+00:00\" \/>\n<meta property=\"og:image\" content=\"https:\/\/blogin.al\/wp-content\/uploads\/2022\/07\/auto_Elvana-Gjata1632395207.jpg\" \/>\n\t<meta property=\"og:image:width\" content=\"900\" \/>\n\t<meta property=\"og:image:height\" content=\"704\" \/>\n\t<meta property=\"og:image:type\" content=\"image\/jpeg\" \/>\n<meta name=\"author\" content=\"Blogin al\" \/>\n<meta name=\"twitter:card\" content=\"summary_large_image\" \/>\n<meta name=\"twitter:label1\" content=\"Written by\" \/>\n\t<meta name=\"twitter:data1\" content=\"Blogin al\" \/>\n\t<meta name=\"twitter:label2\" content=\"Est. reading time\" \/>\n\t<meta name=\"twitter:data2\" content=\"1 minute\" \/>\n<script type=\"application\/ld+json\" class=\"yoast-schema-graph\">{\"@context\":\"https:\\\/\\\/schema.org\",\"@graph\":[{\"@type\":\"Article\",\"@id\":\"https:\\\/\\\/blogin.al\\\/?p=14148#article\",\"isPartOf\":{\"@id\":\"https:\\\/\\\/blogin.al\\\/?p=14148\"},\"author\":{\"name\":\"Blogin al\",\"@id\":\"https:\\\/\\\/blogin.al\\\/#\\\/schema\\\/person\\\/abdd56bc912cd511db877b852b115399\"},\"headline\":\"\u00c7far\u00eb ndodhi? Elvana Gjata anulon koncertin n\u00eb Zvic\u00ebr, shkak problemet\u2026\",\"datePublished\":\"2022-09-11T08:53:44+00:00\",\"dateModified\":\"2022-09-11T08:53:45+00:00\",\"mainEntityOfPage\":{\"@id\":\"https:\\\/\\\/blogin.al\\\/?p=14148\"},\"wordCount\":151,\"commentCount\":0,\"publisher\":{\"@id\":\"https:\\\/\\\/blogin.al\\\/#organization\"},\"image\":{\"@id\":\"https:\\\/\\\/blogin.al\\\/?p=14148#primaryimage\"},\"thumbnailUrl\":\"https:\\\/\\\/blogin.al\\\/wp-content\\\/uploads\\\/2022\\\/07\\\/auto_Elvana-Gjata1632395207.jpg\",\"articleSection\":[\"SHOWBIZ\"],\"inLanguage\":\"en-US\",\"potentialAction\":[{\"@type\":\"CommentAction\",\"name\":\"Comment\",\"target\":[\"https:\\\/\\\/blogin.al\\\/?p=14148#respond\"]}]},{\"@type\":\"WebPage\",\"@id\":\"https:\\\/\\\/blogin.al\\\/?p=14148\",\"url\":\"https:\\\/\\\/blogin.al\\\/?p=14148\",\"name\":\"\u00c7far\u00eb ndodhi? Elvana Gjata anulon koncertin n\u00eb Zvic\u00ebr, shkak problemet\u2026 - blogin.al\",\"isPartOf\":{\"@id\":\"https:\\\/\\\/blogin.al\\\/#website\"},\"primaryImageOfPage\":{\"@id\":\"https:\\\/\\\/blogin.al\\\/?p=14148#primaryimage\"},\"image\":{\"@id\":\"https:\\\/\\\/blogin.al\\\/?p=14148#primaryimage\"},\"thumbnailUrl\":\"https:\\\/\\\/blogin.al\\\/wp-content\\\/uploads\\\/2022\\\/07\\\/auto_Elvana-Gjata1632395207.jpg\",\"datePublished\":\"2022-09-11T08:53:44+00:00\",\"dateModified\":\"2022-09-11T08:53:45+00:00\",\"breadcrumb\":{\"@id\":\"https:\\\/\\\/blogin.al\\\/?p=14148#breadcrumb\"},\"inLanguage\":\"en-US\",\"potentialAction\":[{\"@type\":\"ReadAction\",\"target\":[\"https:\\\/\\\/blogin.al\\\/?p=14148\"]}]},{\"@type\":\"ImageObject\",\"inLanguage\":\"en-US\",\"@id\":\"https:\\\/\\\/blogin.al\\\/?p=14148#primaryimage\",\"url\":\"https:\\\/\\\/blogin.al\\\/wp-content\\\/uploads\\\/2022\\\/07\\\/auto_Elvana-Gjata1632395207.jpg\",\"contentUrl\":\"https:\\\/\\\/blogin.al\\\/wp-content\\\/uploads\\\/2022\\\/07\\\/auto_Elvana-Gjata1632395207.jpg\",\"width\":900,\"height\":704},{\"@type\":\"BreadcrumbList\",\"@id\":\"https:\\\/\\\/blogin.al\\\/?p=14148#breadcrumb\",\"itemListElement\":[{\"@type\":\"ListItem\",\"position\":1,\"name\":\"Home\",\"item\":\"https:\\\/\\\/blogin.al\\\/\"},{\"@type\":\"ListItem\",\"position\":2,\"name\":\"\u00c7far\u00eb ndodhi? Elvana Gjata anulon koncertin n\u00eb Zvic\u00ebr, shkak problemet\u2026\"}]},{\"@type\":\"WebSite\",\"@id\":\"https:\\\/\\\/blogin.al\\\/#website\",\"url\":\"https:\\\/\\\/blogin.al\\\/\",\"name\":\"blogin.al\",\"description\":\"\",\"publisher\":{\"@id\":\"https:\\\/\\\/blogin.al\\\/#organization\"},\"potentialAction\":[{\"@type\":\"SearchAction\",\"target\":{\"@type\":\"EntryPoint\",\"urlTemplate\":\"https:\\\/\\\/blogin.al\\\/?s={search_term_string}\"},\"query-input\":{\"@type\":\"PropertyValueSpecification\",\"valueRequired\":true,\"valueName\":\"search_term_string\"}}],\"inLanguage\":\"en-US\"},{\"@type\":\"Organization\",\"@id\":\"https:\\\/\\\/blogin.al\\\/#organization\",\"name\":\"BLOGIN.al\",\"url\":\"https:\\\/\\\/blogin.al\\\/\",\"logo\":{\"@type\":\"ImageObject\",\"inLanguage\":\"en-US\",\"@id\":\"https:\\\/\\\/blogin.al\\\/#\\\/schema\\\/logo\\\/image\\\/\",\"url\":\"https:\\\/\\\/blogin.al\\\/wp-content\\\/uploads\\\/2022\\\/05\\\/Untitled-2-01-e1652084456514.png\",\"contentUrl\":\"https:\\\/\\\/blogin.al\\\/wp-content\\\/uploads\\\/2022\\\/05\\\/Untitled-2-01-e1652084456514.png\",\"width\":3723,\"height\":1698,\"caption\":\"BLOGIN.al\"},\"image\":{\"@id\":\"https:\\\/\\\/blogin.al\\\/#\\\/schema\\\/logo\\\/image\\\/\"},\"sameAs\":[\"https:\\\/\\\/instagram.com\\\/blogin.al\\\/\"]},{\"@type\":\"Person\",\"@id\":\"https:\\\/\\\/blogin.al\\\/#\\\/schema\\\/person\\\/abdd56bc912cd511db877b852b115399\",\"name\":\"Blogin al\",\"image\":{\"@type\":\"ImageObject\",\"inLanguage\":\"en-US\",\"@id\":\"https:\\\/\\\/secure.gravatar.com\\\/avatar\\\/60d5661aee6e835fb13dc75d2204cd0c1d61bef2efd137c0083e59ef831e235e?s=96&d=mm&r=g\",\"url\":\"https:\\\/\\\/secure.gravatar.com\\\/avatar\\\/60d5661aee6e835fb13dc75d2204cd0c1d61bef2efd137c0083e59ef831e235e?s=96&d=mm&r=g\",\"contentUrl\":\"https:\\\/\\\/secure.gravatar.com\\\/avatar\\\/60d5661aee6e835fb13dc75d2204cd0c1d61bef2efd137c0083e59ef831e235e?s=96&d=mm&r=g\",\"caption\":\"Blogin al\"},\"sameAs\":[\"https:\\\/\\\/blogin.al\"],\"url\":\"https:\\\/\\\/blogin.al\\\/?author=2\"}]}<\/script>\n<!-- \/ Yoast SEO plugin. -->","yoast_head_json":{"title":"\u00c7far\u00eb ndodhi? Elvana Gjata anulon koncertin n\u00eb Zvic\u00ebr, shkak problemet\u2026 - blogin.al","robots":{"index":"index","follow":"follow","max-snippet":"max-snippet:-1","max-image-preview":"max-image-preview:large","max-video-preview":"max-video-preview:-1"},"canonical":"https:\/\/blogin.al\/?p=14148","og_locale":"en_US","og_type":"article","og_title":"\u00c7far\u00eb ndodhi? Elvana Gjata anulon koncertin n\u00eb Zvic\u00ebr, shkak problemet\u2026 - blogin.al","og_description":"K\u00ebng\u00ebtarja ka dh\u00ebn\u00eb nj\u00eb lajm t\u00eb trisht\u00eb p\u00ebr fansat e saj. Elvana ka postuar s\u00eb fundmi nj\u00eb njoftim n\u00eb InstaSory ku thuhet se p\u00ebr shkak t\u00eb disa problemeve sh\u00ebndet\u00ebsore, ajo nuk mundet t\u00eb performoj\u00eb n\u00eb koncertin q\u00eb do t\u00eb zhvillohej n\u00eb Zvic\u00ebr. Duke mos dh\u00ebn\u00eb m\u00eb shum\u00eb detaje, k\u00ebng\u00ebtarja i ka k\u00ebrkuar ndjes\u00eb t\u00eb gjith\u00eb [&hellip;]","og_url":"https:\/\/blogin.al\/?p=14148","og_site_name":"blogin.al","article_published_time":"2022-09-11T08:53:44+00:00","article_modified_time":"2022-09-11T08:53:45+00:00","og_image":[{"width":900,"height":704,"url":"https:\/\/blogin.al\/wp-content\/uploads\/2022\/07\/auto_Elvana-Gjata1632395207.jpg","type":"image\/jpeg"}],"author":"Blogin al","twitter_card":"summary_large_image","twitter_misc":{"Written by":"Blogin al","Est. reading time":"1 minute"},"schema":{"@context":"https:\/\/schema.org","@graph":[{"@type":"Article","@id":"https:\/\/blogin.al\/?p=14148#article","isPartOf":{"@id":"https:\/\/blogin.al\/?p=14148"},"author":{"name":"Blogin al","@id":"https:\/\/blogin.al\/#\/schema\/person\/abdd56bc912cd511db877b852b115399"},"headline":"\u00c7far\u00eb ndodhi? Elvana Gjata anulon koncertin n\u00eb Zvic\u00ebr, shkak problemet\u2026","datePublished":"2022-09-11T08:53:44+00:00","dateModified":"2022-09-11T08:53:45+00:00","mainEntityOfPage":{"@id":"https:\/\/blogin.al\/?p=14148"},"wordCount":151,"commentCount":0,"publisher":{"@id":"https:\/\/blogin.al\/#organization"},"image":{"@id":"https:\/\/blogin.al\/?p=14148#primaryimage"},"thumbnailUrl":"https:\/\/blogin.al\/wp-content\/uploads\/2022\/07\/auto_Elvana-Gjata1632395207.jpg","articleSection":["SHOWBIZ"],"inLanguage":"en-US","potentialAction":[{"@type":"CommentAction","name":"Comment","target":["https:\/\/blogin.al\/?p=14148#respond"]}]},{"@type":"WebPage","@id":"https:\/\/blogin.al\/?p=14148","url":"https:\/\/blogin.al\/?p=14148","name":"\u00c7far\u00eb ndodhi? Elvana Gjata anulon koncertin n\u00eb Zvic\u00ebr, shkak problemet\u2026 - blogin.al","isPartOf":{"@id":"https:\/\/blogin.al\/#website"},"primaryImageOfPage":{"@id":"https:\/\/blogin.al\/?p=14148#primaryimage"},"image":{"@id":"https:\/\/blogin.al\/?p=14148#primaryimage"},"thumbnailUrl":"https:\/\/blogin.al\/wp-content\/uploads\/2022\/07\/auto_Elvana-Gjata1632395207.jpg","datePublished":"2022-09-11T08:53:44+00:00","dateModified":"2022-09-11T08:53:45+00:00","breadcrumb":{"@id":"https:\/\/blogin.al\/?p=14148#breadcrumb"},"inLanguage":"en-US","potentialAction":[{"@type":"ReadAction","target":["https:\/\/blogin.al\/?p=14148"]}]},{"@type":"ImageObject","inLanguage":"en-US","@id":"https:\/\/blogin.al\/?p=14148#primaryimage","url":"https:\/\/blogin.al\/wp-content\/uploads\/2022\/07\/auto_Elvana-Gjata1632395207.jpg","contentUrl":"https:\/\/blogin.al\/wp-content\/uploads\/2022\/07\/auto_Elvana-Gjata1632395207.jpg","width":900,"height":704},{"@type":"BreadcrumbList","@id":"https:\/\/blogin.al\/?p=14148#breadcrumb","itemListElement":[{"@type":"ListItem","position":1,"name":"Home","item":"https:\/\/blogin.al\/"},{"@type":"ListItem","position":2,"name":"\u00c7far\u00eb ndodhi? Elvana Gjata anulon koncertin n\u00eb Zvic\u00ebr, shkak problemet\u2026"}]},{"@type":"WebSite","@id":"https:\/\/blogin.al\/#website","url":"https:\/\/blogin.al\/","name":"blogin.al","description":"","publisher":{"@id":"https:\/\/blogin.al\/#organization"},"potentialAction":[{"@type":"SearchAction","target":{"@type":"EntryPoint","urlTemplate":"https:\/\/blogin.al\/?s={search_term_string}"},"query-input":{"@type":"PropertyValueSpecification","valueRequired":true,"valueName":"search_term_string"}}],"inLanguage":"en-US"},{"@type":"Organization","@id":"https:\/\/blogin.al\/#organization","name":"BLOGIN.al","url":"https:\/\/blogin.al\/","logo":{"@type":"ImageObject","inLanguage":"en-US","@id":"https:\/\/blogin.al\/#\/schema\/logo\/image\/","url":"https:\/\/blogin.al\/wp-content\/uploads\/2022\/05\/Untitled-2-01-e1652084456514.png","contentUrl":"https:\/\/blogin.al\/wp-content\/uploads\/2022\/05\/Untitled-2-01-e1652084456514.png","width":3723,"height":1698,"caption":"BLOGIN.al"},"image":{"@id":"https:\/\/blogin.al\/#\/schema\/logo\/image\/"},"sameAs":["https:\/\/instagram.com\/blogin.al\/"]},{"@type":"Person","@id":"https:\/\/blogin.al\/#\/schema\/person\/abdd56bc912cd511db877b852b115399","name":"Blogin al","image":{"@type":"ImageObject","inLanguage":"en-US","@id":"https:\/\/secure.gravatar.com\/avatar\/60d5661aee6e835fb13dc75d2204cd0c1d61bef2efd137c0083e59ef831e235e?s=96&d=mm&r=g","url":"https:\/\/secure.gravatar.com\/avatar\/60d5661aee6e835fb13dc75d2204cd0c1d61bef2efd137c0083e59ef831e235e?s=96&d=mm&r=g","contentUrl":"https:\/\/secure.gravatar.com\/avatar\/60d5661aee6e835fb13dc75d2204cd0c1d61bef2efd137c0083e59ef831e235e?s=96&d=mm&r=g","caption":"Blogin al"},"sameAs":["https:\/\/blogin.al"],"url":"https:\/\/blogin.al\/?author=2"}]}},"_links":{"self":[{"href":"https:\/\/blogin.al\/index.php?rest_route=\/wp\/v2\/posts\/14148","targetHints":{"allow":["GET"]}}],"collection":[{"href":"https:\/\/blogin.al\/index.php?rest_route=\/wp\/v2\/posts"}],"about":[{"href":"https:\/\/blogin.al\/index.php?rest_route=\/wp\/v2\/types\/post"}],"author":[{"embeddable":true,"href":"https:\/\/blogin.al\/index.php?rest_route=\/wp\/v2\/users\/2"}],"replies":[{"embeddable":true,"href":"https:\/\/blogin.al\/index.php?rest_route=%2Fwp%2Fv2%2Fcomments&post=14148"}],"version-history":[{"count":1,"href":"https:\/\/blogin.al\/index.php?rest_route=\/wp\/v2\/posts\/14148\/revisions"}],"predecessor-version":[{"id":14150,"href":"https:\/\/blogin.al\/index.php?rest_route=\/wp\/v2\/posts\/14148\/revisions\/14150"}],"wp:featuredmedia":[{"embeddable":true,"href":"https:\/\/blogin.al\/index.php?rest_route=\/wp\/v2\/media\/11504"}],"wp:attachment":[{"href":"https:\/\/blogin.al\/index.php?rest_route=%2Fwp%2Fv2%2Fmedia&parent=14148"}],"wp:term":[{"taxonomy":"category","embeddable":true,"href":"https:\/\/blogin.al\/index.php?rest_route=%2Fwp%2Fv2%2Fcategories&post=14148"},{"taxonomy":"post_tag","embeddable":true,"href":"https:\/\/blogin.al\/index.php?rest_route=%2Fwp%2Fv2%2Ftags&post=14148"}],"curies":[{"name":"wp","href":"https:\/\/api.w.org\/{rel}","templated":true}]}}