{"id":14151,"date":"2022-09-11T08:57:11","date_gmt":"2022-09-11T08:57:11","guid":{"rendered":"https:\/\/blogin.al\/?p=14151"},"modified":"2022-09-11T08:57:11","modified_gmt":"2022-09-11T08:57:11","slug":"14-minuta-duartrokitje-per-blonde-aktorja-ana-de-armas-perlotet-ne-premieren-e-filmit","status":"publish","type":"post","link":"https:\/\/blogin.al\/?p=14151","title":{"rendered":"14 minuta duartrokitje p\u00ebr \u201cBlonde\u201d, aktorja Ana de Armas p\u00ebrlotet n\u00eb premier\u00ebn e filmit"},"content":{"rendered":"\n<p><strong>Aktorja Ana de Armas u emocionua dhe shp\u00ebrheu n\u00eb lot n\u00eb\u00a0premier\u00ebn\u00a0e filmit biografik t\u00eb Marilyn Monroe, \u201cBlonde\u201d, n\u00eb Festivalin e Filmit n\u00eb Venecia.<\/strong><\/p>\n\n\n\n<p>Filmi mori nj\u00eb ovacion 14-minut\u00ebsh, ku&nbsp;de Armas&nbsp;u pa duke fshir\u00eb lot\u00ebt nga fytyra e saj dhe duke p\u00ebrqafuar t\u00eb dashurin e saj, Adrien Brody.<\/p>\n\n\n\n<p>Aktorja luan si Monroe n\u00eb filmin biografik, i cili u p\u00ebrshtat nga romani i Joyce Carol Oates me t\u00eb nj\u00ebjtin em\u00ebr.\u00a0Brody luan bashk\u00ebshortin e saj t\u00eb tret\u00eb, Arthur Miller.<\/p>\n\n\n\n<figure class=\"wp-block-embed is-type-rich is-provider-twitter wp-block-embed-twitter\"><div class=\"wp-block-embed__wrapper\">\n<blockquote class=\"twitter-tweet\" data-width=\"550\" data-dnt=\"true\"><p lang=\"en\" dir=\"ltr\">Ana de Armas reacting to the 11-minute standing ovation at <a href=\"https:\/\/twitter.com\/hashtag\/VeniceFilmFestival?src=hash&amp;ref_src=twsrc%5Etfw\">#VeniceFilmFestival<\/a> for <a href=\"https:\/\/twitter.com\/hashtag\/Blonde?src=hash&amp;ref_src=twsrc%5Etfw\">#Blonde<\/a> <a href=\"https:\/\/t.co\/2Y4Du3vjVj\">pic.twitter.com\/2Y4Du3vjVj<\/a><\/p>&mdash; Deadline Hollywood (@DEADLINE) <a href=\"https:\/\/twitter.com\/DEADLINE\/status\/1567976075959074816?ref_src=twsrc%5Etfw\">September 8, 2022<\/a><\/blockquote><script async src=\"https:\/\/platform.twitter.com\/widgets.js\" charset=\"utf-8\"><\/script>\n<\/div><\/figure>\n\n\n\n<p>Brody kishte lavd\u00ebruar m\u00eb par\u00eb performanc\u00ebn e saj n\u00eb konferenc\u00ebn p\u00ebr shtyp t\u00eb filmit, duke th\u00ebn\u00eb se de Armas ishte n\u00eb gjendje ta transportonte at\u00eb \u201cn\u00eb nj\u00eb koh\u00eb dhe vend tjet\u00ebr\u201d. De Armas i tha Sunday Times&nbsp;t\u00eb Mbret\u00ebris\u00eb s\u00eb Bashkuar&nbsp;se roli k\u00ebrkonte shum\u00eb p\u00ebrgatitje.<\/p>\n\n\n\n<p><strong>\u201cM\u00eb u desh\u00ebn n\u00ebnt\u00eb muaj st\u00ebrvitje dialektesh dhe disa seanca shtes\u00eb t\u00eb z\u00ebvend\u00ebsimit t\u00eb dialogut [p\u00ebr t\u00eb p\u00ebrsosur theksin].&nbsp;Ishte nj\u00eb tortur\u00eb e madhe, kaq rraskapit\u00ebse.&nbsp;Truri im ishte i lodhur\u201d,<\/strong>&nbsp;tha ajo p\u00ebr median.<\/p>\n\n\n\n<p>Brad Pitt, i cili \u00ebsht\u00eb producent n\u00eb film, u shfaq gjithashtu n\u00eb premier\u00eb.<\/p>\n\n\n\n<p>Blonde del n\u00eb Netflix m\u00eb 28 shtator.<\/p>\n","protected":false},"excerpt":{"rendered":"<p>Aktorja Ana de Armas u emocionua dhe shp\u00ebrheu n\u00eb lot n\u00eb\u00a0premier\u00ebn\u00a0e filmit biografik t\u00eb Marilyn Monroe, \u201cBlonde\u201d, n\u00eb Festivalin e Filmit n\u00eb Venecia. Filmi mori nj\u00eb ovacion 14-minut\u00ebsh, ku&nbsp;de Armas&nbsp;u pa duke fshir\u00eb lot\u00ebt nga fytyra e saj dhe duke p\u00ebrqafuar t\u00eb dashurin e saj, Adrien Brody. Aktorja luan si Monroe n\u00eb filmin biografik, i [&hellip;]<\/p>\n","protected":false},"author":2,"featured_media":14152,"comment_status":"open","ping_status":"open","sticky":false,"template":"","format":"standard","meta":{"footnotes":""},"categories":[33],"tags":[],"class_list":{"0":"post-14151","1":"post","2":"type-post","3":"status-publish","4":"format-standard","5":"has-post-thumbnail","7":"category-showbiz"},"yoast_head":"<!-- This site is optimized with the Yoast SEO plugin v27.5 - https:\/\/yoast.com\/product\/yoast-seo-wordpress\/ -->\n<title>14 minuta duartrokitje p\u00ebr \u201cBlonde\u201d, aktorja Ana de Armas p\u00ebrlotet n\u00eb premier\u00ebn e filmit - blogin.al<\/title>\n<meta name=\"robots\" content=\"index, follow, max-snippet:-1, max-image-preview:large, max-video-preview:-1\" \/>\n<link rel=\"canonical\" href=\"https:\/\/blogin.al\/?p=14151\" \/>\n<meta property=\"og:locale\" content=\"en_US\" \/>\n<meta property=\"og:type\" content=\"article\" \/>\n<meta property=\"og:title\" content=\"14 minuta duartrokitje p\u00ebr \u201cBlonde\u201d, aktorja Ana de Armas p\u00ebrlotet n\u00eb premier\u00ebn e filmit - blogin.al\" \/>\n<meta property=\"og:description\" content=\"Aktorja Ana de Armas u emocionua dhe shp\u00ebrheu n\u00eb lot n\u00eb\u00a0premier\u00ebn\u00a0e filmit biografik t\u00eb Marilyn Monroe, \u201cBlonde\u201d, n\u00eb Festivalin e Filmit n\u00eb Venecia. Filmi mori nj\u00eb ovacion 14-minut\u00ebsh, ku&nbsp;de Armas&nbsp;u pa duke fshir\u00eb lot\u00ebt nga fytyra e saj dhe duke p\u00ebrqafuar t\u00eb dashurin e saj, Adrien Brody. Aktorja luan si Monroe n\u00eb filmin biografik, i [&hellip;]\" \/>\n<meta property=\"og:url\" content=\"https:\/\/blogin.al\/?p=14151\" \/>\n<meta property=\"og:site_name\" content=\"blogin.al\" \/>\n<meta property=\"article:published_time\" content=\"2022-09-11T08:57:11+00:00\" \/>\n<meta property=\"og:image\" content=\"https:\/\/blogin.al\/wp-content\/uploads\/2022\/09\/ana-de-armas-marilyn-monroe-compares-to-real-life-main.webp\" \/>\n\t<meta property=\"og:image:width\" content=\"2000\" \/>\n\t<meta property=\"og:image:height\" content=\"1000\" \/>\n\t<meta property=\"og:image:type\" content=\"image\/webp\" \/>\n<meta name=\"author\" content=\"Blogin al\" \/>\n<meta name=\"twitter:card\" content=\"summary_large_image\" \/>\n<meta name=\"twitter:label1\" content=\"Written by\" \/>\n\t<meta name=\"twitter:data1\" content=\"Blogin al\" \/>\n\t<meta name=\"twitter:label2\" content=\"Est. reading time\" \/>\n\t<meta name=\"twitter:data2\" content=\"2 minutes\" \/>\n<script type=\"application\/ld+json\" class=\"yoast-schema-graph\">{\"@context\":\"https:\\\/\\\/schema.org\",\"@graph\":[{\"@type\":\"Article\",\"@id\":\"https:\\\/\\\/blogin.al\\\/?p=14151#article\",\"isPartOf\":{\"@id\":\"https:\\\/\\\/blogin.al\\\/?p=14151\"},\"author\":{\"name\":\"Blogin al\",\"@id\":\"https:\\\/\\\/blogin.al\\\/#\\\/schema\\\/person\\\/abdd56bc912cd511db877b852b115399\"},\"headline\":\"14 minuta duartrokitje p\u00ebr \u201cBlonde\u201d, aktorja Ana de Armas p\u00ebrlotet n\u00eb premier\u00ebn e filmit\",\"datePublished\":\"2022-09-11T08:57:11+00:00\",\"mainEntityOfPage\":{\"@id\":\"https:\\\/\\\/blogin.al\\\/?p=14151\"},\"wordCount\":273,\"commentCount\":0,\"publisher\":{\"@id\":\"https:\\\/\\\/blogin.al\\\/#organization\"},\"image\":{\"@id\":\"https:\\\/\\\/blogin.al\\\/?p=14151#primaryimage\"},\"thumbnailUrl\":\"https:\\\/\\\/blogin.al\\\/wp-content\\\/uploads\\\/2022\\\/09\\\/ana-de-armas-marilyn-monroe-compares-to-real-life-main.webp\",\"articleSection\":[\"SHOWBIZ\"],\"inLanguage\":\"en-US\",\"potentialAction\":[{\"@type\":\"CommentAction\",\"name\":\"Comment\",\"target\":[\"https:\\\/\\\/blogin.al\\\/?p=14151#respond\"]}]},{\"@type\":\"WebPage\",\"@id\":\"https:\\\/\\\/blogin.al\\\/?p=14151\",\"url\":\"https:\\\/\\\/blogin.al\\\/?p=14151\",\"name\":\"14 minuta duartrokitje p\u00ebr \u201cBlonde\u201d, aktorja Ana de Armas p\u00ebrlotet n\u00eb premier\u00ebn e filmit - blogin.al\",\"isPartOf\":{\"@id\":\"https:\\\/\\\/blogin.al\\\/#website\"},\"primaryImageOfPage\":{\"@id\":\"https:\\\/\\\/blogin.al\\\/?p=14151#primaryimage\"},\"image\":{\"@id\":\"https:\\\/\\\/blogin.al\\\/?p=14151#primaryimage\"},\"thumbnailUrl\":\"https:\\\/\\\/blogin.al\\\/wp-content\\\/uploads\\\/2022\\\/09\\\/ana-de-armas-marilyn-monroe-compares-to-real-life-main.webp\",\"datePublished\":\"2022-09-11T08:57:11+00:00\",\"breadcrumb\":{\"@id\":\"https:\\\/\\\/blogin.al\\\/?p=14151#breadcrumb\"},\"inLanguage\":\"en-US\",\"potentialAction\":[{\"@type\":\"ReadAction\",\"target\":[\"https:\\\/\\\/blogin.al\\\/?p=14151\"]}]},{\"@type\":\"ImageObject\",\"inLanguage\":\"en-US\",\"@id\":\"https:\\\/\\\/blogin.al\\\/?p=14151#primaryimage\",\"url\":\"https:\\\/\\\/blogin.al\\\/wp-content\\\/uploads\\\/2022\\\/09\\\/ana-de-armas-marilyn-monroe-compares-to-real-life-main.webp\",\"contentUrl\":\"https:\\\/\\\/blogin.al\\\/wp-content\\\/uploads\\\/2022\\\/09\\\/ana-de-armas-marilyn-monroe-compares-to-real-life-main.webp\",\"width\":2000,\"height\":1000},{\"@type\":\"BreadcrumbList\",\"@id\":\"https:\\\/\\\/blogin.al\\\/?p=14151#breadcrumb\",\"itemListElement\":[{\"@type\":\"ListItem\",\"position\":1,\"name\":\"Home\",\"item\":\"https:\\\/\\\/blogin.al\\\/\"},{\"@type\":\"ListItem\",\"position\":2,\"name\":\"14 minuta duartrokitje p\u00ebr \u201cBlonde\u201d, aktorja Ana de Armas p\u00ebrlotet n\u00eb premier\u00ebn e filmit\"}]},{\"@type\":\"WebSite\",\"@id\":\"https:\\\/\\\/blogin.al\\\/#website\",\"url\":\"https:\\\/\\\/blogin.al\\\/\",\"name\":\"blogin.al\",\"description\":\"\",\"publisher\":{\"@id\":\"https:\\\/\\\/blogin.al\\\/#organization\"},\"potentialAction\":[{\"@type\":\"SearchAction\",\"target\":{\"@type\":\"EntryPoint\",\"urlTemplate\":\"https:\\\/\\\/blogin.al\\\/?s={search_term_string}\"},\"query-input\":{\"@type\":\"PropertyValueSpecification\",\"valueRequired\":true,\"valueName\":\"search_term_string\"}}],\"inLanguage\":\"en-US\"},{\"@type\":\"Organization\",\"@id\":\"https:\\\/\\\/blogin.al\\\/#organization\",\"name\":\"BLOGIN.al\",\"url\":\"https:\\\/\\\/blogin.al\\\/\",\"logo\":{\"@type\":\"ImageObject\",\"inLanguage\":\"en-US\",\"@id\":\"https:\\\/\\\/blogin.al\\\/#\\\/schema\\\/logo\\\/image\\\/\",\"url\":\"https:\\\/\\\/blogin.al\\\/wp-content\\\/uploads\\\/2022\\\/05\\\/Untitled-2-01-e1652084456514.png\",\"contentUrl\":\"https:\\\/\\\/blogin.al\\\/wp-content\\\/uploads\\\/2022\\\/05\\\/Untitled-2-01-e1652084456514.png\",\"width\":3723,\"height\":1698,\"caption\":\"BLOGIN.al\"},\"image\":{\"@id\":\"https:\\\/\\\/blogin.al\\\/#\\\/schema\\\/logo\\\/image\\\/\"},\"sameAs\":[\"https:\\\/\\\/instagram.com\\\/blogin.al\\\/\"]},{\"@type\":\"Person\",\"@id\":\"https:\\\/\\\/blogin.al\\\/#\\\/schema\\\/person\\\/abdd56bc912cd511db877b852b115399\",\"name\":\"Blogin al\",\"image\":{\"@type\":\"ImageObject\",\"inLanguage\":\"en-US\",\"@id\":\"https:\\\/\\\/secure.gravatar.com\\\/avatar\\\/60d5661aee6e835fb13dc75d2204cd0c1d61bef2efd137c0083e59ef831e235e?s=96&d=mm&r=g\",\"url\":\"https:\\\/\\\/secure.gravatar.com\\\/avatar\\\/60d5661aee6e835fb13dc75d2204cd0c1d61bef2efd137c0083e59ef831e235e?s=96&d=mm&r=g\",\"contentUrl\":\"https:\\\/\\\/secure.gravatar.com\\\/avatar\\\/60d5661aee6e835fb13dc75d2204cd0c1d61bef2efd137c0083e59ef831e235e?s=96&d=mm&r=g\",\"caption\":\"Blogin al\"},\"sameAs\":[\"https:\\\/\\\/blogin.al\"],\"url\":\"https:\\\/\\\/blogin.al\\\/?author=2\"}]}<\/script>\n<!-- \/ Yoast SEO plugin. -->","yoast_head_json":{"title":"14 minuta duartrokitje p\u00ebr \u201cBlonde\u201d, aktorja Ana de Armas p\u00ebrlotet n\u00eb premier\u00ebn e filmit - blogin.al","robots":{"index":"index","follow":"follow","max-snippet":"max-snippet:-1","max-image-preview":"max-image-preview:large","max-video-preview":"max-video-preview:-1"},"canonical":"https:\/\/blogin.al\/?p=14151","og_locale":"en_US","og_type":"article","og_title":"14 minuta duartrokitje p\u00ebr \u201cBlonde\u201d, aktorja Ana de Armas p\u00ebrlotet n\u00eb premier\u00ebn e filmit - blogin.al","og_description":"Aktorja Ana de Armas u emocionua dhe shp\u00ebrheu n\u00eb lot n\u00eb\u00a0premier\u00ebn\u00a0e filmit biografik t\u00eb Marilyn Monroe, \u201cBlonde\u201d, n\u00eb Festivalin e Filmit n\u00eb Venecia. Filmi mori nj\u00eb ovacion 14-minut\u00ebsh, ku&nbsp;de Armas&nbsp;u pa duke fshir\u00eb lot\u00ebt nga fytyra e saj dhe duke p\u00ebrqafuar t\u00eb dashurin e saj, Adrien Brody. Aktorja luan si Monroe n\u00eb filmin biografik, i [&hellip;]","og_url":"https:\/\/blogin.al\/?p=14151","og_site_name":"blogin.al","article_published_time":"2022-09-11T08:57:11+00:00","og_image":[{"width":2000,"height":1000,"url":"https:\/\/blogin.al\/wp-content\/uploads\/2022\/09\/ana-de-armas-marilyn-monroe-compares-to-real-life-main.webp","type":"image\/webp"}],"author":"Blogin al","twitter_card":"summary_large_image","twitter_misc":{"Written by":"Blogin al","Est. reading time":"2 minutes"},"schema":{"@context":"https:\/\/schema.org","@graph":[{"@type":"Article","@id":"https:\/\/blogin.al\/?p=14151#article","isPartOf":{"@id":"https:\/\/blogin.al\/?p=14151"},"author":{"name":"Blogin al","@id":"https:\/\/blogin.al\/#\/schema\/person\/abdd56bc912cd511db877b852b115399"},"headline":"14 minuta duartrokitje p\u00ebr \u201cBlonde\u201d, aktorja Ana de Armas p\u00ebrlotet n\u00eb premier\u00ebn e filmit","datePublished":"2022-09-11T08:57:11+00:00","mainEntityOfPage":{"@id":"https:\/\/blogin.al\/?p=14151"},"wordCount":273,"commentCount":0,"publisher":{"@id":"https:\/\/blogin.al\/#organization"},"image":{"@id":"https:\/\/blogin.al\/?p=14151#primaryimage"},"thumbnailUrl":"https:\/\/blogin.al\/wp-content\/uploads\/2022\/09\/ana-de-armas-marilyn-monroe-compares-to-real-life-main.webp","articleSection":["SHOWBIZ"],"inLanguage":"en-US","potentialAction":[{"@type":"CommentAction","name":"Comment","target":["https:\/\/blogin.al\/?p=14151#respond"]}]},{"@type":"WebPage","@id":"https:\/\/blogin.al\/?p=14151","url":"https:\/\/blogin.al\/?p=14151","name":"14 minuta duartrokitje p\u00ebr \u201cBlonde\u201d, aktorja Ana de Armas p\u00ebrlotet n\u00eb premier\u00ebn e filmit - blogin.al","isPartOf":{"@id":"https:\/\/blogin.al\/#website"},"primaryImageOfPage":{"@id":"https:\/\/blogin.al\/?p=14151#primaryimage"},"image":{"@id":"https:\/\/blogin.al\/?p=14151#primaryimage"},"thumbnailUrl":"https:\/\/blogin.al\/wp-content\/uploads\/2022\/09\/ana-de-armas-marilyn-monroe-compares-to-real-life-main.webp","datePublished":"2022-09-11T08:57:11+00:00","breadcrumb":{"@id":"https:\/\/blogin.al\/?p=14151#breadcrumb"},"inLanguage":"en-US","potentialAction":[{"@type":"ReadAction","target":["https:\/\/blogin.al\/?p=14151"]}]},{"@type":"ImageObject","inLanguage":"en-US","@id":"https:\/\/blogin.al\/?p=14151#primaryimage","url":"https:\/\/blogin.al\/wp-content\/uploads\/2022\/09\/ana-de-armas-marilyn-monroe-compares-to-real-life-main.webp","contentUrl":"https:\/\/blogin.al\/wp-content\/uploads\/2022\/09\/ana-de-armas-marilyn-monroe-compares-to-real-life-main.webp","width":2000,"height":1000},{"@type":"BreadcrumbList","@id":"https:\/\/blogin.al\/?p=14151#breadcrumb","itemListElement":[{"@type":"ListItem","position":1,"name":"Home","item":"https:\/\/blogin.al\/"},{"@type":"ListItem","position":2,"name":"14 minuta duartrokitje p\u00ebr \u201cBlonde\u201d, aktorja Ana de Armas p\u00ebrlotet n\u00eb premier\u00ebn e filmit"}]},{"@type":"WebSite","@id":"https:\/\/blogin.al\/#website","url":"https:\/\/blogin.al\/","name":"blogin.al","description":"","publisher":{"@id":"https:\/\/blogin.al\/#organization"},"potentialAction":[{"@type":"SearchAction","target":{"@type":"EntryPoint","urlTemplate":"https:\/\/blogin.al\/?s={search_term_string}"},"query-input":{"@type":"PropertyValueSpecification","valueRequired":true,"valueName":"search_term_string"}}],"inLanguage":"en-US"},{"@type":"Organization","@id":"https:\/\/blogin.al\/#organization","name":"BLOGIN.al","url":"https:\/\/blogin.al\/","logo":{"@type":"ImageObject","inLanguage":"en-US","@id":"https:\/\/blogin.al\/#\/schema\/logo\/image\/","url":"https:\/\/blogin.al\/wp-content\/uploads\/2022\/05\/Untitled-2-01-e1652084456514.png","contentUrl":"https:\/\/blogin.al\/wp-content\/uploads\/2022\/05\/Untitled-2-01-e1652084456514.png","width":3723,"height":1698,"caption":"BLOGIN.al"},"image":{"@id":"https:\/\/blogin.al\/#\/schema\/logo\/image\/"},"sameAs":["https:\/\/instagram.com\/blogin.al\/"]},{"@type":"Person","@id":"https:\/\/blogin.al\/#\/schema\/person\/abdd56bc912cd511db877b852b115399","name":"Blogin al","image":{"@type":"ImageObject","inLanguage":"en-US","@id":"https:\/\/secure.gravatar.com\/avatar\/60d5661aee6e835fb13dc75d2204cd0c1d61bef2efd137c0083e59ef831e235e?s=96&d=mm&r=g","url":"https:\/\/secure.gravatar.com\/avatar\/60d5661aee6e835fb13dc75d2204cd0c1d61bef2efd137c0083e59ef831e235e?s=96&d=mm&r=g","contentUrl":"https:\/\/secure.gravatar.com\/avatar\/60d5661aee6e835fb13dc75d2204cd0c1d61bef2efd137c0083e59ef831e235e?s=96&d=mm&r=g","caption":"Blogin al"},"sameAs":["https:\/\/blogin.al"],"url":"https:\/\/blogin.al\/?author=2"}]}},"_links":{"self":[{"href":"https:\/\/blogin.al\/index.php?rest_route=\/wp\/v2\/posts\/14151","targetHints":{"allow":["GET"]}}],"collection":[{"href":"https:\/\/blogin.al\/index.php?rest_route=\/wp\/v2\/posts"}],"about":[{"href":"https:\/\/blogin.al\/index.php?rest_route=\/wp\/v2\/types\/post"}],"author":[{"embeddable":true,"href":"https:\/\/blogin.al\/index.php?rest_route=\/wp\/v2\/users\/2"}],"replies":[{"embeddable":true,"href":"https:\/\/blogin.al\/index.php?rest_route=%2Fwp%2Fv2%2Fcomments&post=14151"}],"version-history":[{"count":1,"href":"https:\/\/blogin.al\/index.php?rest_route=\/wp\/v2\/posts\/14151\/revisions"}],"predecessor-version":[{"id":14153,"href":"https:\/\/blogin.al\/index.php?rest_route=\/wp\/v2\/posts\/14151\/revisions\/14153"}],"wp:featuredmedia":[{"embeddable":true,"href":"https:\/\/blogin.al\/index.php?rest_route=\/wp\/v2\/media\/14152"}],"wp:attachment":[{"href":"https:\/\/blogin.al\/index.php?rest_route=%2Fwp%2Fv2%2Fmedia&parent=14151"}],"wp:term":[{"taxonomy":"category","embeddable":true,"href":"https:\/\/blogin.al\/index.php?rest_route=%2Fwp%2Fv2%2Fcategories&post=14151"},{"taxonomy":"post_tag","embeddable":true,"href":"https:\/\/blogin.al\/index.php?rest_route=%2Fwp%2Fv2%2Ftags&post=14151"}],"curies":[{"name":"wp","href":"https:\/\/api.w.org\/{rel}","templated":true}]}}