{"id":14177,"date":"2022-09-11T11:06:41","date_gmt":"2022-09-11T11:06:41","guid":{"rendered":"https:\/\/blogin.al\/?p=14177"},"modified":"2022-09-11T11:06:42","modified_gmt":"2022-09-11T11:06:42","slug":"offset-flet-per-5-femijet-e-tij-dhe-deshira-per-te-pasur-gjithmone-familjen-e-bashkuar","status":"publish","type":"post","link":"https:\/\/blogin.al\/?p=14177","title":{"rendered":"Offset flet p\u00ebr 5 f\u00ebmij\u00ebt e tij dhe d\u00ebshira p\u00ebr t\u00eb pasur gjithmon\u00eb familjen e bashkuar"},"content":{"rendered":"\n<p><strong>Offset mund t\u00eb ket\u00eb nj\u00eb axhend\u00eb goxha t\u00eb ngjeshur me koncertet e tij por ai gjithmon\u00eb do t\u00eb gjej\u00eb koh\u00eb kur b\u00ebhet fjal\u00eb p\u00ebr f\u00ebmij\u00ebt e tij.<\/strong><\/p>\n\n\n\n<p>Gjat\u00eb nj\u00eb interviste p\u00ebr \u2018PEOPLE\u2019 reperi i \u201cRic Flair Drip\u201d foli p\u00ebr balancimin e karrier\u00ebs s\u00eb tij nd\u00ebrsa \u00ebsht\u00eb dhe baba i pes\u00eb f\u00ebmij\u00ebve.<\/p>\n\n\n\n<p>\u201cT\u00eb jesh nj\u00eb baba \u00ebsht\u00eb e r\u00ebnd\u00ebsishme p\u00ebr mua personalisht,\u201d thot\u00eb Offset, 30 vje\u00e7.&nbsp;<em>\u201cP\u00ebr shembull, ka nj\u00eb fest\u00eb t\u00eb madhe t\u00eb shtun\u00ebn, apo jo? N\u00eb Los Anxhelos. Dhe ndeshja e par\u00eb e futbollit t\u00eb djalit tim Kody \u00ebsht\u00eb t\u00eb diel\u00ebn. Nuk ka mund\u00ebsi t\u00eb humbas asnj\u00ebr\u00ebn nga ngjarjet, k\u00ebshtu q\u00eb do t\u00eb m\u00eb duhet ta b\u00ebj t\u00eb funksionoj\u00eb. \u00cbsht\u00eb prioritet p\u00ebr mua\u201d.<\/em><\/p>\n\n\n\n<p>Reperi ndan Wave Set , 12 muajsh dhe vajz\u00ebn Kulture Kiari , 4 vje\u00e7 , me gruan e tij Cardi B. Ai \u00ebsht\u00eb gjithashtu baba i vajz\u00ebs Kalea, 7, dhe djemve Kody, 7, dhe Jordan, 12, nga marr\u00ebdh\u00ebniet e m\u00ebparshme.<\/p>\n\n\n\n<figure class=\"wp-block-image size-full is-style-default\"><img fetchpriority=\"high\" decoding=\"async\" width=\"650\" height=\"340\" src=\"https:\/\/blogin.al\/wp-content\/uploads\/2022\/09\/OFF.jpg\" alt=\"\" class=\"wp-image-14179\" srcset=\"https:\/\/blogin.al\/wp-content\/uploads\/2022\/09\/OFF.jpg 650w, https:\/\/blogin.al\/wp-content\/uploads\/2022\/09\/OFF-300x157.jpg 300w, https:\/\/blogin.al\/wp-content\/uploads\/2022\/09\/OFF-150x78.jpg 150w\" sizes=\"(max-width: 650px) 100vw, 650px\" \/><\/figure>\n\n\n\n<p><em>Un\u00eb nuk luaj kur b\u00ebhet fjal\u00eb p\u00ebr f\u00ebmij\u00ebt sepse e di q\u00eb ata po rriten dhe \u00ebsht\u00eb mir\u00eb t\u00eb jesh baba q\u00eb \u00ebsht\u00eb artist dhe gjith\u00e7ka, por kur rritesh dhe fillon t\u00eb mendosh p\u00ebr gj\u00ebrat, t\u00eb gjith\u00eb f\u00ebmij\u00ebt e mi do t\u00eb mendojn\u00eb : \u2018Dreqin, babai im i balancoi t\u00eb gjitha k\u00ebto dhe ai ishte n\u00eb gjendje t\u00eb kujdesej p\u00ebr mua, t\u00eb m\u00eb m\u00ebsonte gj\u00ebra, t\u00eb m\u00eb ndihmonte t\u00eb ecja, t\u00eb m\u00eb ndihmonte t\u00eb them fjal\u00ebt e mia t\u00eb para nga ana tjet\u00ebr ishte n\u00eb turne,\u201d<\/em>\u2013 u shpreh reperi.<\/p>\n\n\n\n<p>Ai vazhdon,&nbsp;<em>\u201cKjo \u00ebsht\u00eb gj\u00ebja ime m\u00eb e madhe, nuk dua q\u00eb f\u00ebmij\u00ebt e mi t\u00eb ken\u00eb gjith\u00e7ka n\u00eb bot\u00eb dhe t\u00eb mos ken\u00eb struktur\u00eb q\u00eb t\u00eb krijohet, sepse un\u00eb nuk kam qen\u00eb kurr\u00eb p\u00ebrreth p\u00ebr t\u2019u dh\u00ebn\u00eb atyre struktur\u00ebn.\u201d<\/em><\/p>\n\n\n\n<p>Gjat\u00eb fundjav\u00ebs, Offset dhe Cardi, 29 vje\u00e7, festuan dit\u00eblindjen e par\u00eb t\u00eb djalit t\u00eb tyre \u00cbave, ku t\u00eb pranish\u00ebm ishin t\u00eb pes\u00eb f\u00ebmij\u00ebt.<\/p>\n\n\n\n<p><em>\u201cIshte thjesht e detyrueshme, thot\u00eb ai. \u201cP\u00ebr fat t\u00eb mir\u00eb, jam e bekuar me nj\u00eb grua t\u00eb bukur, e cila i ka pranuar f\u00ebmij\u00ebt e mi si t\u00eb sajin dhe familjen, k\u00ebshtu q\u00eb \u00ebsht\u00eb gjithmon\u00eb e detyrueshme\u201d.<\/em><\/p>\n\n\n\n<p>Ai vazhdon: \u201c\u00cbsht\u00eb e detyrueshme q\u00eb t\u00eb gjith\u00eb t\u00eb festojn\u00eb me nj\u00ebri-tjetrin dhe t\u00eb rriten me nj\u00ebri-tjetrin sepse e duan nj\u00ebri-tjetrin. Ata flasin me nj\u00ebri-tjetrin n\u00eb telefon gjat\u00eb gjith\u00eb koh\u00ebs dhe \u00ebsht\u00eb thjesht e bukur\u2026 mami im ka dy f\u00ebmij\u00eb t\u00eb tjer\u00eb t\u00eb ndrysh\u00ebm dhe jam rritur me t\u00eb gjith\u00eb v\u00ebllez\u00ebrit e mi dhe i njoh t\u00eb gjith\u00eb dhe k\u00ebshtu \u00ebsht\u00eb e nj\u00ebjta gj\u00eb\u201d.<\/p>\n\n\n\n<figure class=\"wp-block-image size-full is-style-default\"><img decoding=\"async\" width=\"640\" height=\"800\" src=\"https:\/\/blogin.al\/wp-content\/uploads\/2022\/09\/cardiboffsetkids5.jpg\" alt=\"\" class=\"wp-image-14180\" srcset=\"https:\/\/blogin.al\/wp-content\/uploads\/2022\/09\/cardiboffsetkids5.jpg 640w, https:\/\/blogin.al\/wp-content\/uploads\/2022\/09\/cardiboffsetkids5-240x300.jpg 240w, https:\/\/blogin.al\/wp-content\/uploads\/2022\/09\/cardiboffsetkids5-150x188.jpg 150w, https:\/\/blogin.al\/wp-content\/uploads\/2022\/09\/cardiboffsetkids5-300x375.jpg 300w\" sizes=\"(max-width: 640px) 100vw, 640px\" \/><\/figure>\n\n\n\n<p>N\u00eb nj\u00eb intervist\u00eb t\u00eb zhvilluar gjat\u00eb muajt prill p\u00ebr Essence , Offset foli p\u00ebr bukurin\u00eb e familjes s\u00eb tij t\u00eb p\u00ebrzier.<\/p>\n\n\n\n<p><em>\u201c\u00cbsht\u00eb nj\u00eb bekim t\u00eb jesh n\u00eb gjendje t\u2019i kesh t\u00eb gjith\u00eb bashk\u00eb dhe t\u00eb kesh nj\u00eb grua q\u00eb \u00ebsht\u00eb e hapur dhe i trajton ata sikur t\u00eb ishin f\u00ebmij\u00ebt e saj,\u201d tha ai. \u201cMund t\u00eb jet\u00eb nj\u00eb problem, por un\u00eb nuk duhet ta kaloj at\u00eb, dhe kjo \u00ebsht\u00eb e bukur.\u201d<\/em><\/p>\n\n\n\n<p><em>\u201cNdjehem sikur nganj\u00ebher\u00eb njer\u00ebzit hyjn\u00eb n\u00eb nj\u00eb lidhje me nj\u00eb burr\u00eb apo nj\u00eb grua q\u00eb ka f\u00ebmij\u00eb me negativitet \u2013 dhe ndihem sikur njer\u00ebzit duhet ta p\u00ebrqafojn\u00eb at\u00eb dhe ta duan at\u00eb<\/em>\u201d, shtoi gjithashtu reperi i \u201cUp\u201d.&nbsp;<em>\u201cUn\u00eb e dua familjen ton\u00eb dhe nuk do ta d\u00ebshiroja ndryshe\u201d.<\/em><\/p>\n","protected":false},"excerpt":{"rendered":"<p>Offset mund t\u00eb ket\u00eb nj\u00eb axhend\u00eb goxha t\u00eb ngjeshur me koncertet e tij por ai gjithmon\u00eb do t\u00eb gjej\u00eb koh\u00eb kur b\u00ebhet fjal\u00eb p\u00ebr f\u00ebmij\u00ebt e tij. Gjat\u00eb nj\u00eb interviste p\u00ebr \u2018PEOPLE\u2019 reperi i \u201cRic Flair Drip\u201d foli p\u00ebr balancimin e karrier\u00ebs s\u00eb tij nd\u00ebrsa \u00ebsht\u00eb dhe baba i pes\u00eb f\u00ebmij\u00ebve. \u201cT\u00eb jesh nj\u00eb baba [&hellip;]<\/p>\n","protected":false},"author":2,"featured_media":14178,"comment_status":"open","ping_status":"open","sticky":false,"template":"","format":"standard","meta":{"footnotes":""},"categories":[33],"tags":[],"class_list":{"0":"post-14177","1":"post","2":"type-post","3":"status-publish","4":"format-standard","5":"has-post-thumbnail","7":"category-showbiz"},"yoast_head":"<!-- This site is optimized with the Yoast SEO plugin v27.5 - https:\/\/yoast.com\/product\/yoast-seo-wordpress\/ -->\n<title>Offset flet p\u00ebr 5 f\u00ebmij\u00ebt e tij dhe d\u00ebshira p\u00ebr t\u00eb pasur gjithmon\u00eb familjen e bashkuar - blogin.al<\/title>\n<meta name=\"robots\" content=\"index, follow, max-snippet:-1, max-image-preview:large, max-video-preview:-1\" \/>\n<link rel=\"canonical\" href=\"https:\/\/blogin.al\/?p=14177\" \/>\n<meta property=\"og:locale\" content=\"en_US\" \/>\n<meta property=\"og:type\" content=\"article\" \/>\n<meta property=\"og:title\" content=\"Offset flet p\u00ebr 5 f\u00ebmij\u00ebt e tij dhe d\u00ebshira p\u00ebr t\u00eb pasur gjithmon\u00eb familjen e bashkuar - blogin.al\" \/>\n<meta property=\"og:description\" content=\"Offset mund t\u00eb ket\u00eb nj\u00eb axhend\u00eb goxha t\u00eb ngjeshur me koncertet e tij por ai gjithmon\u00eb do t\u00eb gjej\u00eb koh\u00eb kur b\u00ebhet fjal\u00eb p\u00ebr f\u00ebmij\u00ebt e tij. Gjat\u00eb nj\u00eb interviste p\u00ebr \u2018PEOPLE\u2019 reperi i \u201cRic Flair Drip\u201d foli p\u00ebr balancimin e karrier\u00ebs s\u00eb tij nd\u00ebrsa \u00ebsht\u00eb dhe baba i pes\u00eb f\u00ebmij\u00ebve. \u201cT\u00eb jesh nj\u00eb baba [&hellip;]\" \/>\n<meta property=\"og:url\" content=\"https:\/\/blogin.al\/?p=14177\" \/>\n<meta property=\"og:site_name\" content=\"blogin.al\" \/>\n<meta property=\"article:published_time\" content=\"2022-09-11T11:06:41+00:00\" \/>\n<meta property=\"article:modified_time\" content=\"2022-09-11T11:06:42+00:00\" \/>\n<meta property=\"og:image\" content=\"https:\/\/blogin.al\/wp-content\/uploads\/2022\/09\/cardi-b-offset-2-c7d68c2ba0c241efa43f56fe4e393fcb.jpg\" \/>\n\t<meta property=\"og:image:width\" content=\"1200\" \/>\n\t<meta property=\"og:image:height\" content=\"1500\" \/>\n\t<meta property=\"og:image:type\" content=\"image\/jpeg\" \/>\n<meta name=\"author\" content=\"Blogin al\" \/>\n<meta name=\"twitter:card\" content=\"summary_large_image\" \/>\n<meta name=\"twitter:label1\" content=\"Written by\" \/>\n\t<meta name=\"twitter:data1\" content=\"Blogin al\" \/>\n\t<meta name=\"twitter:label2\" content=\"Est. reading time\" \/>\n\t<meta name=\"twitter:data2\" content=\"3 minutes\" \/>\n<script type=\"application\/ld+json\" class=\"yoast-schema-graph\">{\"@context\":\"https:\\\/\\\/schema.org\",\"@graph\":[{\"@type\":\"Article\",\"@id\":\"https:\\\/\\\/blogin.al\\\/?p=14177#article\",\"isPartOf\":{\"@id\":\"https:\\\/\\\/blogin.al\\\/?p=14177\"},\"author\":{\"name\":\"Blogin al\",\"@id\":\"https:\\\/\\\/blogin.al\\\/#\\\/schema\\\/person\\\/abdd56bc912cd511db877b852b115399\"},\"headline\":\"Offset flet p\u00ebr 5 f\u00ebmij\u00ebt e tij dhe d\u00ebshira p\u00ebr t\u00eb pasur gjithmon\u00eb familjen e bashkuar\",\"datePublished\":\"2022-09-11T11:06:41+00:00\",\"dateModified\":\"2022-09-11T11:06:42+00:00\",\"mainEntityOfPage\":{\"@id\":\"https:\\\/\\\/blogin.al\\\/?p=14177\"},\"wordCount\":619,\"commentCount\":0,\"publisher\":{\"@id\":\"https:\\\/\\\/blogin.al\\\/#organization\"},\"image\":{\"@id\":\"https:\\\/\\\/blogin.al\\\/?p=14177#primaryimage\"},\"thumbnailUrl\":\"https:\\\/\\\/blogin.al\\\/wp-content\\\/uploads\\\/2022\\\/09\\\/cardi-b-offset-2-c7d68c2ba0c241efa43f56fe4e393fcb.jpg\",\"articleSection\":[\"SHOWBIZ\"],\"inLanguage\":\"en-US\",\"potentialAction\":[{\"@type\":\"CommentAction\",\"name\":\"Comment\",\"target\":[\"https:\\\/\\\/blogin.al\\\/?p=14177#respond\"]}]},{\"@type\":\"WebPage\",\"@id\":\"https:\\\/\\\/blogin.al\\\/?p=14177\",\"url\":\"https:\\\/\\\/blogin.al\\\/?p=14177\",\"name\":\"Offset flet p\u00ebr 5 f\u00ebmij\u00ebt e tij dhe d\u00ebshira p\u00ebr t\u00eb pasur gjithmon\u00eb familjen e bashkuar - blogin.al\",\"isPartOf\":{\"@id\":\"https:\\\/\\\/blogin.al\\\/#website\"},\"primaryImageOfPage\":{\"@id\":\"https:\\\/\\\/blogin.al\\\/?p=14177#primaryimage\"},\"image\":{\"@id\":\"https:\\\/\\\/blogin.al\\\/?p=14177#primaryimage\"},\"thumbnailUrl\":\"https:\\\/\\\/blogin.al\\\/wp-content\\\/uploads\\\/2022\\\/09\\\/cardi-b-offset-2-c7d68c2ba0c241efa43f56fe4e393fcb.jpg\",\"datePublished\":\"2022-09-11T11:06:41+00:00\",\"dateModified\":\"2022-09-11T11:06:42+00:00\",\"breadcrumb\":{\"@id\":\"https:\\\/\\\/blogin.al\\\/?p=14177#breadcrumb\"},\"inLanguage\":\"en-US\",\"potentialAction\":[{\"@type\":\"ReadAction\",\"target\":[\"https:\\\/\\\/blogin.al\\\/?p=14177\"]}]},{\"@type\":\"ImageObject\",\"inLanguage\":\"en-US\",\"@id\":\"https:\\\/\\\/blogin.al\\\/?p=14177#primaryimage\",\"url\":\"https:\\\/\\\/blogin.al\\\/wp-content\\\/uploads\\\/2022\\\/09\\\/cardi-b-offset-2-c7d68c2ba0c241efa43f56fe4e393fcb.jpg\",\"contentUrl\":\"https:\\\/\\\/blogin.al\\\/wp-content\\\/uploads\\\/2022\\\/09\\\/cardi-b-offset-2-c7d68c2ba0c241efa43f56fe4e393fcb.jpg\",\"width\":1200,\"height\":1500},{\"@type\":\"BreadcrumbList\",\"@id\":\"https:\\\/\\\/blogin.al\\\/?p=14177#breadcrumb\",\"itemListElement\":[{\"@type\":\"ListItem\",\"position\":1,\"name\":\"Home\",\"item\":\"https:\\\/\\\/blogin.al\\\/\"},{\"@type\":\"ListItem\",\"position\":2,\"name\":\"Offset flet p\u00ebr 5 f\u00ebmij\u00ebt e tij dhe d\u00ebshira p\u00ebr t\u00eb pasur gjithmon\u00eb familjen e bashkuar\"}]},{\"@type\":\"WebSite\",\"@id\":\"https:\\\/\\\/blogin.al\\\/#website\",\"url\":\"https:\\\/\\\/blogin.al\\\/\",\"name\":\"blogin.al\",\"description\":\"\",\"publisher\":{\"@id\":\"https:\\\/\\\/blogin.al\\\/#organization\"},\"potentialAction\":[{\"@type\":\"SearchAction\",\"target\":{\"@type\":\"EntryPoint\",\"urlTemplate\":\"https:\\\/\\\/blogin.al\\\/?s={search_term_string}\"},\"query-input\":{\"@type\":\"PropertyValueSpecification\",\"valueRequired\":true,\"valueName\":\"search_term_string\"}}],\"inLanguage\":\"en-US\"},{\"@type\":\"Organization\",\"@id\":\"https:\\\/\\\/blogin.al\\\/#organization\",\"name\":\"BLOGIN.al\",\"url\":\"https:\\\/\\\/blogin.al\\\/\",\"logo\":{\"@type\":\"ImageObject\",\"inLanguage\":\"en-US\",\"@id\":\"https:\\\/\\\/blogin.al\\\/#\\\/schema\\\/logo\\\/image\\\/\",\"url\":\"https:\\\/\\\/blogin.al\\\/wp-content\\\/uploads\\\/2022\\\/05\\\/Untitled-2-01-e1652084456514.png\",\"contentUrl\":\"https:\\\/\\\/blogin.al\\\/wp-content\\\/uploads\\\/2022\\\/05\\\/Untitled-2-01-e1652084456514.png\",\"width\":3723,\"height\":1698,\"caption\":\"BLOGIN.al\"},\"image\":{\"@id\":\"https:\\\/\\\/blogin.al\\\/#\\\/schema\\\/logo\\\/image\\\/\"},\"sameAs\":[\"https:\\\/\\\/instagram.com\\\/blogin.al\\\/\"]},{\"@type\":\"Person\",\"@id\":\"https:\\\/\\\/blogin.al\\\/#\\\/schema\\\/person\\\/abdd56bc912cd511db877b852b115399\",\"name\":\"Blogin al\",\"image\":{\"@type\":\"ImageObject\",\"inLanguage\":\"en-US\",\"@id\":\"https:\\\/\\\/secure.gravatar.com\\\/avatar\\\/60d5661aee6e835fb13dc75d2204cd0c1d61bef2efd137c0083e59ef831e235e?s=96&d=mm&r=g\",\"url\":\"https:\\\/\\\/secure.gravatar.com\\\/avatar\\\/60d5661aee6e835fb13dc75d2204cd0c1d61bef2efd137c0083e59ef831e235e?s=96&d=mm&r=g\",\"contentUrl\":\"https:\\\/\\\/secure.gravatar.com\\\/avatar\\\/60d5661aee6e835fb13dc75d2204cd0c1d61bef2efd137c0083e59ef831e235e?s=96&d=mm&r=g\",\"caption\":\"Blogin al\"},\"sameAs\":[\"https:\\\/\\\/blogin.al\"],\"url\":\"https:\\\/\\\/blogin.al\\\/?author=2\"}]}<\/script>\n<!-- \/ Yoast SEO plugin. -->","yoast_head_json":{"title":"Offset flet p\u00ebr 5 f\u00ebmij\u00ebt e tij dhe d\u00ebshira p\u00ebr t\u00eb pasur gjithmon\u00eb familjen e bashkuar - blogin.al","robots":{"index":"index","follow":"follow","max-snippet":"max-snippet:-1","max-image-preview":"max-image-preview:large","max-video-preview":"max-video-preview:-1"},"canonical":"https:\/\/blogin.al\/?p=14177","og_locale":"en_US","og_type":"article","og_title":"Offset flet p\u00ebr 5 f\u00ebmij\u00ebt e tij dhe d\u00ebshira p\u00ebr t\u00eb pasur gjithmon\u00eb familjen e bashkuar - blogin.al","og_description":"Offset mund t\u00eb ket\u00eb nj\u00eb axhend\u00eb goxha t\u00eb ngjeshur me koncertet e tij por ai gjithmon\u00eb do t\u00eb gjej\u00eb koh\u00eb kur b\u00ebhet fjal\u00eb p\u00ebr f\u00ebmij\u00ebt e tij. Gjat\u00eb nj\u00eb interviste p\u00ebr \u2018PEOPLE\u2019 reperi i \u201cRic Flair Drip\u201d foli p\u00ebr balancimin e karrier\u00ebs s\u00eb tij nd\u00ebrsa \u00ebsht\u00eb dhe baba i pes\u00eb f\u00ebmij\u00ebve. \u201cT\u00eb jesh nj\u00eb baba [&hellip;]","og_url":"https:\/\/blogin.al\/?p=14177","og_site_name":"blogin.al","article_published_time":"2022-09-11T11:06:41+00:00","article_modified_time":"2022-09-11T11:06:42+00:00","og_image":[{"width":1200,"height":1500,"url":"https:\/\/blogin.al\/wp-content\/uploads\/2022\/09\/cardi-b-offset-2-c7d68c2ba0c241efa43f56fe4e393fcb.jpg","type":"image\/jpeg"}],"author":"Blogin al","twitter_card":"summary_large_image","twitter_misc":{"Written by":"Blogin al","Est. reading time":"3 minutes"},"schema":{"@context":"https:\/\/schema.org","@graph":[{"@type":"Article","@id":"https:\/\/blogin.al\/?p=14177#article","isPartOf":{"@id":"https:\/\/blogin.al\/?p=14177"},"author":{"name":"Blogin al","@id":"https:\/\/blogin.al\/#\/schema\/person\/abdd56bc912cd511db877b852b115399"},"headline":"Offset flet p\u00ebr 5 f\u00ebmij\u00ebt e tij dhe d\u00ebshira p\u00ebr t\u00eb pasur gjithmon\u00eb familjen e bashkuar","datePublished":"2022-09-11T11:06:41+00:00","dateModified":"2022-09-11T11:06:42+00:00","mainEntityOfPage":{"@id":"https:\/\/blogin.al\/?p=14177"},"wordCount":619,"commentCount":0,"publisher":{"@id":"https:\/\/blogin.al\/#organization"},"image":{"@id":"https:\/\/blogin.al\/?p=14177#primaryimage"},"thumbnailUrl":"https:\/\/blogin.al\/wp-content\/uploads\/2022\/09\/cardi-b-offset-2-c7d68c2ba0c241efa43f56fe4e393fcb.jpg","articleSection":["SHOWBIZ"],"inLanguage":"en-US","potentialAction":[{"@type":"CommentAction","name":"Comment","target":["https:\/\/blogin.al\/?p=14177#respond"]}]},{"@type":"WebPage","@id":"https:\/\/blogin.al\/?p=14177","url":"https:\/\/blogin.al\/?p=14177","name":"Offset flet p\u00ebr 5 f\u00ebmij\u00ebt e tij dhe d\u00ebshira p\u00ebr t\u00eb pasur gjithmon\u00eb familjen e bashkuar - blogin.al","isPartOf":{"@id":"https:\/\/blogin.al\/#website"},"primaryImageOfPage":{"@id":"https:\/\/blogin.al\/?p=14177#primaryimage"},"image":{"@id":"https:\/\/blogin.al\/?p=14177#primaryimage"},"thumbnailUrl":"https:\/\/blogin.al\/wp-content\/uploads\/2022\/09\/cardi-b-offset-2-c7d68c2ba0c241efa43f56fe4e393fcb.jpg","datePublished":"2022-09-11T11:06:41+00:00","dateModified":"2022-09-11T11:06:42+00:00","breadcrumb":{"@id":"https:\/\/blogin.al\/?p=14177#breadcrumb"},"inLanguage":"en-US","potentialAction":[{"@type":"ReadAction","target":["https:\/\/blogin.al\/?p=14177"]}]},{"@type":"ImageObject","inLanguage":"en-US","@id":"https:\/\/blogin.al\/?p=14177#primaryimage","url":"https:\/\/blogin.al\/wp-content\/uploads\/2022\/09\/cardi-b-offset-2-c7d68c2ba0c241efa43f56fe4e393fcb.jpg","contentUrl":"https:\/\/blogin.al\/wp-content\/uploads\/2022\/09\/cardi-b-offset-2-c7d68c2ba0c241efa43f56fe4e393fcb.jpg","width":1200,"height":1500},{"@type":"BreadcrumbList","@id":"https:\/\/blogin.al\/?p=14177#breadcrumb","itemListElement":[{"@type":"ListItem","position":1,"name":"Home","item":"https:\/\/blogin.al\/"},{"@type":"ListItem","position":2,"name":"Offset flet p\u00ebr 5 f\u00ebmij\u00ebt e tij dhe d\u00ebshira p\u00ebr t\u00eb pasur gjithmon\u00eb familjen e bashkuar"}]},{"@type":"WebSite","@id":"https:\/\/blogin.al\/#website","url":"https:\/\/blogin.al\/","name":"blogin.al","description":"","publisher":{"@id":"https:\/\/blogin.al\/#organization"},"potentialAction":[{"@type":"SearchAction","target":{"@type":"EntryPoint","urlTemplate":"https:\/\/blogin.al\/?s={search_term_string}"},"query-input":{"@type":"PropertyValueSpecification","valueRequired":true,"valueName":"search_term_string"}}],"inLanguage":"en-US"},{"@type":"Organization","@id":"https:\/\/blogin.al\/#organization","name":"BLOGIN.al","url":"https:\/\/blogin.al\/","logo":{"@type":"ImageObject","inLanguage":"en-US","@id":"https:\/\/blogin.al\/#\/schema\/logo\/image\/","url":"https:\/\/blogin.al\/wp-content\/uploads\/2022\/05\/Untitled-2-01-e1652084456514.png","contentUrl":"https:\/\/blogin.al\/wp-content\/uploads\/2022\/05\/Untitled-2-01-e1652084456514.png","width":3723,"height":1698,"caption":"BLOGIN.al"},"image":{"@id":"https:\/\/blogin.al\/#\/schema\/logo\/image\/"},"sameAs":["https:\/\/instagram.com\/blogin.al\/"]},{"@type":"Person","@id":"https:\/\/blogin.al\/#\/schema\/person\/abdd56bc912cd511db877b852b115399","name":"Blogin al","image":{"@type":"ImageObject","inLanguage":"en-US","@id":"https:\/\/secure.gravatar.com\/avatar\/60d5661aee6e835fb13dc75d2204cd0c1d61bef2efd137c0083e59ef831e235e?s=96&d=mm&r=g","url":"https:\/\/secure.gravatar.com\/avatar\/60d5661aee6e835fb13dc75d2204cd0c1d61bef2efd137c0083e59ef831e235e?s=96&d=mm&r=g","contentUrl":"https:\/\/secure.gravatar.com\/avatar\/60d5661aee6e835fb13dc75d2204cd0c1d61bef2efd137c0083e59ef831e235e?s=96&d=mm&r=g","caption":"Blogin al"},"sameAs":["https:\/\/blogin.al"],"url":"https:\/\/blogin.al\/?author=2"}]}},"_links":{"self":[{"href":"https:\/\/blogin.al\/index.php?rest_route=\/wp\/v2\/posts\/14177","targetHints":{"allow":["GET"]}}],"collection":[{"href":"https:\/\/blogin.al\/index.php?rest_route=\/wp\/v2\/posts"}],"about":[{"href":"https:\/\/blogin.al\/index.php?rest_route=\/wp\/v2\/types\/post"}],"author":[{"embeddable":true,"href":"https:\/\/blogin.al\/index.php?rest_route=\/wp\/v2\/users\/2"}],"replies":[{"embeddable":true,"href":"https:\/\/blogin.al\/index.php?rest_route=%2Fwp%2Fv2%2Fcomments&post=14177"}],"version-history":[{"count":1,"href":"https:\/\/blogin.al\/index.php?rest_route=\/wp\/v2\/posts\/14177\/revisions"}],"predecessor-version":[{"id":14181,"href":"https:\/\/blogin.al\/index.php?rest_route=\/wp\/v2\/posts\/14177\/revisions\/14181"}],"wp:featuredmedia":[{"embeddable":true,"href":"https:\/\/blogin.al\/index.php?rest_route=\/wp\/v2\/media\/14178"}],"wp:attachment":[{"href":"https:\/\/blogin.al\/index.php?rest_route=%2Fwp%2Fv2%2Fmedia&parent=14177"}],"wp:term":[{"taxonomy":"category","embeddable":true,"href":"https:\/\/blogin.al\/index.php?rest_route=%2Fwp%2Fv2%2Fcategories&post=14177"},{"taxonomy":"post_tag","embeddable":true,"href":"https:\/\/blogin.al\/index.php?rest_route=%2Fwp%2Fv2%2Ftags&post=14177"}],"curies":[{"name":"wp","href":"https:\/\/api.w.org\/{rel}","templated":true}]}}