{"id":14192,"date":"2022-09-11T12:52:39","date_gmt":"2022-09-11T12:52:39","guid":{"rendered":"https:\/\/blogin.al\/?p=14192"},"modified":"2022-09-11T12:52:40","modified_gmt":"2022-09-11T12:52:40","slug":"zbulohen-detaje-nga-dasma-e-armina-mevlanit-dhe-shkelzen-berishes","status":"publish","type":"post","link":"https:\/\/blogin.al\/?p=14192","title":{"rendered":"Zbulohen detaje nga dasma e Armina Mevlanit dhe Shk\u00eblzen Berish\u00ebs"},"content":{"rendered":"\n<p><strong><em>\u201cDasma \u00ebsht\u00eb n\u00eb fund t\u00eb shtatorit\u201d!<\/em>\u00a0\u00ebsht\u00eb kjo fjalia q\u00eb elektrizoi fansat e shumt\u00eb t\u00eb Armina Mevlanit. Blogerja e mir\u00ebnjohur dhe Shk\u00eblzen Berisha do t\u00eb celebrojn\u00eb dashurin\u00eb e tyre gati 10- vje\u00e7are n\u00eb nj\u00eb ceremoni n\u00eb fund t\u00eb muajit.<\/strong><\/p>\n\n\n\n<p>Lajmin e ka konfirmuar blogerja n\u00eb \u201cGoca dhe Gra\u201d, teksa tregoi edhe detaje t\u00eb tjera nga dasma e shum\u00eb pritur. Armina tha se dita e kuror\u00ebzimit do t\u00eb jet\u00eb n\u00eb fund t\u00eb shtatorit, por pa zbuluar ende dat\u00ebn.<\/p>\n\n\n\n<p><strong>\u201cUn\u00eb i kam shp\u00ebrndar\u00eb ftesat, kam filluar. Duhet t\u00eb martoheshim n\u00eb 2020, por kishim pandemin\u00eb. \u00cbsht\u00eb n\u00eb fund t\u00eb shtatorit, por dat\u00ebn do ta zbulojm\u00eb pak m\u00eb von\u00eb. Ta l\u00ebm\u00eb pak si telenovel\u00eb\u201d,<\/strong>\u00a0tregoi Armina. Ajo tha se fustanet i ka gati, pasi dasma e \u00e7iftit ishte planifikuar q\u00eb n\u00eb vitin 2020, por u shty p\u00ebr shkak t\u00eb pandemis\u00eb.<\/p>\n\n\n\n<p>Armina tregoi se Vivienne Westwood ka qepur nj\u00eb fustan enkas p\u00ebr t\u00eb.\u00a0<strong><em>\u201cFustanet e shkreta kan\u00eb qen\u00eb q\u00eb 2020. Nj\u00ebri prej tyre \u00ebsht\u00eb b\u00ebr\u00eb nga nj\u00eb stiliste e imja e preferuar dhe \u00ebsht\u00eb enkas p\u00ebr mua, nga Vivienne Westwood. Tjetri \u00ebsht\u00eb b\u00ebr\u00eb nga nj\u00eb stilist shqiptar\u201d,<\/em><\/strong>\u00a0tha Mevlani.<\/p>\n\n\n\n<figure class=\"wp-block-image size-full is-style-default\"><img fetchpriority=\"high\" decoding=\"async\" width=\"602\" height=\"330\" src=\"https:\/\/blogin.al\/wp-content\/uploads\/2022\/09\/armina-shkelzeni.webp\" alt=\"\" class=\"wp-image-14194\" srcset=\"https:\/\/blogin.al\/wp-content\/uploads\/2022\/09\/armina-shkelzeni.webp 602w, https:\/\/blogin.al\/wp-content\/uploads\/2022\/09\/armina-shkelzeni-300x164.webp 300w, https:\/\/blogin.al\/wp-content\/uploads\/2022\/09\/armina-shkelzeni-150x82.webp 150w\" sizes=\"(max-width: 602px) 100vw, 602px\" \/><\/figure>\n\n\n\n<p>Miqt\u00eb e af\u00ebrt t\u00eb \u00e7iftit kan\u00eb pranuar se kan\u00eb marr\u00eb tashm\u00eb ftes\u00ebn p\u00ebr dasm\u00ebn e dyshes. Ceremonia do t\u00eb zhvillohet n\u00eb periferi t\u00eb Tiran\u00ebs dhe gjith\u00e7ka \u00ebsht\u00eb organizuar n\u00eb trajt\u00ebn e nj\u00eb koktejli. Shk\u00eblzeni dhe Armina kan\u00eb zgjedhur nj\u00eb dasm\u00eb tradicionale n\u00eb \u00e7do detaj t\u00eb tyre. Menyja e p\u00ebrzgjedhur prej tyre \u00ebsht\u00eb tradicionale shqiptare, madje edhe pijet do t\u00eb jen\u00eb prodhim i vendit ton\u00eb. \u00cbsht\u00eb kjo m\u00ebnyra q\u00eb \u00e7ifti ka zgjedhur p\u00ebr t\u00eb promovuar edhe kulinarin\u00eb e vendit ton\u00eb n\u00eb dit\u00ebn e tyre m\u00eb t\u00eb r\u00ebnd\u00ebsishme.<\/p>\n\n\n\n<p>Nga ajo \u00e7far\u00eb kemi mundur t\u00eb m\u00ebsojm\u00eb, Armina dhe Shk\u00eblzeni do t\u00eb lidhin martes\u00eb n\u00eb rreth 200 t\u00eb ftuar. Natyrisht q\u00eb shum\u00eb t\u00eb ftuar VIP do t\u00eb jen\u00eb n\u00eb dasm\u00ebn e tyre. Ve\u00e7 personazheve nga bota e artit, kultur\u00ebs, n\u00eb dasm\u00ebn e dyshes nuk do t\u00eb mungojn\u00eb as figura t\u00eb politik\u00ebs. Moderatorja e njohur ka zgjedhur 3 fustane p\u00ebr dasm\u00ebn e saj. Teksa nj\u00ebri \u00ebsht\u00eb nj\u00eb krijim i Vivienne Westwood enkas p\u00ebr t\u00eb. Nj\u00eb krijim i personalizuar me stilin e blogur\u00ebs, q\u00eb me aq sa dim\u00eb, do t\u00eb ket\u00eb disa detaje nga veshja e famshme q\u00eb Armina Mevlani kishte n\u00eb Festivalin e Kan\u00ebs disa vite m\u00eb par\u00eb.<\/p>\n\n\n\n<p>Nd\u00ebrkoh\u00eb p\u00ebr 2 fustanet e tjer\u00eb, Armina ia ka besuar krijimit t\u00eb stilistit shqiptar, duke vijuar k\u00ebshtu linj\u00ebn e \u2018Made in Albania\u2019 n\u00eb ceremonin\u00eb e saj. Ceremonia mes miqve dhe t\u00eb af\u00ebrmve do t\u00eb mbahet n\u00eb ambientet e jashtme t\u00eb resortit, ku \u00e7ifti ka p\u00ebrzgjedhur edhe muzik\u00eb shqiptare p\u00ebr t\u00eb festuar, duke preferuar q\u00eb n\u00eb dit\u00ebn e tyre m\u00eb t\u00eb lumtur \u00e7ifti t\u00eb personifikohet edhe me shijen edhe tradit\u00ebn shqiptare.<\/p>\n","protected":false},"excerpt":{"rendered":"<p>\u201cDasma \u00ebsht\u00eb n\u00eb fund t\u00eb shtatorit\u201d!\u00a0\u00ebsht\u00eb kjo fjalia q\u00eb elektrizoi fansat e shumt\u00eb t\u00eb Armina Mevlanit. Blogerja e mir\u00ebnjohur dhe Shk\u00eblzen Berisha do t\u00eb celebrojn\u00eb dashurin\u00eb e tyre gati 10- vje\u00e7are n\u00eb nj\u00eb ceremoni n\u00eb fund t\u00eb muajit. Lajmin e ka konfirmuar blogerja n\u00eb \u201cGoca dhe Gra\u201d, teksa tregoi edhe detaje t\u00eb tjera nga dasma [&hellip;]<\/p>\n","protected":false},"author":2,"featured_media":14193,"comment_status":"open","ping_status":"open","sticky":false,"template":"","format":"standard","meta":{"footnotes":""},"categories":[33],"tags":[],"class_list":{"0":"post-14192","1":"post","2":"type-post","3":"status-publish","4":"format-standard","5":"has-post-thumbnail","7":"category-showbiz"},"yoast_head":"<!-- This site is optimized with the Yoast SEO plugin v27.5 - https:\/\/yoast.com\/product\/yoast-seo-wordpress\/ -->\n<title>Zbulohen detaje nga dasma e Armina Mevlanit dhe Shk\u00eblzen Berish\u00ebs - blogin.al<\/title>\n<meta name=\"robots\" content=\"index, follow, max-snippet:-1, max-image-preview:large, max-video-preview:-1\" \/>\n<link rel=\"canonical\" href=\"https:\/\/blogin.al\/?p=14192\" \/>\n<meta property=\"og:locale\" content=\"en_US\" \/>\n<meta property=\"og:type\" content=\"article\" \/>\n<meta property=\"og:title\" content=\"Zbulohen detaje nga dasma e Armina Mevlanit dhe Shk\u00eblzen Berish\u00ebs - blogin.al\" \/>\n<meta property=\"og:description\" content=\"\u201cDasma \u00ebsht\u00eb n\u00eb fund t\u00eb shtatorit\u201d!\u00a0\u00ebsht\u00eb kjo fjalia q\u00eb elektrizoi fansat e shumt\u00eb t\u00eb Armina Mevlanit. Blogerja e mir\u00ebnjohur dhe Shk\u00eblzen Berisha do t\u00eb celebrojn\u00eb dashurin\u00eb e tyre gati 10- vje\u00e7are n\u00eb nj\u00eb ceremoni n\u00eb fund t\u00eb muajit. Lajmin e ka konfirmuar blogerja n\u00eb \u201cGoca dhe Gra\u201d, teksa tregoi edhe detaje t\u00eb tjera nga dasma [&hellip;]\" \/>\n<meta property=\"og:url\" content=\"https:\/\/blogin.al\/?p=14192\" \/>\n<meta property=\"og:site_name\" content=\"blogin.al\" \/>\n<meta property=\"article:published_time\" content=\"2022-09-11T12:52:39+00:00\" \/>\n<meta property=\"article:modified_time\" content=\"2022-09-11T12:52:40+00:00\" \/>\n<meta property=\"og:image\" content=\"https:\/\/blogin.al\/wp-content\/uploads\/2022\/09\/armina-shkelze.png\" \/>\n\t<meta property=\"og:image:width\" content=\"785\" \/>\n\t<meta property=\"og:image:height\" content=\"498\" \/>\n\t<meta property=\"og:image:type\" content=\"image\/png\" \/>\n<meta name=\"author\" content=\"Blogin al\" \/>\n<meta name=\"twitter:card\" content=\"summary_large_image\" \/>\n<meta name=\"twitter:label1\" content=\"Written by\" \/>\n\t<meta name=\"twitter:data1\" content=\"Blogin al\" \/>\n\t<meta name=\"twitter:label2\" content=\"Est. reading time\" \/>\n\t<meta name=\"twitter:data2\" content=\"3 minutes\" \/>\n<script type=\"application\/ld+json\" class=\"yoast-schema-graph\">{\"@context\":\"https:\\\/\\\/schema.org\",\"@graph\":[{\"@type\":\"Article\",\"@id\":\"https:\\\/\\\/blogin.al\\\/?p=14192#article\",\"isPartOf\":{\"@id\":\"https:\\\/\\\/blogin.al\\\/?p=14192\"},\"author\":{\"name\":\"Blogin al\",\"@id\":\"https:\\\/\\\/blogin.al\\\/#\\\/schema\\\/person\\\/abdd56bc912cd511db877b852b115399\"},\"headline\":\"Zbulohen detaje nga dasma e Armina Mevlanit dhe Shk\u00eblzen Berish\u00ebs\",\"datePublished\":\"2022-09-11T12:52:39+00:00\",\"dateModified\":\"2022-09-11T12:52:40+00:00\",\"mainEntityOfPage\":{\"@id\":\"https:\\\/\\\/blogin.al\\\/?p=14192\"},\"wordCount\":502,\"commentCount\":0,\"publisher\":{\"@id\":\"https:\\\/\\\/blogin.al\\\/#organization\"},\"image\":{\"@id\":\"https:\\\/\\\/blogin.al\\\/?p=14192#primaryimage\"},\"thumbnailUrl\":\"https:\\\/\\\/blogin.al\\\/wp-content\\\/uploads\\\/2022\\\/09\\\/armina-shkelze.png\",\"articleSection\":[\"SHOWBIZ\"],\"inLanguage\":\"en-US\",\"potentialAction\":[{\"@type\":\"CommentAction\",\"name\":\"Comment\",\"target\":[\"https:\\\/\\\/blogin.al\\\/?p=14192#respond\"]}]},{\"@type\":\"WebPage\",\"@id\":\"https:\\\/\\\/blogin.al\\\/?p=14192\",\"url\":\"https:\\\/\\\/blogin.al\\\/?p=14192\",\"name\":\"Zbulohen detaje nga dasma e Armina Mevlanit dhe Shk\u00eblzen Berish\u00ebs - blogin.al\",\"isPartOf\":{\"@id\":\"https:\\\/\\\/blogin.al\\\/#website\"},\"primaryImageOfPage\":{\"@id\":\"https:\\\/\\\/blogin.al\\\/?p=14192#primaryimage\"},\"image\":{\"@id\":\"https:\\\/\\\/blogin.al\\\/?p=14192#primaryimage\"},\"thumbnailUrl\":\"https:\\\/\\\/blogin.al\\\/wp-content\\\/uploads\\\/2022\\\/09\\\/armina-shkelze.png\",\"datePublished\":\"2022-09-11T12:52:39+00:00\",\"dateModified\":\"2022-09-11T12:52:40+00:00\",\"breadcrumb\":{\"@id\":\"https:\\\/\\\/blogin.al\\\/?p=14192#breadcrumb\"},\"inLanguage\":\"en-US\",\"potentialAction\":[{\"@type\":\"ReadAction\",\"target\":[\"https:\\\/\\\/blogin.al\\\/?p=14192\"]}]},{\"@type\":\"ImageObject\",\"inLanguage\":\"en-US\",\"@id\":\"https:\\\/\\\/blogin.al\\\/?p=14192#primaryimage\",\"url\":\"https:\\\/\\\/blogin.al\\\/wp-content\\\/uploads\\\/2022\\\/09\\\/armina-shkelze.png\",\"contentUrl\":\"https:\\\/\\\/blogin.al\\\/wp-content\\\/uploads\\\/2022\\\/09\\\/armina-shkelze.png\",\"width\":785,\"height\":498},{\"@type\":\"BreadcrumbList\",\"@id\":\"https:\\\/\\\/blogin.al\\\/?p=14192#breadcrumb\",\"itemListElement\":[{\"@type\":\"ListItem\",\"position\":1,\"name\":\"Home\",\"item\":\"https:\\\/\\\/blogin.al\\\/\"},{\"@type\":\"ListItem\",\"position\":2,\"name\":\"Zbulohen detaje nga dasma e Armina Mevlanit dhe Shk\u00eblzen Berish\u00ebs\"}]},{\"@type\":\"WebSite\",\"@id\":\"https:\\\/\\\/blogin.al\\\/#website\",\"url\":\"https:\\\/\\\/blogin.al\\\/\",\"name\":\"blogin.al\",\"description\":\"\",\"publisher\":{\"@id\":\"https:\\\/\\\/blogin.al\\\/#organization\"},\"potentialAction\":[{\"@type\":\"SearchAction\",\"target\":{\"@type\":\"EntryPoint\",\"urlTemplate\":\"https:\\\/\\\/blogin.al\\\/?s={search_term_string}\"},\"query-input\":{\"@type\":\"PropertyValueSpecification\",\"valueRequired\":true,\"valueName\":\"search_term_string\"}}],\"inLanguage\":\"en-US\"},{\"@type\":\"Organization\",\"@id\":\"https:\\\/\\\/blogin.al\\\/#organization\",\"name\":\"BLOGIN.al\",\"url\":\"https:\\\/\\\/blogin.al\\\/\",\"logo\":{\"@type\":\"ImageObject\",\"inLanguage\":\"en-US\",\"@id\":\"https:\\\/\\\/blogin.al\\\/#\\\/schema\\\/logo\\\/image\\\/\",\"url\":\"https:\\\/\\\/blogin.al\\\/wp-content\\\/uploads\\\/2022\\\/05\\\/Untitled-2-01-e1652084456514.png\",\"contentUrl\":\"https:\\\/\\\/blogin.al\\\/wp-content\\\/uploads\\\/2022\\\/05\\\/Untitled-2-01-e1652084456514.png\",\"width\":3723,\"height\":1698,\"caption\":\"BLOGIN.al\"},\"image\":{\"@id\":\"https:\\\/\\\/blogin.al\\\/#\\\/schema\\\/logo\\\/image\\\/\"},\"sameAs\":[\"https:\\\/\\\/instagram.com\\\/blogin.al\\\/\"]},{\"@type\":\"Person\",\"@id\":\"https:\\\/\\\/blogin.al\\\/#\\\/schema\\\/person\\\/abdd56bc912cd511db877b852b115399\",\"name\":\"Blogin al\",\"image\":{\"@type\":\"ImageObject\",\"inLanguage\":\"en-US\",\"@id\":\"https:\\\/\\\/secure.gravatar.com\\\/avatar\\\/60d5661aee6e835fb13dc75d2204cd0c1d61bef2efd137c0083e59ef831e235e?s=96&d=mm&r=g\",\"url\":\"https:\\\/\\\/secure.gravatar.com\\\/avatar\\\/60d5661aee6e835fb13dc75d2204cd0c1d61bef2efd137c0083e59ef831e235e?s=96&d=mm&r=g\",\"contentUrl\":\"https:\\\/\\\/secure.gravatar.com\\\/avatar\\\/60d5661aee6e835fb13dc75d2204cd0c1d61bef2efd137c0083e59ef831e235e?s=96&d=mm&r=g\",\"caption\":\"Blogin al\"},\"sameAs\":[\"https:\\\/\\\/blogin.al\"],\"url\":\"https:\\\/\\\/blogin.al\\\/?author=2\"}]}<\/script>\n<!-- \/ Yoast SEO plugin. -->","yoast_head_json":{"title":"Zbulohen detaje nga dasma e Armina Mevlanit dhe Shk\u00eblzen Berish\u00ebs - blogin.al","robots":{"index":"index","follow":"follow","max-snippet":"max-snippet:-1","max-image-preview":"max-image-preview:large","max-video-preview":"max-video-preview:-1"},"canonical":"https:\/\/blogin.al\/?p=14192","og_locale":"en_US","og_type":"article","og_title":"Zbulohen detaje nga dasma e Armina Mevlanit dhe Shk\u00eblzen Berish\u00ebs - blogin.al","og_description":"\u201cDasma \u00ebsht\u00eb n\u00eb fund t\u00eb shtatorit\u201d!\u00a0\u00ebsht\u00eb kjo fjalia q\u00eb elektrizoi fansat e shumt\u00eb t\u00eb Armina Mevlanit. Blogerja e mir\u00ebnjohur dhe Shk\u00eblzen Berisha do t\u00eb celebrojn\u00eb dashurin\u00eb e tyre gati 10- vje\u00e7are n\u00eb nj\u00eb ceremoni n\u00eb fund t\u00eb muajit. Lajmin e ka konfirmuar blogerja n\u00eb \u201cGoca dhe Gra\u201d, teksa tregoi edhe detaje t\u00eb tjera nga dasma [&hellip;]","og_url":"https:\/\/blogin.al\/?p=14192","og_site_name":"blogin.al","article_published_time":"2022-09-11T12:52:39+00:00","article_modified_time":"2022-09-11T12:52:40+00:00","og_image":[{"width":785,"height":498,"url":"https:\/\/blogin.al\/wp-content\/uploads\/2022\/09\/armina-shkelze.png","type":"image\/png"}],"author":"Blogin al","twitter_card":"summary_large_image","twitter_misc":{"Written by":"Blogin al","Est. reading time":"3 minutes"},"schema":{"@context":"https:\/\/schema.org","@graph":[{"@type":"Article","@id":"https:\/\/blogin.al\/?p=14192#article","isPartOf":{"@id":"https:\/\/blogin.al\/?p=14192"},"author":{"name":"Blogin al","@id":"https:\/\/blogin.al\/#\/schema\/person\/abdd56bc912cd511db877b852b115399"},"headline":"Zbulohen detaje nga dasma e Armina Mevlanit dhe Shk\u00eblzen Berish\u00ebs","datePublished":"2022-09-11T12:52:39+00:00","dateModified":"2022-09-11T12:52:40+00:00","mainEntityOfPage":{"@id":"https:\/\/blogin.al\/?p=14192"},"wordCount":502,"commentCount":0,"publisher":{"@id":"https:\/\/blogin.al\/#organization"},"image":{"@id":"https:\/\/blogin.al\/?p=14192#primaryimage"},"thumbnailUrl":"https:\/\/blogin.al\/wp-content\/uploads\/2022\/09\/armina-shkelze.png","articleSection":["SHOWBIZ"],"inLanguage":"en-US","potentialAction":[{"@type":"CommentAction","name":"Comment","target":["https:\/\/blogin.al\/?p=14192#respond"]}]},{"@type":"WebPage","@id":"https:\/\/blogin.al\/?p=14192","url":"https:\/\/blogin.al\/?p=14192","name":"Zbulohen detaje nga dasma e Armina Mevlanit dhe Shk\u00eblzen Berish\u00ebs - blogin.al","isPartOf":{"@id":"https:\/\/blogin.al\/#website"},"primaryImageOfPage":{"@id":"https:\/\/blogin.al\/?p=14192#primaryimage"},"image":{"@id":"https:\/\/blogin.al\/?p=14192#primaryimage"},"thumbnailUrl":"https:\/\/blogin.al\/wp-content\/uploads\/2022\/09\/armina-shkelze.png","datePublished":"2022-09-11T12:52:39+00:00","dateModified":"2022-09-11T12:52:40+00:00","breadcrumb":{"@id":"https:\/\/blogin.al\/?p=14192#breadcrumb"},"inLanguage":"en-US","potentialAction":[{"@type":"ReadAction","target":["https:\/\/blogin.al\/?p=14192"]}]},{"@type":"ImageObject","inLanguage":"en-US","@id":"https:\/\/blogin.al\/?p=14192#primaryimage","url":"https:\/\/blogin.al\/wp-content\/uploads\/2022\/09\/armina-shkelze.png","contentUrl":"https:\/\/blogin.al\/wp-content\/uploads\/2022\/09\/armina-shkelze.png","width":785,"height":498},{"@type":"BreadcrumbList","@id":"https:\/\/blogin.al\/?p=14192#breadcrumb","itemListElement":[{"@type":"ListItem","position":1,"name":"Home","item":"https:\/\/blogin.al\/"},{"@type":"ListItem","position":2,"name":"Zbulohen detaje nga dasma e Armina Mevlanit dhe Shk\u00eblzen Berish\u00ebs"}]},{"@type":"WebSite","@id":"https:\/\/blogin.al\/#website","url":"https:\/\/blogin.al\/","name":"blogin.al","description":"","publisher":{"@id":"https:\/\/blogin.al\/#organization"},"potentialAction":[{"@type":"SearchAction","target":{"@type":"EntryPoint","urlTemplate":"https:\/\/blogin.al\/?s={search_term_string}"},"query-input":{"@type":"PropertyValueSpecification","valueRequired":true,"valueName":"search_term_string"}}],"inLanguage":"en-US"},{"@type":"Organization","@id":"https:\/\/blogin.al\/#organization","name":"BLOGIN.al","url":"https:\/\/blogin.al\/","logo":{"@type":"ImageObject","inLanguage":"en-US","@id":"https:\/\/blogin.al\/#\/schema\/logo\/image\/","url":"https:\/\/blogin.al\/wp-content\/uploads\/2022\/05\/Untitled-2-01-e1652084456514.png","contentUrl":"https:\/\/blogin.al\/wp-content\/uploads\/2022\/05\/Untitled-2-01-e1652084456514.png","width":3723,"height":1698,"caption":"BLOGIN.al"},"image":{"@id":"https:\/\/blogin.al\/#\/schema\/logo\/image\/"},"sameAs":["https:\/\/instagram.com\/blogin.al\/"]},{"@type":"Person","@id":"https:\/\/blogin.al\/#\/schema\/person\/abdd56bc912cd511db877b852b115399","name":"Blogin al","image":{"@type":"ImageObject","inLanguage":"en-US","@id":"https:\/\/secure.gravatar.com\/avatar\/60d5661aee6e835fb13dc75d2204cd0c1d61bef2efd137c0083e59ef831e235e?s=96&d=mm&r=g","url":"https:\/\/secure.gravatar.com\/avatar\/60d5661aee6e835fb13dc75d2204cd0c1d61bef2efd137c0083e59ef831e235e?s=96&d=mm&r=g","contentUrl":"https:\/\/secure.gravatar.com\/avatar\/60d5661aee6e835fb13dc75d2204cd0c1d61bef2efd137c0083e59ef831e235e?s=96&d=mm&r=g","caption":"Blogin al"},"sameAs":["https:\/\/blogin.al"],"url":"https:\/\/blogin.al\/?author=2"}]}},"_links":{"self":[{"href":"https:\/\/blogin.al\/index.php?rest_route=\/wp\/v2\/posts\/14192","targetHints":{"allow":["GET"]}}],"collection":[{"href":"https:\/\/blogin.al\/index.php?rest_route=\/wp\/v2\/posts"}],"about":[{"href":"https:\/\/blogin.al\/index.php?rest_route=\/wp\/v2\/types\/post"}],"author":[{"embeddable":true,"href":"https:\/\/blogin.al\/index.php?rest_route=\/wp\/v2\/users\/2"}],"replies":[{"embeddable":true,"href":"https:\/\/blogin.al\/index.php?rest_route=%2Fwp%2Fv2%2Fcomments&post=14192"}],"version-history":[{"count":1,"href":"https:\/\/blogin.al\/index.php?rest_route=\/wp\/v2\/posts\/14192\/revisions"}],"predecessor-version":[{"id":14195,"href":"https:\/\/blogin.al\/index.php?rest_route=\/wp\/v2\/posts\/14192\/revisions\/14195"}],"wp:featuredmedia":[{"embeddable":true,"href":"https:\/\/blogin.al\/index.php?rest_route=\/wp\/v2\/media\/14193"}],"wp:attachment":[{"href":"https:\/\/blogin.al\/index.php?rest_route=%2Fwp%2Fv2%2Fmedia&parent=14192"}],"wp:term":[{"taxonomy":"category","embeddable":true,"href":"https:\/\/blogin.al\/index.php?rest_route=%2Fwp%2Fv2%2Fcategories&post=14192"},{"taxonomy":"post_tag","embeddable":true,"href":"https:\/\/blogin.al\/index.php?rest_route=%2Fwp%2Fv2%2Ftags&post=14192"}],"curies":[{"name":"wp","href":"https:\/\/api.w.org\/{rel}","templated":true}]}}