{"id":14269,"date":"2022-09-13T09:28:51","date_gmt":"2022-09-13T09:28:51","guid":{"rendered":"https:\/\/blogin.al\/?p=14269"},"modified":"2022-09-13T09:28:51","modified_gmt":"2022-09-13T09:28:51","slug":"olsa-muhameti-ben-gjestin-e-papritur-ndaj-bora-zemanit-pergjigjja-e-moderatores-nuk-duhet-humbur","status":"publish","type":"post","link":"https:\/\/blogin.al\/?p=14269","title":{"rendered":"Olsa Muhameti b\u00ebn gjestin e papritur ndaj Bora Zemanit. P\u00ebrgjigjja e moderatores nuk duhet humbur"},"content":{"rendered":"\n<p>Sezoni i ri i P\u00ebr\u2019puthen dhe risit\u00eb e prezantuara n\u00eb program kan\u00eb rr\u00ebmbyer menj\u00ebher\u00eb v\u00ebmendjen e publikut.<\/p>\n\n\n\n<p>Nj\u00eb nga detajet q\u00eb u vu re m\u00eb s\u00eb shumti ishte mungesa e Bora Zemanit, e cila kishte njoftuar m\u00eb her\u00ebt se do largohej nga emisioni p\u00ebr t\u00eb prezantuar \u2018Dancing with the Stars\u2019.<\/p>\n\n\n\n<p>Edhe pse \u00ebsht\u00eb p\u00ebrfolur se ka hat\u00ebrmbetje mes tyre, Olsa e ka b\u00ebr\u00eb shum\u00eb t\u00eb qart\u00eb se dyshja nuk kan\u00eb pasur konflikte dhe ky ka qen\u00eb thjesht&nbsp; nj\u00eb vendim profesional.<\/p>\n\n\n\n<p>S\u00eb fundmi me an\u00eb t\u00eb nj\u00eb postimi n\u00eb Instastory, Olsa nuk u kursye teksa i dedikoi disa fjal\u00eb zemre Bor\u00ebs:<\/p>\n\n\n\n<p>\u201cNuk di nga t\u2019ia nis dhe ku t\u00eb mbaroj\u00eb. Ti e di sa t\u00eb vlersoj\u00eb n\u00eb \u00e7do aspect profesional, njer\u00ebzor, si k\u00ebshilluese dhe si super mike q\u00eb je.<\/p>\n\n\n\n<p>Kam qen\u00eb me fat q\u00eb t\u00eb kam njohur e po me aq fat q\u00eb kam punuar me ty.\u201d- shkruan autorja e P\u00ebr\u2019puthen.<\/p>\n\n\n\n<figure class=\"wp-block-image size-full is-style-default\"><img fetchpriority=\"high\" decoding=\"async\" width=\"471\" height=\"839\" src=\"https:\/\/blogin.al\/wp-content\/uploads\/2022\/09\/olsa-1.jpg\" alt=\"\" class=\"wp-image-14270\" srcset=\"https:\/\/blogin.al\/wp-content\/uploads\/2022\/09\/olsa-1.jpg 471w, https:\/\/blogin.al\/wp-content\/uploads\/2022\/09\/olsa-1-168x300.jpg 168w, https:\/\/blogin.al\/wp-content\/uploads\/2022\/09\/olsa-1-150x267.jpg 150w, https:\/\/blogin.al\/wp-content\/uploads\/2022\/09\/olsa-1-300x534.jpg 300w\" sizes=\"(max-width: 471px) 100vw, 471px\" \/><\/figure>\n\n\n\n<p>Dhe jo vet\u00ebm kaq, ajo nuk hezitoi t\u2019a uronte publikisht Zemanin p\u00ebr projektin e ri q\u00eb do t\u00eb moderoj\u00eb.<\/p>\n\n\n\n<p><strong>\u201cDhe mezi pres t\u00eb t\u00eb shoh t\u00eb shk\u00eblqesh n\u00eb \u201cDancing with the Stars. Ta dish se t\u00eb dua shum\u00eb\u201d-<\/strong>p\u00ebrfundon Olsa.<\/p>\n\n\n\n<figure class=\"wp-block-image size-full is-style-default\"><img decoding=\"async\" width=\"502\" height=\"889\" src=\"https:\/\/blogin.al\/wp-content\/uploads\/2022\/09\/olsa1-1.jpg\" alt=\"\" class=\"wp-image-14271\" srcset=\"https:\/\/blogin.al\/wp-content\/uploads\/2022\/09\/olsa1-1.jpg 502w, https:\/\/blogin.al\/wp-content\/uploads\/2022\/09\/olsa1-1-169x300.jpg 169w, https:\/\/blogin.al\/wp-content\/uploads\/2022\/09\/olsa1-1-150x266.jpg 150w, https:\/\/blogin.al\/wp-content\/uploads\/2022\/09\/olsa1-1-300x531.jpg 300w\" sizes=\"(max-width: 502px) 100vw, 502px\" \/><\/figure>\n\n\n\n<p>Sakaq nuk ka munguar edhe reagimi publik i Bora Zemanit e cila e konsideron k\u00ebt\u00eb si nj\u00eb ndarje t\u00eb bukur.<\/p>\n\n\n\n<p><strong>\u201cJa q\u00eb ka edhe \u201cndarje\u201d t\u00eb bukura!\u201d Mbyll\u00ebm dy sezone t\u00eb forta por q\u00eb do kujtohen me nostalgji e do na marr\u00eb malli gjithmon\u00eb! Faleminderit p\u00ebr mb\u00ebshtetjen q\u00eb nuk ma ke kursyer asnj\u00ebher\u00eb! Kam besim q\u00eb do b\u00ebsh gj\u00ebra edhe m\u00eb t\u00eb bukura me energjin\u00eb dhe p\u00ebrkushtimin t\u00ebnd! Tani, ta lem\u00eb ndarjen profesionale dhe kthehemi tek lidhja shoq\u00ebrore. Nes\u00ebr e lam\u00eb at\u00eb kafen?\u201d\u2013<\/strong>\u00a0shkruan Bora.<\/p>\n\n\n\n<figure class=\"wp-block-image size-full is-style-default\"><img decoding=\"async\" width=\"500\" height=\"892\" src=\"https:\/\/blogin.al\/wp-content\/uploads\/2022\/09\/bora-.jpg\" alt=\"\" class=\"wp-image-14272\" srcset=\"https:\/\/blogin.al\/wp-content\/uploads\/2022\/09\/bora-.jpg 500w, https:\/\/blogin.al\/wp-content\/uploads\/2022\/09\/bora--168x300.jpg 168w, https:\/\/blogin.al\/wp-content\/uploads\/2022\/09\/bora--150x268.jpg 150w, https:\/\/blogin.al\/wp-content\/uploads\/2022\/09\/bora--300x535.jpg 300w\" sizes=\"(max-width: 500px) 100vw, 500px\" \/><\/figure>\n","protected":false},"excerpt":{"rendered":"<p>Sezoni i ri i P\u00ebr\u2019puthen dhe risit\u00eb e prezantuara n\u00eb program kan\u00eb rr\u00ebmbyer menj\u00ebher\u00eb v\u00ebmendjen e publikut. Nj\u00eb nga detajet q\u00eb u vu re m\u00eb s\u00eb shumti ishte mungesa e Bora Zemanit, e cila kishte njoftuar m\u00eb her\u00ebt se do largohej nga emisioni p\u00ebr t\u00eb prezantuar \u2018Dancing with the Stars\u2019. Edhe pse \u00ebsht\u00eb p\u00ebrfolur se [&hellip;]<\/p>\n","protected":false},"author":2,"featured_media":7940,"comment_status":"open","ping_status":"open","sticky":false,"template":"","format":"standard","meta":{"footnotes":""},"categories":[33],"tags":[],"class_list":{"0":"post-14269","1":"post","2":"type-post","3":"status-publish","4":"format-standard","5":"has-post-thumbnail","7":"category-showbiz"},"yoast_head":"<!-- This site is optimized with the Yoast SEO plugin v27.5 - https:\/\/yoast.com\/product\/yoast-seo-wordpress\/ -->\n<title>Olsa Muhameti b\u00ebn gjestin e papritur ndaj Bora Zemanit. P\u00ebrgjigjja e moderatores nuk duhet humbur - blogin.al<\/title>\n<meta name=\"robots\" content=\"index, follow, max-snippet:-1, max-image-preview:large, max-video-preview:-1\" \/>\n<link rel=\"canonical\" href=\"https:\/\/blogin.al\/?p=14269\" \/>\n<meta property=\"og:locale\" content=\"en_US\" \/>\n<meta property=\"og:type\" content=\"article\" \/>\n<meta property=\"og:title\" content=\"Olsa Muhameti b\u00ebn gjestin e papritur ndaj Bora Zemanit. P\u00ebrgjigjja e moderatores nuk duhet humbur - blogin.al\" \/>\n<meta property=\"og:description\" content=\"Sezoni i ri i P\u00ebr\u2019puthen dhe risit\u00eb e prezantuara n\u00eb program kan\u00eb rr\u00ebmbyer menj\u00ebher\u00eb v\u00ebmendjen e publikut. Nj\u00eb nga detajet q\u00eb u vu re m\u00eb s\u00eb shumti ishte mungesa e Bora Zemanit, e cila kishte njoftuar m\u00eb her\u00ebt se do largohej nga emisioni p\u00ebr t\u00eb prezantuar \u2018Dancing with the Stars\u2019. Edhe pse \u00ebsht\u00eb p\u00ebrfolur se [&hellip;]\" \/>\n<meta property=\"og:url\" content=\"https:\/\/blogin.al\/?p=14269\" \/>\n<meta property=\"og:site_name\" content=\"blogin.al\" \/>\n<meta property=\"article:published_time\" content=\"2022-09-13T09:28:51+00:00\" \/>\n<meta property=\"og:image\" content=\"https:\/\/blogin.al\/wp-content\/uploads\/2022\/06\/bora-zemani-olsa-muhameti.jpg\" \/>\n\t<meta property=\"og:image:width\" content=\"677\" \/>\n\t<meta property=\"og:image:height\" content=\"455\" \/>\n\t<meta property=\"og:image:type\" content=\"image\/jpeg\" \/>\n<meta name=\"author\" content=\"Blogin al\" \/>\n<meta name=\"twitter:card\" content=\"summary_large_image\" \/>\n<meta name=\"twitter:label1\" content=\"Written by\" \/>\n\t<meta name=\"twitter:data1\" content=\"Blogin al\" \/>\n\t<meta name=\"twitter:label2\" content=\"Est. reading time\" \/>\n\t<meta name=\"twitter:data2\" content=\"2 minutes\" \/>\n<script type=\"application\/ld+json\" class=\"yoast-schema-graph\">{\"@context\":\"https:\\\/\\\/schema.org\",\"@graph\":[{\"@type\":\"Article\",\"@id\":\"https:\\\/\\\/blogin.al\\\/?p=14269#article\",\"isPartOf\":{\"@id\":\"https:\\\/\\\/blogin.al\\\/?p=14269\"},\"author\":{\"name\":\"Blogin al\",\"@id\":\"https:\\\/\\\/blogin.al\\\/#\\\/schema\\\/person\\\/abdd56bc912cd511db877b852b115399\"},\"headline\":\"Olsa Muhameti b\u00ebn gjestin e papritur ndaj Bora Zemanit. P\u00ebrgjigjja e moderatores nuk duhet humbur\",\"datePublished\":\"2022-09-13T09:28:51+00:00\",\"mainEntityOfPage\":{\"@id\":\"https:\\\/\\\/blogin.al\\\/?p=14269\"},\"wordCount\":326,\"commentCount\":0,\"publisher\":{\"@id\":\"https:\\\/\\\/blogin.al\\\/#organization\"},\"image\":{\"@id\":\"https:\\\/\\\/blogin.al\\\/?p=14269#primaryimage\"},\"thumbnailUrl\":\"https:\\\/\\\/blogin.al\\\/wp-content\\\/uploads\\\/2022\\\/06\\\/bora-zemani-olsa-muhameti.jpg\",\"articleSection\":[\"SHOWBIZ\"],\"inLanguage\":\"en-US\",\"potentialAction\":[{\"@type\":\"CommentAction\",\"name\":\"Comment\",\"target\":[\"https:\\\/\\\/blogin.al\\\/?p=14269#respond\"]}]},{\"@type\":\"WebPage\",\"@id\":\"https:\\\/\\\/blogin.al\\\/?p=14269\",\"url\":\"https:\\\/\\\/blogin.al\\\/?p=14269\",\"name\":\"Olsa Muhameti b\u00ebn gjestin e papritur ndaj Bora Zemanit. P\u00ebrgjigjja e moderatores nuk duhet humbur - blogin.al\",\"isPartOf\":{\"@id\":\"https:\\\/\\\/blogin.al\\\/#website\"},\"primaryImageOfPage\":{\"@id\":\"https:\\\/\\\/blogin.al\\\/?p=14269#primaryimage\"},\"image\":{\"@id\":\"https:\\\/\\\/blogin.al\\\/?p=14269#primaryimage\"},\"thumbnailUrl\":\"https:\\\/\\\/blogin.al\\\/wp-content\\\/uploads\\\/2022\\\/06\\\/bora-zemani-olsa-muhameti.jpg\",\"datePublished\":\"2022-09-13T09:28:51+00:00\",\"breadcrumb\":{\"@id\":\"https:\\\/\\\/blogin.al\\\/?p=14269#breadcrumb\"},\"inLanguage\":\"en-US\",\"potentialAction\":[{\"@type\":\"ReadAction\",\"target\":[\"https:\\\/\\\/blogin.al\\\/?p=14269\"]}]},{\"@type\":\"ImageObject\",\"inLanguage\":\"en-US\",\"@id\":\"https:\\\/\\\/blogin.al\\\/?p=14269#primaryimage\",\"url\":\"https:\\\/\\\/blogin.al\\\/wp-content\\\/uploads\\\/2022\\\/06\\\/bora-zemani-olsa-muhameti.jpg\",\"contentUrl\":\"https:\\\/\\\/blogin.al\\\/wp-content\\\/uploads\\\/2022\\\/06\\\/bora-zemani-olsa-muhameti.jpg\",\"width\":677,\"height\":455},{\"@type\":\"BreadcrumbList\",\"@id\":\"https:\\\/\\\/blogin.al\\\/?p=14269#breadcrumb\",\"itemListElement\":[{\"@type\":\"ListItem\",\"position\":1,\"name\":\"Home\",\"item\":\"https:\\\/\\\/blogin.al\\\/\"},{\"@type\":\"ListItem\",\"position\":2,\"name\":\"Olsa Muhameti b\u00ebn gjestin e papritur ndaj Bora Zemanit. P\u00ebrgjigjja e moderatores nuk duhet humbur\"}]},{\"@type\":\"WebSite\",\"@id\":\"https:\\\/\\\/blogin.al\\\/#website\",\"url\":\"https:\\\/\\\/blogin.al\\\/\",\"name\":\"blogin.al\",\"description\":\"\",\"publisher\":{\"@id\":\"https:\\\/\\\/blogin.al\\\/#organization\"},\"potentialAction\":[{\"@type\":\"SearchAction\",\"target\":{\"@type\":\"EntryPoint\",\"urlTemplate\":\"https:\\\/\\\/blogin.al\\\/?s={search_term_string}\"},\"query-input\":{\"@type\":\"PropertyValueSpecification\",\"valueRequired\":true,\"valueName\":\"search_term_string\"}}],\"inLanguage\":\"en-US\"},{\"@type\":\"Organization\",\"@id\":\"https:\\\/\\\/blogin.al\\\/#organization\",\"name\":\"BLOGIN.al\",\"url\":\"https:\\\/\\\/blogin.al\\\/\",\"logo\":{\"@type\":\"ImageObject\",\"inLanguage\":\"en-US\",\"@id\":\"https:\\\/\\\/blogin.al\\\/#\\\/schema\\\/logo\\\/image\\\/\",\"url\":\"https:\\\/\\\/blogin.al\\\/wp-content\\\/uploads\\\/2022\\\/05\\\/Untitled-2-01-e1652084456514.png\",\"contentUrl\":\"https:\\\/\\\/blogin.al\\\/wp-content\\\/uploads\\\/2022\\\/05\\\/Untitled-2-01-e1652084456514.png\",\"width\":3723,\"height\":1698,\"caption\":\"BLOGIN.al\"},\"image\":{\"@id\":\"https:\\\/\\\/blogin.al\\\/#\\\/schema\\\/logo\\\/image\\\/\"},\"sameAs\":[\"https:\\\/\\\/instagram.com\\\/blogin.al\\\/\"]},{\"@type\":\"Person\",\"@id\":\"https:\\\/\\\/blogin.al\\\/#\\\/schema\\\/person\\\/abdd56bc912cd511db877b852b115399\",\"name\":\"Blogin al\",\"image\":{\"@type\":\"ImageObject\",\"inLanguage\":\"en-US\",\"@id\":\"https:\\\/\\\/secure.gravatar.com\\\/avatar\\\/60d5661aee6e835fb13dc75d2204cd0c1d61bef2efd137c0083e59ef831e235e?s=96&d=mm&r=g\",\"url\":\"https:\\\/\\\/secure.gravatar.com\\\/avatar\\\/60d5661aee6e835fb13dc75d2204cd0c1d61bef2efd137c0083e59ef831e235e?s=96&d=mm&r=g\",\"contentUrl\":\"https:\\\/\\\/secure.gravatar.com\\\/avatar\\\/60d5661aee6e835fb13dc75d2204cd0c1d61bef2efd137c0083e59ef831e235e?s=96&d=mm&r=g\",\"caption\":\"Blogin al\"},\"sameAs\":[\"https:\\\/\\\/blogin.al\"],\"url\":\"https:\\\/\\\/blogin.al\\\/?author=2\"}]}<\/script>\n<!-- \/ Yoast SEO plugin. -->","yoast_head_json":{"title":"Olsa Muhameti b\u00ebn gjestin e papritur ndaj Bora Zemanit. P\u00ebrgjigjja e moderatores nuk duhet humbur - blogin.al","robots":{"index":"index","follow":"follow","max-snippet":"max-snippet:-1","max-image-preview":"max-image-preview:large","max-video-preview":"max-video-preview:-1"},"canonical":"https:\/\/blogin.al\/?p=14269","og_locale":"en_US","og_type":"article","og_title":"Olsa Muhameti b\u00ebn gjestin e papritur ndaj Bora Zemanit. P\u00ebrgjigjja e moderatores nuk duhet humbur - blogin.al","og_description":"Sezoni i ri i P\u00ebr\u2019puthen dhe risit\u00eb e prezantuara n\u00eb program kan\u00eb rr\u00ebmbyer menj\u00ebher\u00eb v\u00ebmendjen e publikut. Nj\u00eb nga detajet q\u00eb u vu re m\u00eb s\u00eb shumti ishte mungesa e Bora Zemanit, e cila kishte njoftuar m\u00eb her\u00ebt se do largohej nga emisioni p\u00ebr t\u00eb prezantuar \u2018Dancing with the Stars\u2019. Edhe pse \u00ebsht\u00eb p\u00ebrfolur se [&hellip;]","og_url":"https:\/\/blogin.al\/?p=14269","og_site_name":"blogin.al","article_published_time":"2022-09-13T09:28:51+00:00","og_image":[{"width":677,"height":455,"url":"https:\/\/blogin.al\/wp-content\/uploads\/2022\/06\/bora-zemani-olsa-muhameti.jpg","type":"image\/jpeg"}],"author":"Blogin al","twitter_card":"summary_large_image","twitter_misc":{"Written by":"Blogin al","Est. reading time":"2 minutes"},"schema":{"@context":"https:\/\/schema.org","@graph":[{"@type":"Article","@id":"https:\/\/blogin.al\/?p=14269#article","isPartOf":{"@id":"https:\/\/blogin.al\/?p=14269"},"author":{"name":"Blogin al","@id":"https:\/\/blogin.al\/#\/schema\/person\/abdd56bc912cd511db877b852b115399"},"headline":"Olsa Muhameti b\u00ebn gjestin e papritur ndaj Bora Zemanit. P\u00ebrgjigjja e moderatores nuk duhet humbur","datePublished":"2022-09-13T09:28:51+00:00","mainEntityOfPage":{"@id":"https:\/\/blogin.al\/?p=14269"},"wordCount":326,"commentCount":0,"publisher":{"@id":"https:\/\/blogin.al\/#organization"},"image":{"@id":"https:\/\/blogin.al\/?p=14269#primaryimage"},"thumbnailUrl":"https:\/\/blogin.al\/wp-content\/uploads\/2022\/06\/bora-zemani-olsa-muhameti.jpg","articleSection":["SHOWBIZ"],"inLanguage":"en-US","potentialAction":[{"@type":"CommentAction","name":"Comment","target":["https:\/\/blogin.al\/?p=14269#respond"]}]},{"@type":"WebPage","@id":"https:\/\/blogin.al\/?p=14269","url":"https:\/\/blogin.al\/?p=14269","name":"Olsa Muhameti b\u00ebn gjestin e papritur ndaj Bora Zemanit. P\u00ebrgjigjja e moderatores nuk duhet humbur - blogin.al","isPartOf":{"@id":"https:\/\/blogin.al\/#website"},"primaryImageOfPage":{"@id":"https:\/\/blogin.al\/?p=14269#primaryimage"},"image":{"@id":"https:\/\/blogin.al\/?p=14269#primaryimage"},"thumbnailUrl":"https:\/\/blogin.al\/wp-content\/uploads\/2022\/06\/bora-zemani-olsa-muhameti.jpg","datePublished":"2022-09-13T09:28:51+00:00","breadcrumb":{"@id":"https:\/\/blogin.al\/?p=14269#breadcrumb"},"inLanguage":"en-US","potentialAction":[{"@type":"ReadAction","target":["https:\/\/blogin.al\/?p=14269"]}]},{"@type":"ImageObject","inLanguage":"en-US","@id":"https:\/\/blogin.al\/?p=14269#primaryimage","url":"https:\/\/blogin.al\/wp-content\/uploads\/2022\/06\/bora-zemani-olsa-muhameti.jpg","contentUrl":"https:\/\/blogin.al\/wp-content\/uploads\/2022\/06\/bora-zemani-olsa-muhameti.jpg","width":677,"height":455},{"@type":"BreadcrumbList","@id":"https:\/\/blogin.al\/?p=14269#breadcrumb","itemListElement":[{"@type":"ListItem","position":1,"name":"Home","item":"https:\/\/blogin.al\/"},{"@type":"ListItem","position":2,"name":"Olsa Muhameti b\u00ebn gjestin e papritur ndaj Bora Zemanit. P\u00ebrgjigjja e moderatores nuk duhet humbur"}]},{"@type":"WebSite","@id":"https:\/\/blogin.al\/#website","url":"https:\/\/blogin.al\/","name":"blogin.al","description":"","publisher":{"@id":"https:\/\/blogin.al\/#organization"},"potentialAction":[{"@type":"SearchAction","target":{"@type":"EntryPoint","urlTemplate":"https:\/\/blogin.al\/?s={search_term_string}"},"query-input":{"@type":"PropertyValueSpecification","valueRequired":true,"valueName":"search_term_string"}}],"inLanguage":"en-US"},{"@type":"Organization","@id":"https:\/\/blogin.al\/#organization","name":"BLOGIN.al","url":"https:\/\/blogin.al\/","logo":{"@type":"ImageObject","inLanguage":"en-US","@id":"https:\/\/blogin.al\/#\/schema\/logo\/image\/","url":"https:\/\/blogin.al\/wp-content\/uploads\/2022\/05\/Untitled-2-01-e1652084456514.png","contentUrl":"https:\/\/blogin.al\/wp-content\/uploads\/2022\/05\/Untitled-2-01-e1652084456514.png","width":3723,"height":1698,"caption":"BLOGIN.al"},"image":{"@id":"https:\/\/blogin.al\/#\/schema\/logo\/image\/"},"sameAs":["https:\/\/instagram.com\/blogin.al\/"]},{"@type":"Person","@id":"https:\/\/blogin.al\/#\/schema\/person\/abdd56bc912cd511db877b852b115399","name":"Blogin al","image":{"@type":"ImageObject","inLanguage":"en-US","@id":"https:\/\/secure.gravatar.com\/avatar\/60d5661aee6e835fb13dc75d2204cd0c1d61bef2efd137c0083e59ef831e235e?s=96&d=mm&r=g","url":"https:\/\/secure.gravatar.com\/avatar\/60d5661aee6e835fb13dc75d2204cd0c1d61bef2efd137c0083e59ef831e235e?s=96&d=mm&r=g","contentUrl":"https:\/\/secure.gravatar.com\/avatar\/60d5661aee6e835fb13dc75d2204cd0c1d61bef2efd137c0083e59ef831e235e?s=96&d=mm&r=g","caption":"Blogin al"},"sameAs":["https:\/\/blogin.al"],"url":"https:\/\/blogin.al\/?author=2"}]}},"_links":{"self":[{"href":"https:\/\/blogin.al\/index.php?rest_route=\/wp\/v2\/posts\/14269","targetHints":{"allow":["GET"]}}],"collection":[{"href":"https:\/\/blogin.al\/index.php?rest_route=\/wp\/v2\/posts"}],"about":[{"href":"https:\/\/blogin.al\/index.php?rest_route=\/wp\/v2\/types\/post"}],"author":[{"embeddable":true,"href":"https:\/\/blogin.al\/index.php?rest_route=\/wp\/v2\/users\/2"}],"replies":[{"embeddable":true,"href":"https:\/\/blogin.al\/index.php?rest_route=%2Fwp%2Fv2%2Fcomments&post=14269"}],"version-history":[{"count":1,"href":"https:\/\/blogin.al\/index.php?rest_route=\/wp\/v2\/posts\/14269\/revisions"}],"predecessor-version":[{"id":14273,"href":"https:\/\/blogin.al\/index.php?rest_route=\/wp\/v2\/posts\/14269\/revisions\/14273"}],"wp:featuredmedia":[{"embeddable":true,"href":"https:\/\/blogin.al\/index.php?rest_route=\/wp\/v2\/media\/7940"}],"wp:attachment":[{"href":"https:\/\/blogin.al\/index.php?rest_route=%2Fwp%2Fv2%2Fmedia&parent=14269"}],"wp:term":[{"taxonomy":"category","embeddable":true,"href":"https:\/\/blogin.al\/index.php?rest_route=%2Fwp%2Fv2%2Fcategories&post=14269"},{"taxonomy":"post_tag","embeddable":true,"href":"https:\/\/blogin.al\/index.php?rest_route=%2Fwp%2Fv2%2Ftags&post=14269"}],"curies":[{"name":"wp","href":"https:\/\/api.w.org\/{rel}","templated":true}]}}