{"id":14359,"date":"2022-09-15T06:09:17","date_gmt":"2022-09-15T06:09:17","guid":{"rendered":"https:\/\/blogin.al\/?p=14359"},"modified":"2022-09-15T06:34:41","modified_gmt":"2022-09-15T06:34:41","slug":"adelina-tahiri-jep-mesazhin-e-forte-per-vajzat-e-reja","status":"publish","type":"post","link":"https:\/\/blogin.al\/?p=14359","title":{"rendered":"Adelina Tahiri jep mesazhin e fort\u00eb p\u00ebr vajzat e reja"},"content":{"rendered":"\n<p><strong>K\u00ebng\u00ebtarja e njohur Adelina Tahiri, kujdeset gjithmon\u00eb p\u00ebr paraqitjen e saj deri n\u00eb detaj ku dhe k\u00ebt\u00eb gj\u00eb mund ta shikojm\u00eb mjaft mir\u00eb n\u00eb \u2018feed\u2019-in e Instagramit e saj ku fotot e artistes jan\u00eb t\u00eb gjitha t\u00eb p\u00ebrkryera.<\/strong><\/p>\n\n\n\n<p>Mir\u00ebpo s\u00eb fundmi Adelina ka vendosur t\u00eb jap\u00eb nj\u00eb mesazh t\u00eb fort\u00eb p\u00ebr vajzat e reja. K\u00ebng\u00ebtarja u shfaq n\u00eb InstaStory pa grim dhe u shpreh se jo t\u00eb gjith\u00eb jan\u00eb t\u00eb p\u00ebrkryer pa make up dhe filtra.<\/p>\n\n\n\n<p>Sipas Adelin\u00ebs vajzat e sotme po aspiroh\u00ebn nga Instagrami dhe jan\u00eb t\u00eb obsesionuara pas perfeksionit. Ajo shtoi se rrjetet sociale nuk duhet t\u00eb jen\u00eb di\u00e7ka inspiruese p\u00ebr gjeneratat e reja pasi askush nuk poston at\u00eb cfar\u00eb \u00ebsht\u00eb n\u00eb t\u00eb v\u00ebrtet\u00eb dhe duan q\u00eb njer\u00ebzit t\u2019i shikojn\u00eb ashtu si\u00e7 shfaqen ata.<\/p>\n\n\n\n<p><em>\u201cP\u00ebrsh\u00ebndetje t\u00eb gjith\u00ebve, mir\u00ebm\u00ebngjesi dhe pse mua dita me ka nisur par dy or\u00ebve.&nbsp;<\/em><em>Un\u00eb vendosa t\u00eb dal sot pa grim, pa filter dhe vendosa t\u00eb them dicka q\u00eb kam gjith\u00eb k\u00ebto koh\u00eb q\u00eb e mendoj\u2026 Jo t\u00eb gjith\u00eb jemi t\u00eb p\u00ebrkryer pa make up dhe pa filtra por q\u00ebllimi \u00ebsht\u00eb q\u00eb ne ta duam veten ashtu sikur jemi. Un\u00eb po shikoj shum\u00eb vajza t\u00eb reja t\u00eb cilat jan\u00eb t\u00eb obsesionuara pas instagramit dhe dukjes s\u00eb tyre. &nbsp;<\/em><\/p>\n\n\n\n<p><em>Mos harroni q\u00eb instagrami nuk duhet t\u00eb jet\u00eb inspirim p\u00ebr gjeneratat e reja\u2026 Ne n\u00eb Instagram postojm\u00eb at\u00eb \u00e7far\u00eb ne duam q\u00eb t\u00eb tjer\u00ebt t\u00eb shohin, nuk na bie nd\u00ebrmend p\u00ebr telefonin n\u00eb momentet kur ne jemi keq. K\u00ebshtu q\u00eb un\u00eb dua vet\u00ebm t\u00eb motivoj vajzat e reja dhe t\u00eb gjith\u00eb t\u00eb tjer\u00ebt dhe t\u2019ju them se jo t\u00eb gjith\u00eb jemi t\u00eb p\u00ebrkryer por duajeni veten ashtu si\u00e7 jeni\u2026 Ju dua shum\u00eb!\u201d<\/em>\u2013 u shpreh ajo.<\/p>\n\n\n\n<p>M\u00eb pas artistja publikoi dhe nj\u00eb video ku shfaqej me make up dhe duke p\u00ebrdorur filta dhe u shpreh se kur k\u00ebto t\u00eb dyja jan\u00eb bashk\u00eb \u2018dukesh e p\u00ebrkryer\u2019 por nuk duhet harruar se nuk mbaron gjith\u00eb\u00e7ka aty. K\u00ebng\u00ebtarja nxit vajzat e reja q\u00eb t\u00eb luftojn\u00eb p\u00ebr gj\u00ebrat e tyre t\u00eb motivohen dhe t\u00eb mos ken\u00eb insprimit j\u00ebt\u00ebt fallco t\u00eb t\u00eb tjer\u00ebve.<\/p>\n\n\n\n<p><em>\u201cDhe pastaj kur vjen n\u00eb aksion make upi dhe filteri\u2026 boom e p\u00ebrkryer. Por mos harroni nuk mbaron gjith\u00e7ka aty\u2026 Nj\u00eb fem\u00ebr e sukesshme, nj\u00eb fem\u00ebr e mir\u00eb \u00ebsht\u00eb nj\u00eb fem\u00ebr e pavarur, k\u00ebshtu q\u00eb lufto motivohu nga puna jote. Lufto fort dhe mos t\u00eb t\u00eb b\u00ebhet inspirim p\u00ebr ty nj\u00eb jet\u00eb \u2018fake\u2019 e t\u00eb tjer\u00ebve por lufto p\u00ebr veten t\u00ebnde dhe p\u00ebr t\u00eb ardhmen t\u00ebnde!\u201d<\/em>\u2013 p\u00ebrfundoi Tahiri.<\/p>\n\n\n\n<p>Adelina prej vitesh tashm\u00eb nuk merret me muzik\u00eb dhe ka vendosur t\u2019i dedikohet familjes s\u00eb saj. K\u00ebng\u00ebtarja prej koh\u00ebsh \u00ebsht\u00eb martuar me avokatin m\u00eb t\u00eb pasur n\u00eb Maqedoni, Serjoza Markov me t\u00eb cilin ka edhe nj\u00eb djal\u00eb, Jonin.<\/p>\n\n\n\n<figure class=\"wp-block-video\"><video height=\"1280\" style=\"aspect-ratio: 720 \/ 1280;\" width=\"720\" controls src=\"https:\/\/blogin.al\/wp-content\/uploads\/2022\/09\/VID_91540118_170908_257.mp4\"><\/video><\/figure>\n","protected":false},"excerpt":{"rendered":"<p>K\u00ebng\u00ebtarja e njohur Adelina Tahiri, kujdeset gjithmon\u00eb p\u00ebr paraqitjen e saj deri n\u00eb detaj ku dhe k\u00ebt\u00eb gj\u00eb mund ta shikojm\u00eb mjaft mir\u00eb n\u00eb \u2018feed\u2019-in e Instagramit e saj ku fotot e artistes jan\u00eb t\u00eb gjitha t\u00eb p\u00ebrkryera. Mir\u00ebpo s\u00eb fundmi Adelina ka vendosur t\u00eb jap\u00eb nj\u00eb mesazh t\u00eb fort\u00eb p\u00ebr vajzat e reja. K\u00ebng\u00ebtarja [&hellip;]<\/p>\n","protected":false},"author":2,"featured_media":8017,"comment_status":"open","ping_status":"open","sticky":false,"template":"","format":"standard","meta":{"footnotes":""},"categories":[33],"tags":[],"class_list":{"0":"post-14359","1":"post","2":"type-post","3":"status-publish","4":"format-standard","5":"has-post-thumbnail","7":"category-showbiz"},"yoast_head":"<!-- This site is optimized with the Yoast SEO plugin v27.5 - https:\/\/yoast.com\/product\/yoast-seo-wordpress\/ -->\n<title>Adelina Tahiri jep mesazhin e fort\u00eb p\u00ebr vajzat e reja - blogin.al<\/title>\n<meta name=\"robots\" content=\"index, follow, max-snippet:-1, max-image-preview:large, max-video-preview:-1\" \/>\n<link rel=\"canonical\" href=\"https:\/\/blogin.al\/?p=14359\" \/>\n<meta property=\"og:locale\" content=\"en_US\" \/>\n<meta property=\"og:type\" content=\"article\" \/>\n<meta property=\"og:title\" content=\"Adelina Tahiri jep mesazhin e fort\u00eb p\u00ebr vajzat e reja - blogin.al\" \/>\n<meta property=\"og:description\" content=\"K\u00ebng\u00ebtarja e njohur Adelina Tahiri, kujdeset gjithmon\u00eb p\u00ebr paraqitjen e saj deri n\u00eb detaj ku dhe k\u00ebt\u00eb gj\u00eb mund ta shikojm\u00eb mjaft mir\u00eb n\u00eb \u2018feed\u2019-in e Instagramit e saj ku fotot e artistes jan\u00eb t\u00eb gjitha t\u00eb p\u00ebrkryera. Mir\u00ebpo s\u00eb fundmi Adelina ka vendosur t\u00eb jap\u00eb nj\u00eb mesazh t\u00eb fort\u00eb p\u00ebr vajzat e reja. K\u00ebng\u00ebtarja [&hellip;]\" \/>\n<meta property=\"og:url\" content=\"https:\/\/blogin.al\/?p=14359\" \/>\n<meta property=\"og:site_name\" content=\"blogin.al\" \/>\n<meta property=\"article:published_time\" content=\"2022-09-15T06:09:17+00:00\" \/>\n<meta property=\"article:modified_time\" content=\"2022-09-15T06:34:41+00:00\" \/>\n<meta property=\"og:image\" content=\"https:\/\/blogin.al\/wp-content\/uploads\/2022\/06\/adelina.jpg\" \/>\n\t<meta property=\"og:image:width\" content=\"1125\" \/>\n\t<meta property=\"og:image:height\" content=\"1225\" \/>\n\t<meta property=\"og:image:type\" content=\"image\/jpeg\" \/>\n<meta name=\"author\" content=\"Blogin al\" \/>\n<meta name=\"twitter:card\" content=\"summary_large_image\" \/>\n<meta name=\"twitter:label1\" content=\"Written by\" \/>\n\t<meta name=\"twitter:data1\" content=\"Blogin al\" \/>\n\t<meta name=\"twitter:label2\" content=\"Est. reading time\" \/>\n\t<meta name=\"twitter:data2\" content=\"2 minutes\" \/>\n<script type=\"application\/ld+json\" class=\"yoast-schema-graph\">{\"@context\":\"https:\\\/\\\/schema.org\",\"@graph\":[{\"@type\":\"Article\",\"@id\":\"https:\\\/\\\/blogin.al\\\/?p=14359#article\",\"isPartOf\":{\"@id\":\"https:\\\/\\\/blogin.al\\\/?p=14359\"},\"author\":{\"name\":\"Blogin al\",\"@id\":\"https:\\\/\\\/blogin.al\\\/#\\\/schema\\\/person\\\/abdd56bc912cd511db877b852b115399\"},\"headline\":\"Adelina Tahiri jep mesazhin e fort\u00eb p\u00ebr vajzat e reja\",\"datePublished\":\"2022-09-15T06:09:17+00:00\",\"dateModified\":\"2022-09-15T06:34:41+00:00\",\"mainEntityOfPage\":{\"@id\":\"https:\\\/\\\/blogin.al\\\/?p=14359\"},\"wordCount\":524,\"commentCount\":0,\"publisher\":{\"@id\":\"https:\\\/\\\/blogin.al\\\/#organization\"},\"image\":{\"@id\":\"https:\\\/\\\/blogin.al\\\/?p=14359#primaryimage\"},\"thumbnailUrl\":\"https:\\\/\\\/blogin.al\\\/wp-content\\\/uploads\\\/2022\\\/06\\\/adelina.jpg\",\"articleSection\":[\"SHOWBIZ\"],\"inLanguage\":\"en-US\",\"potentialAction\":[{\"@type\":\"CommentAction\",\"name\":\"Comment\",\"target\":[\"https:\\\/\\\/blogin.al\\\/?p=14359#respond\"]}]},{\"@type\":\"WebPage\",\"@id\":\"https:\\\/\\\/blogin.al\\\/?p=14359\",\"url\":\"https:\\\/\\\/blogin.al\\\/?p=14359\",\"name\":\"Adelina Tahiri jep mesazhin e fort\u00eb p\u00ebr vajzat e reja - blogin.al\",\"isPartOf\":{\"@id\":\"https:\\\/\\\/blogin.al\\\/#website\"},\"primaryImageOfPage\":{\"@id\":\"https:\\\/\\\/blogin.al\\\/?p=14359#primaryimage\"},\"image\":{\"@id\":\"https:\\\/\\\/blogin.al\\\/?p=14359#primaryimage\"},\"thumbnailUrl\":\"https:\\\/\\\/blogin.al\\\/wp-content\\\/uploads\\\/2022\\\/06\\\/adelina.jpg\",\"datePublished\":\"2022-09-15T06:09:17+00:00\",\"dateModified\":\"2022-09-15T06:34:41+00:00\",\"breadcrumb\":{\"@id\":\"https:\\\/\\\/blogin.al\\\/?p=14359#breadcrumb\"},\"inLanguage\":\"en-US\",\"potentialAction\":[{\"@type\":\"ReadAction\",\"target\":[\"https:\\\/\\\/blogin.al\\\/?p=14359\"]}]},{\"@type\":\"ImageObject\",\"inLanguage\":\"en-US\",\"@id\":\"https:\\\/\\\/blogin.al\\\/?p=14359#primaryimage\",\"url\":\"https:\\\/\\\/blogin.al\\\/wp-content\\\/uploads\\\/2022\\\/06\\\/adelina.jpg\",\"contentUrl\":\"https:\\\/\\\/blogin.al\\\/wp-content\\\/uploads\\\/2022\\\/06\\\/adelina.jpg\",\"width\":1125,\"height\":1225},{\"@type\":\"BreadcrumbList\",\"@id\":\"https:\\\/\\\/blogin.al\\\/?p=14359#breadcrumb\",\"itemListElement\":[{\"@type\":\"ListItem\",\"position\":1,\"name\":\"Home\",\"item\":\"https:\\\/\\\/blogin.al\\\/\"},{\"@type\":\"ListItem\",\"position\":2,\"name\":\"Adelina Tahiri jep mesazhin e fort\u00eb p\u00ebr vajzat e reja\"}]},{\"@type\":\"WebSite\",\"@id\":\"https:\\\/\\\/blogin.al\\\/#website\",\"url\":\"https:\\\/\\\/blogin.al\\\/\",\"name\":\"blogin.al\",\"description\":\"\",\"publisher\":{\"@id\":\"https:\\\/\\\/blogin.al\\\/#organization\"},\"potentialAction\":[{\"@type\":\"SearchAction\",\"target\":{\"@type\":\"EntryPoint\",\"urlTemplate\":\"https:\\\/\\\/blogin.al\\\/?s={search_term_string}\"},\"query-input\":{\"@type\":\"PropertyValueSpecification\",\"valueRequired\":true,\"valueName\":\"search_term_string\"}}],\"inLanguage\":\"en-US\"},{\"@type\":\"Organization\",\"@id\":\"https:\\\/\\\/blogin.al\\\/#organization\",\"name\":\"BLOGIN.al\",\"url\":\"https:\\\/\\\/blogin.al\\\/\",\"logo\":{\"@type\":\"ImageObject\",\"inLanguage\":\"en-US\",\"@id\":\"https:\\\/\\\/blogin.al\\\/#\\\/schema\\\/logo\\\/image\\\/\",\"url\":\"https:\\\/\\\/blogin.al\\\/wp-content\\\/uploads\\\/2022\\\/05\\\/Untitled-2-01-e1652084456514.png\",\"contentUrl\":\"https:\\\/\\\/blogin.al\\\/wp-content\\\/uploads\\\/2022\\\/05\\\/Untitled-2-01-e1652084456514.png\",\"width\":3723,\"height\":1698,\"caption\":\"BLOGIN.al\"},\"image\":{\"@id\":\"https:\\\/\\\/blogin.al\\\/#\\\/schema\\\/logo\\\/image\\\/\"},\"sameAs\":[\"https:\\\/\\\/instagram.com\\\/blogin.al\\\/\"]},{\"@type\":\"Person\",\"@id\":\"https:\\\/\\\/blogin.al\\\/#\\\/schema\\\/person\\\/abdd56bc912cd511db877b852b115399\",\"name\":\"Blogin al\",\"image\":{\"@type\":\"ImageObject\",\"inLanguage\":\"en-US\",\"@id\":\"https:\\\/\\\/secure.gravatar.com\\\/avatar\\\/60d5661aee6e835fb13dc75d2204cd0c1d61bef2efd137c0083e59ef831e235e?s=96&d=mm&r=g\",\"url\":\"https:\\\/\\\/secure.gravatar.com\\\/avatar\\\/60d5661aee6e835fb13dc75d2204cd0c1d61bef2efd137c0083e59ef831e235e?s=96&d=mm&r=g\",\"contentUrl\":\"https:\\\/\\\/secure.gravatar.com\\\/avatar\\\/60d5661aee6e835fb13dc75d2204cd0c1d61bef2efd137c0083e59ef831e235e?s=96&d=mm&r=g\",\"caption\":\"Blogin al\"},\"sameAs\":[\"https:\\\/\\\/blogin.al\"],\"url\":\"https:\\\/\\\/blogin.al\\\/?author=2\"}]}<\/script>\n<!-- \/ Yoast SEO plugin. -->","yoast_head_json":{"title":"Adelina Tahiri jep mesazhin e fort\u00eb p\u00ebr vajzat e reja - blogin.al","robots":{"index":"index","follow":"follow","max-snippet":"max-snippet:-1","max-image-preview":"max-image-preview:large","max-video-preview":"max-video-preview:-1"},"canonical":"https:\/\/blogin.al\/?p=14359","og_locale":"en_US","og_type":"article","og_title":"Adelina Tahiri jep mesazhin e fort\u00eb p\u00ebr vajzat e reja - blogin.al","og_description":"K\u00ebng\u00ebtarja e njohur Adelina Tahiri, kujdeset gjithmon\u00eb p\u00ebr paraqitjen e saj deri n\u00eb detaj ku dhe k\u00ebt\u00eb gj\u00eb mund ta shikojm\u00eb mjaft mir\u00eb n\u00eb \u2018feed\u2019-in e Instagramit e saj ku fotot e artistes jan\u00eb t\u00eb gjitha t\u00eb p\u00ebrkryera. Mir\u00ebpo s\u00eb fundmi Adelina ka vendosur t\u00eb jap\u00eb nj\u00eb mesazh t\u00eb fort\u00eb p\u00ebr vajzat e reja. K\u00ebng\u00ebtarja [&hellip;]","og_url":"https:\/\/blogin.al\/?p=14359","og_site_name":"blogin.al","article_published_time":"2022-09-15T06:09:17+00:00","article_modified_time":"2022-09-15T06:34:41+00:00","og_image":[{"width":1125,"height":1225,"url":"https:\/\/blogin.al\/wp-content\/uploads\/2022\/06\/adelina.jpg","type":"image\/jpeg"}],"author":"Blogin al","twitter_card":"summary_large_image","twitter_misc":{"Written by":"Blogin al","Est. reading time":"2 minutes"},"schema":{"@context":"https:\/\/schema.org","@graph":[{"@type":"Article","@id":"https:\/\/blogin.al\/?p=14359#article","isPartOf":{"@id":"https:\/\/blogin.al\/?p=14359"},"author":{"name":"Blogin al","@id":"https:\/\/blogin.al\/#\/schema\/person\/abdd56bc912cd511db877b852b115399"},"headline":"Adelina Tahiri jep mesazhin e fort\u00eb p\u00ebr vajzat e reja","datePublished":"2022-09-15T06:09:17+00:00","dateModified":"2022-09-15T06:34:41+00:00","mainEntityOfPage":{"@id":"https:\/\/blogin.al\/?p=14359"},"wordCount":524,"commentCount":0,"publisher":{"@id":"https:\/\/blogin.al\/#organization"},"image":{"@id":"https:\/\/blogin.al\/?p=14359#primaryimage"},"thumbnailUrl":"https:\/\/blogin.al\/wp-content\/uploads\/2022\/06\/adelina.jpg","articleSection":["SHOWBIZ"],"inLanguage":"en-US","potentialAction":[{"@type":"CommentAction","name":"Comment","target":["https:\/\/blogin.al\/?p=14359#respond"]}]},{"@type":"WebPage","@id":"https:\/\/blogin.al\/?p=14359","url":"https:\/\/blogin.al\/?p=14359","name":"Adelina Tahiri jep mesazhin e fort\u00eb p\u00ebr vajzat e reja - blogin.al","isPartOf":{"@id":"https:\/\/blogin.al\/#website"},"primaryImageOfPage":{"@id":"https:\/\/blogin.al\/?p=14359#primaryimage"},"image":{"@id":"https:\/\/blogin.al\/?p=14359#primaryimage"},"thumbnailUrl":"https:\/\/blogin.al\/wp-content\/uploads\/2022\/06\/adelina.jpg","datePublished":"2022-09-15T06:09:17+00:00","dateModified":"2022-09-15T06:34:41+00:00","breadcrumb":{"@id":"https:\/\/blogin.al\/?p=14359#breadcrumb"},"inLanguage":"en-US","potentialAction":[{"@type":"ReadAction","target":["https:\/\/blogin.al\/?p=14359"]}]},{"@type":"ImageObject","inLanguage":"en-US","@id":"https:\/\/blogin.al\/?p=14359#primaryimage","url":"https:\/\/blogin.al\/wp-content\/uploads\/2022\/06\/adelina.jpg","contentUrl":"https:\/\/blogin.al\/wp-content\/uploads\/2022\/06\/adelina.jpg","width":1125,"height":1225},{"@type":"BreadcrumbList","@id":"https:\/\/blogin.al\/?p=14359#breadcrumb","itemListElement":[{"@type":"ListItem","position":1,"name":"Home","item":"https:\/\/blogin.al\/"},{"@type":"ListItem","position":2,"name":"Adelina Tahiri jep mesazhin e fort\u00eb p\u00ebr vajzat e reja"}]},{"@type":"WebSite","@id":"https:\/\/blogin.al\/#website","url":"https:\/\/blogin.al\/","name":"blogin.al","description":"","publisher":{"@id":"https:\/\/blogin.al\/#organization"},"potentialAction":[{"@type":"SearchAction","target":{"@type":"EntryPoint","urlTemplate":"https:\/\/blogin.al\/?s={search_term_string}"},"query-input":{"@type":"PropertyValueSpecification","valueRequired":true,"valueName":"search_term_string"}}],"inLanguage":"en-US"},{"@type":"Organization","@id":"https:\/\/blogin.al\/#organization","name":"BLOGIN.al","url":"https:\/\/blogin.al\/","logo":{"@type":"ImageObject","inLanguage":"en-US","@id":"https:\/\/blogin.al\/#\/schema\/logo\/image\/","url":"https:\/\/blogin.al\/wp-content\/uploads\/2022\/05\/Untitled-2-01-e1652084456514.png","contentUrl":"https:\/\/blogin.al\/wp-content\/uploads\/2022\/05\/Untitled-2-01-e1652084456514.png","width":3723,"height":1698,"caption":"BLOGIN.al"},"image":{"@id":"https:\/\/blogin.al\/#\/schema\/logo\/image\/"},"sameAs":["https:\/\/instagram.com\/blogin.al\/"]},{"@type":"Person","@id":"https:\/\/blogin.al\/#\/schema\/person\/abdd56bc912cd511db877b852b115399","name":"Blogin al","image":{"@type":"ImageObject","inLanguage":"en-US","@id":"https:\/\/secure.gravatar.com\/avatar\/60d5661aee6e835fb13dc75d2204cd0c1d61bef2efd137c0083e59ef831e235e?s=96&d=mm&r=g","url":"https:\/\/secure.gravatar.com\/avatar\/60d5661aee6e835fb13dc75d2204cd0c1d61bef2efd137c0083e59ef831e235e?s=96&d=mm&r=g","contentUrl":"https:\/\/secure.gravatar.com\/avatar\/60d5661aee6e835fb13dc75d2204cd0c1d61bef2efd137c0083e59ef831e235e?s=96&d=mm&r=g","caption":"Blogin al"},"sameAs":["https:\/\/blogin.al"],"url":"https:\/\/blogin.al\/?author=2"}]}},"_links":{"self":[{"href":"https:\/\/blogin.al\/index.php?rest_route=\/wp\/v2\/posts\/14359","targetHints":{"allow":["GET"]}}],"collection":[{"href":"https:\/\/blogin.al\/index.php?rest_route=\/wp\/v2\/posts"}],"about":[{"href":"https:\/\/blogin.al\/index.php?rest_route=\/wp\/v2\/types\/post"}],"author":[{"embeddable":true,"href":"https:\/\/blogin.al\/index.php?rest_route=\/wp\/v2\/users\/2"}],"replies":[{"embeddable":true,"href":"https:\/\/blogin.al\/index.php?rest_route=%2Fwp%2Fv2%2Fcomments&post=14359"}],"version-history":[{"count":2,"href":"https:\/\/blogin.al\/index.php?rest_route=\/wp\/v2\/posts\/14359\/revisions"}],"predecessor-version":[{"id":14366,"href":"https:\/\/blogin.al\/index.php?rest_route=\/wp\/v2\/posts\/14359\/revisions\/14366"}],"wp:featuredmedia":[{"embeddable":true,"href":"https:\/\/blogin.al\/index.php?rest_route=\/wp\/v2\/media\/8017"}],"wp:attachment":[{"href":"https:\/\/blogin.al\/index.php?rest_route=%2Fwp%2Fv2%2Fmedia&parent=14359"}],"wp:term":[{"taxonomy":"category","embeddable":true,"href":"https:\/\/blogin.al\/index.php?rest_route=%2Fwp%2Fv2%2Fcategories&post=14359"},{"taxonomy":"post_tag","embeddable":true,"href":"https:\/\/blogin.al\/index.php?rest_route=%2Fwp%2Fv2%2Ftags&post=14359"}],"curies":[{"name":"wp","href":"https:\/\/api.w.org\/{rel}","templated":true}]}}