{"id":14374,"date":"2022-09-15T07:14:34","date_gmt":"2022-09-15T07:14:34","guid":{"rendered":"https:\/\/blogin.al\/?p=14374"},"modified":"2022-09-15T07:57:11","modified_gmt":"2022-09-15T07:57:11","slug":"dj-dagz-dhe-einxhel-ndajne-poza-nga-festa-e-bebit-mungesa-e-kesaj-figure-te-njohur-nuk-u-shpeton-ndjekesve","status":"publish","type":"post","link":"https:\/\/blogin.al\/?p=14374","title":{"rendered":"Dj Dagz dhe Einxhel ndajn\u00eb poza nga festa e bebit, mungesa e k\u00ebsaj figure t\u00eb njohur nuk u shp\u00ebton ndjek\u00ebsve"},"content":{"rendered":"\n<p>Dj Dagz dhe Einxhel Shikra s\u00eb fundmi kan\u00eb postuar disa foto t\u00eb realizuara gjat\u00eb fest\u00ebs s\u00eb zbulimit t\u00eb gjinis\u00eb t\u00eb bebit t\u00eb tyre.<\/p>\n\n\n\n<p>Ata kan\u00eb ndar\u00eb mjaft poza me familjar\u00ebt dhe rrethin e tyre t\u00eb ngusht\u00eb.<\/p>\n\n\n\n<p>Ajo q\u00eb u ka r\u00ebn\u00eb n\u00eb sy ndjek\u00ebsve t\u00eb \u00e7iftit t\u00eb shum\u00ebp\u00ebrfolur lidhet me munges\u00ebn e partneres s\u00eb mikut t\u00eb ngusht\u00eb t\u00eb Dj Dagz, Pm.<\/p>\n\n\n\n<figure class=\"wp-block-image size-large\"><img fetchpriority=\"high\" decoding=\"async\" width=\"1024\" height=\"944\" src=\"https:\/\/blogin.al\/wp-content\/uploads\/2022\/09\/20220915_095554-1024x944.jpg\" alt=\"\" class=\"wp-image-14377\" srcset=\"https:\/\/blogin.al\/wp-content\/uploads\/2022\/09\/20220915_095554-1024x944.jpg 1024w, https:\/\/blogin.al\/wp-content\/uploads\/2022\/09\/20220915_095554-300x277.jpg 300w, https:\/\/blogin.al\/wp-content\/uploads\/2022\/09\/20220915_095554-768x708.jpg 768w, https:\/\/blogin.al\/wp-content\/uploads\/2022\/09\/20220915_095554-150x138.jpg 150w, https:\/\/blogin.al\/wp-content\/uploads\/2022\/09\/20220915_095554-696x642.jpg 696w, https:\/\/blogin.al\/wp-content\/uploads\/2022\/09\/20220915_095554-1068x985.jpg 1068w, https:\/\/blogin.al\/wp-content\/uploads\/2022\/09\/20220915_095554.jpg 1440w\" sizes=\"(max-width: 1024px) 100vw, 1024px\" \/><\/figure>\n\n\n\n<p>Sarah edhe pse publikoi nj\u00eb video me Pm teksa shkonin n\u00eb fest\u00eb, prej \u00e7iftit nuk \u00ebsht\u00eb postuar asnj\u00eb foto me t\u00eb.<\/p>\n\n\n\n<p>N\u00eb galerin\u00eb e fotove shihet Pajtimi i vet\u00ebm teksa pozon krah \u00e7iftit.<\/p>\n","protected":false},"excerpt":{"rendered":"<p>Dj Dagz dhe Einxhel Shikra s\u00eb fundmi kan\u00eb postuar disa foto t\u00eb realizuara gjat\u00eb fest\u00ebs s\u00eb zbulimit t\u00eb gjinis\u00eb t\u00eb bebit t\u00eb tyre. Ata kan\u00eb ndar\u00eb mjaft poza me familjar\u00ebt dhe rrethin e tyre t\u00eb ngusht\u00eb. Ajo q\u00eb u ka r\u00ebn\u00eb n\u00eb sy ndjek\u00ebsve t\u00eb \u00e7iftit t\u00eb shum\u00ebp\u00ebrfolur lidhet me munges\u00ebn e partneres s\u00eb mikut [&hellip;]<\/p>\n","protected":false},"author":2,"featured_media":14375,"comment_status":"open","ping_status":"open","sticky":false,"template":"","format":"standard","meta":{"footnotes":""},"categories":[33],"tags":[],"class_list":{"0":"post-14374","1":"post","2":"type-post","3":"status-publish","4":"format-standard","5":"has-post-thumbnail","7":"category-showbiz"},"yoast_head":"<!-- This site is optimized with the Yoast SEO plugin v27.5 - https:\/\/yoast.com\/product\/yoast-seo-wordpress\/ -->\n<title>Dj Dagz dhe Einxhel ndajn\u00eb poza nga festa e bebit, mungesa e k\u00ebsaj figure t\u00eb njohur nuk u shp\u00ebton ndjek\u00ebsve - blogin.al<\/title>\n<meta name=\"robots\" content=\"index, follow, max-snippet:-1, max-image-preview:large, max-video-preview:-1\" \/>\n<link rel=\"canonical\" href=\"https:\/\/blogin.al\/?p=14374\" \/>\n<meta property=\"og:locale\" content=\"en_US\" \/>\n<meta property=\"og:type\" content=\"article\" \/>\n<meta property=\"og:title\" content=\"Dj Dagz dhe Einxhel ndajn\u00eb poza nga festa e bebit, mungesa e k\u00ebsaj figure t\u00eb njohur nuk u shp\u00ebton ndjek\u00ebsve - blogin.al\" \/>\n<meta property=\"og:description\" content=\"Dj Dagz dhe Einxhel Shikra s\u00eb fundmi kan\u00eb postuar disa foto t\u00eb realizuara gjat\u00eb fest\u00ebs s\u00eb zbulimit t\u00eb gjinis\u00eb t\u00eb bebit t\u00eb tyre. Ata kan\u00eb ndar\u00eb mjaft poza me familjar\u00ebt dhe rrethin e tyre t\u00eb ngusht\u00eb. Ajo q\u00eb u ka r\u00ebn\u00eb n\u00eb sy ndjek\u00ebsve t\u00eb \u00e7iftit t\u00eb shum\u00ebp\u00ebrfolur lidhet me munges\u00ebn e partneres s\u00eb mikut [&hellip;]\" \/>\n<meta property=\"og:url\" content=\"https:\/\/blogin.al\/?p=14374\" \/>\n<meta property=\"og:site_name\" content=\"blogin.al\" \/>\n<meta property=\"article:published_time\" content=\"2022-09-15T07:14:34+00:00\" \/>\n<meta property=\"article:modified_time\" content=\"2022-09-15T07:57:11+00:00\" \/>\n<meta property=\"og:image\" content=\"https:\/\/blogin.al\/wp-content\/uploads\/2022\/09\/einxhell-dagz.png\" \/>\n\t<meta property=\"og:image:width\" content=\"601\" \/>\n\t<meta property=\"og:image:height\" content=\"598\" \/>\n\t<meta property=\"og:image:type\" content=\"image\/png\" \/>\n<meta name=\"author\" content=\"Blogin al\" \/>\n<meta name=\"twitter:card\" content=\"summary_large_image\" \/>\n<meta name=\"twitter:label1\" content=\"Written by\" \/>\n\t<meta name=\"twitter:data1\" content=\"Blogin al\" \/>\n\t<meta name=\"twitter:label2\" content=\"Est. reading time\" \/>\n\t<meta name=\"twitter:data2\" content=\"1 minute\" \/>\n<script type=\"application\/ld+json\" class=\"yoast-schema-graph\">{\"@context\":\"https:\\\/\\\/schema.org\",\"@graph\":[{\"@type\":\"Article\",\"@id\":\"https:\\\/\\\/blogin.al\\\/?p=14374#article\",\"isPartOf\":{\"@id\":\"https:\\\/\\\/blogin.al\\\/?p=14374\"},\"author\":{\"name\":\"Blogin al\",\"@id\":\"https:\\\/\\\/blogin.al\\\/#\\\/schema\\\/person\\\/abdd56bc912cd511db877b852b115399\"},\"headline\":\"Dj Dagz dhe Einxhel ndajn\u00eb poza nga festa e bebit, mungesa e k\u00ebsaj figure t\u00eb njohur nuk u shp\u00ebton ndjek\u00ebsve\",\"datePublished\":\"2022-09-15T07:14:34+00:00\",\"dateModified\":\"2022-09-15T07:57:11+00:00\",\"mainEntityOfPage\":{\"@id\":\"https:\\\/\\\/blogin.al\\\/?p=14374\"},\"wordCount\":125,\"commentCount\":0,\"publisher\":{\"@id\":\"https:\\\/\\\/blogin.al\\\/#organization\"},\"image\":{\"@id\":\"https:\\\/\\\/blogin.al\\\/?p=14374#primaryimage\"},\"thumbnailUrl\":\"https:\\\/\\\/blogin.al\\\/wp-content\\\/uploads\\\/2022\\\/09\\\/einxhell-dagz.png\",\"articleSection\":[\"SHOWBIZ\"],\"inLanguage\":\"en-US\",\"potentialAction\":[{\"@type\":\"CommentAction\",\"name\":\"Comment\",\"target\":[\"https:\\\/\\\/blogin.al\\\/?p=14374#respond\"]}]},{\"@type\":\"WebPage\",\"@id\":\"https:\\\/\\\/blogin.al\\\/?p=14374\",\"url\":\"https:\\\/\\\/blogin.al\\\/?p=14374\",\"name\":\"Dj Dagz dhe Einxhel ndajn\u00eb poza nga festa e bebit, mungesa e k\u00ebsaj figure t\u00eb njohur nuk u shp\u00ebton ndjek\u00ebsve - blogin.al\",\"isPartOf\":{\"@id\":\"https:\\\/\\\/blogin.al\\\/#website\"},\"primaryImageOfPage\":{\"@id\":\"https:\\\/\\\/blogin.al\\\/?p=14374#primaryimage\"},\"image\":{\"@id\":\"https:\\\/\\\/blogin.al\\\/?p=14374#primaryimage\"},\"thumbnailUrl\":\"https:\\\/\\\/blogin.al\\\/wp-content\\\/uploads\\\/2022\\\/09\\\/einxhell-dagz.png\",\"datePublished\":\"2022-09-15T07:14:34+00:00\",\"dateModified\":\"2022-09-15T07:57:11+00:00\",\"breadcrumb\":{\"@id\":\"https:\\\/\\\/blogin.al\\\/?p=14374#breadcrumb\"},\"inLanguage\":\"en-US\",\"potentialAction\":[{\"@type\":\"ReadAction\",\"target\":[\"https:\\\/\\\/blogin.al\\\/?p=14374\"]}]},{\"@type\":\"ImageObject\",\"inLanguage\":\"en-US\",\"@id\":\"https:\\\/\\\/blogin.al\\\/?p=14374#primaryimage\",\"url\":\"https:\\\/\\\/blogin.al\\\/wp-content\\\/uploads\\\/2022\\\/09\\\/einxhell-dagz.png\",\"contentUrl\":\"https:\\\/\\\/blogin.al\\\/wp-content\\\/uploads\\\/2022\\\/09\\\/einxhell-dagz.png\",\"width\":601,\"height\":598},{\"@type\":\"BreadcrumbList\",\"@id\":\"https:\\\/\\\/blogin.al\\\/?p=14374#breadcrumb\",\"itemListElement\":[{\"@type\":\"ListItem\",\"position\":1,\"name\":\"Home\",\"item\":\"https:\\\/\\\/blogin.al\\\/\"},{\"@type\":\"ListItem\",\"position\":2,\"name\":\"Dj Dagz dhe Einxhel ndajn\u00eb poza nga festa e bebit, mungesa e k\u00ebsaj figure t\u00eb njohur nuk u shp\u00ebton ndjek\u00ebsve\"}]},{\"@type\":\"WebSite\",\"@id\":\"https:\\\/\\\/blogin.al\\\/#website\",\"url\":\"https:\\\/\\\/blogin.al\\\/\",\"name\":\"blogin.al\",\"description\":\"\",\"publisher\":{\"@id\":\"https:\\\/\\\/blogin.al\\\/#organization\"},\"potentialAction\":[{\"@type\":\"SearchAction\",\"target\":{\"@type\":\"EntryPoint\",\"urlTemplate\":\"https:\\\/\\\/blogin.al\\\/?s={search_term_string}\"},\"query-input\":{\"@type\":\"PropertyValueSpecification\",\"valueRequired\":true,\"valueName\":\"search_term_string\"}}],\"inLanguage\":\"en-US\"},{\"@type\":\"Organization\",\"@id\":\"https:\\\/\\\/blogin.al\\\/#organization\",\"name\":\"BLOGIN.al\",\"url\":\"https:\\\/\\\/blogin.al\\\/\",\"logo\":{\"@type\":\"ImageObject\",\"inLanguage\":\"en-US\",\"@id\":\"https:\\\/\\\/blogin.al\\\/#\\\/schema\\\/logo\\\/image\\\/\",\"url\":\"https:\\\/\\\/blogin.al\\\/wp-content\\\/uploads\\\/2022\\\/05\\\/Untitled-2-01-e1652084456514.png\",\"contentUrl\":\"https:\\\/\\\/blogin.al\\\/wp-content\\\/uploads\\\/2022\\\/05\\\/Untitled-2-01-e1652084456514.png\",\"width\":3723,\"height\":1698,\"caption\":\"BLOGIN.al\"},\"image\":{\"@id\":\"https:\\\/\\\/blogin.al\\\/#\\\/schema\\\/logo\\\/image\\\/\"},\"sameAs\":[\"https:\\\/\\\/instagram.com\\\/blogin.al\\\/\"]},{\"@type\":\"Person\",\"@id\":\"https:\\\/\\\/blogin.al\\\/#\\\/schema\\\/person\\\/abdd56bc912cd511db877b852b115399\",\"name\":\"Blogin al\",\"image\":{\"@type\":\"ImageObject\",\"inLanguage\":\"en-US\",\"@id\":\"https:\\\/\\\/secure.gravatar.com\\\/avatar\\\/60d5661aee6e835fb13dc75d2204cd0c1d61bef2efd137c0083e59ef831e235e?s=96&d=mm&r=g\",\"url\":\"https:\\\/\\\/secure.gravatar.com\\\/avatar\\\/60d5661aee6e835fb13dc75d2204cd0c1d61bef2efd137c0083e59ef831e235e?s=96&d=mm&r=g\",\"contentUrl\":\"https:\\\/\\\/secure.gravatar.com\\\/avatar\\\/60d5661aee6e835fb13dc75d2204cd0c1d61bef2efd137c0083e59ef831e235e?s=96&d=mm&r=g\",\"caption\":\"Blogin al\"},\"sameAs\":[\"https:\\\/\\\/blogin.al\"],\"url\":\"https:\\\/\\\/blogin.al\\\/?author=2\"}]}<\/script>\n<!-- \/ Yoast SEO plugin. -->","yoast_head_json":{"title":"Dj Dagz dhe Einxhel ndajn\u00eb poza nga festa e bebit, mungesa e k\u00ebsaj figure t\u00eb njohur nuk u shp\u00ebton ndjek\u00ebsve - blogin.al","robots":{"index":"index","follow":"follow","max-snippet":"max-snippet:-1","max-image-preview":"max-image-preview:large","max-video-preview":"max-video-preview:-1"},"canonical":"https:\/\/blogin.al\/?p=14374","og_locale":"en_US","og_type":"article","og_title":"Dj Dagz dhe Einxhel ndajn\u00eb poza nga festa e bebit, mungesa e k\u00ebsaj figure t\u00eb njohur nuk u shp\u00ebton ndjek\u00ebsve - blogin.al","og_description":"Dj Dagz dhe Einxhel Shikra s\u00eb fundmi kan\u00eb postuar disa foto t\u00eb realizuara gjat\u00eb fest\u00ebs s\u00eb zbulimit t\u00eb gjinis\u00eb t\u00eb bebit t\u00eb tyre. Ata kan\u00eb ndar\u00eb mjaft poza me familjar\u00ebt dhe rrethin e tyre t\u00eb ngusht\u00eb. Ajo q\u00eb u ka r\u00ebn\u00eb n\u00eb sy ndjek\u00ebsve t\u00eb \u00e7iftit t\u00eb shum\u00ebp\u00ebrfolur lidhet me munges\u00ebn e partneres s\u00eb mikut [&hellip;]","og_url":"https:\/\/blogin.al\/?p=14374","og_site_name":"blogin.al","article_published_time":"2022-09-15T07:14:34+00:00","article_modified_time":"2022-09-15T07:57:11+00:00","og_image":[{"width":601,"height":598,"url":"https:\/\/blogin.al\/wp-content\/uploads\/2022\/09\/einxhell-dagz.png","type":"image\/png"}],"author":"Blogin al","twitter_card":"summary_large_image","twitter_misc":{"Written by":"Blogin al","Est. reading time":"1 minute"},"schema":{"@context":"https:\/\/schema.org","@graph":[{"@type":"Article","@id":"https:\/\/blogin.al\/?p=14374#article","isPartOf":{"@id":"https:\/\/blogin.al\/?p=14374"},"author":{"name":"Blogin al","@id":"https:\/\/blogin.al\/#\/schema\/person\/abdd56bc912cd511db877b852b115399"},"headline":"Dj Dagz dhe Einxhel ndajn\u00eb poza nga festa e bebit, mungesa e k\u00ebsaj figure t\u00eb njohur nuk u shp\u00ebton ndjek\u00ebsve","datePublished":"2022-09-15T07:14:34+00:00","dateModified":"2022-09-15T07:57:11+00:00","mainEntityOfPage":{"@id":"https:\/\/blogin.al\/?p=14374"},"wordCount":125,"commentCount":0,"publisher":{"@id":"https:\/\/blogin.al\/#organization"},"image":{"@id":"https:\/\/blogin.al\/?p=14374#primaryimage"},"thumbnailUrl":"https:\/\/blogin.al\/wp-content\/uploads\/2022\/09\/einxhell-dagz.png","articleSection":["SHOWBIZ"],"inLanguage":"en-US","potentialAction":[{"@type":"CommentAction","name":"Comment","target":["https:\/\/blogin.al\/?p=14374#respond"]}]},{"@type":"WebPage","@id":"https:\/\/blogin.al\/?p=14374","url":"https:\/\/blogin.al\/?p=14374","name":"Dj Dagz dhe Einxhel ndajn\u00eb poza nga festa e bebit, mungesa e k\u00ebsaj figure t\u00eb njohur nuk u shp\u00ebton ndjek\u00ebsve - blogin.al","isPartOf":{"@id":"https:\/\/blogin.al\/#website"},"primaryImageOfPage":{"@id":"https:\/\/blogin.al\/?p=14374#primaryimage"},"image":{"@id":"https:\/\/blogin.al\/?p=14374#primaryimage"},"thumbnailUrl":"https:\/\/blogin.al\/wp-content\/uploads\/2022\/09\/einxhell-dagz.png","datePublished":"2022-09-15T07:14:34+00:00","dateModified":"2022-09-15T07:57:11+00:00","breadcrumb":{"@id":"https:\/\/blogin.al\/?p=14374#breadcrumb"},"inLanguage":"en-US","potentialAction":[{"@type":"ReadAction","target":["https:\/\/blogin.al\/?p=14374"]}]},{"@type":"ImageObject","inLanguage":"en-US","@id":"https:\/\/blogin.al\/?p=14374#primaryimage","url":"https:\/\/blogin.al\/wp-content\/uploads\/2022\/09\/einxhell-dagz.png","contentUrl":"https:\/\/blogin.al\/wp-content\/uploads\/2022\/09\/einxhell-dagz.png","width":601,"height":598},{"@type":"BreadcrumbList","@id":"https:\/\/blogin.al\/?p=14374#breadcrumb","itemListElement":[{"@type":"ListItem","position":1,"name":"Home","item":"https:\/\/blogin.al\/"},{"@type":"ListItem","position":2,"name":"Dj Dagz dhe Einxhel ndajn\u00eb poza nga festa e bebit, mungesa e k\u00ebsaj figure t\u00eb njohur nuk u shp\u00ebton ndjek\u00ebsve"}]},{"@type":"WebSite","@id":"https:\/\/blogin.al\/#website","url":"https:\/\/blogin.al\/","name":"blogin.al","description":"","publisher":{"@id":"https:\/\/blogin.al\/#organization"},"potentialAction":[{"@type":"SearchAction","target":{"@type":"EntryPoint","urlTemplate":"https:\/\/blogin.al\/?s={search_term_string}"},"query-input":{"@type":"PropertyValueSpecification","valueRequired":true,"valueName":"search_term_string"}}],"inLanguage":"en-US"},{"@type":"Organization","@id":"https:\/\/blogin.al\/#organization","name":"BLOGIN.al","url":"https:\/\/blogin.al\/","logo":{"@type":"ImageObject","inLanguage":"en-US","@id":"https:\/\/blogin.al\/#\/schema\/logo\/image\/","url":"https:\/\/blogin.al\/wp-content\/uploads\/2022\/05\/Untitled-2-01-e1652084456514.png","contentUrl":"https:\/\/blogin.al\/wp-content\/uploads\/2022\/05\/Untitled-2-01-e1652084456514.png","width":3723,"height":1698,"caption":"BLOGIN.al"},"image":{"@id":"https:\/\/blogin.al\/#\/schema\/logo\/image\/"},"sameAs":["https:\/\/instagram.com\/blogin.al\/"]},{"@type":"Person","@id":"https:\/\/blogin.al\/#\/schema\/person\/abdd56bc912cd511db877b852b115399","name":"Blogin al","image":{"@type":"ImageObject","inLanguage":"en-US","@id":"https:\/\/secure.gravatar.com\/avatar\/60d5661aee6e835fb13dc75d2204cd0c1d61bef2efd137c0083e59ef831e235e?s=96&d=mm&r=g","url":"https:\/\/secure.gravatar.com\/avatar\/60d5661aee6e835fb13dc75d2204cd0c1d61bef2efd137c0083e59ef831e235e?s=96&d=mm&r=g","contentUrl":"https:\/\/secure.gravatar.com\/avatar\/60d5661aee6e835fb13dc75d2204cd0c1d61bef2efd137c0083e59ef831e235e?s=96&d=mm&r=g","caption":"Blogin al"},"sameAs":["https:\/\/blogin.al"],"url":"https:\/\/blogin.al\/?author=2"}]}},"_links":{"self":[{"href":"https:\/\/blogin.al\/index.php?rest_route=\/wp\/v2\/posts\/14374","targetHints":{"allow":["GET"]}}],"collection":[{"href":"https:\/\/blogin.al\/index.php?rest_route=\/wp\/v2\/posts"}],"about":[{"href":"https:\/\/blogin.al\/index.php?rest_route=\/wp\/v2\/types\/post"}],"author":[{"embeddable":true,"href":"https:\/\/blogin.al\/index.php?rest_route=\/wp\/v2\/users\/2"}],"replies":[{"embeddable":true,"href":"https:\/\/blogin.al\/index.php?rest_route=%2Fwp%2Fv2%2Fcomments&post=14374"}],"version-history":[{"count":2,"href":"https:\/\/blogin.al\/index.php?rest_route=\/wp\/v2\/posts\/14374\/revisions"}],"predecessor-version":[{"id":14378,"href":"https:\/\/blogin.al\/index.php?rest_route=\/wp\/v2\/posts\/14374\/revisions\/14378"}],"wp:featuredmedia":[{"embeddable":true,"href":"https:\/\/blogin.al\/index.php?rest_route=\/wp\/v2\/media\/14375"}],"wp:attachment":[{"href":"https:\/\/blogin.al\/index.php?rest_route=%2Fwp%2Fv2%2Fmedia&parent=14374"}],"wp:term":[{"taxonomy":"category","embeddable":true,"href":"https:\/\/blogin.al\/index.php?rest_route=%2Fwp%2Fv2%2Fcategories&post=14374"},{"taxonomy":"post_tag","embeddable":true,"href":"https:\/\/blogin.al\/index.php?rest_route=%2Fwp%2Fv2%2Ftags&post=14374"}],"curies":[{"name":"wp","href":"https:\/\/api.w.org\/{rel}","templated":true}]}}